{"id":1092,"date":"2013-09-23T00:23:11","date_gmt":"2013-09-23T02:23:11","guid":{"rendered":"http:\/\/www.encontracampobelo.com.br\/noticias\/?p=1092"},"modified":"2019-04-29T18:54:06","modified_gmt":"2019-04-29T20:54:06","slug":"moradores-do-campo-belo-podem-se-inscrever-para-o-conselho-participativo-municipal","status":"publish","type":"post","link":"https:\/\/www.encontracampobelo.com.br\/sobre\/moradores-do-campo-belo-podem-se-inscrever-para-o-conselho-participativo-municipal\/","title":{"rendered":"Moradores do Campo Belo podem se inscrever para o Conselho Participativo Municipal"},"content":{"rendered":"<div class=\"1cfda93c6640a8762b4fe319eb685dc5\" data-index=\"1\" style=\"float: none; margin:0px;\">\n<!-- Anuncio display - global -->\r\n<ins class=\"adsbygoogle\"\r\n     style=\"display:block\"\r\n     data-ad-client=\"ca-pub-8585364105181520\"\r\n     data-ad-slot=\"8789329856\"\r\n     data-ad-format=\"auto\"\r\n     data-full-width-responsive=\"true\"><\/ins>\r\n<script>\r\n     (adsbygoogle = window.adsbygoogle || []).push({});\r\n<\/script>\n<\/div>\n<p>Para se candidatar, \u00e9 necess\u00e1rio ter mais de 18 anos e comparecer \u00e0 sede da subprefeitura na regi\u00e3o do Campo Belo portando seu t\u00edtulo de eleitor, um documento de identifica\u00e7\u00e3o com foto e uma lista de, no m\u00ednimo, 100 (cem) assinaturas de residentes na \u00e1rea da subprefeitura que apoiem sua candidatura (com nome, assinatura, n\u00famero do t\u00edtulo de eleitor, endere\u00e7o e telefone).<\/p>\n<p>O endere\u00e7o de refer\u00eancia do candidato \u00e9 aquele registrado junto \u00e0 Justi\u00e7a Eleitoral e que define sua zona eleitoral.<\/p>\n<p>\u00c9 poss\u00edvel acessar essa lista acessando o site conselhoparticipativo.prefeitura.sp.gov.br\/docs\/lista_100apoiadoresempdf.pdf (arquivo PDF)<\/p>\n<p>O candidato s\u00f3 poder\u00e1 se candidatar uma \u00fanica vez e no distrito em que reside.<\/p>\n<p>N\u00e3o poder\u00e1 se candidatar quem estiver exercendo mandato parlamentar, ocupando cargo em comiss\u00e3o no poder p\u00fablico ou estar participando de alguma Comiss\u00e3o Eleitoral.<\/p>\n<p><strong>Calend\u00e1rio<\/strong><\/p>\n<p><strong>At\u00e9 7 de outubro<\/strong> \u2013 Inscri\u00e7\u00e3o dos candidatos<br \/>\n<strong>29 de setembro<\/strong> \u2013 Divulga\u00e7\u00e3o dos nomes dos candidatos<br \/>\n<strong>8 de dezembro<\/strong> \u2013 Elei\u00e7\u00e3o<\/p>\n<p><strong>Servi\u00e7o:<\/strong><\/p>\n<p><strong>Onde se inscrever :<\/strong> Subprefeitura Santo Amaro<br \/>\n<strong>Endere\u00e7o:<\/strong> Pra\u00e7a Floriano Peixoto, 54 -Santo Amaro &#8211; S\u00e3o Paulo &#8211; SP<br \/>\n<strong>Telefone: <\/strong>(11) 3396-6100<\/p>\n\n<div style=\"font-size: 0px; height: 0px; line-height: 0px; margin: 0; padding: 0; clear: both;\"><\/div>","protected":false},"excerpt":{"rendered":"<p>Para se candidatar, \u00e9 necess\u00e1rio ter mais de 18 anos e comparecer \u00e0 sede da subprefeitura na regi\u00e3o do Campo Belo portando seu t\u00edtulo de eleitor, um documento de identifica\u00e7\u00e3o com foto e uma lista de, no m\u00ednimo, 100 (cem) assinaturas de residentes na \u00e1rea da subprefeitura que apoiem sua candidatura (com nome, assinatura, n\u00famero do t\u00edtulo de eleitor, endere\u00e7o e telefone). O endere\u00e7o de refer\u00eancia do candidato \u00e9 aquele registrado junto \u00e0 Justi\u00e7a Eleitoral e que define sua zona eleitoral. \u00c9 poss\u00edvel acessar essa lista acessando o site conselhoparticipativo.prefeitura.sp.gov.br\/docs\/lista_100apoiadoresempdf.pdf (arquivo PDF) O candidato s\u00f3 poder\u00e1 se candidatar uma \u00fanica <\/p>\n","protected":false},"author":1,"featured_media":0,"comment_status":"open","ping_status":"closed","sticky":false,"template":"","format":"standard","meta":{"footnotes":""},"categories":[7],"tags":[],"class_list":["post-1092","post","type-post","status-publish","format-standard","hentry","category-noticias-no-campo-belo"],"aioseo_notices":[],"_links":{"self":[{"href":"https:\/\/www.encontracampobelo.com.br\/sobre\/wp-json\/wp\/v2\/posts\/1092","targetHints":{"allow":["GET"]}}],"collection":[{"href":"https:\/\/www.encontracampobelo.com.br\/sobre\/wp-json\/wp\/v2\/posts"}],"about":[{"href":"https:\/\/www.encontracampobelo.com.br\/sobre\/wp-json\/wp\/v2\/types\/post"}],"author":[{"embeddable":true,"href":"https:\/\/www.encontracampobelo.com.br\/sobre\/wp-json\/wp\/v2\/users\/1"}],"replies":[{"embeddable":true,"href":"https:\/\/www.encontracampobelo.com.br\/sobre\/wp-json\/wp\/v2\/comments?post=1092"}],"version-history":[{"count":0,"href":"https:\/\/www.encontracampobelo.com.br\/sobre\/wp-json\/wp\/v2\/posts\/1092\/revisions"}],"wp:attachment":[{"href":"https:\/\/www.encontracampobelo.com.br\/sobre\/wp-json\/wp\/v2\/media?parent=1092"}],"wp:term":[{"taxonomy":"category","embeddable":true,"href":"https:\/\/www.encontracampobelo.com.br\/sobre\/wp-json\/wp\/v2\/categories?post=1092"},{"taxonomy":"post_tag","embeddable":true,"href":"https:\/\/www.encontracampobelo.com.br\/sobre\/wp-json\/wp\/v2\/tags?post=1092"}],"curies":[{"name":"wp","href":"https:\/\/api.w.org\/{rel}","templated":true}]}}