{"id":116,"date":"2011-03-29T09:26:31","date_gmt":"2011-03-29T11:26:31","guid":{"rendered":"http:\/\/www.encontracampobelo.com.br\/noticias\/?p=116"},"modified":"2019-04-29T18:55:29","modified_gmt":"2019-04-29T20:55:29","slug":"campo-belo-torre-que-vai-melhorar-visao-de-patio-de-congonhas-sera-inaugura-ate-junho","status":"publish","type":"post","link":"https:\/\/www.encontracampobelo.com.br\/sobre\/campo-belo-torre-que-vai-melhorar-visao-de-patio-de-congonhas-sera-inaugura-ate-junho\/","title":{"rendered":"Campo Belo: Torre que vai melhorar vis\u00e3o de p\u00e1tio de Congonhas ser\u00e1 inaugura at\u00e9 junho"},"content":{"rendered":"<div class=\"1cfda93c6640a8762b4fe319eb685dc5\" data-index=\"1\" style=\"float: none; margin:0px;\">\n<!-- Anuncio display - global -->\r\n<ins class=\"adsbygoogle\"\r\n     style=\"display:block\"\r\n     data-ad-client=\"ca-pub-8585364105181520\"\r\n     data-ad-slot=\"8789329856\"\r\n     data-ad-format=\"auto\"\r\n     data-full-width-responsive=\"true\"><\/ins>\r\n<script>\r\n     (adsbygoogle = window.adsbygoogle || []).push({});\r\n<\/script>\n<\/div>\n<p>As obras da\u00a0nova torre de controle do <a href=\"http:\/\/www.encontracampobelo.com.br\/campo-belo\/aeroporto-de-congonhas-no-campo-belo.shtml\" target=\"_blank\">aeroporto de Congonhas<\/a>, no Campo Belo, zona  sul de S\u00e3o Paulo, devem ser conclu\u00eddas at\u00e9 junho. A constru\u00e7\u00e3o  deve\u00a0melhorar a vis\u00e3o que os controladores de voo\u00a0t\u00eam do p\u00e1tio e das  pistas e otimizar as opera\u00e7\u00f5es no local.\u00a0A estimativa do fim da  constru\u00e7\u00e3o, que tem\u00a0custo total de\u00a0R$ 14, 2 milh\u00f5es,\u00a0\u00e9 da Infraero  (Empresa Brasileira de Infraestrutura Aeroportu\u00e1ria), respons\u00e1vel pelo  pr\u00e9dio.<\/p>\n<p>Segundo o capit\u00e3o-aviador Diego Henrique de Brito, do setor de  comunica\u00e7\u00e3o do SRPV-SP (Servi\u00e7o Regional de Prote\u00e7\u00e3o ao Voo de S\u00e3o  Paulo) &#8211; \u00f3rg\u00e3o ligado \u00e0 Aeron\u00e1utica -, a nova torre ter\u00e1 40 m de  altura,\u00a020 m a mais que a atual. Al\u00e9m de mais alta, o posicionamento da  nova\u00a0torre na \u00e1rea central de Congonhas permite a melhor visualiza\u00e7\u00e3o do  p\u00e1tio e todo o restante do aeroporto.<\/p>\n<p>&#8211; Isso vai contribuir para a otimiza\u00e7\u00e3o das opera\u00e7\u00f5es.<\/p>\n<p>Ainda de acordo com Brito, a\u00a0nova cabine\u00a0ser\u00e1 mais ampla e arejada que a  atual torre, o que vai permitir a manuten\u00e7\u00e3o dos equipamentos durante a  pr\u00f3pria opera\u00e7\u00e3o. Desde 2008, quando a\u00a0torre que hoje existe foi  reformada, todas as CPUs dos computadores foram transferidas para uma  sala no primeiro piso do aeroporto, em um espa\u00e7o reservado\u00a0\u00e0  Aeron\u00e1utica.<\/p>\n<p>De acordo com a Infraero, a nova torre contar\u00e1 com nove andares, al\u00e9m de  uma cabine com 12,7 m de di\u00e2metro \u2013 a antiga possui 7 m. Quando ela  estiver pronta, todos os equipamentos\u00a0ser\u00e3o transportados para a nova  estrutura. Antes, por\u00e9m, a Aeron\u00e1utica far\u00e1 uma atualiza\u00e7\u00e3o dos  softwares usados.<\/p>\n<p><strong>Preserva\u00e7\u00e3o<br \/>\n<\/strong><br \/>\nA Infraero n\u00e3o soube informar qual ser\u00e1 o destino da atual torre, ap\u00f3s a  inaugura\u00e7\u00e3o da nova estrutura, em junho. Como a torre antiga\u00a0\u00e9 tombada  pelos \u00f3rg\u00e3os de preserva\u00e7\u00e3o do patrim\u00f4nio hist\u00f3rico estadual e  municipal, Condephaat e Conpresp, ela n\u00e3o pode ser demolida.  Foi\u00a0justamente\u00a0por causa do tombamento que a estrutura, erguida em 1951,  n\u00e3o p\u00f4de ser ampliada ao longo de mais de meio s\u00e9culo.<\/p>\n<p>Em 2008, a parte interna da antiga torre\u00a0foi reformada, o que  possibilitou a troca do piso e do teto. O tamanho, no entanto,\u00a0continuou  o mesmo.<\/p>\n<p><em>Fonte: R7<\/em><\/p>\n\n<div style=\"font-size: 0px; height: 0px; line-height: 0px; margin: 0; padding: 0; clear: both;\"><\/div>","protected":false},"excerpt":{"rendered":"<p>As obras da\u00a0nova torre de controle do aeroporto de Congonhas, no Campo Belo, zona sul de S\u00e3o Paulo, devem ser conclu\u00eddas at\u00e9 junho. A constru\u00e7\u00e3o deve\u00a0melhorar a vis\u00e3o que os controladores de voo\u00a0t\u00eam do p\u00e1tio e das pistas e otimizar as opera\u00e7\u00f5es no local.\u00a0A estimativa do fim da constru\u00e7\u00e3o, que tem\u00a0custo total de\u00a0R$ 14, 2 milh\u00f5es,\u00a0\u00e9 da Infraero (Empresa Brasileira de Infraestrutura Aeroportu\u00e1ria), respons\u00e1vel pelo pr\u00e9dio. Segundo o capit\u00e3o-aviador Diego Henrique de Brito, do setor de comunica\u00e7\u00e3o do SRPV-SP (Servi\u00e7o Regional de Prote\u00e7\u00e3o ao Voo de S\u00e3o Paulo) &#8211; \u00f3rg\u00e3o ligado \u00e0 Aeron\u00e1utica -, a nova torre ter\u00e1 40 m <\/p>\n","protected":false},"author":1,"featured_media":0,"comment_status":"open","ping_status":"closed","sticky":false,"template":"","format":"standard","meta":{"footnotes":""},"categories":[7],"tags":[],"class_list":["post-116","post","type-post","status-publish","format-standard","hentry","category-noticias-no-campo-belo"],"aioseo_notices":[],"_links":{"self":[{"href":"https:\/\/www.encontracampobelo.com.br\/sobre\/wp-json\/wp\/v2\/posts\/116","targetHints":{"allow":["GET"]}}],"collection":[{"href":"https:\/\/www.encontracampobelo.com.br\/sobre\/wp-json\/wp\/v2\/posts"}],"about":[{"href":"https:\/\/www.encontracampobelo.com.br\/sobre\/wp-json\/wp\/v2\/types\/post"}],"author":[{"embeddable":true,"href":"https:\/\/www.encontracampobelo.com.br\/sobre\/wp-json\/wp\/v2\/users\/1"}],"replies":[{"embeddable":true,"href":"https:\/\/www.encontracampobelo.com.br\/sobre\/wp-json\/wp\/v2\/comments?post=116"}],"version-history":[{"count":0,"href":"https:\/\/www.encontracampobelo.com.br\/sobre\/wp-json\/wp\/v2\/posts\/116\/revisions"}],"wp:attachment":[{"href":"https:\/\/www.encontracampobelo.com.br\/sobre\/wp-json\/wp\/v2\/media?parent=116"}],"wp:term":[{"taxonomy":"category","embeddable":true,"href":"https:\/\/www.encontracampobelo.com.br\/sobre\/wp-json\/wp\/v2\/categories?post=116"},{"taxonomy":"post_tag","embeddable":true,"href":"https:\/\/www.encontracampobelo.com.br\/sobre\/wp-json\/wp\/v2\/tags?post=116"}],"curies":[{"name":"wp","href":"https:\/\/api.w.org\/{rel}","templated":true}]}}