{"id":121,"date":"2011-03-30T15:17:28","date_gmt":"2011-03-30T17:17:28","guid":{"rendered":"http:\/\/www.encontracampobelo.com.br\/noticias\/?p=121"},"modified":"2019-04-29T18:55:29","modified_gmt":"2019-04-29T20:55:29","slug":"cortejo-de-jose-alencar-passa-por-campo-belo-mas-cet-nao-registra-lentidao","status":"publish","type":"post","link":"https:\/\/www.encontracampobelo.com.br\/sobre\/cortejo-de-jose-alencar-passa-por-campo-belo-mas-cet-nao-registra-lentidao\/","title":{"rendered":"Cortejo de Jos\u00e9 Alencar passa por Campo Belo, mas CET n\u00e3o registra lentid\u00e3o"},"content":{"rendered":"<div class=\"1cfda93c6640a8762b4fe319eb685dc5\" data-index=\"1\" style=\"float: none; margin:0px;\">\n<!-- Anuncio display - global -->\r\n<ins class=\"adsbygoogle\"\r\n     style=\"display:block\"\r\n     data-ad-client=\"ca-pub-8585364105181520\"\r\n     data-ad-slot=\"8789329856\"\r\n     data-ad-format=\"auto\"\r\n     data-full-width-responsive=\"true\"><\/ins>\r\n<script>\r\n     (adsbygoogle = window.adsbygoogle || []).push({});\r\n<\/script>\n<\/div>\n<p>A CET (Companhia de Engenharia de Tr\u00e1fego) acompanhava, por volta das 7h desta quarta-feira (30), o cortejo do ex-vice-presidente, Jos\u00e9 Alencar,\u00a0at\u00e9 o aeroporto de Congonhas, no bairro do Campo Belo, na zona sul de S\u00e3o Paulo, mas n\u00e3o registrava lentid\u00e3o no hor\u00e1rio. Ele deve embarcar embarcar para Bras\u00edlia para ser velado.\u00a0Em toda a capital paulista, havia 41 km de congestionamento, o que representa apenas 3,7% da m\u00e9dia para o hor\u00e1rio.<\/p>\n<p>A via mais lenta no hor\u00e1rio era a radial leste, no sentido centro, do viaduto Pires do Rio at\u00e9 a rua Wandenkolk, com 4,7 km. Em seguida, estava a marginal Tiet\u00ea, no sentido rodovia Castelo Branco, na pista expressa, da ponte Aricanduva at\u00e9 a ponte J\u00e2nio Quadros.\u00a0<\/p>\n<p><strong>Cortejo<\/strong><\/p>\n<p>Jos\u00e9 Alencar\u00a0seguir\u00e1\u00a0para a capital federal em um avi\u00e3o da FAB (For\u00e7a A\u00e9rea Brasileira).\u00a0Al\u00e9m da CET, batedores da Pol\u00edcia Militar e Ex\u00e9rcito acompanharam o cortejo durante o percurso, que passaou pelas avenidas Nove de Julho, Brasil, 23 de Maio e Rubem Berta.<\/p>\n<p>O tr\u00e2nsito n\u00e3o foi bloqueado, mas agentes da CET organizam o trajeto, que tinha cerca de 15 km,\u00a0para que o cortejo n\u00e3o tenha que parar.\u00a0<\/p>\n<p><strong>Morte<\/strong><\/p>\n<p>O pol\u00edtico morreu nesta ter\u00e7a-feira (29) v\u00edtima de c\u00e2ncer e fal\u00eancia de m\u00faltiplos \u00f3rg\u00e3os.<\/p>\n<p>O ex-vice-presidente ter\u00e1 um funeral com honras de chefe de Estado. Ainda na Base A\u00e9rea, Alencar ser\u00e1 recebido pelo presidente em exerc\u00edcio, Michel Temer, e pelos presidentes da C\u00e2mara dos Deputados, Marco Maia, do Senado, Jos\u00e9 Sarney, e do STF (Supremo Tribunal Federal), Cezar Peluso.<\/p>\n<p>Ap\u00f3s uma r\u00e1pida cerim\u00f4nia militar, oito soldados v\u00e3o retirar o caix\u00e3o do avi\u00e3o e coloc\u00e1-lo em carro aberto do Corpo de Bombeiros, que seguir\u00e1 em cortejo f\u00fanebre pelas ruas da capital at\u00e9 o Pal\u00e1cio do Planalto. A previs\u00e3o \u00e9 que o percurso dure cerca de uma hora.<\/p>\n<p>O in\u00edcio do vel\u00f3rio, previsto para as 10h30, ser\u00e1 marcado por tiros de canh\u00e3o. Escoltado pelos Drag\u00f5es da Independ\u00eancia, o caix\u00e3o de Jos\u00e9 Alencar ser\u00e1 levado para o Sal\u00e3o Nobre do pal\u00e1cio pela rampa. L\u00e1 dentro, as autoridades estar\u00e3o esperando para dar in\u00edcio ao funeral.De acordo com a assessoria da Presid\u00eancia, a cerim\u00f4nia ser\u00e1 aberta mais tarde ao p\u00fablico, que tamb\u00e9m entrar\u00e1 na sede do Executivo pela rampa. A assessoria n\u00e3o confirmou o hor\u00e1rio.\u00a0<\/p>\n<p><em>Fonte: R7<\/em><\/p>\n\n<div style=\"font-size: 0px; height: 0px; line-height: 0px; margin: 0; padding: 0; clear: both;\"><\/div>","protected":false},"excerpt":{"rendered":"<p>A CET (Companhia de Engenharia de Tr\u00e1fego) acompanhava, por volta das 7h desta quarta-feira (30), o cortejo do ex-vice-presidente, Jos\u00e9 Alencar,\u00a0at\u00e9 o aeroporto de Congonhas, no bairro do Campo Belo, na zona sul de S\u00e3o Paulo, mas n\u00e3o registrava lentid\u00e3o no hor\u00e1rio. Ele deve embarcar embarcar para Bras\u00edlia para ser velado.\u00a0Em toda a capital paulista, havia 41 km de congestionamento, o que representa apenas 3,7% da m\u00e9dia para o hor\u00e1rio. A via mais lenta no hor\u00e1rio era a radial leste, no sentido centro, do viaduto Pires do Rio at\u00e9 a rua Wandenkolk, com 4,7 km. Em seguida, estava a marginal <\/p>\n","protected":false},"author":1,"featured_media":0,"comment_status":"open","ping_status":"closed","sticky":false,"template":"","format":"standard","meta":{"footnotes":""},"categories":[7],"tags":[],"class_list":["post-121","post","type-post","status-publish","format-standard","hentry","category-noticias-no-campo-belo"],"aioseo_notices":[],"_links":{"self":[{"href":"https:\/\/www.encontracampobelo.com.br\/sobre\/wp-json\/wp\/v2\/posts\/121","targetHints":{"allow":["GET"]}}],"collection":[{"href":"https:\/\/www.encontracampobelo.com.br\/sobre\/wp-json\/wp\/v2\/posts"}],"about":[{"href":"https:\/\/www.encontracampobelo.com.br\/sobre\/wp-json\/wp\/v2\/types\/post"}],"author":[{"embeddable":true,"href":"https:\/\/www.encontracampobelo.com.br\/sobre\/wp-json\/wp\/v2\/users\/1"}],"replies":[{"embeddable":true,"href":"https:\/\/www.encontracampobelo.com.br\/sobre\/wp-json\/wp\/v2\/comments?post=121"}],"version-history":[{"count":0,"href":"https:\/\/www.encontracampobelo.com.br\/sobre\/wp-json\/wp\/v2\/posts\/121\/revisions"}],"wp:attachment":[{"href":"https:\/\/www.encontracampobelo.com.br\/sobre\/wp-json\/wp\/v2\/media?parent=121"}],"wp:term":[{"taxonomy":"category","embeddable":true,"href":"https:\/\/www.encontracampobelo.com.br\/sobre\/wp-json\/wp\/v2\/categories?post=121"},{"taxonomy":"post_tag","embeddable":true,"href":"https:\/\/www.encontracampobelo.com.br\/sobre\/wp-json\/wp\/v2\/tags?post=121"}],"curies":[{"name":"wp","href":"https:\/\/api.w.org\/{rel}","templated":true}]}}