{"id":1288,"date":"2025-11-18T07:43:00","date_gmt":"2025-11-18T09:43:00","guid":{"rendered":"https:\/\/www.encontracampobelo.com.br\/sobre\/video-do-exato-momento-carro-perde-controle-e-colide-contra-onibus-eletrico-da-viacao-campo-belo-na-estrada-itapecerica-na-zona-sul-de-sao-paulo-sp\/"},"modified":"2025-11-18T07:43:00","modified_gmt":"2025-11-18T09:43:00","slug":"video-do-exato-momento-carro-perde-controle-e-colide-contra-onibus-eletrico-da-viacao-campo-belo-na-estrada-itapecerica-na-zona-sul-de-sao-paulo-sp","status":"publish","type":"post","link":"https:\/\/www.encontracampobelo.com.br\/sobre\/video-do-exato-momento-carro-perde-controle-e-colide-contra-onibus-eletrico-da-viacao-campo-belo-na-estrada-itapecerica-na-zona-sul-de-sao-paulo-sp\/","title":{"rendered":"V\u00cdDEO DO EXATO MOMENTO: Carro perde controle e colide contra \u00f4nibus el\u00e9trico da Via\u00e7\u00e3o Campo Belo na Estrada Itapecerica, na Zona Sul de S\u00e3o Paulo (SP)"},"content":{"rendered":"<div class=\"1cfda93c6640a8762b4fe319eb685dc5\" data-index=\"1\" style=\"float: none; margin:0px;\">\n<!-- Anuncio display - global -->\r\n<ins class=\"adsbygoogle\"\r\n     style=\"display:block\"\r\n     data-ad-client=\"ca-pub-8585364105181520\"\r\n     data-ad-slot=\"8789329856\"\r\n     data-ad-format=\"auto\"\r\n     data-full-width-responsive=\"true\"><\/ins>\r\n<script>\r\n     (adsbygoogle = window.adsbygoogle || []).push({});\r\n<\/script>\n<\/div>\n<h2>O Acidente na Estrada Itapecerica<\/h2>\n<p>No domingo, 16 de novembro de 2025, um acidente ocorreu na Estrada Itapecerica, na Zona Sul de S\u00e3o Paulo, envolvendo um carro e um \u00f4nibus el\u00e9trico da Via\u00e7\u00e3o Campo Belo. \u00c0s 6h45, imagens de uma c\u00e2mera de seguran\u00e7a mostraram um ve\u00edculo de passeio perdendo o controle e colidindo com a parte dianteira do coletivo, que operava na linha 7060\/10 Valo Velho \u2013 Terminal Campo Limpo. Apesar da gravidade do acontecimento, felizmente n\u00e3o houve relatos de feridos.<\/p>\n<p>A Estrada Itapecerica \u00e9 um importante eixo vi\u00e1rio na cidade de S\u00e3o Paulo, sendo frequentemente utilizada para o deslocamento de milhares de motoristas e passageiros. O fato de um \u00f4nibus el\u00e9trico, um modelo moderno que simboliza a tentativa da cidade de adotar uma frota mais sustent\u00e1vel, estar envolvido em um acidente levanta quest\u00f5es sobre a seguran\u00e7a nas ruas e a necessidade de pol\u00edticas mais claras para proteger todos os usu\u00e1rios da via.<\/p>\n<h2>Detalhes da Colis\u00e3o Entre Carro e \u00d4nibus<\/h2>\n<p>O acidente se deu de forma r\u00e1pida e inesperada, como pode ser visto nas imagens capturadas pelas c\u00e2meras de seguran\u00e7a. O carro, que seguia em alta velocidade, desviou de sua trajet\u00f3ria normal e, em seguida, colidiu com o \u00f4nibus el\u00e9trico. O impacto foi significativo, especialmente por ocorrer na parte frontal do coletivo, que \u00e9 a \u00e1rea mais vulner\u00e1vel do ve\u00edculo em casos de acidentes.<\/p>\n<p>Embora o \u00f4nibus estivesse operando conforme as normas, \u00e9 crucial ressaltar que acidentes de tr\u00e2nsito muitas vezes envolvem m\u00faltiplos fatores. Aqui, a velocidade em que o carro se deslocava e a falta de controle do motorista foram determinantes para a colis\u00e3o. Al\u00e9m disso, a an\u00e1lise do local do acidente pode revelar outros elementos, como condi\u00e7\u00f5es da pista e sinaliza\u00e7\u00e3o, que poderiam ter influenciado o comportamento do motorista.<\/p>\n<p>Os \u00f4nibus el\u00e9tricos, em termos gerais, s\u00e3o projetados para serem mais seguros do que os modelos convencionais, apresentando uma estrutura robusta e sistemas de seguran\u00e7a avan\u00e7ados. Mesmo assim, os passageiros no interior do \u00f4nibus podem ter sentido o impacto, mas por sorte, todos sa\u00edram ilesos.<\/p>\n<h2>A Resposta da Via\u00e7\u00e3o Campo Belo<\/h2>\n<p>A Via\u00e7\u00e3o Campo Belo, ap\u00f3s o acidente, emitiu um comunicado \u00e0 imprensa afirmando que a seguran\u00e7a dos passageiros \u00e9 a prioridade da empresa. A companhia expressou sua gratid\u00e3o por n\u00e3o haver feridos e informou que est\u00e1 colaborando com as autoridades na investiga\u00e7\u00e3o do incidente. Em situa\u00e7\u00f5es como essa, a comunica\u00e7\u00e3o clara da empresa \u00e9 essencial para apaziguar os \u00e2nimos dos passageiros e da sociedade.<\/p>\n<p>A Via\u00e7\u00e3o Campo Belo tamb\u00e9m mencionou que os \u00f4nibus el\u00e9tricos utilizados na linha t\u00eam passado por manuten\u00e7\u00f5es regulares e que os motoristas recebem treinamento cont\u00ednuo para lidar com situa\u00e7\u00f5es de riscos na estrada. Essas pr\u00e1ticas visam n\u00e3o apenas a seguran\u00e7a dos usu\u00e1rios mas tamb\u00e9m a otimiza\u00e7\u00e3o do servi\u00e7o prestado.<\/p>\n<h2>An\u00e1lise das Causas do Acidente<\/h2>\n<p>Embora n\u00e3o se conhe\u00e7a ainda a raz\u00e3o exata pela qual o motorista do carro perdeu o controle, \u00e9 poss\u00edvel especular sobre algumas causas comuns em acidentes de tr\u00e2nsito. Fatores como distra\u00e7\u00e3o, excesso de velocidade, condi\u00e7\u00f5es clim\u00e1ticas adversas e poss\u00edveis problemas mec\u00e2nicos do pr\u00f3prio ve\u00edculo s\u00e3o frequentemente os provocadores de acidentes similares.<\/p>\n<p>Al\u00e9m disso, uma avalia\u00e7\u00e3o das condi\u00e7\u00f5es da Estrada Itapecerica poderia fornecer mais informa\u00e7\u00f5es sobre se havia buracos, sinaliza\u00e7\u00e3o deficiente ou outros elementos que pudessem ter contribu\u00eddo para a perda de controle do ve\u00edculo. A SPTrans, a autarquia respons\u00e1vel pelo transporte p\u00fablico em S\u00e3o Paulo, est\u00e1 investigando o incidente por meio de seu Programa de Redu\u00e7\u00e3o de Acidentes de Transporte (PRAT).<\/p>\n<h2>A Import\u00e2ncia da Seguran\u00e7a no Tr\u00e2nsito<\/h2>\n<p>A seguran\u00e7a no tr\u00e2nsito \u00e9 um tema de suma import\u00e2ncia em grandes cidades como S\u00e3o Paulo. Com milh\u00f5es de ve\u00edculos e pedestres transitando diariamente, a implementa\u00e7\u00e3o de medidas efetivas para garantir a seguran\u00e7a \u00e9 fundamental. Campanhas de conscientiza\u00e7\u00e3o, fiscaliza\u00e7\u00e3o rigorosa e melhorias na infraestrutura vi\u00e1ria s\u00e3o algumas das pr\u00e1ticas que podem ser adotadas para reduzir o n\u00famero de acidentes.<\/p>\n<p>As autoridades precisam trabalhar em conjunto com as empresas de transporte p\u00fablico para promover a educa\u00e7\u00e3o no tr\u00e2nsito e informar os motoristas sobre os riscos de comportamentos imprudentes. Al\u00e9m disso, orientar os usu\u00e1rios de transporte p\u00fablico sobre como se comportar e agir em situa\u00e7\u00f5es de emerg\u00eancia \u00e9 igualmente vital.<\/p>\n<h2>Como o Acidente foi Registrado<\/h2>\n<p>O registro do acidente foi feito por uma c\u00e2mera de seguran\u00e7a que estava posicionada em um local estrat\u00e9gico da Estrada Itapecerica. Essa tecnologia tem se mostrado essencial para a investiga\u00e7\u00e3o de acidentes, pois fornece provas visuais que podem ser analisadas pelas autoridades. A gravidade das colis\u00f5es supera muito a considera\u00e7\u00e3o de danos materiais, e a an\u00e1lise detalhada de cada incidente pode evitar futuros acidentes.<\/p>\n<p>Com as imagens em m\u00e3os, \u00e9 poss\u00edvel reconstruir os fatos e determinar qual conduta deve ser tomada, tanto pelos motoristas quanto pelas autoridades de tr\u00e2nsito. \u00c9 interessante notar que a utiliza\u00e7\u00e3o de tecnologias, como c\u00e2meras de seguran\u00e7a, tem contribu\u00eddo significativamente para a seguran\u00e7a no tr\u00e2nsito em diversas cidades ao redor do mundo.<\/p>\n<h2>Impactos \u00e0 Linha de Transporte Local<\/h2>\n<p>O acidente, mesmo sem feridos, afetou temporariamente a opera\u00e7\u00e3o da linha 7060\/10 Valo Velho \u2013 Terminal Campo Limpo. Os \u00f4nibus podem ter ficado fora de opera\u00e7\u00e3o para que a equipe t\u00e9cnica realizasse a avalia\u00e7\u00e3o do ve\u00edculo envolvido no acidente. Assim, os passageiros que dependem desse servi\u00e7o enfrentaram interrup\u00e7\u00f5es tempor\u00e1rias em sua rotina.<\/p>\n<p>Al\u00e9m disso, a percep\u00e7\u00e3o de risco pode fazer com que os usu\u00e1rios busquem outros meios de transporte, o que pode levar a um aumento da press\u00e3o sobre outros servi\u00e7os de transporte p\u00fablico ou at\u00e9 mesmo ao aumento do uso de ve\u00edculos particulares. \u00c9 responsabilidade das autoridades e da Via\u00e7\u00e3o Campo Belo minimizar esses impactos e garantir um retorno r\u00e1pido \u00e0 normalidade.<\/p>\n<h2>O Papel da SPTrans na Investiga\u00e7\u00e3o<\/h2>\n<p>A SPTrans, como respons\u00e1vel pelo servi\u00e7o de transporte p\u00fablico na cidade, desempenha um papel fundamental na investiga\u00e7\u00e3o de acidentes envolvendo suas linhas. Atrav\u00e9s do Programa de Redu\u00e7\u00e3o de Acidentes de Transporte (PRAT), a SPTrans coleta dados e analisa as circunst\u00e2ncias do acidente, buscando sempre a melhoria na seguran\u00e7a.<\/p>\n<p>Essa investiga\u00e7\u00e3o n\u00e3o \u00e9 apenas sobre entender o que aconteceu, mas tamb\u00e9m sobre implementar mudan\u00e7as que possam prevenir incidentes futuros. Al\u00e9m disso, a transpar\u00eancia nas investiga\u00e7\u00f5es \u00e9 vital para manter a confian\u00e7a da popula\u00e7\u00e3o no sistema de transporte p\u00fablico.<\/p>\n<h2>Preven\u00e7\u00e3o de Acidentes no Transporte P\u00fablico<\/h2>\n<p>Prevenir acidentes no transporte p\u00fablico \u00e9 um desafio que envolve diversos fatores, desde a manuten\u00e7\u00e3o adequada dos ve\u00edculos at\u00e9 a educa\u00e7\u00e3o dos motoristas e usu\u00e1rios. \u00c9 importante que as empresas de transporte realizem inspe\u00e7\u00f5es regulares e que os motoristas sejam bem treinados para agirem em diferentes situa\u00e7\u00f5es.<\/p>\n<p>Al\u00e9m disso, as campanhas de conscientiza\u00e7\u00e3o sobre o tr\u00e2nsito s\u00e3o essenciais. Elas podem educar os motoristas sobre a import\u00e2ncia de respeitar os limites de velocidade, prestar aten\u00e7\u00e3o ao tr\u00e1fego e n\u00e3o dirigir sob a influ\u00eancia de subst\u00e2ncias. A seguran\u00e7a no transporte p\u00fablico deve ser uma prioridade para todos os envolvidos.<\/p>\n<h2>Opini\u00f5es sobre Seguran\u00e7a Urbana<\/h2>\n<p>A seguran\u00e7a no tr\u00e2nsito \u00e9 uma quest\u00e3o que preocupa n\u00e3o apenas os motoristas, mas toda a popula\u00e7\u00e3o urbana. A opini\u00e3o p\u00fablica pode influenciar pol\u00edticas e iniciativas criadas para melhorar a seguran\u00e7a vi\u00e1ria. Aumentar o di\u00e1logo entre cidad\u00e3os, autoridades de tr\u00e2nsito e empresas de transporte \u00e9 fundamental para criar um ambiente mais seguro.<\/p>\n<p>Iniciativas como a redu\u00e7\u00e3o da velocidade em \u00e1reas urbanas, a implementa\u00e7\u00e3o de faixas exclusivas para \u00f4nibus e a cria\u00e7\u00e3o de \u00e1reas de lazer tamb\u00e9m s\u00e3o discutidas como solu\u00e7\u00f5es para melhorar a seguran\u00e7a e evitar acidentes. Com colabora\u00e7\u00e3o e comprometimento de todos, \u00e9 poss\u00edvel tornar o tr\u00e2nsito mais seguro em grandes cidades.<\/p>\n\n<div style=\"font-size: 0px; height: 0px; line-height: 0px; margin: 0; padding: 0; clear: both;\"><\/div>","protected":false},"excerpt":{"rendered":"<p>Carro perde controle e colide com \u00f4nibus el\u00e9trico em S\u00e3o Paulo.<\/p>\n","protected":false},"author":1,"featured_media":0,"comment_status":"open","ping_status":"closed","sticky":false,"template":"","format":"standard","meta":{"footnotes":""},"categories":[9],"tags":[],"class_list":["post-1288","post","type-post","status-publish","format-standard","hentry","category-empregos-no-campo-belo"],"aioseo_notices":[],"_links":{"self":[{"href":"https:\/\/www.encontracampobelo.com.br\/sobre\/wp-json\/wp\/v2\/posts\/1288","targetHints":{"allow":["GET"]}}],"collection":[{"href":"https:\/\/www.encontracampobelo.com.br\/sobre\/wp-json\/wp\/v2\/posts"}],"about":[{"href":"https:\/\/www.encontracampobelo.com.br\/sobre\/wp-json\/wp\/v2\/types\/post"}],"author":[{"embeddable":true,"href":"https:\/\/www.encontracampobelo.com.br\/sobre\/wp-json\/wp\/v2\/users\/1"}],"replies":[{"embeddable":true,"href":"https:\/\/www.encontracampobelo.com.br\/sobre\/wp-json\/wp\/v2\/comments?post=1288"}],"version-history":[{"count":0,"href":"https:\/\/www.encontracampobelo.com.br\/sobre\/wp-json\/wp\/v2\/posts\/1288\/revisions"}],"wp:attachment":[{"href":"https:\/\/www.encontracampobelo.com.br\/sobre\/wp-json\/wp\/v2\/media?parent=1288"}],"wp:term":[{"taxonomy":"category","embeddable":true,"href":"https:\/\/www.encontracampobelo.com.br\/sobre\/wp-json\/wp\/v2\/categories?post=1288"},{"taxonomy":"post_tag","embeddable":true,"href":"https:\/\/www.encontracampobelo.com.br\/sobre\/wp-json\/wp\/v2\/tags?post=1288"}],"curies":[{"name":"wp","href":"https:\/\/api.w.org\/{rel}","templated":true}]}}