{"id":1313,"date":"2025-11-22T11:56:00","date_gmt":"2025-11-22T13:56:00","guid":{"rendered":"https:\/\/www.encontracampobelo.com.br\/sobre\/cristian-cravinhos-sofre-acidente-a-1-km-da-casa-da-familia-richthofen-e-e-hospitalizado-em-sp\/"},"modified":"2025-11-22T11:56:00","modified_gmt":"2025-11-22T13:56:00","slug":"cristian-cravinhos-sofre-acidente-a-1-km-da-casa-da-familia-richthofen-e-e-hospitalizado-em-sp","status":"publish","type":"post","link":"https:\/\/www.encontracampobelo.com.br\/sobre\/cristian-cravinhos-sofre-acidente-a-1-km-da-casa-da-familia-richthofen-e-e-hospitalizado-em-sp\/","title":{"rendered":"Cristian Cravinhos sofre acidente a 1 km da casa da fam\u00edlia Richthofen, e \u00e9 hospitalizado em SP"},"content":{"rendered":"<div class=\"1cfda93c6640a8762b4fe319eb685dc5\" data-index=\"1\" style=\"float: none; margin:0px;\">\n<!-- Anuncio display - global -->\r\n<ins class=\"adsbygoogle\"\r\n     style=\"display:block\"\r\n     data-ad-client=\"ca-pub-8585364105181520\"\r\n     data-ad-slot=\"8789329856\"\r\n     data-ad-format=\"auto\"\r\n     data-full-width-responsive=\"true\"><\/ins>\r\n<script>\r\n     (adsbygoogle = window.adsbygoogle || []).push({});\r\n<\/script>\n<\/div>\n<h2>O acidente de Cristian Cravinhos<\/h2>\n<p>Cristian Cravinhos, conhecido por sua liga\u00e7\u00e3o com um dos crimes mais notoriedade do Brasil, o caso Richthofen, passou por um acidente de moto recente em S\u00e3o Paulo. Esse evento gerou uma onda de aten\u00e7\u00e3o da m\u00eddia e da popula\u00e7\u00e3o, sobretudo devido ao seu hist\u00f3rico criminal. O acidente, ocorrido em 12 de novembro de 2025, envolveu uma colis\u00e3o com um carro e se deu em uma \u00e1rea que foi por muitos anos o cen\u00e1rio de questionamento e fen\u00f4menos sociais no Brasil.<\/p>\n<p>Cristian foi prontamente socorrido e levado para a UPA Vila Mariana. A gravidade das les\u00f5es foi classificada como leve, mas a situa\u00e7\u00e3o foi prec\u00e1ria o suficiente para levantar preocupa\u00e7\u00f5es sobre sua recupera\u00e7\u00e3o e as repercuss\u00f5es de seu hist\u00f3rico recente. Este acidente ocorreu apenas uma pequena dist\u00e2ncia da antiga resid\u00eancia da fam\u00edlia Richthofen, onde o crime que o tornou conhecido aconteceu.<\/p>\n<h2>Localiza\u00e7\u00e3o do incidente<\/h2>\n<p>O acidente ocorreu no Campo Belo, um bairro da Zona Sul de S\u00e3o Paulo. Esta regi\u00e3o \u00e9 caracterizada por uma variedade de problemas sociais e econ\u00f4micos, que v\u00e3o desde desigualdade at\u00e9 quest\u00f5es relacionadas \u00e0 seguran\u00e7a. O cruzamento onde Cristian se envolveu no acidente \u00e9 um ponto movimentado e pode ser perigoso para motociclistas, especialmente em hor\u00e1rios de pico. O local est\u00e1 a cerca de 1,6 km da antiga mans\u00e3o da fam\u00edlia Richthofen, um aspecto que, ironicamente, adiciona um fator de intensidade \u00e0 situa\u00e7\u00e3o, j\u00e1 que a hist\u00f3ria de Cristian est\u00e1 entrela\u00e7ada com uma das mais sombrias narrativas da criminalidade brasileira.<\/p>\n<h2>Hist\u00f3rico de Cristian Cravinhos<\/h2>\n<p>Cristian Cravinhos se tornou uma figura p\u00fablica devido \u00e0 sua condena\u00e7\u00e3o pelos assassinatos de Manfred e Mar\u00edsia von Richthofen, ocorridos em 2002. Juntamente com seu irm\u00e3o, Daniel, e a namorada de Daniel, Suzane von Richthofen, ele planejou e executou o crime em que os pais de Suzane foram brutalmente assassinados com uma barra de ferro enquanto dormiam.<\/p>\n<p>A brutalidade do crime chocou o Brasil e gerou significativa cobertura da m\u00eddia. Cristian foi condenado a 38 anos de pris\u00e3o, enquanto sua companheira e irm\u00e3o receberam penas superiores. O evento n\u00e3o apenas repercutiu intensamente na sociedade, como tamb\u00e9m originou debates sobre o sistema penal brasileiro, a reabilita\u00e7\u00e3o dos criminosos e o impacto da impressa no tratamento de crimes.<\/p>\n<p>Ap\u00f3s 20 anos de pris\u00e3o, Cristian acabou progredindo ao regime aberto, o que permite uma possibilidade de reintegra\u00e7\u00e3o \u00e0 sociedade. Entretanto, sua hist\u00f3ria continua a atrair aten\u00e7\u00e3o e discuss\u00e3o, o que torna o recente acidente um novo cap\u00edtulo em sua vida tumultuada.<\/p>\n<h2>Detalhes do socorro na UPA<\/h2>\n<p>Ap\u00f3s o acidente, Cristian foi imediatamente transportado para a Unidade de Pronto Atendimento (UPA) na Vila Mariana. A equipe m\u00e9dica da UPA identificou que suas les\u00f5es eram leves, o que foi um sinal positivo em meio \u00e0 gravidade da situa\u00e7\u00e3o. O pronto atendimento \u00e9 crucial em casos de colis\u00f5es, pois acidentes de moto podem ocasionar les\u00f5es muito mais s\u00e9rias, incluindo traumas cranianos e les\u00f5es na coluna.<\/p>\n<p>A equipe m\u00e9dica fez uma avalia\u00e7\u00e3o inicial da situa\u00e7\u00e3o, incluindo a realiza\u00e7\u00e3o de exames para garantir que n\u00e3o houvesse les\u00f5es internas. Felizmente, Cristian, ao que parece, n\u00e3o sofreu danos permanentes com o acidente, embora o evento tenha revisitado a aten\u00e7\u00e3o da imprensa sobre sua vida e suas a\u00e7\u00f5es passadas.<\/p>\n<h2>Condutores envolvidos no acidente<\/h2>\n<p>O motorista do carro envolvido no acidente era um jovem de 22 anos que, segundo informes, saiu ileso. O contraste entre as les\u00f5es leves de Cristian e a aus\u00eancia de qualquer ferimento para o motorista intensifica as especula\u00e7\u00f5es sobre a din\u00e2mica do acidente. A combina\u00e7\u00e3o dos fatores de visibilidade, velocidade, e o controle dos ve\u00edculos, desempenha um papel importante em acidentes desse tipo.<\/p>\n<p>A intera\u00e7\u00e3o entre Cristian e o motorista pode n\u00e3o ter sido apenas uma colis\u00e3o mais comum, mas tamb\u00e9m cont\u00e9m uma s\u00e9rie de fatores prestando aten\u00e7\u00e3o nas consequ\u00eancias legais e sociais que podem prosseguir ap\u00f3s o acidente. As autoridades foram notificadas para investigar as circunst\u00e2ncias em que o acidente ocorreu, o que poderia implicar em futuras a\u00e7\u00f5es legais entre as partes.<\/p>\n<h2>Consequ\u00eancias para Cristian<\/h2>\n<p>As consequ\u00eancias do acidente s\u00e3o variadas e podem impactar a vida de Cristian de maneira significativa. Apesar de n\u00e3o ter ocorrido les\u00f5es graves, a aten\u00e7\u00e3o da m\u00eddia e a rea\u00e7\u00e3o p\u00fablica mais uma vez o colocaram no centro das discuss\u00f5es sociais. A vida de um indiv\u00edduo que foi condenado por crime hediondo \u00e9 constantemente reavaliada pelas experi\u00eancias que vive, e este acidente n\u00e3o \u00e9 uma exce\u00e7\u00e3o.<\/p>\n<p>Cristian pode enfrentar a possibilidade de restri\u00e7\u00f5es adicionais devido a sua condi\u00e7\u00e3o de ex-detento. As regras que regem o trabalho e a vida de indiv\u00edduos sob progress\u00e3o de pena geralmente permitem uma reintegra\u00e7\u00e3o gradual, mas eventos como acidentes podem causar desafios adicionais neste processo. Por exemplo, ele pode ter que relatar o acidente a sua supervis\u00e3o, o que pode potencialmente complicar sua progress\u00e3o no regime.<\/p>\n<h2>Hist\u00f3ria da fam\u00edlia Richthofen<\/h2>\n<p>A fam\u00edlia Richthofen \u00e9 central \u00e0 narrativa que rodeia Cristian. O casal, Manfred e Mar\u00edsia, foram brutalmente assassinados em um crime que chocou o pa\u00eds. O crime gerou debates sobre a juventude do crime, as repercuss\u00f5es da criminalidade, e tamb\u00e9m sobre o impacto das din\u00e2micas familiares nas rela\u00e7\u00f5es interpessoais. Suzane, a filha do casal, estava envolvida na trama do crime e tamb\u00e9m recebeu uma pena severa por seu papel ativo.<\/p>\n<p>A hist\u00f3ria dos Richthofen continua a ser contada em document\u00e1rios e programas de TV, refletindo a fascina\u00e7\u00e3o p\u00fablica por esses casos. O crime e suas repercuss\u00f5es foram retratados de maneiras que muitas vezes exploraram a psicologia dos envolvidos, as consequ\u00eancias sociais e a cobertura da m\u00eddia sensacionalista.<\/p>\n<p>O tremendo impacto pela morte de Manfred e Mar\u00edsia, e a maneira como suas vidas terminaram, reverbera nas mem\u00f3rias dos brasileiros, e a hist\u00f3ria se mant\u00e9m viva at\u00e9 hoje, servindo como um alerta e uma discuss\u00e3o sobre a viol\u00eancia no pa\u00eds.<\/p>\n<h2>Rea\u00e7\u00e3o p\u00fablica ao acidente<\/h2>\n<p>A rea\u00e7\u00e3o p\u00fablica ao acidente de Cristian Cravinhos foi variada, refletindo o crivo pelo qual muitos brasileiros ainda consideram o caso Richthofen. Por um lado, existe um aspecto de empatia, considerando que, independentemente de seu passado, Cristian tamb\u00e9m \u00e9 um ser humano que sofreu um acidente. Por outro lado, muitos expressam desd\u00e9m e reprovam a notoriedade que ele ainda carrega junto \u00e0 sua hist\u00f3ria criminal.<\/p>\n<p>A cobertura da m\u00eddia reagiu rapidamente ao incidente, refor\u00e7ando as narrativas que cercam sua vida e as implica\u00e7\u00f5es mais profundas sobre o crime e a responsabilidade social. As redes sociais foram um campo f\u00e9rtil para discuss\u00f5es, com opini\u00f5es divididas sobre o acidente, refletindo a polariza\u00e7\u00e3o da sociedade diante de figuras como Cristian. Muitos usu\u00e1rios de redes sociais expressaram indigna\u00e7\u00e3o pelo fato de sua hist\u00f3ria ainda estar t\u00e3o presente nas mentes das pessoas, enquanto outros defendem um olhar mais humano e menos judici\u00e1rio.<\/p>\n<h2>Impacto na vida de Cristian<\/h2>\n<p>O acidente provavelmente ter\u00e1 um impacto duradouro na vida de Cristian Cravinhos, tanto f\u00edsico quanto emocional. A repercuss\u00e3o do evento pode fazer com que ele viva sob um olhar ainda mais intenso da sociedade, aumentando a vigil\u00e2ncia e a cr\u00edtica ao seu cotidiano. O fato de ter sido envolvido em um acidente pode afetar n\u00e3o apenas sua sa\u00fade f\u00edsica, mas tamb\u00e9m seu estado psicol\u00f3gico, j\u00e1 que o trauma de acidentes pode levar a uma s\u00e9rie de consequ\u00eancias emocionais.<\/p>\n<p>Al\u00e9m disso, o foco da m\u00eddia pode influenciar suas rela\u00e7\u00f5es pessoais e o relacionamento com sua fam\u00edlia. Poder\u00e1 haver aqueles que, por suas a\u00e7\u00f5es passadas, n\u00e3o queiram se envolver com ele ou que o considerem um fardo. Por outro lado, Cristian tamb\u00e9m pode ver o acidente como uma oportunidade de refletir sobre sua vida e as escolhas que o levaram onde est\u00e1 agora.<\/p>\n<h2>Pr\u00f3ximos passos legais para Cristian<\/h2>\n<p>Com o acidente, as implica\u00e7\u00f5es legais podem ser mais extensas. Desde o cumprimento de poss\u00edveis regras que possam estar associadas ao seu status de ex-detento at\u00e9 a responsabilidade legal pelo acidente, Cristian pode ter que navegar por uma nova s\u00e9rie de desafios. O acontecimento pode exigir que a situa\u00e7\u00e3o legal dele seja reavaliada, especialmente considerando que ele est\u00e1 em um regime no qual a liberdade \u00e9 estritamente monitorada.<\/p>\n<p>As autoridades podem investigar o acidente e, dependendo das descobertas, Cristian pode ser responsabilizado por qualquer infra\u00e7\u00e3o de tr\u00e2nsito, o que pode ter repercuss\u00f5es em seu status legal. Assim, sua multid\u00e3o de problemas pode se agravar, afetando sua capacidade de seguir em frente em sua vida ap\u00f3s a pris\u00e3o. O acompanhamento e o resultado desse incidente v\u00e3o gerar discuss\u00f5es e ser\u00e1 um ponto cr\u00edtico na trajet\u00f3ria de Cristian, com o potencial de alterar sua vida mais uma vez.<\/p>\n\n<div style=\"font-size: 0px; height: 0px; line-height: 0px; margin: 0; padding: 0; clear: both;\"><\/div>","protected":false},"excerpt":{"rendered":"<p>Cristian Cravinhos, envolvido em um caso famoso, sofre acidente perto da casa dos Richthofen.<\/p>\n","protected":false},"author":1,"featured_media":0,"comment_status":"open","ping_status":"closed","sticky":false,"template":"","format":"standard","meta":{"footnotes":""},"categories":[7],"tags":[],"class_list":["post-1313","post","type-post","status-publish","format-standard","hentry","category-noticias-no-campo-belo"],"aioseo_notices":[],"_links":{"self":[{"href":"https:\/\/www.encontracampobelo.com.br\/sobre\/wp-json\/wp\/v2\/posts\/1313","targetHints":{"allow":["GET"]}}],"collection":[{"href":"https:\/\/www.encontracampobelo.com.br\/sobre\/wp-json\/wp\/v2\/posts"}],"about":[{"href":"https:\/\/www.encontracampobelo.com.br\/sobre\/wp-json\/wp\/v2\/types\/post"}],"author":[{"embeddable":true,"href":"https:\/\/www.encontracampobelo.com.br\/sobre\/wp-json\/wp\/v2\/users\/1"}],"replies":[{"embeddable":true,"href":"https:\/\/www.encontracampobelo.com.br\/sobre\/wp-json\/wp\/v2\/comments?post=1313"}],"version-history":[{"count":0,"href":"https:\/\/www.encontracampobelo.com.br\/sobre\/wp-json\/wp\/v2\/posts\/1313\/revisions"}],"wp:attachment":[{"href":"https:\/\/www.encontracampobelo.com.br\/sobre\/wp-json\/wp\/v2\/media?parent=1313"}],"wp:term":[{"taxonomy":"category","embeddable":true,"href":"https:\/\/www.encontracampobelo.com.br\/sobre\/wp-json\/wp\/v2\/categories?post=1313"},{"taxonomy":"post_tag","embeddable":true,"href":"https:\/\/www.encontracampobelo.com.br\/sobre\/wp-json\/wp\/v2\/tags?post=1313"}],"curies":[{"name":"wp","href":"https:\/\/api.w.org\/{rel}","templated":true}]}}