{"id":1357,"date":"2025-12-02T12:54:00","date_gmt":"2025-12-02T14:54:00","guid":{"rendered":"https:\/\/www.encontracampobelo.com.br\/sobre\/cristian-cravinhos-sofre-acidente-perto-da-antiga-casa-richthofen\/"},"modified":"2025-12-02T12:54:00","modified_gmt":"2025-12-02T14:54:00","slug":"cristian-cravinhos-sofre-acidente-perto-da-antiga-casa-richthofen","status":"publish","type":"post","link":"https:\/\/www.encontracampobelo.com.br\/sobre\/cristian-cravinhos-sofre-acidente-perto-da-antiga-casa-richthofen\/","title":{"rendered":"Cristian Cravinhos sofre acidente perto da antiga casa Richthofen"},"content":{"rendered":"<div class=\"1cfda93c6640a8762b4fe319eb685dc5\" data-index=\"1\" style=\"float: none; margin:0px;\">\n<!-- Anuncio display - global -->\r\n<ins class=\"adsbygoogle\"\r\n     style=\"display:block\"\r\n     data-ad-client=\"ca-pub-8585364105181520\"\r\n     data-ad-slot=\"8789329856\"\r\n     data-ad-format=\"auto\"\r\n     data-full-width-responsive=\"true\"><\/ins>\r\n<script>\r\n     (adsbygoogle = window.adsbygoogle || []).push({});\r\n<\/script>\n<\/div>\n<h2>O Acidente e suas Consequ\u00eancias<\/h2>\n<p>No dia 12 de novembro de 2025, Cristian Cravinhos, uma figura amplamente reconhecida por sua hist\u00f3ria controversa, sofreu um acidente de tr\u00e2nsito que chamou a aten\u00e7\u00e3o da m\u00eddia e do p\u00fablico. O incidente ocorreu a cerca de 1,6 quil\u00f4metros da antiga resid\u00eancia do casal Richthofen, em Campo Belo, S\u00e3o Paulo. Cristian se envolveu em uma colis\u00e3o enquanto pilotava sua motocicleta Yamaha Factor DX prata, quando um carro atravessou a via preferencial no cruzamento das ruas Jesu\u00edno Maciel e Crist\u00f3v\u00e3o Pereira.<\/p>\n<p>Segundo relatos, Cristian n\u00e3o teve tempo de reagir \u00e0 manobra inesperada do carro que cruzou a preferencial, resultando em um impacto direto e violento. Testemunhas disseram que a cena foi alarmante, e Cristian, por sua vez, descreveu o momento como &#8220;apavorante&#8221;. Ap\u00f3s o acidente, ele foi imediatamente levado \u00e0 UPA Vila Mariana, onde recebeu atendimento m\u00e9dico para tratar das les\u00f5es, incluindo 12 pontos na cabe\u00e7a e tr\u00eas no rosto. Sua r\u00e1pida recupera\u00e7\u00e3o foi vista como um &#8220;livramento&#8221; por ele mesmo, que expressou sua gratid\u00e3o atrav\u00e9s das redes sociais.<\/p>\n<p>As consequ\u00eancias do acidente n\u00e3o se restringem apenas aos ferimentos f\u00edsicos. A experi\u00eancia teve um impacto psicol\u00f3gico profundo em Cristian, que, ao temer uma poss\u00edvel reabertura do seu caso criminal, ficou angustiado durante o atendimento. Ele mencionou suas preocupa\u00e7\u00f5es em entrevistas posteriores, refletindo sobre os desafios emocionais enfrentados por pessoas que, como ele, tiveram passagem pela pris\u00e3o e uma vida marcada por controv\u00e9rsias.<\/p>\n<p><img decoding=\"async\" src=\"https:\/\/www.encontracampobelo.com.br\/sobre\/wp-content\/uploads\/2025\/12\/cristian-cravinhos-sofre-acidente-perto-da-antiga-casa-richthofen.webp\" alt=\"Cristian Cravinhos\" loading=\"lazy\" \/><\/p>\n<h2>Cristian Cravinhos: Uma Vida Marcada por Controv\u00e9rsias<\/h2>\n<p>Cristian Cravinhos alcan\u00e7ou notoriedade nacional ap\u00f3s ser condenado pelo brutal homic\u00eddio do casal Manfred e Mar\u00edsia von Richthofen, ocorrido em 2002. Este crime, que impactou profundamente a sociedade brasileira, envolveu n\u00e3o apenas a viol\u00eancia f\u00edsica, mas tamb\u00e9m uma trama familiar complexa que envolvia Suzane von Richthofen, filha das v\u00edtimas e namorada de Cristian na \u00e9poca. A liga\u00e7\u00e3o pessoal e o n\u00edvel de brutalidade do crime tornaram Cravinhos uma figura de destaque nas pautas midi\u00e1ticas e nas discuss\u00f5es sobre juventude, viol\u00eancia e rela\u00e7\u00f5es familiares no Brasil.<\/p>\n<p>Ap\u00f3s cumprir uma pena de 38 anos, Cristian foi liberado em mar\u00e7o de 2025 ap\u00f3s a progress\u00e3o para o regime aberto, um momento que foi acompanhado com grande expectativa e alarde. A liberdade rec\u00e9m-conquistada trouxe consigo um novo conjunto de desafios. Assim, Cristian se viu lutando n\u00e3o apenas para se reintegrar \u00e0 sociedade, mas tamb\u00e9m para lidar com os fantasmas de seu passado e a percep\u00e7\u00e3o p\u00fablica negativa associada a ele. O acidente de moto ocorreu em um momento cr\u00edtico de sua reestrutura\u00e7\u00e3o pessoal, levantando perguntas sobre sua capacidade de lidar com as press\u00f5es decorrentes de uma vida sob constante vigil\u00e2ncia e julgamento.<\/p>\n<h2>Detentas pelo Crime: O Caso Richthofen<\/h2>\n<p>O caso Richthofen \u00e9 um marco na hist\u00f3ria criminal brasileira, n\u00e3o s\u00f3 pela brutalidade do ato em si, mas tamb\u00e9m pelas suas ramifica\u00e7\u00f5es. Cristian e seu irm\u00e3o, Daniel Cravinhos, foram condenados em 2006 por assassinarem os pais de Suzane a pauladas enquanto dormiam. A narrativa do crime chocou o pa\u00eds, n\u00e3o por ser as a\u00e7\u00f5es motivadas por uma mera disputa material, mas pela complexidade emocional que envolveu os participantes. Suzane tamb\u00e9m foi condenada, o que estabeleceu um entendimento geral de que a trag\u00e9dia era mais do que um simples ato de viol\u00eancia, mas um reflexo de tens\u00f5es e din\u00e2micas familiares disfuncionais.<\/p>\n<p>Ap\u00f3s o crime, a cobertura midi\u00e1tica intensificou-se, com o p\u00fablico dividido entre condenar os envolvidos e tentar entender as motiva\u00e7\u00f5es que poderiam levar a uma a\u00e7\u00e3o t\u00e3o extrema. O caso gerou discuss\u00f5es sobre sa\u00fade mental, as rela\u00e7\u00f5es familiares e a responsabilidade individual. Al\u00e9m disso, suscitaram debates sobre o sistema penal e as penas aplic\u00e1veis a jovens infratores.<\/p>\n<h2>A Repercuss\u00e3o do Acidente nas M\u00eddias<\/h2>\n<p>A repercuss\u00e3o do acidente de Cristian nas m\u00eddias sociais e tradicionais foi instant\u00e2nea e abrangente. Os relat\u00f3rios sobre o acidente rapidamente se espalharam pelas plataformas de not\u00edcias, redes sociais e sites de fofocas, reacendendo o interesse do p\u00fablico sobre sua vida. A cobertura foi marcada por nuances emocionais, desde a empatia com sua condi\u00e7\u00e3o de &#8220;sobrevivente&#8221; ap\u00f3s o acidente at\u00e9 as cr\u00edticas que se referiam ao seu passado criminoso. Em muitos relatos, testemunhos de especialistas em criminologia e psicologia foram incorporados para oferecer uma vis\u00e3o mais ampla sobre a complexidade da reabilita\u00e7\u00e3o de indiv\u00edduos com hist\u00f3rico criminal como o de Cristian.<\/p>\n<p>Redes sociais tamb\u00e9m desempenharam um papel significativo na forma como o p\u00fablico interagia com a situa\u00e7\u00e3o de Cristian. Postagens que dissecavam cada aspecto do acidente e refletiam sobre suas implica\u00e7\u00f5es pessoais e sociais foram amplamente compartilhadas. O uso de plataformas digitais para discutir a vida p\u00fablica e privada de pessoas como Cristian Cravinhos destaca como as redes sociais moldaram a percep\u00e7\u00e3o p\u00fablica e a narrativa de hist\u00f3rias. Desta forma, a hist\u00f3ria de Cristian serve n\u00e3o apenas como um estudo de caso de reabilita\u00e7\u00e3o e vida ap\u00f3s a pris\u00e3o, mas tamb\u00e9m como um exemplo de como vivemos em uma era onde as informa\u00e7\u00f5es circulam rapidamente, muitas vezes antes de qualquer fato consolidado ser confirmado.<\/p>\n<h2>Uma Nova Perspectiva para Cravinhos<\/h2>\n<p>Ap\u00f3s o acidente, a nova fase da vida de Cristian \u00e9 marcada por um esfor\u00e7o consciente de revitaliza\u00e7\u00e3o pessoal e social. A recente experi\u00eancia traum\u00e1tica pode servir como uma oportunidade para ele reavaliar suas escolhas e se reconectar com um prop\u00f3sito que pode ser mais positivo. A gratid\u00e3o demonstrada nas redes sociais ap\u00f3s o acidente pode ser vista como um ponto de virada em sua vida; um momento de reflex\u00e3o onde \u00e9 poss\u00edvel considerar a import\u00e2ncia da vida e das segundas chances.<\/p>\n<p>Com o apoio de terapeutas e seu c\u00edrculo social, Cristian busca construir uma nova identidade. Suas a\u00e7\u00f5es e intera\u00e7\u00f5es p\u00f3s-acidente refletem um desejo de n\u00e3o ser definido pelo seu passado. Ele se sente motivado a se engajar em atividades que promovem a sa\u00fade mental e emocional, possivelmente como um meio de contribuir para a discuss\u00e3o sobre reabilita\u00e7\u00e3o e reintegra\u00e7\u00e3o social de indiv\u00edduos liberados do sistema penal. Isso pode ser uma forma de Cristian ampliar seu Legado, n\u00e3o apenas como um criminoso, mas como algu\u00e9m que superou adversidades e busca fazer a diferen\u00e7a na vida de outros.<\/p>\n<h2>Implica\u00e7\u00f5es Legais do Acidente<\/h2>\n<p>O acidente que envolveu Cristian Cravinhos n\u00e3o trouxe apenas consequ\u00eancias f\u00edsicas e psicol\u00f3gicas, mas tamb\u00e9m implica\u00e7\u00f5es legais que precisam ser examinadas com aten\u00e7\u00e3o. Antes de mais nada, o hist\u00f3rico criminal de Cristian e sua recente liberdade condicional foram elementos que aumentaram a complexidade do cen\u00e1rio legal em rela\u00e7\u00e3o ao ocorrido. A abordagem dos oficiais de pol\u00edcia e da Secretaria da Seguran\u00e7a P\u00fablica em rela\u00e7\u00e3o ao acidente foi, como mencionado, respeitosa, por\u00e9m, h\u00e1 uma responsabilidade que recai sobre o participante do acidente.<\/p>\n<p>Caso se determine que Cristian foi negligente ao operar sua motocicleta, ele poderia enfrentar consequ\u00eancias legais adicionais, principalmente considerando o fato de que estava sob vigil\u00e2ncia de sua liberdade condicional. No entanto, a interpreta\u00e7\u00e3o das circunst\u00e2ncias do acidente, especialmente a responsabiliza\u00e7\u00e3o no caso do motorista do carro, seria objeto de investiga\u00e7\u00e3o. O resultado do acidente pode levar a um questionamento sobre a responsabilidade civil e a possibilidade de processos por danos, especialmente se algum preju\u00edzo f\u00edsico ou emocional significativo for identificado.<\/p>\n<h2>Como o Acidente Reflete na Vida Pessoal de Cristian<\/h2>\n<p>As repercuss\u00f5es do acidente se estendem para al\u00e9m do contexto legal e f\u00edsico; tamb\u00e9m t\u00eam um impacto significativo na vida pessoal de Cristian. Sua experi\u00eancia como algu\u00e9m que esteve em uma posi\u00e7\u00e3o vulner\u00e1vel ap\u00f3s o acidente fez com que ele reavaliasse suas prioridades e relacionamentos. Amigos e familiares tornaram-se principalmente seu apoio emocional durante a recupera\u00e7\u00e3o, e as intera\u00e7\u00f5es sociais passaram a ser baseadas em compreens\u00e3o e vulnerabilidade.<\/p>\n<p>Os desafios enfrentados durante a converg\u00eancia de sua vida antes e ap\u00f3s o crime, e agora com o acidente, refletem um padr\u00e3o de lutas cont\u00ednuas. Cristian come\u00e7ou a perceber que, para seguir em frente, a reconstru\u00e7\u00e3o de amizades e o fortalecimento das rela\u00e7\u00f5es familiares s\u00e3o essenciais. A busca por reconcilia\u00e7\u00e3o e compreens\u00e3o pode ser um passo positivo na busca por uma identidade renovada ap\u00f3s um hist\u00f3rico conturbado.<\/p>\n<h2>O Papel da M\u00eddia nas Narrativas de Famosos<\/h2>\n<p>A hist\u00f3ria de Cristian Cravinhos evidencia o poder da m\u00eddia na constru\u00e7\u00e3o de narrativas sobre a vida de indiv\u00edduos famosos ou infames. A forma como a hist\u00f3ria dele foi contada ao longo dos anos mostra como a cobertura midi\u00e1tica pode tanto desumanizar quanto oferecer uma segunda chance ao retratar a reabilita\u00e7\u00e3o e o crescimento pessoal.<\/p>\n<p>Imediatamente ap\u00f3s o acidente, a m\u00eddia se apressou em cobrir a hist\u00f3ria, mas o tratamento dado a ela variou de acordo com a linha editorial de cada ve\u00edculo. Enquanto alguns se concentraram no aspecto humano e de supera\u00e7\u00e3o do acidente, outros insistiram em fazer a liga\u00e7\u00e3o com seu passado criminoso, o que refor\u00e7ou uma narrativa que poderia ser sensacionalista e viciada em pol\u00eamica. Portanto, \u00e9 essencial para o p\u00fablico desenvolver uma vis\u00e3o cr\u00edtica sobre a forma como as narrativas s\u00e3o moldadas e consumidas.<\/p>\n<h2>Futuro e Esperan\u00e7as Aspiradas por Cristian<\/h2>\n<p>Enquanto Cristian Cravinhos se recupera do acidente e confronta seu passado, deseja ardentemente que o futuro traga oportunidades e novas esperan\u00e7as. A transforma\u00e7\u00e3o que ele busca envolve uma profunda conex\u00e3o com sua sa\u00fade mental e um comprometimento com a reintegra\u00e7\u00e3o social. Cristian aspira compartilhar sua hist\u00f3ria e atividades com um p\u00fablico mais amplo, possivelmente voltando-se para formas de apoio a outros que tamb\u00e9m possam ter enfrentado a dor da pris\u00e3o e a luta pela aceita\u00e7\u00e3o social.<\/p>\n<p>O desejo de Cristian \u00e9 n\u00e3o apenas sobreviver, mas prosperar em uma sociedade que muitas vezes n\u00e3o oferece segundas chances a aqueles que cometeram erros no passado. A sua experi\u00eancia serve como um lembrete de que a mudan\u00e7a \u00e9 poss\u00edvel; que algu\u00e9m pode passar de um estado de desespero e confus\u00e3o para um de esperan\u00e7a e recupera\u00e7\u00e3o, desde que esteja disposto a enfrentar seus dem\u00f4nios internos e compartilhar suas verdades.<\/p>\n<h2>A Percep\u00e7\u00e3o P\u00fablica sobre Cravinhos<\/h2>\n<p>A percep\u00e7\u00e3o p\u00fablica sobre Cristian Cravinhos \u00e9 complexa e multifacetada. Para muitos, ele \u00e9 sin\u00f4nimo de crime e injusti\u00e7a familiar; para outros, uma pessoa que busca reden\u00e7\u00e3o e uma nova vida. Essa dualidade na percep\u00e7\u00e3o destaca a capacidade humana de julgar e, ao mesmo tempo, compreender a profundidade das lutas pessoais. O acidente, no entanto, parece despertar um novo olhar sobre sua trajet\u00f3ria, oferecendo a ele um espa\u00e7o para se reinventar.<\/p>\n<p>Embora os sentimentos de repulsa e desconfian\u00e7a fa\u00e7am parte de sua hist\u00f3ria, a transforma\u00e7\u00e3o que Cristian busca e exibe ap\u00f3s o acidente pode provocar uma mudan\u00e7a de opini\u00e3o em muitos. \u00c0 medida que ele compartilha sua experi\u00eancia de recupera\u00e7\u00e3o, \u00e9 poss\u00edvel que sua narrativa inspire empatia e compreens\u00e3o, desde que as a\u00e7\u00f5es e a hist\u00f3ria que ele contar sejam sinceras e justas. A jornada de Cristian \u00e9 um reflexo mais amplo de como temas como arrependimento, supera\u00e7\u00e3o e capacidade de mudan\u00e7a reverberam na sociedade contempor\u00e2nea.<\/p>\n\n<div style=\"font-size: 0px; height: 0px; line-height: 0px; margin: 0; padding: 0; clear: both;\"><\/div>","protected":false},"excerpt":{"rendered":"<p>Cristian Cravinhos vive novo momento tenso em seu cotidiano ap\u00f3s acidente perto da casa Richthofen.<\/p>\n","protected":false},"author":1,"featured_media":1356,"comment_status":"open","ping_status":"closed","sticky":false,"template":"","format":"standard","meta":{"footnotes":""},"categories":[7],"tags":[],"class_list":["post-1357","post","type-post","status-publish","format-standard","has-post-thumbnail","hentry","category-noticias-no-campo-belo","has_thumb"],"aioseo_notices":[],"_links":{"self":[{"href":"https:\/\/www.encontracampobelo.com.br\/sobre\/wp-json\/wp\/v2\/posts\/1357","targetHints":{"allow":["GET"]}}],"collection":[{"href":"https:\/\/www.encontracampobelo.com.br\/sobre\/wp-json\/wp\/v2\/posts"}],"about":[{"href":"https:\/\/www.encontracampobelo.com.br\/sobre\/wp-json\/wp\/v2\/types\/post"}],"author":[{"embeddable":true,"href":"https:\/\/www.encontracampobelo.com.br\/sobre\/wp-json\/wp\/v2\/users\/1"}],"replies":[{"embeddable":true,"href":"https:\/\/www.encontracampobelo.com.br\/sobre\/wp-json\/wp\/v2\/comments?post=1357"}],"version-history":[{"count":0,"href":"https:\/\/www.encontracampobelo.com.br\/sobre\/wp-json\/wp\/v2\/posts\/1357\/revisions"}],"wp:featuredmedia":[{"embeddable":true,"href":"https:\/\/www.encontracampobelo.com.br\/sobre\/wp-json\/wp\/v2\/media\/1356"}],"wp:attachment":[{"href":"https:\/\/www.encontracampobelo.com.br\/sobre\/wp-json\/wp\/v2\/media?parent=1357"}],"wp:term":[{"taxonomy":"category","embeddable":true,"href":"https:\/\/www.encontracampobelo.com.br\/sobre\/wp-json\/wp\/v2\/categories?post=1357"},{"taxonomy":"post_tag","embeddable":true,"href":"https:\/\/www.encontracampobelo.com.br\/sobre\/wp-json\/wp\/v2\/tags?post=1357"}],"curies":[{"name":"wp","href":"https:\/\/api.w.org\/{rel}","templated":true}]}}