{"id":1359,"date":"2025-12-02T10:59:00","date_gmt":"2025-12-02T12:59:00","guid":{"rendered":"https:\/\/www.encontracampobelo.com.br\/sobre\/cristian-cravinhos-sofre-acidente-de-moto-na-zona-sul-de-sao-paulo\/"},"modified":"2025-12-02T10:59:00","modified_gmt":"2025-12-02T12:59:00","slug":"cristian-cravinhos-sofre-acidente-de-moto-na-zona-sul-de-sao-paulo","status":"publish","type":"post","link":"https:\/\/www.encontracampobelo.com.br\/sobre\/cristian-cravinhos-sofre-acidente-de-moto-na-zona-sul-de-sao-paulo\/","title":{"rendered":"Cristian Cravinhos sofre acidente de moto na zona sul de S\u00e3o Paulo"},"content":{"rendered":"<div class=\"1cfda93c6640a8762b4fe319eb685dc5\" data-index=\"1\" style=\"float: none; margin:0px;\">\n<!-- Anuncio display - global -->\r\n<ins class=\"adsbygoogle\"\r\n     style=\"display:block\"\r\n     data-ad-client=\"ca-pub-8585364105181520\"\r\n     data-ad-slot=\"8789329856\"\r\n     data-ad-format=\"auto\"\r\n     data-full-width-responsive=\"true\"><\/ins>\r\n<script>\r\n     (adsbygoogle = window.adsbygoogle || []).push({});\r\n<\/script>\n<\/div>\n<h2>O Acidente que Chocou os F\u00e3s<\/h2>\n<p>No dia 13 de novembro de 2025, Cristian Cravinhos, conhecido por seu envolvimento em um dos crimes mais famosos do Brasil, sofreu um acidente de moto na zona sul de S\u00e3o Paulo. Cristian, que ganhou notoriedade pelo assassinato dos pais de Suzane von Richthofen, estava pilotando sua motocicleta quando colidiu com um t\u00e1xi em um cruzamento. O impacto foi intenso e resultou em diversos ferimentos no rosto de Cristian, que o levaram ao pronto-socorro da Vila Mariana.<\/p>\n<p>As circunst\u00e2ncias do acidente rapidamente se tornaram assunto nas redes sociais e em v\u00e1rias plataformas de not\u00edcias. Uma das primeiras quest\u00f5es levantadas foi sobre a velocidade em que Cristian estava viajando e se ele estava respeitando as regras de tr\u00e2nsito. Os primeiros relatos indicaram que ele n\u00e3o estava sob influ\u00eancia de \u00e1lcool, uma vez que tanto ele quanto o motorista do t\u00e1xi passaram no teste do baf\u00f4metro, que resultou negativo. Esse detalhe foi aliviador para muitos, pois as especula\u00e7\u00f5es sobre poss\u00edveis comportamentos irrespons\u00e1veis nas estradas s\u00e3o comuns em acidentes de tr\u00e2nsito envolvendo figuras p\u00fablicas.<\/p>\n<p>A gravidade do acidente trouxe \u00e0 tona o passado de Cristian e gerou uma onda de apoio e cr\u00edticas nas redes sociais. Enquanto muitos lamentaram o ocorrido e desejavam uma r\u00e1pida recupera\u00e7\u00e3o, outros n\u00e3o perderam a oportunidade de relembrar seu passado controverso, levantando uma s\u00e9rie de debates sobre as segundas chances e a natureza humana.<\/p>\n<p><img decoding=\"async\" src=\"https:\/\/www.encontracampobelo.com.br\/sobre\/wp-content\/uploads\/2025\/12\/cristian-cravinhos-sofre-acidente-de-moto-na-zona-sul-de-sao-paulo.webp\" alt=\"Cristian Cravinhos\" loading=\"lazy\" \/><\/p>\n<h2>Hist\u00f3rico de Cristian Cravinhos<\/h2>\n<p>Cristian Cravinhos, junto com seu irm\u00e3o Daniel, ficou famoso em 2002 ap\u00f3s o brutal assassinato dos pais de Suzane von Richthofen, o que se tornou um dos casos mais medi\u00e1ticos da hist\u00f3ria criminal brasileira. O crime chocou o pa\u00eds e, at\u00e9 hoje, \u00e9 um tema frequente nas conversas sobre viol\u00eancia familiar e planejamento de crimes. Cristian e Daniel foram pegos em um plano astucioso para executar o assassinato, que envolvia premedita\u00e7\u00e3o e um envolvimento profundo na trama orchestrada por Suzane.<\/p>\n<p>Ap\u00f3s o crime, os irm\u00e3os foram condenados e cumprem pena por diversos anos. Com a progress\u00e3o da pena, enquanto Daniel ficou preso por mais tempo, Cristian conseguiu sua liberdade, tornando-se um exemplo controverso do que se considera reabilita\u00e7\u00e3o. A liberdade de Cristian n\u00e3o fez com que os debates sobre sua imagem dissolvessem, e ele frequentemente se v\u00ea nas manchetes, trazendo \u00e0 tona sentimentos mistos entre o p\u00fablico.<\/p>\n<p>Com a amea\u00e7a de seu passado sempre \u00e0 espreita, Cristian adotou uma abordagem de vida mais discreta, tentando se afastar da fama negativa. Ele come\u00e7ava a ganhar um novo olhar, trabalhando em projetos que envolviam melhorar sua imagem p\u00fablica, embora sempre houvesse aqueles que n\u00e3o o aceitavam, lembrando constantemente de sua hist\u00f3ria. O impacto do passado e suas tentativas de reintegra\u00e7\u00e3o \u00e0 sociedade agora se somam \u00e0s novas complica\u00e7\u00f5es trazidas pelo acidente.<\/p>\n<h2>Consequ\u00eancias do Acidente<\/h2>\n<p>A gravidade do acidente teve consequ\u00eancias significativas n\u00e3o apenas para Cristian, mas tamb\u00e9m para sua imagem p\u00fablica. Ferimentos em \u00e1reas vis\u00edveis do rosto levantam preocupa\u00e7\u00f5es est\u00e9ticas e emocionais que ele sempre se esfor\u00e7ou para lidar. De acordo com relat\u00f3rios hospitalares, embora Cristian tenha sofrido cortes e escoria\u00e7\u00f5es, seu estado de sa\u00fade foi considerado est\u00e1vel ap\u00f3s os primeiros socorros.<\/p>\n<p>Ap\u00f3s o acidente, uma s\u00e9rie de internautas come\u00e7aram a especular sobre como esses ferimentos poderiam afetar sua autoestima e sua imagem ao p\u00fablico. As redes sociais, especialmente, se tornaram um espa\u00e7o para discuss\u00f5es a respeito de como ele, um homem que teve sua vida marcada por um crime t\u00e3o horrendo, lidaria com essa nova situa\u00e7\u00e3o. Muitas pessoas expressaram solidariedade, enquanto outras n\u00e3o hesitaram em relembrar seu passado, sugerindo que ele merecia essa \u201cjusti\u00e7a\u201d pela vida que levou.<\/p>\n<p>As consequ\u00eancias imediatas tamb\u00e9m inclu\u00edram a necessidade de Cristian de passar por tratamentos m\u00e9dicos e poss\u00edveis interven\u00e7\u00f5es cir\u00fargicas. Isso poderia resultar em uma reabilita\u00e7\u00e3o prolongada, e sua capacidade de retornar ao mundo que tentava reinventar ficou em d\u00favida ap\u00f3s um incidente t\u00e3o traumatizante. As repercuss\u00f5es financeiras tamb\u00e9m s\u00e3o uma realidade: se ele estiver incapaz de trabalhar por um per\u00edodo, isso poder\u00e1 levar a dificuldades pessoais e financeiras.<\/p>\n<h2>Investiga\u00e7\u00e3o do Acidente<\/h2>\n<p>Logo ap\u00f3s o acidente, as autoridades iniciaram uma investiga\u00e7\u00e3o para apurar as causas e circunst\u00e2ncias em que o ocorrido se deu. A revis\u00e3o de imagens de c\u00e2meras de seguran\u00e7a da \u00e1rea se tornou um aspecto essencial da investiga\u00e7\u00e3o, pois poderia esclarecer se havia elementos negligenci\u00e1veis, como sem\u00e1foros, sinaliza\u00e7\u00f5es e a velocidade em que os ve\u00edculos estavam se movendo.<\/p>\n<p>Al\u00e9m disso, os depoimentos dos envolvidos tamb\u00e9m seriam analisados minuciosamente. A figura de Cristian Cravinhos como um indiv\u00edduo j\u00e1 famosamente controverso implicava que qualquer detalhe em sua narrativa poderia ser intensamente debatido. As testemunhas do acidente foram abordadas pelas autoridades, incluindo o motorista do t\u00e1xi, que poderia oferecer insights sobre o que realmente aconteceu naquele momento fat\u00eddico.<\/p>\n<p>As investiga\u00e7\u00f5es relacionadas a acidentes de tr\u00e2nsito em S\u00e3o Paulo s\u00e3o frequentemente complexas e envolvem m\u00faltiplas partes interessadas, como a pol\u00edcia e seguradoras. A expectativa do p\u00fablico estava acentuada, j\u00e1 que muitos desejavam saber se algum tipo de responsabilidade poderia ser imputada a Cristian com base em seu hist\u00f3rico, mesmo que o acidente n\u00e3o tenha sido resultado de m\u00e1 condu\u00e7\u00e3o. Com isso, questionamentos sobre culpa e responsabilidade cresceriam ainda mais nas redes sociais durante o ambiente da investiga\u00e7\u00e3o.<\/p>\n<h2>Repercuss\u00f5es na M\u00eddia<\/h2>\n<p>A cobertura da m\u00eddia sobre o acidente de Cristian Cravinhos foi extensa e muitas vezes tendenciosa. Desde o momento em que a not\u00edcia se espalhou, ve\u00edculos de comunica\u00e7\u00e3o correram para divulgar todos os detalhes do acidente, focando em seu passado criminol\u00f3gico. Notici\u00e1rios e sites de fofoca apresentaram an\u00e1lises que iam desde a indigna\u00e7\u00e3o p\u00fablica at\u00e9 o apelo \u00e0 empatia, dependendo da linha editorial do ve\u00edculo e do p\u00fablico-alvo.<\/p>\n<p>As r\u00e9plicas nas redes sociais mostraram uma polariza\u00e7\u00e3o clara entre aqueles que consideravam esse novo acidente como uma li\u00e7\u00e3o judicial e moral e os que viam a chance de Cristian se reerguer, independentemente de seu passado. Artigos de opini\u00e3o dispararam em diversas plataformas, levantando temas sobre como a sociedade lida com a reabilita\u00e7\u00e3o, especialmente quando o indiv\u00edduo em quest\u00e3o tem antecedentes t\u00e3o s\u00e9rios.<\/p>\n<p>Al\u00e9m disso, a cobertura muitas vezes entrou em detalhes estranhos, incluindo cr\u00edticas ao estilo de vida de Cristian e seu envolvimento em certos eventos p\u00fablicos. Essa aten\u00e7\u00e3o midiatica trouxe \u00e0 tona discuss\u00f5es sobre se ele estava vivendo uma vida que realmente refletia um arrependimento verdadeiro ou se ainda era um homem egoisticamente perdido. As repercuss\u00f5es mostraram como a m\u00eddia pode exacerbar tanto o apoio quanto a hostilidade, dependendo de como as hist\u00f3rias s\u00e3o contadas.<\/p>\n<h2>As Redes Sociais de Cristian<\/h2>\n<p>Cristian Cravinhos sempre teve uma rela\u00e7\u00e3o complicada com suas redes sociais. No in\u00edcio de sua livre circula\u00e7\u00e3o, ele estava ativo em plataformas como Instagram e Twitter, utilizando essas ferramentas para reconstruir sua imagem e se conectar com o p\u00fablico. No entanto, a auditoria de seus seguidores revelou uma dificuldade em mudar a percep\u00e7\u00e3o p\u00fablica.<\/p>\n<p>Ap\u00f3s o acidente, suas redes sociais foram invadidas por coment\u00e1rios tanto de apoio quanto de desd\u00e9m. Apesar de postar atualiza\u00e7\u00f5es sobre seu estado de sa\u00fade e agradecimentos a todos que se preocupavam, muitos internautas reviravoltaram seu passado, criticando-o duramente e at\u00e9 mesmo desejando o pior.<\/p>\n<p>Esse ambiente hostil \u00e9 um reflexo do que acontece quando uma figura p\u00fablica quebra as normas sociais. Ele se viu, mais uma vez, enfrentando a sombra de seu passado. As intera\u00e7\u00f5es nas redes sociais revelam muito sobre a psicologia p\u00fablica em rela\u00e7\u00e3o a crimes e reabilita\u00e7\u00e3o, principalmente em um pa\u00eds que busca incessantemente justi\u00e7a ao lidar com hist\u00f3rias de crimes sem precedentes.<\/p>\n<h2>Sua Recupera\u00e7\u00e3o e Estado de Sa\u00fade<\/h2>\n<p>Ap\u00f3s o acidente, Cristian foi imediatamente atendido e seu estado de sa\u00fade foi considerado est\u00e1vel. Entre os ferimentos, as escoria\u00e7\u00f5es e o impacto emocional do acidente foram levados em considera\u00e7\u00e3o. As primeiras semanas ap\u00f3s a hospitaliza\u00e7\u00e3o foram cr\u00edticas, onde as informa\u00e7\u00f5es sobre sua recupera\u00e7\u00e3o come\u00e7aram a fluir lentamente.<\/p>\n<p>Os profissionais de sa\u00fade indicaram que Cristian enfrentaria uma longa recupera\u00e7\u00e3o, incluindo poss\u00edveis cirurgias reconstrutivas e sess\u00f5es de fisioterapia. A sua recupera\u00e7\u00e3o f\u00edsica seria acompanhada por cuidados psicol\u00f3gicos, j\u00e1 que a combina\u00e7\u00e3o de dor f\u00edsica e trauma emocional poderia agir como um catalisador para quest\u00f5es mais profundos relacionados ao seu passado.<\/p>\n<p>Durante esta fase de recupera\u00e7\u00e3o, ele tamb\u00e9m come\u00e7ou a compartilhar suas experi\u00eancias de reabilita\u00e7\u00e3o em uma tentativa de se reconectar com seu p\u00fablico de uma maneira mais sincera. Essa a\u00e7\u00e3o gerou um raudal de como as redes sociais podem servir tanto como uma plataforma de apoio quanto um espa\u00e7o de vulnerabilidade para aqueles que lidam com situa\u00e7\u00f5es dif\u00edceis.<\/p>\n<h2>Impacto do Acidente na Vida Pessoal<\/h2>\n<p>O impacto do acidente na vida pessoal de Cristian Cravinhos \u00e9 profundo. A sua vida foi marcada por repercuss\u00f5es que v\u00e3o al\u00e9m do f\u00edsico, tocando em \u00e1reas emocionais e sociais que h\u00e1 muito tempo ele tentava administrar. O passado, que por vezes aparecia distante, agora voltou \u00e0 tona com for\u00e7a total. Seus relacionamentos pessoais, principalmente familiares e afetivos, precisariam ser analisados e reavaliados \u00e0 luz do novo evento.<\/p>\n<p>O apoio que recebia de algumas pessoas se misturou com o ceticismo de outros, que viram no acidente uma manifesta\u00e7\u00e3o de um karma ou destino. O sentimento de estar sempre sob risco de retalia\u00e7\u00f5es emocionais e sociais come\u00e7ava a se intensificar, levando-o a uma introspec\u00e7\u00e3o mais profunda e talvez at\u00e9 a repensar suas prioridades de vida.<\/p>\n<p>No entanto, esse acidente tamb\u00e9m trouxe algumas coisas boas: muitos ao seu redor come\u00e7aram a reavaliar suas pr\u00f3prias atitudes e a import\u00e2ncia do perd\u00e3o. Cristian come\u00e7ou a ser visto sob uma nova luz, e oportunidades inesperadas de reconcilia\u00e7\u00e3o apareceram. Essa dualidade em sua vida se mostra complexa, refletindo o quanto um incidente pode transformar a narrativa de um indiv\u00edduo.<\/p>\n<h2>Ofensas e Cr\u00edticas na Internet<\/h2>\n<p>A internet \u00e9 um espa\u00e7o onde a comunidade rapidamente toma partido e, muitas vezes, sem conhecer todas as nuances de uma situa\u00e7\u00e3o. Assim que a trag\u00e9dia do acidente se espalhou, Cristian Cravinhos tornou-se um alvo comum n\u00e3o apenas de apoio, mas tamb\u00e9m de ofensas e cr\u00edticas ferozes. As redes sociais se tornaram um campo de batalha virtual para diferentes vis\u00f5es sobre sua exist\u00eancia e suas a\u00e7\u00f5es.<\/p>\n<p>As ofensas variavam desde coment\u00e1rios sobre seu acidente at\u00e9 ataques mais diretos e pessoais, que frequentemente misturavam seu passado criminal \u00e0s novas desaventuras e cicatrizes que agora carregava. O desd\u00e9m nas redes sociais pode ser devastador, ainda mais quando associado a uma figura pol\u00eamica. Ao mesmo tempo que alguns brasileiros queriam ver Cristian se reerguer, muitos acreditavam que o karma havia finalmente o alcan\u00e7ado, desejando mal para ele em uma tentativa de vingar a dor que sua a\u00e7\u00e3o anterior causou.<\/p>\n<p>Essa realidade ilustra a fragilidade dos sentimentos em ambientes digitais, onde a humanidade e a empatia parecem sucumbir a um desejo de vingan\u00e7a e justiceiras. A vida de um indiv\u00edduo tornou-se um espet\u00e1culo, um tema de discuss\u00e3o permanente, mostrando como a cultura atual busca um repelente ao perd\u00e3o, sacrificando-o em prol de visibilidade e rea\u00e7\u00f5es.<\/p>\n<h2>O Futuro de Cristian Cravinhos<\/h2>\n<p>O futuro de Cristian Cravinhos \u00e9 incerto e ainda est\u00e1 se desenrolando. Ap\u00f3s o acidente, uma nova jornada se abre diante dele: uma trajet\u00f3ria de recupera\u00e7\u00e3o f\u00edsica e emocional que exigir\u00e1 for\u00e7a e resili\u00eancia. Os pr\u00f3ximos meses ser\u00e3o cruciais em determinar como ele lidar\u00e1 com as repercuss\u00f5es de seu acidente, junto com seu peso hist\u00f3rico.<\/p>\n<p>Cristian teve algumas oportunidades de se envolver em trabalhos sociais, tentando transformar sua imagem de vida tumultuada em um caminho para ajudar outros a evitar a viol\u00eancia. Este tipo de envolvimento poder\u00e1 atuar como um redentor, uma ponte para reintegr\u00e1-lo na sociedade, juntamente com seu desejo de se reconstruir de maneira positiva.<\/p>\n<p>Independentemente disso, a sociedade ser\u00e1 r\u00e1pida em julgar, lembrando constantemente de seu passado em cada passo que ele der. Os desafios desta jornada s\u00e3o profundos e complexos. Cristian enfrentar\u00e1 n\u00e3o apenas a batalha de sua sa\u00fade f\u00edsica, mas a necessidade de permanecer relevante e humano em uma era digital que frequentemente se recusa a oferecer outra chance. Seu futuro depender\u00e1 de sua capacidade de lidar com todas as cicatrizes \u2013 tanto f\u00edsicas quanto emocionais \u2013 e de como conseguir\u00e1 navegar o caminho da reabilita\u00e7\u00e3o com autenticidade e esperan\u00e7a.<\/p>\n\n<div style=\"font-size: 0px; height: 0px; line-height: 0px; margin: 0; padding: 0; clear: both;\"><\/div>","protected":false},"excerpt":{"rendered":"<p>Cristian Cravinhos sofre acidente de moto afetando suas atividades.<\/p>\n","protected":false},"author":1,"featured_media":1358,"comment_status":"open","ping_status":"closed","sticky":false,"template":"","format":"standard","meta":{"footnotes":""},"categories":[7],"tags":[],"class_list":["post-1359","post","type-post","status-publish","format-standard","has-post-thumbnail","hentry","category-noticias-no-campo-belo","has_thumb"],"aioseo_notices":[],"_links":{"self":[{"href":"https:\/\/www.encontracampobelo.com.br\/sobre\/wp-json\/wp\/v2\/posts\/1359","targetHints":{"allow":["GET"]}}],"collection":[{"href":"https:\/\/www.encontracampobelo.com.br\/sobre\/wp-json\/wp\/v2\/posts"}],"about":[{"href":"https:\/\/www.encontracampobelo.com.br\/sobre\/wp-json\/wp\/v2\/types\/post"}],"author":[{"embeddable":true,"href":"https:\/\/www.encontracampobelo.com.br\/sobre\/wp-json\/wp\/v2\/users\/1"}],"replies":[{"embeddable":true,"href":"https:\/\/www.encontracampobelo.com.br\/sobre\/wp-json\/wp\/v2\/comments?post=1359"}],"version-history":[{"count":0,"href":"https:\/\/www.encontracampobelo.com.br\/sobre\/wp-json\/wp\/v2\/posts\/1359\/revisions"}],"wp:featuredmedia":[{"embeddable":true,"href":"https:\/\/www.encontracampobelo.com.br\/sobre\/wp-json\/wp\/v2\/media\/1358"}],"wp:attachment":[{"href":"https:\/\/www.encontracampobelo.com.br\/sobre\/wp-json\/wp\/v2\/media?parent=1359"}],"wp:term":[{"taxonomy":"category","embeddable":true,"href":"https:\/\/www.encontracampobelo.com.br\/sobre\/wp-json\/wp\/v2\/categories?post=1359"},{"taxonomy":"post_tag","embeddable":true,"href":"https:\/\/www.encontracampobelo.com.br\/sobre\/wp-json\/wp\/v2\/tags?post=1359"}],"curies":[{"name":"wp","href":"https:\/\/api.w.org\/{rel}","templated":true}]}}