{"id":1428,"date":"2026-01-08T16:07:44","date_gmt":"2026-01-08T18:07:44","guid":{"rendered":"https:\/\/www.encontracampobelo.com.br\/sobre\/lutadores-imobilizam-e-agridem-ladroes-de-moto-em-bairro-nobre-de-sp-veja-video\/"},"modified":"2026-01-08T16:07:44","modified_gmt":"2026-01-08T18:07:44","slug":"lutadores-imobilizam-e-agridem-ladroes-de-moto-em-bairro-nobre-de-sp-veja-video","status":"publish","type":"post","link":"https:\/\/www.encontracampobelo.com.br\/sobre\/lutadores-imobilizam-e-agridem-ladroes-de-moto-em-bairro-nobre-de-sp-veja-video\/","title":{"rendered":"Lutadores imobilizam e agridem ladr\u00f5es de moto em bairro nobre de SP Veja v\u00eddeo"},"content":{"rendered":"<div class=\"1cfda93c6640a8762b4fe319eb685dc5\" data-index=\"1\" style=\"float: none; margin:0px;\">\n<!-- Anuncio display - global -->\r\n<ins class=\"adsbygoogle\"\r\n     style=\"display:block\"\r\n     data-ad-client=\"ca-pub-8585364105181520\"\r\n     data-ad-slot=\"8789329856\"\r\n     data-ad-format=\"auto\"\r\n     data-full-width-responsive=\"true\"><\/ins>\r\n<script>\r\n     (adsbygoogle = window.adsbygoogle || []).push({});\r\n<\/script>\n<\/div>\n<h2>A bravura dos lutadores no Itaim Bibi<\/h2>\n<p>No dia 12 de dezembro de 2025, uma cena surpreendente e emblem\u00e1tica ocorreu no movimentado Itaim Bibi, um dos bairros mais valorizados de S\u00e3o Paulo. Instrutores e alunos de uma academia de lutas, famosos por sua habilidade e disciplina no jiu-jitsu, mostraram que a coragem e a uni\u00e3o podem fazer a diferen\u00e7a em momentos de crise. Quando dois ladr\u00f5es tentaram furtar uma moto, o que poderia ser apenas mais um caso de criminalidade no cen\u00e1rio urbano se transformou em um ato heroico de bravura, onde aqueles que treinam para se defender se tornaram os protetores de sua comunidade.<\/p>\n<p>A rea\u00e7\u00e3o dos lutadores foi imediata. Ao perceber a a\u00e7\u00e3o criminosa, eles n\u00e3o hesitaram em intervir. A presen\u00e7a de pessoas treinadas em t\u00e9cnicas de combate e em situa\u00e7\u00f5es de press\u00e3o foi fundamental para evitar que os assaltantes conseguissem escapar. Isso n\u00e3o s\u00f3 destaca a import\u00e2ncia das artes marciais na autodefesa, mas tamb\u00e9m coloca em evid\u00eancia a responsabilidade social que muitos praticantes sentem em proteger suas vizinhan\u00e7as.<\/p>\n<p>Essa atitude destemida dos lutadores do Itaim Bibi ressoa al\u00e9m do individualismo. Ela reflete um senso de comunidade e vigil\u00e2ncia, cuja mensagem principal \u00e9 que todos t\u00eam um papel a desempenhar na seguran\u00e7a dos espa\u00e7os que habitam. No contexto de um pa\u00eds muitas vezes marcado por epis\u00f3dios de viol\u00eancia, a interven\u00e7\u00e3o dos lutadores \u00e9 um lembrete poderoso das potencialidades de a\u00e7\u00f5es coletivas.<\/p>\n<p><img decoding=\"async\" src=\"https:\/\/www.encontracampobelo.com.br\/sobre\/wp-content\/uploads\/2026\/01\/lutadores-imobilizam-e-agridem-ladroes-de-moto-em-bairro-nobre-de-sp-veja-video.webp\" alt=\"lutadores imobilizam ladr\u00f5es de moto\" loading=\"lazy\" \/><\/p>\n<h2>Como tudo aconteceu na manh\u00e3 movimentada<\/h2>\n<p>Era uma manh\u00e3 t\u00edpica em S\u00e3o Paulo, com o movimento cotidiano de pessoas indo e vindo, rotina apressada e o burburinho da cidade grande. A calma aparente foi interrompida quando dois jovens, um de 17 e outro de 19 anos, decidiram tentar furtar uma motocicleta estacionada na rua Gomes de Carvalho, uma das vias mais movimentadas do bairro. O crime parecia ser simples, mas falta de aten\u00e7\u00e3o dos criminosos frente \u00e0 presen\u00e7a da academia de lutas pr\u00f3xima se tornou um fator crucial.<\/p>\n<p>Os alunos e instrutores, que estavam se preparando para uma sess\u00e3o de treinamento, notaram a cena. A observa\u00e7\u00e3o atenta \u00e9 treinada em academias, onde a concentra\u00e7\u00e3o e o respeito ao pr\u00f3ximo s\u00e3o pilares fundamentais. Com isso, a equipe de lutadores tomou a iniciativa de intervir rapidamente. Neste momento, n\u00e3o era apenas um roubo, mas uma oportunidade de mostrar a for\u00e7a do grupo e a import\u00e2ncia da disciplina em situa\u00e7\u00f5es de crise.<\/p>\n<p>Quando se aproximaram dos ladr\u00f5es, a equipe de lutadores usou suas habilidades de combate de maneira excepcional. Ao inv\u00e9s de uma abordagem agressiva, priorizou-se a imobiliza\u00e7\u00e3o dos indiv\u00edduos, mostrando a import\u00e2ncia do controle e da t\u00e9cnica ao inv\u00e9s da for\u00e7a bruta. Isso n\u00e3o s\u00f3 evitou que os ladr\u00f5es lessem a situa\u00e7\u00e3o de uma forma que pudesse resultar em viol\u00eancia, mas tamb\u00e9m demonstrou a efetividade das pr\u00e1ticas de jiu-jitsu em um cen\u00e1rio de autodefesa.<\/p>\n<h2>Rea\u00e7\u00e3o r\u00e1pida impede fuga dos criminosos<\/h2>\n<p>A pronta a\u00e7\u00e3o dos lutadores foi determinante para deter a fuga dos assaltantes. Ap\u00f3s imobilizar os ladr\u00f5es, o grupo rapidamente chamou a pol\u00edcia. Essa agilidade na chamada de ajuda enfatiza n\u00e3o apenas a necessidade da intera\u00e7\u00e3o com os \u00f3rg\u00e3os de seguran\u00e7a, mas tamb\u00e9m a import\u00e2ncia da responsabilidade social no combate \u00e0 criminalidade.<\/p>\n<p>Dentre os princ\u00edpios do jiu-jitsu, a disciplina e a confian\u00e7a s\u00e3o primordiais. Os lutadores demonstraram que, para cada a\u00e7\u00e3o h\u00e1 uma rea\u00e7\u00e3o, e que eles estavam preparados para agir em prol do bem-estar coletivo. Essa prontid\u00e3o e coragem foram inspiradoras n\u00e3o s\u00f3 para os que estavam presentes no local, mas tamb\u00e9m para a comunidade em geral.<\/p>\n<h2>Ferramentas e armas apreendidas pela pol\u00edcia<\/h2>\n<p>Ap\u00f3s a deten\u00e7\u00e3o dos ladr\u00f5es, a pol\u00edcia foi chamada para realizar a apreens\u00e3o dos itens que estavam em posse dos criminosos. Durante a abordagem, foi encontrada uma s\u00e9rie de ferramentas que indicam a inten\u00e7\u00e3o expl\u00edcita de roubo. Entre os objetos apreendidos estavam chaves de igni\u00e7\u00e3o, uma faca e outros instrumentos que, certa vez, fizeram parte de um plano de ataque bem elaborado na tentativa de furto. \u00c9 importante ressaltar que a presen\u00e7a da faca \u00e9 um indicativo da viol\u00eancia impl\u00edcita que poderia ter surgido caso a situa\u00e7\u00e3o n\u00e3o tivesse sido contida rapidamente.<\/p>\n<p>Al\u00e9m disso, dois celulares foram retirados e, como parte do processo de investiga\u00e7\u00e3o, um bloqueador de sinal foi apreendido. Este \u00faltimo item \u00e9 de extrema relev\u00e2ncia, uma vez que demonstra a cautela dos ladr\u00f5es ao tentarem evitar a comunica\u00e7\u00e3o com a pol\u00edcia. As ferramentas mostraram que o crime n\u00e3o era impulsivo, mas sim parte de um comportamento criminoso mais sistem\u00e1tico.<\/p>\n<p>A motocicleta teve a igni\u00e7\u00e3o danificada e ser\u00e1 periciada para verificar a extens\u00e3o dos danos e tentar entender se houve tentativas de furto semelhantes em ocorr\u00eancias recentes. A colabora\u00e7\u00e3o entre os lutadores de jiu-jitsu e a pol\u00edcia foi eficaz nesta etapa, arredondando um dos momentos mais cr\u00edticos com uma reuni\u00e3o de esfor\u00e7os em prol da seguran\u00e7a p\u00fablica.<\/p>\n<h2>Estado de sa\u00fade dos ladr\u00f5es ap\u00f3s deten\u00e7\u00e3o<\/h2>\n<p>Ap\u00f3s a imobiliza\u00e7\u00e3o e atendimento m\u00e9dico, o estado de sa\u00fade dos ladr\u00f5es foi avaliado. O jovem de 17 anos sofreu ferimentos durante a deten\u00e7\u00e3o e foi encaminhado \u00e0 Unidade de Pronto Atendimento (UPA) Vila Mariana, onde recebeu os cuidados necess\u00e1rios. J\u00e1 o outro criminoso, de 19 anos, foi atendido, mas liberado sem necessidade de interna\u00e7\u00e3o.<\/p>\n<p>Esses incidentes tamb\u00e9m levantam quest\u00f5es sobre o tratamento dos adolescentes no sistema de justi\u00e7a. Por um lado, \u00e9 preciso considerar as decis\u00f5es impr\u00f3prias tomadas por jovens em busca de ganhos r\u00e1pidos. Por outro lado, a situa\u00e7\u00e3o pede reflex\u00e3o sobre como nossa sociedade lida com a viol\u00eancia e a reintegra\u00e7\u00e3o desses indiv\u00edduos ao conv\u00edvio social.<\/p>\n<p>Agradecendo pelo atendimento r\u00e1pido, a comunidade fez ecoar um sentimento de al\u00edvio pela r\u00e1pida resolu\u00e7\u00e3o do incidente. Embora a sa\u00fade dos envolvidos seja uma prioridade, a conversa sobre preven\u00e7\u00e3o ao crime deve ser cont\u00ednua e inclusiva, envolvendo todos os membros da sociedade.<\/p>\n<h2>Imagens do incidente nas redes sociais<\/h2>\n<p>O impacto do ocorrido se espalhou rapidamente nas redes sociais. V\u00eddeos que mostram os momentos de interven\u00e7\u00e3o dos lutadores foram compartilhados em diversas plataformas, gerando uma onda de apoio e valoriza\u00e7\u00e3o do ato her\u00f3ico. As imagens capturaram a ess\u00eancia da coragem e a coletividade no enfrentamento do crime. Esses registros, al\u00e9m de provocar a aten\u00e7\u00e3o dos moradores locais, tamb\u00e9m servem como um alerta para que a seguran\u00e7a p\u00fablica n\u00e3o deve ser uma responsabilidade apenas de for\u00e7as armadas, mas de toda a comunidade.<\/p>\n<p>As rea\u00e7\u00f5es nas redes sociais variaram de admira\u00e7\u00e3o e aplausos pelos lutadores, a debates sobre a necessidade de a\u00e7\u00e3o comunit\u00e1ria para combater a criminalidade. Essa viraliza\u00e7\u00e3o trouxe \u00e0 tona a discuss\u00e3o sobre seguran\u00e7a e prote\u00e7\u00e3o m\u00fatua, e como pequenos grupos podem ter um impacto significativo em suas comunidades.<\/p>\n<p>As redes sociais, portanto, n\u00e3o apenas documentaram um comportamento positivo, mas tamb\u00e9m encarregaram a popula\u00e7\u00e3o de um sentido de responsabilidade coletiva, como parte de um esfor\u00e7o maior de combate \u00e0 criminalidade.<\/p>\n<h2>Lutadores de jiu-jitsu em a\u00e7\u00e3o<\/h2>\n<p>As artes marciais, em especial o jiu-jitsu, t\u00eam uma rica tradi\u00e7\u00e3o de promover n\u00e3o s\u00f3 t\u00e9cnicas de combate, mas tamb\u00e9m li\u00e7\u00f5es valiosas sobre disciplina e \u00e9tica. A habilidade demonstrada pelos lutadores do Itaim Bibi \u00e9 um testemunho da educa\u00e7\u00e3o recebida ao longo do treinamento. Para esses praticantes, o jiu-jitsu n\u00e3o \u00e9 apenas um esporte, mas uma filosofia de vida que integra respeito, autoconfian\u00e7a e responsabilidade social.<\/p>\n<p>O que discerniu os lutadores neste caso foi a capacidade de aplicar suas habilidades de combate em um cen\u00e1rio que exigia controle e destreza. Isso se destaca da ideia err\u00f4nea de que a viol\u00eancia sempre \u00e9 a solu\u00e7\u00e3o. Ao inv\u00e9s disso, o enfoque na resist\u00eancia sem causar danos severos aos agressores foi fundamental. Essa perspectiva pode e deve ser replicada por outros grupos que praticam atividades f\u00edsicas e esportivas.<\/p>\n<p>A pr\u00e1tica do jiu-jitsu, al\u00e9m de autodefesa, preconiza uma mensagem de promo\u00e7\u00e3o de paz e conviv\u00eancia. Quando os lutadores agiram, eles n\u00e3o apenas protegeram um bem material, mas tamb\u00e9m restauraram um senso de seguran\u00e7a e confian\u00e7a na comunidade.<\/p>\n<h2>Implica\u00e7\u00f5es legais do ato de imobiliza\u00e7\u00e3o<\/h2>\n<p>A interven\u00e7\u00e3o dos lutadores traz \u00e0 tona a discuss\u00e3o sobre as implica\u00e7\u00f5es legais para aqueles que tomam iniciativa de agir em situa\u00e7\u00f5es de crime. O C\u00f3digo Penal brasileiro \u00e9 claro sobre o direito \u00e0 defesa, mas sempre levanta quest\u00f5es sobre at\u00e9 onde vai essa defesa. A abordagem ao ato de imobiliza\u00e7\u00e3o precisa ser considerada sob a luz da legisla\u00e7\u00e3o pertinente e das diretrizes sobre excessos em situa\u00e7\u00f5es de crise.<\/p>\n<p>Os lutadores envolvem-se no delicado equil\u00edbrio entre agir como cidad\u00e3os comuns e sua fun\u00e7\u00e3o de proteger. A contens\u00e3o dos ladr\u00f5es, na medida em que foi realizada sem viol\u00eancia excessiva, pode ser an\u00e1loga a um ato de defesa pessoal. No entanto, esse tipo de ocorr\u00eancia acarreta o risco de interpreta\u00e7\u00f5es diferentes pelas autoridades. Cada caso \u00e9 \u00fanico e deve ser analisado com cuidado.<\/p>\n<p>Adicionalmente, a situa\u00e7\u00e3o levanta discuss\u00f5es em torno da responsabilidade civil. Se durante a imobiliza\u00e7\u00e3o qualquer dano f\u00edsico for infligido aos criminosos, os lutadores podem ser responsabilizados. Por isso, \u00e9 essencial que os praticantes de qualquer estilo de combate entendam os limites da autodefesa de acordo com a lei.<\/p>\n<h2>Como a comunidade reagiu ao ocorrido<\/h2>\n<p>Ap\u00f3s os eventos no Itaim Bibi, a rea\u00e7\u00e3o da comunidade foi de apoio e agradecimento aos lutadores. A vit\u00f3ria frente ao crime trouxe um sentimento de uni\u00e3o e seguran\u00e7a, levando muitos a se perguntarem como poderiam se envolver na vigil\u00e2ncia e prote\u00e7\u00e3o de suas \u00e1reas. Grupos de discuss\u00e3o surgiram em redes sociais e comunidades locais, onde as pessoas come\u00e7aram a dialogar sobre seguran\u00e7a e como implementar medidas de preven\u00e7\u00e3o contra delitos.<\/p>\n<p>Al\u00e9m disso, as academias de lutas ganharam notoriedade. Muitos novos alunos se inscreveram, inspirados pela a\u00e7\u00e3o dos lutadores e pela data memor\u00e1vel que se firmou na mem\u00f3ria coletiva do bairro. Esse aumento na ades\u00e3o ao jiu-jitsu e a outras modalidades de artes marciais reflete um desejo coletivo de n\u00e3o apenas aprender a se defender, mas tamb\u00e9m de fortalecer os la\u00e7os comunit\u00e1rios no combate \u00e0 criminalidade.<\/p>\n<h2>Reflex\u00f5es sobre seguran\u00e7a no bairro nobre<\/h2>\n<p>A interven\u00e7\u00e3o dos lutadores no Itaim Bibi serve de ponto de partida para reflex\u00f5es mais amplas sobre seguran\u00e7a no ambiente urbano. Embora o bairro seja conhecido por suas comodidades e infraestrutura, a presen\u00e7a do crime mostra que nenhum lugar est\u00e1 imune. Esta situa\u00e7\u00e3o, na verdade, convoca os cidad\u00e3os a serem mais vigilantes e proativos em rela\u00e7\u00e3o \u00e0 seguran\u00e7a p\u00fablica.<\/p>\n<p>A necessidade de aproxima\u00e7\u00e3o entre a comunidade e as for\u00e7as de seguran\u00e7a \u00e9 mais premente do que nunca. Os cidad\u00e3os n\u00e3o devem apenas esperar por medidas repressivas, mas se engajar ativamente em iniciativas preventivas. Isso inclui associa\u00e7\u00f5es de bairro, grupos de vigil\u00e2ncia e, claro, a valoriza\u00e7\u00e3o das artes marciais como uma forma de autodefesa e cidadania.<\/p>\n<p>Por fim, a coragem demonstrada pelos lutadores do Itaim Bibi \u00e9 um exemplo poderoso do que a uni\u00e3o e a forma\u00e7\u00e3o adequada podem alcan\u00e7ar. A hist\u00f3ria se desdobrou em um evento que real\u00e7ou n\u00e3o apenas a bravura individual, mas o coletivo e a import\u00e2ncia das comunidades se unirem na luta contra a criminalidade. Se a coragem for inspiradora, a a\u00e7\u00e3o deve se transformar em iniciativas que busquem levar mudan\u00e7as significativas para o cotidiano das cidades. Assim, a vigil\u00e2ncia n\u00e3o ser\u00e1 apenas um ato reativo, mas uma miss\u00e3o cont\u00ednua em prol do bem-estar de todos.<\/p>\n\n<div style=\"font-size: 0px; height: 0px; line-height: 0px; margin: 0; padding: 0; clear: both;\"><\/div>","protected":false},"excerpt":{"rendered":"<p>Lutadores imobilizam ladr\u00f5es de moto e salvam o dia em S\u00e3o Paulo.<\/p>\n","protected":false},"author":1,"featured_media":1427,"comment_status":"open","ping_status":"closed","sticky":false,"template":"","format":"standard","meta":{"footnotes":""},"categories":[7],"tags":[],"class_list":["post-1428","post","type-post","status-publish","format-standard","has-post-thumbnail","hentry","category-noticias-no-campo-belo","has_thumb"],"aioseo_notices":[],"_links":{"self":[{"href":"https:\/\/www.encontracampobelo.com.br\/sobre\/wp-json\/wp\/v2\/posts\/1428","targetHints":{"allow":["GET"]}}],"collection":[{"href":"https:\/\/www.encontracampobelo.com.br\/sobre\/wp-json\/wp\/v2\/posts"}],"about":[{"href":"https:\/\/www.encontracampobelo.com.br\/sobre\/wp-json\/wp\/v2\/types\/post"}],"author":[{"embeddable":true,"href":"https:\/\/www.encontracampobelo.com.br\/sobre\/wp-json\/wp\/v2\/users\/1"}],"replies":[{"embeddable":true,"href":"https:\/\/www.encontracampobelo.com.br\/sobre\/wp-json\/wp\/v2\/comments?post=1428"}],"version-history":[{"count":0,"href":"https:\/\/www.encontracampobelo.com.br\/sobre\/wp-json\/wp\/v2\/posts\/1428\/revisions"}],"wp:featuredmedia":[{"embeddable":true,"href":"https:\/\/www.encontracampobelo.com.br\/sobre\/wp-json\/wp\/v2\/media\/1427"}],"wp:attachment":[{"href":"https:\/\/www.encontracampobelo.com.br\/sobre\/wp-json\/wp\/v2\/media?parent=1428"}],"wp:term":[{"taxonomy":"category","embeddable":true,"href":"https:\/\/www.encontracampobelo.com.br\/sobre\/wp-json\/wp\/v2\/categories?post=1428"},{"taxonomy":"post_tag","embeddable":true,"href":"https:\/\/www.encontracampobelo.com.br\/sobre\/wp-json\/wp\/v2\/tags?post=1428"}],"curies":[{"name":"wp","href":"https:\/\/api.w.org\/{rel}","templated":true}]}}