{"id":1509,"date":"2026-01-24T11:07:12","date_gmt":"2026-01-24T13:07:12","guid":{"rendered":"https:\/\/www.encontracampobelo.com.br\/sobre\/sao-paulo-472-anos-programacao-diversa-e-gratuita\/"},"modified":"2026-01-24T11:07:12","modified_gmt":"2026-01-24T13:07:12","slug":"sao-paulo-472-anos-programacao-diversa-e-gratuita","status":"publish","type":"post","link":"https:\/\/www.encontracampobelo.com.br\/sobre\/sao-paulo-472-anos-programacao-diversa-e-gratuita\/","title":{"rendered":"S\u00e3o Paulo 472 anos: programa\u00e7\u00e3o diversa e gratuita"},"content":{"rendered":"<div class=\"1cfda93c6640a8762b4fe319eb685dc5\" data-index=\"1\" style=\"float: none; margin:0px;\">\n<!-- Anuncio display - global -->\r\n<ins class=\"adsbygoogle\"\r\n     style=\"display:block\"\r\n     data-ad-client=\"ca-pub-8585364105181520\"\r\n     data-ad-slot=\"8789329856\"\r\n     data-ad-format=\"auto\"\r\n     data-full-width-responsive=\"true\"><\/ins>\r\n<script>\r\n     (adsbygoogle = window.adsbygoogle || []).push({});\r\n<\/script>\n<\/div>\n<h2>Atividades Culturais para Todas as Idades<\/h2>\n<p>No dia 25 de janeiro de 2026, S\u00e3o Paulo celebrar\u00e1 seus 472 anos com uma vasta program a\u00e7\u00e3o cultural, oferecendo atividades gratuitas que abrangem todas as idades. A cidade se transformar\u00e1 em um grande palco para shows, oficinas e exposi\u00e7\u00f5es que visam celebrar a diversidade e a hist\u00f3ria local. Moradores e visitantes t\u00eam \u00e0 disposi\u00e7\u00e3o uma programa\u00e7\u00e3o que valoriza as tradi\u00e7\u00f5es e a cultura contempor\u00e2nea, promovendo um ambiente de aprendizado e comemora\u00e7\u00e3o.<\/p>\n<h2>Exposi\u00e7\u00f5es Tem\u00e1ticas em Museus<\/h2>\n<p>V\u00e1rios museus de S\u00e3o Paulo participar\u00e3o das festividades, oferecendo exposi\u00e7\u00f5es especiais que destacam a rica heran\u00e7a cultural da cidade. O <strong>Museu da L\u00edngua Portuguesa<\/strong>, por exemplo, abrir\u00e1 suas portas com programa\u00e7\u00e3o gratuita nos dias 24 e 25 de janeiro, permitindo que o p\u00fablico conhe\u00e7a mais sobre a import\u00e2ncia da l\u00edngua como elemento de identidade nacional. Outras institui\u00e7\u00f5es, como o <strong>Museu das Culturas Ind\u00edgenas<\/strong> e o <strong>Museu Catavento<\/strong>, tamb\u00e9m oferecer\u00e3o atividades interativas que provocam reflex\u00f5es sobre as culturas ind\u00edgenas e as ci\u00eancias, respectivamente.<\/p>\n<h2>Shows de M\u00fasica ao Vivo na Cidade<\/h2>\n<p>A m\u00fasica \u00e9 um dos fundamentos da celebra\u00e7\u00e3o do anivers\u00e1rio de S\u00e3o Paulo. As <strong>F\u00e1bricas de Cultura<\/strong> promover\u00e3o diversos shows, incluindo uma roda de samba e apresenta\u00e7\u00f5es de K-pop, proporcionando uma mescla de tradi\u00e7\u00f5es que refletem a diversidade cultural da cidade. Al\u00e9m disso, o <strong>Instituto Moreira Salles (IMS)<\/strong> organizar\u00e1 uma roda de samba em homenagem ao legado de Geraldo Filme, trazendo mestres das tradicionais escolas de samba de S\u00e3o Paulo para a celebra\u00e7\u00e3o.<\/p>\n<p><img decoding=\"async\" src=\"https:\/\/www.encontracampobelo.com.br\/sobre\/wp-content\/uploads\/2026\/01\/sao-paulo-472-anos-programacao-diversa-e-gratuita.webp\" alt=\"S\u00e3o Paulo 472 anos\" loading=\"lazy\" \/><\/p>\n<h2>Programa\u00e7\u00e3o Especial nas F\u00e1bricas de Cultura<\/h2>\n<p>As F\u00e1bricas de Cultura s\u00e3o essenciais na promo\u00e7\u00e3o de atividades de inclus\u00e3o e diversidade. Neste anivers\u00e1rio, cada unidade apresentar\u00e1 uma programa\u00e7\u00e3o recheada de eventos, incluindo oficinas de percuss\u00e3o, conta\u00e7\u00e3o de hist\u00f3rias e atividades l\u00fadicas para crian\u00e7as. Essas iniciativas n\u00e3o s\u00f3 entret\u00eam, mas tamb\u00e9m educam e fomentam a criatividade dos participantes.<\/p>\n<h2>Eventos de Pr\u00e9-Carnaval e Festa Popular<\/h2>\n<p>Os eventos de pr\u00e9-carnaval ter\u00e3o destaque nas festividades, com diversas atividades planejadas para imergir o p\u00fablico nas vibra\u00e7\u00f5es festivas que caracterizam S\u00e3o Paulo. O <strong>Museu das Favelas<\/strong> promover\u00e1 visitas mediadas que integram hist\u00f3rias e mem\u00f3rias da cidade, enquanto o <strong>CriaPerifa<\/strong> celebrar\u00e1 a cultura das periferias, oferecendo rodas de conversa, pain\u00e9is e apresenta\u00e7\u00f5es ao vivo, al\u00e9m de uma festa para promover a cria\u00e7\u00e3o art\u00edstica.<\/p>\n<h2>Como Participar das Atividades Gratuitas<\/h2>\n<p>Para participar das atividades programadas, \u00e9 simples! A maioria dos eventos n\u00e3o requer inscri\u00e7\u00e3o antecipada, mas recomenda-se verificar as especifica\u00e7\u00f5es em cada programa. Para alguns eventos, especialmente as oficinas, podem ser exigidas inscri\u00e7\u00f5es que podem ser feitas diretamente nos sites das institui\u00e7\u00f5es. N\u00e3o esque\u00e7a de levar a fam\u00edlia e amigos para aproveitar ao m\u00e1ximo as celebra\u00e7\u00f5es!<\/p>\n<h2>Principais Locais para Celebrar o Anivers\u00e1rio<\/h2>\n<p>A Avenida Paulista, um s\u00edmbolo da cidade, ser\u00e1 o cora\u00e7\u00e3o das comemora\u00e7\u00f5es. Os shoppings da regi\u00e3o e os espa\u00e7os culturais ao longo dessa importante via estar\u00e3o repletos de atividades, performances e exibi\u00e7\u00f5es. Outros locais fundamentais incluem o <strong>Museu Catavento<\/strong>, a <strong>Pinacoteca<\/strong>, e as v\u00e1rias F\u00e1bricas de Cultura, que oferecer\u00e3o diversas atividades para p\u00fablicos de diferentes perfis.<\/p>\n<h2>O que Esperar das Atra\u00e7\u00f5es na Avenida Paulista<\/h2>\n<p>No dia do anivers\u00e1rio, a Avenida Paulista se tornar\u00e1 um grande espa\u00e7o de festa, com shows ao vivo, instala\u00e7\u00f5es art\u00edsticas e diversas op\u00e7\u00f5es de atividades para crian\u00e7as e adultos. Artistas locais e professores da \u00e1rea cultural promover\u00e3o atividades art\u00edsticas e interativas ao longo da rua, engajando o p\u00fablico a participar ativamente nas celebra\u00e7\u00f5es.<\/p>\n<h2>Dicas para Aproveitar ao M\u00e1ximo as Festividades<\/h2>\n<p>Para aproveitar ao m\u00e1ximo as festividades, planeje sua visita com anteced\u00eancia. Consulte as programa\u00e7\u00f5es de cada evento, chegue cedo para garantir bons lugares e, se poss\u00edvel, venha acompanhado para compartilhar a experi\u00eancia. Leve \u00e1gua e lanches leves, pois o dia pode ser bem cheio e divertido!<\/p>\n<h2>Reflex\u00f5es sobre a Hist\u00f3ria e Cultura de S\u00e3o Paulo<\/h2>\n<p>Enquanto comemora seus 472 anos, S\u00e3o Paulo oferece uma oportunidade \u00fanica para refletir sobre sua rica hist\u00f3ria e diversidade cultural. As celebra\u00e7\u00f5es n\u00e3o s\u00f3 marcam o passado, mas tamb\u00e9m olham para o futuro, evidenciando a import\u00e2ncia de cada cidad\u00e3o na constru\u00e7\u00e3o de uma cidade mais acolhedora e inclusiva. Atrav\u00e9s das manifesta\u00e7\u00f5es art\u00edsticas e culturais, cada um pode se sentir parte dessa hist\u00f3ria em constante evolu\u00e7\u00e3o.<\/p>\n<p>S\u00e3o Paulo est\u00e1 pronta para receber todos com seus bra\u00e7os abertos, misturando tradi\u00e7\u00e3o e modernidade em um dia que promete ser memor\u00e1vel. N\u00e3o perca a chance de participar das celebra\u00e7\u00f5es e fazer parte desse grande anivers\u00e1rio!<\/p>\n\n<div style=\"font-size: 0px; height: 0px; line-height: 0px; margin: 0; padding: 0; clear: both;\"><\/div>","protected":false},"excerpt":{"rendered":"<p>S\u00e3o Paulo 472 anos: aproveite a programa\u00e7\u00e3o cultural gratuita dispon\u00edvel na cidade.<\/p>\n","protected":false},"author":1,"featured_media":1508,"comment_status":"open","ping_status":"closed","sticky":false,"template":"","format":"standard","meta":{"footnotes":""},"categories":[7],"tags":[],"class_list":["post-1509","post","type-post","status-publish","format-standard","has-post-thumbnail","hentry","category-noticias-no-campo-belo","has_thumb"],"aioseo_notices":[],"_links":{"self":[{"href":"https:\/\/www.encontracampobelo.com.br\/sobre\/wp-json\/wp\/v2\/posts\/1509","targetHints":{"allow":["GET"]}}],"collection":[{"href":"https:\/\/www.encontracampobelo.com.br\/sobre\/wp-json\/wp\/v2\/posts"}],"about":[{"href":"https:\/\/www.encontracampobelo.com.br\/sobre\/wp-json\/wp\/v2\/types\/post"}],"author":[{"embeddable":true,"href":"https:\/\/www.encontracampobelo.com.br\/sobre\/wp-json\/wp\/v2\/users\/1"}],"replies":[{"embeddable":true,"href":"https:\/\/www.encontracampobelo.com.br\/sobre\/wp-json\/wp\/v2\/comments?post=1509"}],"version-history":[{"count":0,"href":"https:\/\/www.encontracampobelo.com.br\/sobre\/wp-json\/wp\/v2\/posts\/1509\/revisions"}],"wp:featuredmedia":[{"embeddable":true,"href":"https:\/\/www.encontracampobelo.com.br\/sobre\/wp-json\/wp\/v2\/media\/1508"}],"wp:attachment":[{"href":"https:\/\/www.encontracampobelo.com.br\/sobre\/wp-json\/wp\/v2\/media?parent=1509"}],"wp:term":[{"taxonomy":"category","embeddable":true,"href":"https:\/\/www.encontracampobelo.com.br\/sobre\/wp-json\/wp\/v2\/categories?post=1509"},{"taxonomy":"post_tag","embeddable":true,"href":"https:\/\/www.encontracampobelo.com.br\/sobre\/wp-json\/wp\/v2\/tags?post=1509"}],"curies":[{"name":"wp","href":"https:\/\/api.w.org\/{rel}","templated":true}]}}