{"id":1529,"date":"2026-01-27T11:10:39","date_gmt":"2026-01-27T13:10:39","guid":{"rendered":"https:\/\/www.encontracampobelo.com.br\/sobre\/programa-academia-da-saude\/"},"modified":"2026-01-27T11:10:39","modified_gmt":"2026-01-27T13:10:39","slug":"programa-academia-da-saude","status":"publish","type":"post","link":"https:\/\/www.encontracampobelo.com.br\/sobre\/programa-academia-da-saude\/","title":{"rendered":"Programa Academia da Sa\u00fade"},"content":{"rendered":"<div class=\"1cfda93c6640a8762b4fe319eb685dc5\" data-index=\"1\" style=\"float: none; margin:0px;\">\n<!-- Anuncio display - global -->\r\n<ins class=\"adsbygoogle\"\r\n     style=\"display:block\"\r\n     data-ad-client=\"ca-pub-8585364105181520\"\r\n     data-ad-slot=\"8789329856\"\r\n     data-ad-format=\"auto\"\r\n     data-full-width-responsive=\"true\"><\/ins>\r\n<script>\r\n     (adsbygoogle = window.adsbygoogle || []).push({});\r\n<\/script>\n<\/div>\n<h2>O que \u00e9 o Programa Academia da Sa\u00fade?<\/h2>\n<p>O Programa Academia da Sa\u00fade, criado pela Secretaria Municipal da Sa\u00fade de S\u00e3o Paulo, visa promover a sa\u00fade e estimular estilos de vida saud\u00e1veis entre a popula\u00e7\u00e3o. Este projeto foi iniciado em 2014, com a implementa\u00e7\u00e3o de polos de atividades nas Unidades B\u00e1sicas de Sa\u00fade. As modalidades oferecidas s\u00e3o acess\u00edveis a todos, com a participa\u00e7\u00e3o de equipes multiprofissionais que j\u00e1 atuavam na comunidade.<\/p>\n<h2>Objetivos do Programa<\/h2>\n<p>A principal meta do Programa Academia da Sa\u00fade \u00e9 melhorar a sa\u00fade da popula\u00e7\u00e3o atrav\u00e9s da:<\/p>\n<ul>\n<li><strong>Promo\u00e7\u00e3o de Atividades F\u00edsicas:<\/strong> Incentivar a pr\u00e1tica de exerc\u00edcios regulares.<\/li>\n<li><strong>Educa\u00e7\u00e3o em Sa\u00fade:<\/strong> Oferecer informa\u00e7\u00f5es sobre alimenta\u00e7\u00e3o saud\u00e1vel e h\u00e1bitos de vida.<\/li>\n<li><strong>Integra\u00e7\u00e3o Social:<\/strong> Fomentar a socializa\u00e7\u00e3o e a conviv\u00eancia entre os participantes.<\/li>\n<li><strong>Preven\u00e7\u00e3o de Doen\u00e7as:<\/strong> Reduzir a incid\u00eancia de problemas de sa\u00fade relacionados ao sedentarismo.<\/li>\n<\/ul>\n<h2>Hist\u00f3ria do Programa em S\u00e3o Paulo<\/h2>\n<p>O programa foi lan\u00e7ado em 2014 como uma estrat\u00e9gia para atender as crescentes demandas por sa\u00fade p\u00fablica em S\u00e3o Paulo. Desde sua cria\u00e7\u00e3o, o programa passou por v\u00e1rias fases de expans\u00e3o e adapta\u00e7\u00e3o, sempre buscando compreender as necessidades da comunidade. A aposta em uma abordagem multidisciplinar visa alcan\u00e7ar melhores resultados em sa\u00fade populacional.<\/p>\n<p><img decoding=\"async\" src=\"https:\/\/www.encontracampobelo.com.br\/sobre\/wp-content\/uploads\/2026\/01\/programa-academia-da-saude.webp\" alt=\"Programa Academia da Sa\u00fade\" loading=\"lazy\" \/><\/p>\n<h2>Atividades Oferecidas nas Academias<\/h2>\n<p>Nos polos da Academia da Sa\u00fade, s\u00e3o oferecidas uma variedade de atividades, como:<\/p>\n<ul>\n<li><strong>Exerc\u00edcios F\u00edsicos:<\/strong> Aulas de gin\u00e1stica, dan\u00e7a, alongamento e modalidades espec\u00edficas como yoga e pilates.<\/li>\n<li><strong>Atividades de Recrea\u00e7\u00e3o:<\/strong> Jogos e atividades l\u00fadicas que estimulam a intera\u00e7\u00e3o social.<\/li>\n<li><strong>Palestras e Workshops:<\/strong> Sess\u00f5es educativas sobre temas de import\u00e2ncia para a sa\u00fade, como nutri\u00e7\u00e3o e bem-estar mental.<\/li>\n<li><strong>Acompanhamento Individual:<\/strong> Atendimentos personalizados por profissionais da sa\u00fade para avalia\u00e7\u00e3o da condi\u00e7\u00e3o f\u00edsica e planejamento de atividades.<\/li>\n<\/ul>\n<h2>Equipe Multiprofissional<\/h2>\n<p>O sucesso do Programa Academia da Sa\u00fade \u00e9 atribu\u00eddo \u00e0 atua\u00e7\u00e3o de uma equipe multiprofissional composta por:<\/p>\n<ul>\n<li><strong>Educadores F\u00edsicos:<\/strong> Respons\u00e1veis por planejar e executar as atividades f\u00edsicas.<\/li>\n<li><strong>Nutricionistas:<\/strong> Auxiliam na orienta\u00e7\u00e3o alimentar e diet\u00e9tica, promovendo h\u00e1bitos saud\u00e1veis.<\/li>\n<li><strong>Psic\u00f3logos:<\/strong> Oferecem suporte emocional e trabalham aspectos relacionados \u00e0 sa\u00fade mental.<\/li>\n<li><strong>Enfermeiros:<\/strong> Realizam a triagem e o acompanhamento das condi\u00e7\u00f5es de sa\u00fade dos participantes.<\/li>\n<\/ul>\n<h2>Benef\u00edcios para a Popula\u00e7\u00e3o<\/h2>\n<p>A participa\u00e7\u00e3o no Programa Academia da Sa\u00fade traz in\u00fameros benef\u00edcios, incluindo:<\/p>\n<ul>\n<li><strong>Melhora da Qualidade de Vida:<\/strong> Atividades regulares auxiliam na redu\u00e7\u00e3o do estresse e na promo\u00e7\u00e3o do bem-estar.<\/li>\n<li><strong>Fomento \u00e0 Sa\u00fade F\u00edsica e Mental:<\/strong> O exerc\u00edcio f\u00edsico \u00e9 fundamental para a sa\u00fade cardiovascular e para a sa\u00fade mental.<\/li>\n<li><strong>Integra\u00e7\u00e3o Comunit\u00e1ria:<\/strong> Promove relacionamentos saud\u00e1veis e apoio social entre os participantes.<\/li>\n<li><strong>Facilidade de Acesso:<\/strong> As atividades s\u00e3o gratuitas e abertas para a popula\u00e7\u00e3o, facilitando a participa\u00e7\u00e3o.<\/li>\n<\/ul>\n<h2>Como Participar do Programa<\/h2>\n<p>Para ingressar no Programa Academia da Sa\u00fade, os interessados devem:<\/p>\n<ul>\n<li>Visitar a Unidade B\u00e1sica de Sa\u00fade mais pr\u00f3xima.<\/li>\n<li>Realizar uma avalia\u00e7\u00e3o inicial com a equipe de sa\u00fade.<\/li>\n<li>Escolher as atividades de interesse e se inscrever.<\/li>\n<\/ul>\n<h2>Localiza\u00e7\u00e3o das Academias<\/h2>\n<p>Atualmente, existem 42 polos da Academia da Sa\u00fade distribu\u00eddos pela cidade de S\u00e3o Paulo. As unidades s\u00e3o localizadas em diferentes regi\u00f5es para garantir que todos os cidad\u00e3os tenham f\u00e1cil acesso \u00e0s atividades. A tabela abaixo exemplifica algumas das localidades:<\/p>\n<table>\n<thead>\n<tr>\n<th>Coordenadoria (CRS)<\/th>\n<th>Supervis\u00e3o (STS)<\/th>\n<th>Academia da Sa\u00fade (UBS)<\/th>\n<th>Quantidade<\/th>\n<\/tr>\n<\/thead>\n<tbody>\n<tr>\n<td>Leste<\/td>\n<td>Cidade Tiradentes<\/td>\n<td>UBS Carlos Gentile de Melo<\/td>\n<td>1<\/td>\n<\/tr>\n<tr>\n<td>Ermelino Matarazzo<\/td>\n<td>\u2014<\/td>\n<td>UBS Vila Cisper<\/td>\n<td>1<\/td>\n<\/tr>\n<tr>\n<td>Guaianases<\/td>\n<td>\u2014<\/td>\n<td>UBS Jardim Fanganielo, UBS Jardim Soares, UBS Santa Luzia<\/td>\n<td>3<\/td>\n<\/tr>\n<tr>\n<td>Itaim Paulista<\/td>\n<td>\u2014<\/td>\n<td>UBS Vila Curuca<\/td>\n<td>1<\/td>\n<\/tr>\n<tr>\n<td>Itaquera<\/td>\n<td>\u2014<\/td>\n<td>UBS Jardim Mar\u00edlia, UBS Jardim Nossa Senhora do Carmo, UBS Vila Santana<\/td>\n<td>3<\/td>\n<\/tr>\n<tr>\n<td>S\u00e3o Mateus<\/td>\n<td>\u2014<\/td>\n<td>AMA UBS Jardim Tiete I Oscar Pereira da Silva, UBS Rio Claro<\/td>\n<td>2<\/td>\n<\/tr>\n<tr>\n<td>S\u00e3o Miguel<\/td>\n<td>\u2014<\/td>\n<td>UBS Cidade Nova S\u00e3o Miguel<\/td>\n<td>1<\/td>\n<\/tr>\n<tr>\n<td>Oeste<\/td>\n<td>Butant\u00e3<\/td>\n<td>UBS Jardim Colombo, UBS S\u00e3o Remo<\/td>\n<td>2<\/td>\n<\/tr>\n<tr>\n<td>Lapa\/Pinheiros<\/td>\n<td>\u2014<\/td>\n<td>AMA UBS Vila Piau\u00ed, UBS Jardim Edite Geroncio Henrique Neto, UBS Parque da Lapa<\/td>\n<td>3<\/td>\n<\/tr>\n<tr>\n<td>Sudeste<\/td>\n<td>Ipiranga<\/td>\n<td>UBS Heli\u00f3polis, UBS Jardim S\u00e3o Saverio Aurelio Mellone<\/td>\n<td>2<\/td>\n<\/tr>\n<tr>\n<td>Mooca\/Aricanduva<\/td>\n<td>\u2014<\/td>\n<td>UBS Belenzinho Marcus Wolosker<\/td>\n<td>1<\/td>\n<\/tr>\n<tr>\n<td>Penha<\/td>\n<td>\u2014<\/td>\n<td>UBS Antonio Estev\u00e3o de Carvalho, UBS Jardim S\u00e3o Nicolau, UBS Vila Esperan\u00e7a Dr Cassio Bittencourt Filho<\/td>\n<td>3<\/td>\n<\/tr>\n<tr>\n<td>Vila Mariana\/Jabaquara<\/td>\n<td>\u2014<\/td>\n<td>UBS Vila Campestre, UBS Vila Santa Catarina Dr Gilberto da Silva Rocha<\/td>\n<td>2<\/td>\n<\/tr>\n<tr>\n<td>Sul<\/td>\n<td>Campo Limpo<\/td>\n<td>UBS Jardim Eledy, UBS Jardim Leme, UBS Jardim Macedonia, UBS Jardim Mitsutani, UBS Parque do Lago, UBS Parque Regina<\/td>\n<td>6<\/td>\n<\/tr>\n<tr>\n<td>Capela do Socorro<\/td>\n<td>\u2014<\/td>\n<td>UBS Ch\u00e1cara do Conde, UBS Jardim Eliane, UBS Jardim Tr\u00eas Cora\u00e7\u00f5es, UBS Jordan\u00f3polis, UBS Varginha<\/td>\n<td>5<\/td>\n<\/tr>\n<tr>\n<td>Parelheiros<\/td>\n<td>\u2014<\/td>\n<td>UBS Jardim Embura, UBS Jardim Santa F\u00e9, UBS Recanto Campo Belo, UBS Vargem Grande<\/td>\n<td>4<\/td>\n<\/tr>\n<tr>\n<td>Santo Amaro\/Cidade Ademar<\/td>\n<td>\u2014<\/td>\n<td>UBS Jardim Miriam II, UBS Vila Guacuri<\/td>\n<td>2<\/td>\n<\/tr>\n<tr>\n<td><strong>TOTAL DE POLOS<\/strong><\/td>\n<td><strong>\u2014<\/strong><\/td>\n<td><strong>\u2014<\/strong><\/td>\n<td><strong>42<\/strong><\/td>\n<\/tr>\n<\/tbody>\n<\/table>\n<h2>Depoimentos de Participantes<\/h2>\n<p>Os depoimentos de quem j\u00e1 participou do Programa s\u00e3o altamente positivos. Muitos participantes relatam:<\/p>\n<ul>\n<li><strong>Melhorias na Sa\u00fade Geral:<\/strong> V\u00e1rios mencionam a perda de peso e aumento da disposi\u00e7\u00e3o.<\/li>\n<li><strong>Novas Amizades:<\/strong> A intera\u00e7\u00e3o social \u00e9 um dos pontos mais destacados, levando a novas amizades e apoio m\u00fatuo.<\/li>\n<li><strong>Maior Conhecimento:<\/strong> A participa\u00e7\u00e3o em palestras e workshops aumenta a conscientiza\u00e7\u00e3o sobre h\u00e1bitos saud\u00e1veis.<\/li>\n<\/ul>\n<h2>Futuro do Programa Academia da Sa\u00fade<\/h2>\n<p>Com o sucesso at\u00e9 agora, o Programa Academia da Sa\u00fade pretende expandir ainda mais suas atividades nas comunidades. Com uma base s\u00f3lida de participantes e resultados positivos, espera-se que mais polos sejam inaugurados e que as atividades continuem evoluindo de acordo com as necessidades da popula\u00e7\u00e3o. O objetivo \u00e9 sempre promover a sa\u00fade e o bem-estar de todos os cidad\u00e3os paulistanos.<\/p>\n\n<div style=\"font-size: 0px; height: 0px; line-height: 0px; margin: 0; padding: 0; clear: both;\"><\/div>","protected":false},"excerpt":{"rendered":"<p>Conhe\u00e7a o Programa Academia da Sa\u00fade e como ele beneficia a popula\u00e7\u00e3o.<\/p>\n","protected":false},"author":1,"featured_media":1528,"comment_status":"open","ping_status":"closed","sticky":false,"template":"","format":"standard","meta":{"footnotes":""},"categories":[7],"tags":[],"class_list":["post-1529","post","type-post","status-publish","format-standard","has-post-thumbnail","hentry","category-noticias-no-campo-belo","has_thumb"],"aioseo_notices":[],"_links":{"self":[{"href":"https:\/\/www.encontracampobelo.com.br\/sobre\/wp-json\/wp\/v2\/posts\/1529","targetHints":{"allow":["GET"]}}],"collection":[{"href":"https:\/\/www.encontracampobelo.com.br\/sobre\/wp-json\/wp\/v2\/posts"}],"about":[{"href":"https:\/\/www.encontracampobelo.com.br\/sobre\/wp-json\/wp\/v2\/types\/post"}],"author":[{"embeddable":true,"href":"https:\/\/www.encontracampobelo.com.br\/sobre\/wp-json\/wp\/v2\/users\/1"}],"replies":[{"embeddable":true,"href":"https:\/\/www.encontracampobelo.com.br\/sobre\/wp-json\/wp\/v2\/comments?post=1529"}],"version-history":[{"count":0,"href":"https:\/\/www.encontracampobelo.com.br\/sobre\/wp-json\/wp\/v2\/posts\/1529\/revisions"}],"wp:featuredmedia":[{"embeddable":true,"href":"https:\/\/www.encontracampobelo.com.br\/sobre\/wp-json\/wp\/v2\/media\/1528"}],"wp:attachment":[{"href":"https:\/\/www.encontracampobelo.com.br\/sobre\/wp-json\/wp\/v2\/media?parent=1529"}],"wp:term":[{"taxonomy":"category","embeddable":true,"href":"https:\/\/www.encontracampobelo.com.br\/sobre\/wp-json\/wp\/v2\/categories?post=1529"},{"taxonomy":"post_tag","embeddable":true,"href":"https:\/\/www.encontracampobelo.com.br\/sobre\/wp-json\/wp\/v2\/tags?post=1529"}],"curies":[{"name":"wp","href":"https:\/\/api.w.org\/{rel}","templated":true}]}}