{"id":1569,"date":"2026-02-09T11:06:10","date_gmt":"2026-02-09T13:06:10","guid":{"rendered":"https:\/\/www.encontracampobelo.com.br\/sobre\/justica-de-sp-autoriza-suzane-richthofen-a-ficar-com-heranca-de-r-5-milhoes-do-tio\/"},"modified":"2026-02-09T11:06:10","modified_gmt":"2026-02-09T13:06:10","slug":"justica-de-sp-autoriza-suzane-richthofen-a-ficar-com-heranca-de-r-5-milhoes-do-tio","status":"publish","type":"post","link":"https:\/\/www.encontracampobelo.com.br\/sobre\/justica-de-sp-autoriza-suzane-richthofen-a-ficar-com-heranca-de-r-5-milhoes-do-tio\/","title":{"rendered":"Justi\u00e7a de SP autoriza Suzane Richthofen a ficar com heran\u00e7a de R$ 5 milh\u00f5es do tio"},"content":{"rendered":"<div class=\"1cfda93c6640a8762b4fe319eb685dc5\" data-index=\"1\" style=\"float: none; margin:0px;\">\n<!-- Anuncio display - global -->\r\n<ins class=\"adsbygoogle\"\r\n     style=\"display:block\"\r\n     data-ad-client=\"ca-pub-8585364105181520\"\r\n     data-ad-slot=\"8789329856\"\r\n     data-ad-format=\"auto\"\r\n     data-full-width-responsive=\"true\"><\/ins>\r\n<script>\r\n     (adsbygoogle = window.adsbygoogle || []).push({});\r\n<\/script>\n<\/div>\n<h2>Decis\u00e3o da Justi\u00e7a sobre a Heran\u00e7a<\/h2>\n<p>A recente decis\u00e3o da Justi\u00e7a de S\u00e3o Paulo nomeou Suzane von Richthofen como administradora do esp\u00f3lio de seu tio Miguel Abdalla Netto, que foi encontrado sem vida em seu lar no bairro Campo Belo em janeiro deste ano. A decis\u00e3o da ju\u00edza Vanessa Vaitekunas Zapater, respons\u00e1vel pela 1\u00aa Vara de Fam\u00edlia e Sucess\u00f5es do Foro Regional II de Santo Amaro, reconheceu Suzane como a \u00fanica herdeira formalmente habilitada durante o processo, que envolve um patrim\u00f4nio avaliado em cerca de R$ 5 milh\u00f5es, incluindo im\u00f3veis, contas banc\u00e1rias e um ve\u00edculo.<\/p>\n<h2>Quem \u00e9 Suzane Richthofen?<\/h2>\n<p>Suzane von Richthofen, uma figura controversa, \u00e9 amplamente conhecida por seu envolvimento na morte de seus pais, Manfred e Mar\u00edsia von Richthofen, crime ocorrido em 2002. Ela foi condenada a 39 anos de pris\u00e3o e, ap\u00f3s cumprir parte da senten\u00e7a, foi transferida para o regime aberto em 2023. Sua hist\u00f3ria de vida \u00e9 marcada por um passado criminal que afeta a sua imagem p\u00fablica, mas a decis\u00f5es judiciais t\u00eam se mostrado favor\u00e1veis a ela no que tange a quest\u00f5es de heran\u00e7a.<\/p>\n<h2>O Passado Criminal de Suzane<\/h2>\n<p>Em 2006, Suzane e seus c\u00famplices, os irm\u00e3os Cravinhos, foram condenados pelos assassinatos de seus pais. O crime foi premeditado e chocou a sociedade brasileira, gerando um grande clamor p\u00fablico e uma cobertura midi\u00e1tica intensa. A condena\u00e7\u00e3o e o dram\u00e1tico posterior cumprimento de pena de Suzane moldaram a percep\u00e7\u00e3o p\u00fablica a seu respeito, gerando uma imagem de vil\u00e3 na narrativa popular. Embora tenha cumprido parte de sua pena e se encontrado em regime aberto, seu passado continua a ser um tema de discuss\u00e3o e controv\u00e9rsia.<\/p>\n<p><img decoding=\"async\" src=\"https:\/\/www.encontracampobelo.com.br\/sobre\/wp-content\/uploads\/2026\/02\/justica-de-sp-autoriza-suzane-richthofen-a-ficar-com-heranca-de-r-5-milhoes-do-tio.webp\" alt=\"heran\u00e7a\" loading=\"lazy\" \/><\/p>\n<h2>Implica\u00e7\u00f5es da Nomea\u00e7\u00e3o como Inventariante<\/h2>\n<p>Com a nomea\u00e7\u00e3o como inventariante, Suzane se tornou respons\u00e1vel pela administra\u00e7\u00e3o dos bens deixados por Miguel. No entanto, essa posi\u00e7\u00e3o \u00e9 acompanhada de restri\u00e7\u00f5es. A ju\u00edza determinou que seus poderes est\u00e3o limitados a a\u00e7\u00f5es de conserva\u00e7\u00e3o e manuten\u00e7\u00e3o do patrim\u00f4nio, proibindo a venda ou utiliza\u00e7\u00e3o pessoal dos bens sem autoriza\u00e7\u00e3o judicial pr\u00e9via. Isso reflete a natureza delicada do caso, dado o hist\u00f3rico criminal da herdeira.<\/p>\n<h2>A Spoliation do Tio Miguel<\/h2>\n<p>Miguel Abdalla Netto deixou um patrim\u00f4nio consider\u00e1vel, mas n\u00e3o tinha descendentes ou um testamento formal. Ap\u00f3s sua morte, a heran\u00e7a gerou disputas, especialmente porque ele havia adotado medidas para beneficiar seu sobrinho Andreas, afastando Suzane da sucess\u00e3o de seus pais. A situa\u00e7\u00e3o se complica ainda mais com a alega\u00e7\u00e3o de Silvia Gonzalez Magnani, uma prima distante que se diz ex-companheira de Miguel e que tamb\u00e9m reivindica direitos sobre a heran\u00e7a, alegando ter vivido com ele por mais de dez anos.<\/p>\n<h2>Controv\u00e9rsias no Processo de Invent\u00e1rio<\/h2>\n<p>O processo de invent\u00e1rio est\u00e1 marcado por disputas e contesta\u00e7\u00f5es. Silvia, que organizou o sepultamento de Miguel e liberou seu corpo no IML, contesta a nomea\u00e7\u00e3o de Suzane, argumentando que ocorreu de forma prematura, antes do t\u00e9rmino do prazo para comprovar a uni\u00e3o est\u00e1vel. Se a uni\u00e3o for reconhecida, Silvia teria prioridade na heran\u00e7a, o que pode reverter a situa\u00e7\u00e3o em favor de Suzane. A batalha legal continua, complicando ainda mais as rela\u00e7\u00f5es familiares j\u00e1 tensas.<\/p>\n<h2>Rea\u00e7\u00f5es da Fam\u00edlia Richthofen<\/h2>\n<p>O caso trouxe \u00e0 tona rea\u00e7\u00f5es intensas dentro da fam\u00edlia de Suzane e do c\u00edrculo familiar mais amplo. A decis\u00e3o da Justi\u00e7a e a potencial heran\u00e7a de R$ 5 milh\u00f5es geraram discuss\u00f5es acaloradas e descontentamento por parte de outros membros da fam\u00edlia. A figura de Suzane, devido ao seu passado, \u00e9 vista com desconfian\u00e7a e cr\u00edtica, levando a um ambiente familiar j\u00e1 dividido a se tornar ainda mais conturbado.<\/p>\n<h2>Os Direitos de Heran\u00e7a em Quest\u00e3o<\/h2>\n<p>A quest\u00e3o dos direitos de heran\u00e7a se torna complexa, especialmente considerando o contexto das disputas familiares. O direito de Suzane \u00e0 heran\u00e7a \u00e9 apoiado pela legisla\u00e7\u00e3o que estrutura a linha sucess\u00f3ria, onde sobrinhos se sobressaem a primos. No entanto, a situa\u00e7\u00e3o n\u00e3o \u00e9 simples, uma vez que Silvia pode contestar a decis\u00e3o e trazer novos elementos ao debate. A lei brasileira garante direitos aos herdeiros leg\u00edtimos, mas o caso espec\u00edfico de Suzane levanta quest\u00f5es morais e \u00e9ticas em rela\u00e7\u00e3o \u00e0 sua condena\u00e7\u00e3o e passado.<\/p>\n<h2>A Contribui\u00e7\u00e3o do C\u00f3digo Civil<\/h2>\n<p>O C\u00f3digo Civil brasileiro estabelece diretrizes claras sobre a sucess\u00e3o e os direitos dos herdeiros. Nesse caso, define a ordem em que os herdeiros devem ser reconhecidos e o que ocorre na aus\u00eancia de descendentes. A escolha da Justi\u00e7a em nomear Suzane reflete a aplica\u00e7\u00e3o dessas normas legais, uma vez que ela foi a \u00fanica a formalizar sua condi\u00e7\u00e3o como herdeira no processo. Isso destaca a import\u00e2ncia do devido processo legal, mas tamb\u00e9m ressalta as consequ\u00eancias das a\u00e7\u00f5es pessoais da herdeira.<\/p>\n<h2>Perspectivas Futuras para Suzane Richthofen<\/h2>\n<p>O futuro de Suzane na esfera legal e familiar permanece incerto. Com a continua\u00e7\u00e3o do processo de invent\u00e1rio e as poss\u00edveis contesta\u00e7\u00f5es da parte de Silvia, \u00e9 dif\u00edcil prever como essa situa\u00e7\u00e3o se desenrolar\u00e1. O controle sobre a heran\u00e7a e os limites impostos pela Justi\u00e7a ir\u00e3o definir a forma como Suzane lida com os bens deixados pelo tio. Isso representa n\u00e3o apenas uma quest\u00e3o financeira, mas tamb\u00e9m um reflexo do complexo tecido das rela\u00e7\u00f5es familiares afetadas pelo seu passado.<\/p>\n\n<div style=\"font-size: 0px; height: 0px; line-height: 0px; margin: 0; padding: 0; clear: both;\"><\/div>","protected":false},"excerpt":{"rendered":"<p>Suzane Richthofen conquistou o direito \u00e0 heran\u00e7a de R$ 5 milh\u00f5es do tio em SP.<\/p>\n","protected":false},"author":1,"featured_media":1568,"comment_status":"open","ping_status":"closed","sticky":false,"template":"","format":"standard","meta":{"footnotes":""},"categories":[7],"tags":[],"class_list":["post-1569","post","type-post","status-publish","format-standard","has-post-thumbnail","hentry","category-noticias-no-campo-belo","has_thumb"],"aioseo_notices":[],"_links":{"self":[{"href":"https:\/\/www.encontracampobelo.com.br\/sobre\/wp-json\/wp\/v2\/posts\/1569","targetHints":{"allow":["GET"]}}],"collection":[{"href":"https:\/\/www.encontracampobelo.com.br\/sobre\/wp-json\/wp\/v2\/posts"}],"about":[{"href":"https:\/\/www.encontracampobelo.com.br\/sobre\/wp-json\/wp\/v2\/types\/post"}],"author":[{"embeddable":true,"href":"https:\/\/www.encontracampobelo.com.br\/sobre\/wp-json\/wp\/v2\/users\/1"}],"replies":[{"embeddable":true,"href":"https:\/\/www.encontracampobelo.com.br\/sobre\/wp-json\/wp\/v2\/comments?post=1569"}],"version-history":[{"count":0,"href":"https:\/\/www.encontracampobelo.com.br\/sobre\/wp-json\/wp\/v2\/posts\/1569\/revisions"}],"wp:featuredmedia":[{"embeddable":true,"href":"https:\/\/www.encontracampobelo.com.br\/sobre\/wp-json\/wp\/v2\/media\/1568"}],"wp:attachment":[{"href":"https:\/\/www.encontracampobelo.com.br\/sobre\/wp-json\/wp\/v2\/media?parent=1569"}],"wp:term":[{"taxonomy":"category","embeddable":true,"href":"https:\/\/www.encontracampobelo.com.br\/sobre\/wp-json\/wp\/v2\/categories?post=1569"},{"taxonomy":"post_tag","embeddable":true,"href":"https:\/\/www.encontracampobelo.com.br\/sobre\/wp-json\/wp\/v2\/tags?post=1569"}],"curies":[{"name":"wp","href":"https:\/\/api.w.org\/{rel}","templated":true}]}}