{"id":1573,"date":"2026-02-09T11:10:24","date_gmt":"2026-02-09T13:10:24","guid":{"rendered":"https:\/\/www.encontracampobelo.com.br\/sobre\/suzane-von-richthofen-e-nomeada-gestora-da-heranca-de-tio-diz-defesa\/"},"modified":"2026-02-09T11:10:24","modified_gmt":"2026-02-09T13:10:24","slug":"suzane-von-richthofen-e-nomeada-gestora-da-heranca-de-tio-diz-defesa","status":"publish","type":"post","link":"https:\/\/www.encontracampobelo.com.br\/sobre\/suzane-von-richthofen-e-nomeada-gestora-da-heranca-de-tio-diz-defesa\/","title":{"rendered":"Suzane von Richthofen \u00e9 nomeada gestora da heran\u00e7a de tio, diz defesa"},"content":{"rendered":"<div class=\"1cfda93c6640a8762b4fe319eb685dc5\" data-index=\"1\" style=\"float: none; margin:0px;\">\n<!-- Anuncio display - global -->\r\n<ins class=\"adsbygoogle\"\r\n     style=\"display:block\"\r\n     data-ad-client=\"ca-pub-8585364105181520\"\r\n     data-ad-slot=\"8789329856\"\r\n     data-ad-format=\"auto\"\r\n     data-full-width-responsive=\"true\"><\/ins>\r\n<script>\r\n     (adsbygoogle = window.adsbygoogle || []).push({});\r\n<\/script>\n<\/div>\n<h2>A Nomea\u00e7\u00e3o de Suzane como Gestora<\/h2>\n<p>A Justi\u00e7a de S\u00e3o Paulo decidiu nomear Suzane von Richthofen como a inventariante do esp\u00f3lio de seu tio materno, Miguel Abdalla Neto, que faleceu em janeiro deste ano. Essa informa\u00e7\u00e3o foi divulgada pela equipe de defesa de Silvia Magnani, que se apresenta como ex-companheira de Miguel e est\u00e1 envolvida em uma disputa legal pela heran\u00e7a deixada.<\/p>\n<p>Com essa nomea\u00e7\u00e3o, Suzane assume a responsabilidade de administrar e representar os bens, direitos e obriga\u00e7\u00f5es que pertenciam a seu tio. Essa fun\u00e7\u00e3o implica um papel significativo no gerenciamento da heran\u00e7a e nos tr\u00e2mites legais relacionados.<\/p>\n<h2>Quem \u00e9 Silvia Magnani?<\/h2>\n<p>Silvia Magnani \u00e9 a ex-companheira do falecido Miguel Abdalla Neto, tendo compartilhado mais de uma d\u00e9cada de vida ao lado dele. A defesa de Silvia expressou sua surpresa ao saber da decis\u00e3o judicial que nomeou Suzane como inventariante, manifestando preocupa\u00e7\u00e3o com a legitimidade dessa escolha. A defesa afirma que, caso a uni\u00e3o est\u00e1vel seja reconhecida, Silvia teria prioridade ou at\u00e9 mesmo direito \u00e0 participa\u00e7\u00e3o direta na sequ\u00eancia do esp\u00f3lio.<\/p>\n<p><img decoding=\"async\" src=\"https:\/\/www.encontracampobelo.com.br\/sobre\/wp-content\/uploads\/2026\/02\/suzane-von-richthofen-e-nomeada-gestora-da-heranca-de-tio-diz-defesa.webp\" alt=\"\" loading=\"lazy\" \/><\/p>\n<h2>A Briga Judicial pela Heran\u00e7a<\/h2>\n<p>A briga pela heran\u00e7a se intensificou com a nomea\u00e7\u00e3o de Suzane, que pode figurar como a principal gestora dos bens deixados por Miguel. De acordo com Silvia, a decis\u00e3o judicial foi prematura, ocorrendo antes do fim do prazo para apresenta\u00e7\u00e3o de provas que confirmariam sua uni\u00e3o est\u00e1vel com o falecido, o que poderia mudar o rumo da administra\u00e7\u00e3o da heran\u00e7a.<\/p>\n<p>As advogadas de Silvia apontam que, se o reconhecimento da uni\u00e3o est\u00e1vel for feito, isso poder\u00e1 invalidar a nomea\u00e7\u00e3o de Suzane para a fun\u00e7\u00e3o de inventariante, uma vez que Silvia poderia reivindicar sua parte na heran\u00e7a. Outras acusa\u00e7\u00f5es feitas pela defesa de Silvia incluem o hist\u00f3rico criminal de Suzane e a\u00e7\u00f5es que ela teria tomado ap\u00f3s a morte de Miguel, como a soldagem de port\u00f5es e a remo\u00e7\u00e3o de um ve\u00edculo sem a devida autoriza\u00e7\u00e3o judicial, configurando supostas viola\u00e7\u00f5es.<\/p>\n<h2>Hist\u00f3rico Penal de Suzane<\/h2>\n<p>Suzane von Richthofen j\u00e1 cumpriu uma longa pena por um crime grave: o assassinato de seus pr\u00f3prios pais em 2002, pelo qual foi inicialmente condenada a 39 anos de pris\u00e3o. Essa pena chegou a ser reduzida para 34 anos. O hist\u00f3rico penal de Suzane \u00e9 um ponto levantado pela defesa de Silvia Magnani, que questiona se Suzane est\u00e1 apta para assumir a administra\u00e7\u00e3o do esp\u00f3lio e garantir uma gest\u00e3o isenta e protegida dos bens que pertenciam ao tio.<\/p>\n<h2>A Legitimidade da Gest\u00e3o<\/h2>\n<p>A legitimidade da gest\u00e3o de Suzane \u00e9 uma quest\u00e3o central nesse caso. Ao ser nomeada inventariante, Suzane deve n\u00e3o apenas gerenciar a heran\u00e7a, mas tamb\u00e9m zelar pela seguran\u00e7a e integridade dos bens deixados por seu tio. O questionamento sobre suas qualifica\u00e7\u00f5es e transpar\u00eancia na administra\u00e7\u00e3o da heran\u00e7a \u00e9 um fator importante que pode influenciar o desfecho desse lit\u00edgio.<\/p>\n<h2>O Papel do Inventariante<\/h2>\n<p>O inventariante desempenha uma fun\u00e7\u00e3o crucial na administra\u00e7\u00e3o de um esp\u00f3lio. Entre suas responsabilidades est\u00e3o a avalia\u00e7\u00e3o dos bens, a quita\u00e7\u00e3o de d\u00edvidas e a distribui\u00e7\u00e3o dos bens entre os herdeiros. No caso de Miguel Abdalla Neto, Suzane ter\u00e1 que conduzir esses processos, os quais requerem aten\u00e7\u00e3o, \u00e9tica e capacidade de gest\u00e3o.<\/p>\n<h2>Impactos na Administra\u00e7\u00e3o Patrimonial<\/h2>\n<p>A administra\u00e7\u00e3o patrimonial \u00e9 uma tarefa que exige muita responsabilidade. Com a responsabilidade de gerenciar um esp\u00f3lio, Suzane poder\u00e1 tomar decis\u00f5es que impactam diretamente no valor e na preserva\u00e7\u00e3o dos bens deixados por Miguel. Essa fun\u00e7\u00e3o pode entrar em conflito com as preocupa\u00e7\u00f5es levantadas pela defesa de Silvia, que teme que a\u00e7\u00f5es passadas de Suzane possam afetar a integridade do esp\u00f3lio.<\/p>\n<h2>Desafios da Uni\u00e3o Est\u00e1vel<\/h2>\n<p>A defesa de Silvia Magnani argumenta que a nomea\u00e7\u00e3o de Suzane ocorreu antes que o prazo para apresentar documenta\u00e7\u00e3o que comprove a uni\u00e3o est\u00e1vel entre ela e Miguel tenha se encerrado. Este detalhe \u00e9 crucial, pois, caso a uni\u00e3o seja ratificada, Silvia pode ter direito a uma parte significativa da heran\u00e7a, o que poderia conduzir a uma anula\u00e7\u00e3o da gest\u00e3o de Suzane.<\/p>\n<h2>Decis\u00f5es Judiciais em Quest\u00e3o<\/h2>\n<p>As decis\u00f5es judiciais a respeito da nomea\u00e7\u00e3o de Suzane e o reconhecimento da uni\u00e3o est\u00e1vel de Silvia est\u00e3o em andamento, e a posi\u00e7\u00e3o dos tribunais seguir\u00e1 determinando as diretrizes sobre a gest\u00e3o da heran\u00e7a. A disputa entre as duas figuras \u00e9 um ponto que continuar\u00e1 a despertar debates legais e emocionais.<\/p>\n<h2>O Futuro da Heran\u00e7a de Miguel<\/h2>\n<p>O futuro da heran\u00e7a de Miguel Abdalla Neto est\u00e1 em um estado de incerteza, na medida em que as partes envolvidas buscam a resolu\u00e7\u00e3o do lit\u00edgio. O desenrolar dos fatos e a defini\u00e7\u00e3o legal sobre a legitimidade da gest\u00e3o de Suzane versus o reconhecimento da uni\u00e3o est\u00e1vel de Silvia ser\u00e3o determinantes para o que ocorrer\u00e1 a seguir com o esp\u00f3lio e os bens deixados.<\/p>\n<p>Al\u00e9m disso, ambos os lados ter\u00e3o que se preparar para poss\u00edveis apelos e novas propostas na justi\u00e7a, enquanto a nomea\u00e7\u00e3o e a execu\u00e7\u00e3o das responsabilidades do inventariante se tornam um aspecto crucial no restabelecimento da mem\u00f3ria e dos direitos de todos os envolvidos.<\/p>\n\n<div style=\"font-size: 0px; height: 0px; line-height: 0px; margin: 0; padding: 0; clear: both;\"><\/div>","protected":false},"excerpt":{"rendered":"<p>Suzane von Richthofen foi nomeada gestora da heran\u00e7a do tio. Entenda os desdobramentos.<\/p>\n","protected":false},"author":1,"featured_media":1572,"comment_status":"open","ping_status":"closed","sticky":false,"template":"","format":"standard","meta":{"footnotes":""},"categories":[7],"tags":[],"class_list":["post-1573","post","type-post","status-publish","format-standard","has-post-thumbnail","hentry","category-noticias-no-campo-belo","has_thumb"],"aioseo_notices":[],"_links":{"self":[{"href":"https:\/\/www.encontracampobelo.com.br\/sobre\/wp-json\/wp\/v2\/posts\/1573","targetHints":{"allow":["GET"]}}],"collection":[{"href":"https:\/\/www.encontracampobelo.com.br\/sobre\/wp-json\/wp\/v2\/posts"}],"about":[{"href":"https:\/\/www.encontracampobelo.com.br\/sobre\/wp-json\/wp\/v2\/types\/post"}],"author":[{"embeddable":true,"href":"https:\/\/www.encontracampobelo.com.br\/sobre\/wp-json\/wp\/v2\/users\/1"}],"replies":[{"embeddable":true,"href":"https:\/\/www.encontracampobelo.com.br\/sobre\/wp-json\/wp\/v2\/comments?post=1573"}],"version-history":[{"count":0,"href":"https:\/\/www.encontracampobelo.com.br\/sobre\/wp-json\/wp\/v2\/posts\/1573\/revisions"}],"wp:featuredmedia":[{"embeddable":true,"href":"https:\/\/www.encontracampobelo.com.br\/sobre\/wp-json\/wp\/v2\/media\/1572"}],"wp:attachment":[{"href":"https:\/\/www.encontracampobelo.com.br\/sobre\/wp-json\/wp\/v2\/media?parent=1573"}],"wp:term":[{"taxonomy":"category","embeddable":true,"href":"https:\/\/www.encontracampobelo.com.br\/sobre\/wp-json\/wp\/v2\/categories?post=1573"},{"taxonomy":"post_tag","embeddable":true,"href":"https:\/\/www.encontracampobelo.com.br\/sobre\/wp-json\/wp\/v2\/tags?post=1573"}],"curies":[{"name":"wp","href":"https:\/\/api.w.org\/{rel}","templated":true}]}}