{"id":1575,"date":"2026-02-10T11:04:28","date_gmt":"2026-02-10T13:04:28","guid":{"rendered":"https:\/\/www.encontracampobelo.com.br\/sobre\/carro-cai-de-estacionamento-de-supermercado-na-zona-sul-de-sp\/"},"modified":"2026-02-10T11:04:28","modified_gmt":"2026-02-10T13:04:28","slug":"carro-cai-de-estacionamento-de-supermercado-na-zona-sul-de-sp","status":"publish","type":"post","link":"https:\/\/www.encontracampobelo.com.br\/sobre\/carro-cai-de-estacionamento-de-supermercado-na-zona-sul-de-sp\/","title":{"rendered":"Carro cai de estacionamento de supermercado na Zona Sul de SP"},"content":{"rendered":"<div class=\"1cfda93c6640a8762b4fe319eb685dc5\" data-index=\"1\" style=\"float: none; margin:0px;\">\n<!-- Anuncio display - global -->\r\n<ins class=\"adsbygoogle\"\r\n     style=\"display:block\"\r\n     data-ad-client=\"ca-pub-8585364105181520\"\r\n     data-ad-slot=\"8789329856\"\r\n     data-ad-format=\"auto\"\r\n     data-full-width-responsive=\"true\"><\/ins>\r\n<script>\r\n     (adsbygoogle = window.adsbygoogle || []).push({});\r\n<\/script>\n<\/div>\n<h2>O Incidente na Zona Sul<\/h2>\n<p>No in\u00edcio da tarde de segunda-feira, dia 9 de fevereiro de 2026, ocorreu um incidente alarmante em um estacionamento de um supermercado localizado no bairro do Campo Belo, na Zona Sul de S\u00e3o Paulo. Um carro despencou do primeiro andar do estabelecimento, resultando em uma situa\u00e7\u00e3o que mobilizou imediatamente os servi\u00e7os de emerg\u00eancia e gerou preocupa\u00e7\u00e3o entre os frequentadores do local.<\/p>\n<h2>Detalhes sobre a Mulher Ferida<\/h2>\n<p>De acordo com o Corpo de Bombeiros, uma mulher de 70 anos foi ferida durante o acidente. Ela perdeu o controle do ve\u00edculo enquanto tentava sair do estacionamento. Apesar da gravidade da situa\u00e7\u00e3o, os relatos indicam que os ferimentos n\u00e3o eram severos, e a mulher foi prontamente levada ao Pronto-Socorro do Cambuci para receber atendimento m\u00e9dico adequado. Seu estado de sa\u00fade foi considerado est\u00e1vel ap\u00f3s a avalia\u00e7\u00e3o feita pelos profissionais de sa\u00fade.<\/p>\n<h2>A Queda do Carro<\/h2>\n<p>O carro, que destoava do cen\u00e1rio habitual do estacionamento, caiu diretamente da rampa que leva ao primeiro andar. A causa da perda de controle, segundo informa\u00e7\u00f5es preliminares, ainda est\u00e1 sendo investigada. O ve\u00edculo desceu a rampa desgovernado e, ao atingir o ch\u00e3o, colidiu com a fachada do supermercado, causando estragos significativos.<\/p>\n<p><img decoding=\"async\" src=\"https:\/\/www.encontracampobelo.com.br\/sobre\/wp-content\/uploads\/2026\/02\/carro-cai-de-estacionamento-de-supermercado-na-zona-sul-de-sp.webp\" alt=\"carro cai de estacionamento\" loading=\"lazy\" \/><\/p>\n<h2>Rea\u00e7\u00f5es de Testemunhas<\/h2>\n<p>V\u00e1rios consumidores e funcion\u00e1rios do supermercado que estavam presentes no local no momento do incidente descreveram a cena como ca\u00f3tica. Muitos relataram que ouviram um barulho ensurdecedor quando o carro atingiu o ch\u00e3o e a fachada do supermercado. &#8220;Foi um grande susto para todos n\u00f3s!&#8221;, comentou uma testemunha. Os clientes rapidamente se afastaram da \u00e1rea atingida, enquanto outros tentavam saber o que havia ocorrido. A adrenalina tomou conta do ambiente, e ficou claro que muitos ficaram abalados com o que viram.<\/p>\n<h2>Seguran\u00e7a em Estacionamentos<\/h2>\n<p>Este incidente levanta quest\u00f5es importantes sobre a seguran\u00e7a em estacionamentos de pr\u00e9dios comerciais e supermercados. A arquitetura e a constru\u00e7\u00e3o desses locais precisam ser revisadas, considerando a seguran\u00e7a dos ve\u00edculos e de seus ocupantes. Sinais de advert\u00eancia e medidas de seguran\u00e7a, como barreiras de prote\u00e7\u00e3o nas rampas, podem ser imprescind\u00edveis para evitar acidentes semelhantes no futuro.<\/p>\n<h2>Interven\u00e7\u00e3o dos Bombeiros<\/h2>\n<p>Ap\u00f3s o incidente, a equipe de bombeiros chegou rapidamente ao local para atender a ocorr\u00eancia. Eles realizaram os primeiros socorros \u00e0 mulher ferida e garantiram que a \u00e1rea fosse segura tanto para os consumidores quanto para os funcion\u00e1rios. O trabalho dos profissionais foi eficaz e organizado, demonstrando a import\u00e2ncia da prontid\u00e3o frente a situa\u00e7\u00f5es emergenciais.<\/p>\n<h2>Estragos no Supermercado<\/h2>\n<p>A fachada do supermercado sofreu danos consider\u00e1veis devido \u00e0 colis\u00e3o do carro. A loja precisou ser fechada temporariamente enquanto os reparos fossem feitos e a situa\u00e7\u00e3o fosse avaliada pela Defesa Civil. Os danos resultantes da queda do ve\u00edculo n\u00e3o s\u00f3 afetam a estrutura do pr\u00e9dio, mas tamb\u00e9m podem impactar as opera\u00e7\u00f5es comerciais, refletindo em poss\u00edveis perdas financeiras.<\/p>\n<h2>As Consequ\u00eancias da Queda<\/h2>\n<p>Al\u00e9m dos danos f\u00edsicos, o incidente pode ter repercuss\u00f5es psicol\u00f3gicas para a mulher envolvida e outros clientes que presenciaram o evento. Acidentes desse tipo podem gerar traumas que afetem o comportamento futuro em rela\u00e7\u00e3o a idas a estacionamentos ou \u00e0 pr\u00e1tica de dirigir. Medidas de apoio psicol\u00f3gico poderiam ser ben\u00e9ficas para aqueles que se sentiram impactados pelo acidente.<\/p>\n<h2>Hist\u00f3ria de Acidentes em Supermercados<\/h2>\n<p>Acidentes em estacionamento de supermercados n\u00e3o s\u00e3o casos isolados. Em outras ocasi\u00f5es, diversos incidentes semelhantes foram relatados, onde ve\u00edculos ca\u00edram ou colidiram com estruturas. Isso destaca a necessidade de an\u00e1lise de seguran\u00e7a e a implementa\u00e7\u00e3o de medidas preventivas eficazes. Cada acidente \u00e9 uma oportunidade de aprender e melhorar os sistemas de seguran\u00e7a para evitar ocorr\u00eancias futuras.<\/p>\n<h2>Orienta\u00e7\u00f5es para Motoristas e Clientes<\/h2>\n<p>Para motoristas que utilizam estacionamentos, algumas orienta\u00e7\u00f5es podem ser \u00fateis para garantir a seguran\u00e7a:<\/p>\n<ul>\n<li><strong>Aten\u00e7\u00e3o ao Dirigir:<\/strong> Sempre dirija devagar ao se aproximar das rampas e \u00e1reas de estacionamento. O controle do ve\u00edculo \u00e9 crucial nessas situa\u00e7\u00f5es.<\/li>\n<li><strong>Verifica\u00e7\u00e3o do Ve\u00edculo:<\/strong> Antes de sair, assegure-se de que o carro est\u00e1 em boas condi\u00e7\u00f5es e que todos os freios funcionam adequadamente.<\/li>\n<li><strong>Siga as Sinaliza\u00e7\u00f5es:<\/strong> Respeite as placas de sinaliza\u00e7\u00e3o e as orienta\u00e7\u00f5es de manobras durante a estada no estacionamento.<\/li>\n<li><strong>Mantenha a Calma:<\/strong> Se um imprevisto surgir, mantenha a calma e evite movimentos bruscos que possam levar a acidentes.<\/li>\n<\/ul>\n<p>Clientes que frequentam estes espa\u00e7os devem estar sempre atentos ao seu redor, especialmente nas sa\u00eddas e entradas, para evitar situa\u00e7\u00f5es de risco.<\/p>\n\n<div style=\"font-size: 0px; height: 0px; line-height: 0px; margin: 0; padding: 0; clear: both;\"><\/div>","protected":false},"excerpt":{"rendered":"<p>Carro cai de estacionamento e provoca ferimentos em mulher de 70 anos.<\/p>\n","protected":false},"author":1,"featured_media":1574,"comment_status":"open","ping_status":"closed","sticky":false,"template":"","format":"standard","meta":{"footnotes":""},"categories":[7],"tags":[],"class_list":["post-1575","post","type-post","status-publish","format-standard","has-post-thumbnail","hentry","category-noticias-no-campo-belo","has_thumb"],"aioseo_notices":[],"_links":{"self":[{"href":"https:\/\/www.encontracampobelo.com.br\/sobre\/wp-json\/wp\/v2\/posts\/1575","targetHints":{"allow":["GET"]}}],"collection":[{"href":"https:\/\/www.encontracampobelo.com.br\/sobre\/wp-json\/wp\/v2\/posts"}],"about":[{"href":"https:\/\/www.encontracampobelo.com.br\/sobre\/wp-json\/wp\/v2\/types\/post"}],"author":[{"embeddable":true,"href":"https:\/\/www.encontracampobelo.com.br\/sobre\/wp-json\/wp\/v2\/users\/1"}],"replies":[{"embeddable":true,"href":"https:\/\/www.encontracampobelo.com.br\/sobre\/wp-json\/wp\/v2\/comments?post=1575"}],"version-history":[{"count":0,"href":"https:\/\/www.encontracampobelo.com.br\/sobre\/wp-json\/wp\/v2\/posts\/1575\/revisions"}],"wp:featuredmedia":[{"embeddable":true,"href":"https:\/\/www.encontracampobelo.com.br\/sobre\/wp-json\/wp\/v2\/media\/1574"}],"wp:attachment":[{"href":"https:\/\/www.encontracampobelo.com.br\/sobre\/wp-json\/wp\/v2\/media?parent=1575"}],"wp:term":[{"taxonomy":"category","embeddable":true,"href":"https:\/\/www.encontracampobelo.com.br\/sobre\/wp-json\/wp\/v2\/categories?post=1575"},{"taxonomy":"post_tag","embeddable":true,"href":"https:\/\/www.encontracampobelo.com.br\/sobre\/wp-json\/wp\/v2\/tags?post=1575"}],"curies":[{"name":"wp","href":"https:\/\/api.w.org\/{rel}","templated":true}]}}