{"id":1607,"date":"2026-02-17T11:03:47","date_gmt":"2026-02-17T13:03:47","guid":{"rendered":"https:\/\/www.encontracampobelo.com.br\/sobre\/em-primeira\/"},"modified":"2026-02-17T11:03:47","modified_gmt":"2026-02-17T13:03:47","slug":"em-primeira","status":"publish","type":"post","link":"https:\/\/www.encontracampobelo.com.br\/sobre\/em-primeira\/","title":{"rendered":"EM PRIMEIRA"},"content":{"rendered":"<div class=\"1cfda93c6640a8762b4fe319eb685dc5\" data-index=\"1\" style=\"float: none; margin:0px;\">\n<!-- Anuncio display - global -->\r\n<ins class=\"adsbygoogle\"\r\n     style=\"display:block\"\r\n     data-ad-client=\"ca-pub-8585364105181520\"\r\n     data-ad-slot=\"8789329856\"\r\n     data-ad-format=\"auto\"\r\n     data-full-width-responsive=\"true\"><\/ins>\r\n<script>\r\n     (adsbygoogle = window.adsbygoogle || []).push({});\r\n<\/script>\n<\/div>\n<h2>A Revolu\u00e7\u00e3o do Transporte El\u00e9trico em S\u00e3o Paulo<\/h2>\n<p>A cidade de S\u00e3o Paulo est\u00e1 vivendo uma transforma\u00e7\u00e3o significativa em seu sistema de transporte p\u00fablico, com a implementa\u00e7\u00e3o de \u00f4nibus el\u00e9tricos superarticulados. Esses ve\u00edculos, com 21,5 metros de comprimento e capacidade para 146 passageiros, representam uma novidade que promete mudar a percep\u00e7\u00e3o sobre o transporte urbano ao reduzir a emiss\u00e3o de poluentes e melhorar a efici\u00eancia operacional.<\/p>\n<h2>Caracter\u00edsticas dos \u00d4nibus Superarticulados<\/h2>\n<p>Os novos \u00f4nibus s\u00e3o projetados para atender \u00e0s demandas da popula\u00e7\u00e3o com conforto e acessibilidade. Cada unidade comporta 50 assentos e possui espa\u00e7o para 94 passageiros em p\u00e9, al\u00e9m de 2 lugares reservados para cadeirantes ou c\u00e3es-guia. Adicionalmente, a estrutura \u00e9 equipada com ar-condicionado, tomadas USB para dispositivos m\u00f3veis e rampas de acesso, tudo para garantir uma experi\u00eancia agrad\u00e1vel para os usu\u00e1rios.<\/p>\n<h2>Tecnologia Brasileira na Ind\u00fastria de \u00d4nibus<\/h2>\n<p>A tecnologia aplicada nos novos \u00f4nibus \u00e9 resultado de um trabalho conjunto da Eletra, empresa de S\u00e3o Bernardo do Campo, em colabora\u00e7\u00e3o com as plataformas Mercedes-Benz e a carroceria Caio. Essa parceria fortalece a ind\u00fastria nacional, integrando know-how local na produ\u00e7\u00e3o de ve\u00edculos sustent\u00e1veis que atendem \u00e0s normas de efici\u00eancia e seguran\u00e7a requeridas pela prefeitura.<\/p>\n<p><img decoding=\"async\" src=\"https:\/\/www.encontracampobelo.com.br\/sobre\/wp-content\/uploads\/2026\/02\/em-primeira.webp\" alt=\"\u00f4nibus el\u00e9tricos\" loading=\"lazy\" \/><\/p>\n<h2>Impacto Ambiental das Novas Aquisi\u00e7\u00f5es<\/h2>\n<p>Com a introdu\u00e7\u00e3o desses \u00f4nibus, espera-se uma significativa redu\u00e7\u00e3o nas emiss\u00f5es de CO<sub>2<\/sub> e outras subst\u00e2ncias poluentes, contribuindo para a melhoria da qualidade do ar na cidade. A mudan\u00e7a para um transporte mais limpo n\u00e3o apenas ajuda a promover a sa\u00fade p\u00fablica, mas tamb\u00e9m posiciona S\u00e3o Paulo como uma refer\u00eancia em inova\u00e7\u00e3o e sustentabilidade no Brasil.<\/p>\n<h2>Desempenho e Efici\u00eancia Energ\u00e9tica<\/h2>\n<p>O uso de \u00f4nibus el\u00e9tricos pode representar uma economia de at\u00e9 65% nas despesas operacionais por quil\u00f4metro em compara\u00e7\u00e3o ao modelo a diesel. A opera\u00e7\u00e3o baseada em eletricidade n\u00e3o s\u00f3 reduz custos a longo prazo como tamb\u00e9m oferece maior durabilidade em rela\u00e7\u00e3o aos \u00f4nibus convencionais, otimizando ainda mais a gest\u00e3o de recursos da cidade.<\/p>\n<h2>A Aceita\u00e7\u00e3o dos Passageiros e Motoristas<\/h2>\n<p>A recep\u00e7\u00e3o dos novos \u00f4nibus el\u00e9tricos tem sido positiva entre os passageiros e motoristas. Desta forma, a expectativa \u00e9 que, com o tempo, a popula\u00e7\u00e3o se adapte rapidamente \u00e0 nova realidade e que os motoristas se sintam mais confort\u00e1veis e satisfeitos devido \u00e0s condi\u00e7\u00f5es de trabalho oferecidas pelos novos ve\u00edculos.<\/p>\n<h2>Comparativo com Ve\u00edculos a Diesel<\/h2>\n<p>O contraste entre os \u00f4nibus el\u00e9tricos e os tradicionais a diesel \u00e9 marcante. Os primeiros oferecem uma opera\u00e7\u00e3o mais silenciosa, menor custo com combust\u00edvel e uma vida \u00fatil prolongada das pe\u00e7as, fatores que os tornam uma escolha atraente em compara\u00e7\u00e3o com os modelos a diesel, que muitas vezes enfrentam problemas de manuten\u00e7\u00e3o e s\u00e3o mais poluentes.<\/p>\n<h2>Futuro da Mobilidade Urbana em S\u00e3o Paulo<\/h2>\n<p>Com os primeiros 27 \u00f4nibus el\u00e9tricos come\u00e7ando a operar na zona Leste de S\u00e3o Paulo, a proje\u00e7\u00e3o \u00e9 que a cidade expanda esse modelo de transporte para outras regi\u00f5es, possibilitando uma rede de mobilidade mais verde e eficiente. A continuidade nesse caminho est\u00e1 alinhada com as metas de sustentabilidade estabelecidas pelo governo municipal.<\/p>\n<h2>Quest\u00f5es de Manuten\u00e7\u00e3o e Infraestrutura<\/h2>\n<p>A manuten\u00e7\u00e3o dos \u00f4nibus el\u00e9tricos \u00e9 fundamental para garantir o desempenho esperado e sua durabilidade. O treinamento para os motoristas e a cria\u00e7\u00e3o de uma infraestrutura adequada para recarga das baterias deve ser uma prioridade para assegurar o sucesso da transi\u00e7\u00e3o para essa nova tecnologia.<\/p>\n<h2>Poss\u00edveis Expans\u00f5es e Novas Aquisi\u00e7\u00f5es<\/h2>\n<p>O sucesso dos primeiros \u00f4nibus el\u00e9tricos poder\u00e1 abrir portas para mais aquisi\u00e7\u00f5es e poss\u00edveis expans\u00f5es do projeto. Empresas respons\u00e1veis pela opera\u00e7\u00e3o do transporte municipal devem considerar a aquisi\u00e7\u00e3o de mais unidades, consolidando assim o compromisso de oferecer um sistema de transporte urbano cada vez mais eficiente e sustent\u00e1vel.<\/p>\n\n<div style=\"font-size: 0px; height: 0px; line-height: 0px; margin: 0; padding: 0; clear: both;\"><\/div>","protected":false},"excerpt":{"rendered":"<p>27 \u00f4nibus el\u00e9tricos em S\u00e3o Paulo prometem revolucionar o transporte p\u00fablico da metr\u00f3pole.<\/p>\n","protected":false},"author":1,"featured_media":1606,"comment_status":"open","ping_status":"closed","sticky":false,"template":"","format":"standard","meta":{"footnotes":""},"categories":[7],"tags":[],"class_list":["post-1607","post","type-post","status-publish","format-standard","has-post-thumbnail","hentry","category-noticias-no-campo-belo","has_thumb"],"aioseo_notices":[],"_links":{"self":[{"href":"https:\/\/www.encontracampobelo.com.br\/sobre\/wp-json\/wp\/v2\/posts\/1607","targetHints":{"allow":["GET"]}}],"collection":[{"href":"https:\/\/www.encontracampobelo.com.br\/sobre\/wp-json\/wp\/v2\/posts"}],"about":[{"href":"https:\/\/www.encontracampobelo.com.br\/sobre\/wp-json\/wp\/v2\/types\/post"}],"author":[{"embeddable":true,"href":"https:\/\/www.encontracampobelo.com.br\/sobre\/wp-json\/wp\/v2\/users\/1"}],"replies":[{"embeddable":true,"href":"https:\/\/www.encontracampobelo.com.br\/sobre\/wp-json\/wp\/v2\/comments?post=1607"}],"version-history":[{"count":0,"href":"https:\/\/www.encontracampobelo.com.br\/sobre\/wp-json\/wp\/v2\/posts\/1607\/revisions"}],"wp:featuredmedia":[{"embeddable":true,"href":"https:\/\/www.encontracampobelo.com.br\/sobre\/wp-json\/wp\/v2\/media\/1606"}],"wp:attachment":[{"href":"https:\/\/www.encontracampobelo.com.br\/sobre\/wp-json\/wp\/v2\/media?parent=1607"}],"wp:term":[{"taxonomy":"category","embeddable":true,"href":"https:\/\/www.encontracampobelo.com.br\/sobre\/wp-json\/wp\/v2\/categories?post=1607"},{"taxonomy":"post_tag","embeddable":true,"href":"https:\/\/www.encontracampobelo.com.br\/sobre\/wp-json\/wp\/v2\/tags?post=1607"}],"curies":[{"name":"wp","href":"https:\/\/api.w.org\/{rel}","templated":true}]}}