{"id":1668,"date":"2026-03-06T10:54:38","date_gmt":"2026-03-06T12:54:38","guid":{"rendered":"https:\/\/www.encontracampobelo.com.br\/sobre\/obra-na-rodovia-miguel-melhado-campos-esta-99-concluida-diz-der\/"},"modified":"2026-03-06T10:54:38","modified_gmt":"2026-03-06T12:54:38","slug":"obra-na-rodovia-miguel-melhado-campos-esta-99-concluida-diz-der","status":"publish","type":"post","link":"https:\/\/www.encontracampobelo.com.br\/sobre\/obra-na-rodovia-miguel-melhado-campos-esta-99-concluida-diz-der\/","title":{"rendered":"Obra na Rodovia Miguel Melhado Campos est\u00e1 99% conclu\u00edda, diz DER"},"content":{"rendered":"<div class=\"1cfda93c6640a8762b4fe319eb685dc5\" data-index=\"1\" style=\"float: none; margin:0px;\">\n<!-- Anuncio display - global -->\r\n<ins class=\"adsbygoogle\"\r\n     style=\"display:block\"\r\n     data-ad-client=\"ca-pub-8585364105181520\"\r\n     data-ad-slot=\"8789329856\"\r\n     data-ad-format=\"auto\"\r\n     data-full-width-responsive=\"true\"><\/ins>\r\n<script>\r\n     (adsbygoogle = window.adsbygoogle || []).push({});\r\n<\/script>\n<\/div>\n<h2>Avan\u00e7os na Constru\u00e7\u00e3o da Rodovia Miguel Melhado<\/h2>\n<p>Atualmente, o progresso das obras na <strong>Rodovia Miguel Melhado Campos<\/strong> \u00e9 significativo, com a conclus\u00e3o alcan\u00e7ando <strong>99%<\/strong>. De acordo com informa\u00e7\u00f5es do <strong>DER-SP<\/strong>, a fase final j\u00e1 se inicia, contando apenas com a realiza\u00e7\u00e3o de retoques finais e a implementa\u00e7\u00e3o da <strong>sinaliza\u00e7\u00e3o complementar<\/strong>. Essa obra, que teve seu in\u00edcio em 2022, teve seu prazo inicial de dois anos superado devido \u00e0 complexidade do projeto.<\/p>\n<h2>Impacto na Mobilidade Urbana<\/h2>\n<p>A duplica\u00e7\u00e3o da rodovia, que possui um trecho de <strong>3,1 quil\u00f4metros<\/strong>, se estende entre os quil\u00f4metros 87 e 90. Essa via \u00e9 crucial porque conecta a <strong>Rodovia Jos\u00e9 Roberto Magalh\u00e3es Teixeira<\/strong>, popularmente conhecida como Anel Vi\u00e1rio de Campinas, \u00e0 <strong>Rodovia Santos Dumont<\/strong> e ao <strong>Aeroporto Internacional de Viracopos<\/strong>. Com a interven\u00e7\u00e3o, \u00e9 esperado que a mobilidade na regi\u00e3o melhore drasticamente, facilitando o acesso a \u00e1reas tanto residenciais quanto comerciais.<\/p>\n<h2>Detalhes da Obra e Melhorias Esperadas<\/h2>\n<p>A duplica\u00e7\u00e3o da rodovia n\u00e3o apenas aumenta a capacidade de tr\u00e1fego, mas tamb\u00e9m modera os congestionamentos frequentes dessa regi\u00e3o. O <strong>DER-SP<\/strong> j\u00e1 finalizou uma s\u00e9rie de trabalhos, que incluem:<\/p>\n<ul>\n<li>Pavimenta\u00e7\u00e3o e alteamento da via;<\/li>\n<li>Constru\u00e7\u00e3o da pista duplicada;<\/li>\n<li>Recupera\u00e7\u00e3o do pavimento nas vias marginais;<\/li>\n<li>Implanta\u00e7\u00e3o de ciclovias;<\/li>\n<li>Constru\u00e7\u00e3o de passagens inferiores para pedestres.<\/li>\n<\/ul>\n<p>O investimento total na obra \u00e9 de <strong>R$ 124 milh\u00f5es<\/strong>, abarcar\u00e1 os munic\u00edpios de <strong>Vinhedo<\/strong> e <strong>Campinas<\/strong>, e a possibilidade de melhorias na seguran\u00e7a vi\u00e1ria tamb\u00e9m est\u00e1 no foco das iniciativas. Essas interven\u00e7\u00f5es s\u00e3o fundamentais para atender \u00e0 demanda crescente na \u00e1rea.<\/p>\n<h2>Reclama\u00e7\u00f5es de Moradores<\/h2>\n<p>Apesar dos benef\u00edcios esperados, os moradores da regi\u00e3o do <strong>Campo Belo<\/strong> manifestaram preocupa\u00e7\u00f5es sobre a aus\u00eancia de passarelas. Eles relataram que a constru\u00e7\u00e3o de viadutos e passagens inferiores n\u00e3o s\u00e3o suficientes para garantir a seguran\u00e7a dos pedestres.<\/p>\n<p>Os relatos indicam que, para alcan\u00e7ar as passagens, pode ser necess\u00e1rio um desvio de at\u00e9 <strong>800 metros<\/strong>. Isso resulta na necessidade de atravessar entre os ve\u00edculos que transitam pela rodovia, colocando a vida de pedestres em risco.<\/p>\n<h2>Import\u00e2ncia da Rodovia para a Regi\u00e3o<\/h2>\n<p>A rodovia \u00e9 considerada um eixos estrat\u00e9gicos para a regi\u00e3o, principalmente pela sua liga\u00e7\u00e3o entre o Anel Vi\u00e1rio e o Aeroporto de Viracopos. Essa conectividade \u00e9 essencial para o desenvolvimento econ\u00f4mico local, possibilitando uma r\u00e1pida movimenta\u00e7\u00e3o de pessoas e mercadorias, o que gera um impacto positivo na economia regional.<\/p>\n<h2>Problemas com Acesso para Pedestres<\/h2>\n<p>Enquanto o tr\u00e2nsito ainda n\u00e3o foi totalmente liberado na pista principal, j\u00e1 existem ve\u00edculos circulando nas vias marginais. Apesar de quatro passagens inferiores terem sido constru\u00eddas, a popula\u00e7\u00e3o local sente a falta de passarelas que facilitem a travessia. Para usar as passagens subordinadas, o tempo de caminhada dos moradores aumenta em cerca de <strong>10 minutos<\/strong>, o que tem feito muitos optarem por atravessar de forma irregular.<\/p>\n<h2>Pr\u00f3ximos Passos at\u00e9 a Conclus\u00e3o<\/h2>\n<p>Com a previs\u00e3o de conclus\u00e3o que inclui a sinaliza\u00e7\u00e3o e acabamentos finais, o <strong>DER-SP<\/strong> busca atentar para eventuais necessidades adicionais, como a constru\u00e7\u00e3o de passarelas, uma vez que a obra finalizada ir\u00e1 permitir uma avalia\u00e7\u00e3o mais precisa do fluxo de pedestres e ve\u00edculos na rodovia.<\/p>\n<h2>Licenciamento e Sustentabilidade da Obra<\/h2>\n<p>A duplica\u00e7\u00e3o da Rodovia Miguel Melhado recebeu todos os devidos licenciamentos ambientais pela <strong>CETESB<\/strong>, atrav\u00e9s da Licen\u00e7a Ambiental n\u00ba 2720. Este licenciamento foi um passo cr\u00edtico para assegurar que as melhorias na rodovia respeitem as regulamenta\u00e7\u00f5es e padr\u00f5es ambientais.<\/p>\n<h2>Expectativa da Comunidade<\/h2>\n<p>Com a previs\u00e3o de finaliza\u00e7\u00e3o das obras, a comunidade local espera uma melhora qualitativa na mobilidade urbana, resultando em menos el\u00e9tricos congestionamentos e televis\u00e3o vi\u00e1ria no acesso ao Aeroporto de Viracopos e \u00e0 vizinhan\u00e7a. As expectativas s\u00e3o de que a nova configura\u00e7\u00e3o traga um ambiente mais seguro e fluido para o tr\u00e1fego de ve\u00edculos e de pedestres.<\/p>\n<h2>Benef\u00edcios da Duplica\u00e7\u00e3o para Motoristas<\/h2>\n<p>Em suma, a duplica\u00e7\u00e3o da Rodovia Miguel Melhado Campos promete n\u00e3o apenas aumentar a efic\u00e1cia da rota, mas tamb\u00e9m proporcionar uma s\u00e9rie de benef\u00edcios aos motoristas. A seguran\u00e7a vi\u00e1ria deve ser aprimorada, reduzindo o n\u00famero de acidentes, enquanto a constru\u00e7\u00e3o de ciclovias e passagens inferiores garantem que diversas formas de tr\u00e1fego sejam consideradas, tornando a rodovia acess\u00edvel e segura para todos os usu\u00e1rios. Os investimentos realizados na obra ressaltam a necessidade de um transporte mais eficiente e seguro na regi\u00e3o.<\/p>\n\n<div style=\"font-size: 0px; height: 0px; line-height: 0px; margin: 0; padding: 0; clear: both;\"><\/div>","protected":false},"excerpt":{"rendered":"<p>Obra na Rodovia Miguel Melhado Campos est\u00e1 quase pronta, faltando apenas detalhes finais.<\/p>\n","protected":false},"author":1,"featured_media":0,"comment_status":"open","ping_status":"closed","sticky":false,"template":"","format":"standard","meta":{"footnotes":""},"categories":[27],"tags":[],"class_list":["post-1668","post","type-post","status-publish","format-standard","hentry","category-construcao-no-campo-belo"],"aioseo_notices":[],"_links":{"self":[{"href":"https:\/\/www.encontracampobelo.com.br\/sobre\/wp-json\/wp\/v2\/posts\/1668","targetHints":{"allow":["GET"]}}],"collection":[{"href":"https:\/\/www.encontracampobelo.com.br\/sobre\/wp-json\/wp\/v2\/posts"}],"about":[{"href":"https:\/\/www.encontracampobelo.com.br\/sobre\/wp-json\/wp\/v2\/types\/post"}],"author":[{"embeddable":true,"href":"https:\/\/www.encontracampobelo.com.br\/sobre\/wp-json\/wp\/v2\/users\/1"}],"replies":[{"embeddable":true,"href":"https:\/\/www.encontracampobelo.com.br\/sobre\/wp-json\/wp\/v2\/comments?post=1668"}],"version-history":[{"count":0,"href":"https:\/\/www.encontracampobelo.com.br\/sobre\/wp-json\/wp\/v2\/posts\/1668\/revisions"}],"wp:attachment":[{"href":"https:\/\/www.encontracampobelo.com.br\/sobre\/wp-json\/wp\/v2\/media?parent=1668"}],"wp:term":[{"taxonomy":"category","embeddable":true,"href":"https:\/\/www.encontracampobelo.com.br\/sobre\/wp-json\/wp\/v2\/categories?post=1668"},{"taxonomy":"post_tag","embeddable":true,"href":"https:\/\/www.encontracampobelo.com.br\/sobre\/wp-json\/wp\/v2\/tags?post=1668"}],"curies":[{"name":"wp","href":"https:\/\/api.w.org\/{rel}","templated":true}]}}