{"id":1673,"date":"2026-03-07T11:03:10","date_gmt":"2026-03-07T13:03:10","guid":{"rendered":"https:\/\/www.encontracampobelo.com.br\/sobre\/suzane-richthofen-nao-podera-usar-ou-vender-patrimonio-de-r-5-milhoes\/"},"modified":"2026-03-07T11:03:10","modified_gmt":"2026-03-07T13:03:10","slug":"suzane-richthofen-nao-podera-usar-ou-vender-patrimonio-de-r-5-milhoes","status":"publish","type":"post","link":"https:\/\/www.encontracampobelo.com.br\/sobre\/suzane-richthofen-nao-podera-usar-ou-vender-patrimonio-de-r-5-milhoes\/","title":{"rendered":"Suzane Richthofen n\u00e3o poder\u00e1 usar ou vender patrim\u00f4nio de R$ 5 milh\u00f5es"},"content":{"rendered":"<div class=\"1cfda93c6640a8762b4fe319eb685dc5\" data-index=\"1\" style=\"float: none; margin:0px;\">\n<!-- Anuncio display - global -->\r\n<ins class=\"adsbygoogle\"\r\n     style=\"display:block\"\r\n     data-ad-client=\"ca-pub-8585364105181520\"\r\n     data-ad-slot=\"8789329856\"\r\n     data-ad-format=\"auto\"\r\n     data-full-width-responsive=\"true\"><\/ins>\r\n<script>\r\n     (adsbygoogle = window.adsbygoogle || []).push({});\r\n<\/script>\n<\/div>\n<h2>A Nomea\u00e7\u00e3o de Suzane como Administradora do Esp\u00f3lio<\/h2>\n<p>Suzane von Richthofen, uma figura not\u00f3ria devido ao seu passado criminal, foi recentemente nomeada pela Justi\u00e7a de S\u00e3o Paulo para administrar o esp\u00f3lio de seu tio materno, o m\u00e9dico Miguel Abdalla Netto. Essa decis\u00e3o foi formalizada por uma ju\u00edza da 1\u00aa Vara da Fam\u00edlia e Sucess\u00f5es e estabelece Suzane como inventariante dos bens deixados pelo tio, que t\u00eam um valor estimado em mais de R$ 5 milh\u00f5es.<\/p>\n<p>A escolha de Suzane para desempenhar esse papel chocou muitos, dada sua condena\u00e7\u00e3o anterior por envolvimento no assassinato dos pr\u00f3prios pais em 2002. A nomea\u00e7\u00e3o ocorreu em meio a um processo judicial que trata da divis\u00e3o deste patrim\u00f3nio, encontrado em circunst\u00e2ncias suspeitas, uma vez que Miguel foi encontrado morto em sua resid\u00eancia, com a morte sendo investigada como suspeita de infarto.<\/p>\n<h2>Limites Impostos pela Justi\u00e7a sobre os Bens<\/h2>\n<p>Embora a decis\u00e3o judicial permita que Suzane administre e proteja os bens durante o andamento do invent\u00e1rio, a justi\u00e7a imp\u00f4s restri\u00e7\u00f5es significativas. Ela n\u00e3o poder\u00e1 vender, transferir ou usufruir dos im\u00f3veis e outros bens, como contas banc\u00e1rias e ve\u00edculos, enquanto o processo de partilha n\u00e3o for conclu\u00eddo judicialmente. Al\u00e9m disso, Suzane ficar\u00e1 obrigada a prestar contas detalhadas \u00e0 Justi\u00e7a sobre qualquer a\u00e7\u00e3o realizada em rela\u00e7\u00e3o a estes ativos.<\/p>\n<h2>Os Detalhes do Patrim\u00f4nio de R$ 5 Milh\u00f5es<\/h2>\n<p>O patrim\u00f4nio que Suzane agora administra inclui im\u00f3veis, contas banc\u00e1rias e um ve\u00edculo, totalizando um montante significativo. A avalia\u00e7\u00e3o do patrim\u00f4nio \u00e9 importante n\u00e3o apenas para a partilha entre herdeiros, mas tamb\u00e9m para assegurar que os ativos sejam utilizados de forma apropriada e que os interesses da Justi\u00e7a sejam respeitados. A figura do inventariante, como Suzane, \u00e9 vital nesse contexto, garantindo a integridade dos bens durante o processo legal.<\/p>\n<h2>Raz\u00f5es para a Decis\u00e3o Judicial<\/h2>\n<p>A decis\u00e3o de nomear Suzane como inventariante foi fundamentada em tr\u00eas aspectos principais, segundo a ju\u00edza:<\/p>\n<ul>\n<li><strong>Direito Sucess\u00f3rio:<\/strong> A legisla\u00e7\u00e3o brasileira prioriza os sobrinhos como potenciais herdeiros em situa\u00e7\u00f5es de morte sem testamento, desde que n\u00e3o haja outros herdeiros mais pr\u00f3ximos.<\/li>\n<li><strong>Manifesta\u00e7\u00e3o do Outro Herdeiro:<\/strong> O \u00fanico outro sobrinho, Andreas von Richthofen, n\u00e3o se apresentou para reivindicar seus direitos sobre o esp\u00f3lio, permitindo que a ju\u00edza pudesse tranquilamente nomear Suzane.<\/li>\n<li><strong>Comprova\u00e7\u00e3o de Uni\u00e3o Est\u00e1vel:<\/strong> A falta de prova de uni\u00e3o est\u00e1vel por parte de outra interessada tamb\u00e9m pesa na decis\u00e3o, favorecendo a nomea\u00e7\u00e3o de Suzane.<\/li>\n<\/ul>\n<h2>An\u00e1lise da Morte de Miguel Abdalla Netto<\/h2>\n<p>A morte de Miguel \u00e9 envolta em mist\u00e9rio e est\u00e1 sendo investigada pela pol\u00edcia. Ele foi encontrado sem vida em sua casa no Campo Belo, Zona Sul de S\u00e3o Paulo, e a principal hip\u00f3tese levantada pelas autoridades \u00e9 de um infarto, embora a falta de evid\u00eancias claras tenha gerado especula\u00e7\u00e3o sobre outros poss\u00edveis cen\u00e1rios. Os laudos periciais, assim como os desdobramentos do caso, s\u00e3o aguardados para esclarecer completamente as circunst\u00e2ncias de sua morte.<\/p>\n<h2>As Consequ\u00eancias da Proibi\u00e7\u00e3o de Venda<\/h2>\n<p>As proibi\u00e7\u00f5es impostas \u00e0 Suzane em rela\u00e7\u00e3o \u00e0 venda e ao uso dos bens podem ter implica\u00e7\u00f5es profundas. N\u00e3o apenas impede que ela disponibilize esses ativos de imediato, mas tamb\u00e9m sugere a necessidade de um controle rigoroso sobre a gest\u00e3o dos bens. A impossibilidade de realizar transa\u00e7\u00f5es financeiras ou de alterar a disposi\u00e7\u00e3o dos bens enquanto o invent\u00e1rio prossegue justifica a necessidade de um acompanhamento detalhado por parte da Justi\u00e7a.<\/p>\n<h2>Disputa Judicial com Poss\u00edveis Herdeiros<\/h2>\n<p>A disputa em torno do esp\u00f3lio de Miguel n\u00e3o se restringe apenas \u00e0 figura de Suzane. H\u00e1 uma prima, Carmem Silvia Gonzalez Magnani, que tamb\u00e9m reivindica direitos sobre a heran\u00e7a e argumenta que mant\u00e9m uma rela\u00e7\u00e3o de uni\u00e3o est\u00e1vel com o falecido. Essa disputa judicial, j\u00e1 em andamento, pode complicar ainda mais a situa\u00e7\u00e3o, considerando que a prima de Miguel deseja ter sua rela\u00e7\u00e3o reconhecida legalmente.<\/p>\n<h2>Investiga\u00e7\u00f5es Relacionadas ao Patrim\u00f4nio<\/h2>\n<p>Al\u00e9m da administra\u00e7\u00e3o do esp\u00f3lio, Suzane enfrenta quest\u00f5es delicadas e poss\u00edveis complica\u00e7\u00f5es legais. Carmem registrou um boletim de ocorr\u00eancia, alegando que Suzane retirou itens da casa de Miguel sem autoriza\u00e7\u00e3o, al\u00e9m de acus\u00e1-la pelo desaparecimento de documentos e dinheiro. A Pol\u00edcia Civil agora investiga se houve furto ou invas\u00e3o \u00e0 propriedade, enquanto a morte de Miguel permanece sob a classifica\u00e7\u00e3o de caso suspeito.<\/p>\n<h2>O Impacto do Projeto de Lei na Heran\u00e7a<\/h2>\n<p>Outro fator que pode influenciar a disputa por parte do esp\u00f3lio \u00e9 um Projeto de Lei em tramita\u00e7\u00e3o na C\u00e2mara dos Deputados. Este projeto prop\u00f5e altera\u00e7\u00f5es no C\u00f3digo Civil, visando barrar a heran\u00e7a para aqueles que foram condenados por crimes dolosos contra parentes de at\u00e9 terceiro grau. Se aprovado, isso teria um impacto direto sobre o direito de Suzane \u00e0 heran\u00e7a de seu tio, considerando seu passado criminal.<\/p>\n<h2>Pr\u00f3ximos Passos no Processo Judicial<\/h2>\n<p>O desenrolar do processo judicial ser\u00e1 observado de perto, tanto pelas partes interessadas quanto pela sociedade em geral. O prazo para apresenta\u00e7\u00e3o de defesas e documentos \u00e9 uma etapa crucial neste processo, assim como o resultado das investiga\u00e7\u00f5es relacionadas \u00e0 morte de Miguel e \u00e0s acusa\u00e7\u00f5es dirigidas a Suzane. Com a possibilidade de apela\u00e7\u00f5es e contesta\u00e7\u00f5es, as pr\u00f3ximas semanas ser\u00e3o determinantes para o futuro do esp\u00f3lio e de Suzane diante da Justi\u00e7a.<\/p>\n\n<div style=\"font-size: 0px; height: 0px; line-height: 0px; margin: 0; padding: 0; clear: both;\"><\/div>","protected":false},"excerpt":{"rendered":"<p>Suzane Richthofen n\u00e3o poder\u00e1 vender patrim\u00f4nio de R$ 5 milh\u00f5es, uma decis\u00e3o judicial impactante.<\/p>\n","protected":false},"author":1,"featured_media":0,"comment_status":"open","ping_status":"closed","sticky":false,"template":"","format":"standard","meta":{"footnotes":""},"categories":[7],"tags":[],"class_list":["post-1673","post","type-post","status-publish","format-standard","hentry","category-noticias-no-campo-belo"],"aioseo_notices":[],"_links":{"self":[{"href":"https:\/\/www.encontracampobelo.com.br\/sobre\/wp-json\/wp\/v2\/posts\/1673","targetHints":{"allow":["GET"]}}],"collection":[{"href":"https:\/\/www.encontracampobelo.com.br\/sobre\/wp-json\/wp\/v2\/posts"}],"about":[{"href":"https:\/\/www.encontracampobelo.com.br\/sobre\/wp-json\/wp\/v2\/types\/post"}],"author":[{"embeddable":true,"href":"https:\/\/www.encontracampobelo.com.br\/sobre\/wp-json\/wp\/v2\/users\/1"}],"replies":[{"embeddable":true,"href":"https:\/\/www.encontracampobelo.com.br\/sobre\/wp-json\/wp\/v2\/comments?post=1673"}],"version-history":[{"count":0,"href":"https:\/\/www.encontracampobelo.com.br\/sobre\/wp-json\/wp\/v2\/posts\/1673\/revisions"}],"wp:attachment":[{"href":"https:\/\/www.encontracampobelo.com.br\/sobre\/wp-json\/wp\/v2\/media?parent=1673"}],"wp:term":[{"taxonomy":"category","embeddable":true,"href":"https:\/\/www.encontracampobelo.com.br\/sobre\/wp-json\/wp\/v2\/categories?post=1673"},{"taxonomy":"post_tag","embeddable":true,"href":"https:\/\/www.encontracampobelo.com.br\/sobre\/wp-json\/wp\/v2\/tags?post=1673"}],"curies":[{"name":"wp","href":"https:\/\/api.w.org\/{rel}","templated":true}]}}