{"id":1676,"date":"2026-03-08T10:55:53","date_gmt":"2026-03-08T12:55:53","guid":{"rendered":"https:\/\/www.encontracampobelo.com.br\/sobre\/jardim-america-lidera-ranking-de-bairros-com-alugueis-mais-caros\/"},"modified":"2026-03-08T10:55:53","modified_gmt":"2026-03-08T12:55:53","slug":"jardim-america-lidera-ranking-de-bairros-com-alugueis-mais-caros","status":"publish","type":"post","link":"https:\/\/www.encontracampobelo.com.br\/sobre\/jardim-america-lidera-ranking-de-bairros-com-alugueis-mais-caros\/","title":{"rendered":"Jardim Am\u00e9rica lidera ranking de bairros com alugu\u00e9is mais caros"},"content":{"rendered":"<div class=\"1cfda93c6640a8762b4fe319eb685dc5\" data-index=\"1\" style=\"float: none; margin:0px;\">\n<!-- Anuncio display - global -->\r\n<ins class=\"adsbygoogle\"\r\n     style=\"display:block\"\r\n     data-ad-client=\"ca-pub-8585364105181520\"\r\n     data-ad-slot=\"8789329856\"\r\n     data-ad-format=\"auto\"\r\n     data-full-width-responsive=\"true\"><\/ins>\r\n<script>\r\n     (adsbygoogle = window.adsbygoogle || []).push({});\r\n<\/script>\n<\/div>\n<h2>O Crescimento dos Alugu\u00e9is no Jardim Am\u00e9rica<\/h2>\n<p>O Jardim Am\u00e9rica, um bairro localizado na Zona Oeste de S\u00e3o Paulo, tem se destacado recentemente como o destino mais caro para alugu\u00e9is em compara\u00e7\u00e3o com outros bairros, incluindo os tradicionais de luxo como o Leblon no Rio de Janeiro. Este fen\u00f4meno n\u00e3o \u00e9 por acaso e pode ser atribu\u00eddo a uma s\u00e9rie de fatores que resultam em uma valoriza\u00e7\u00e3o expressiva nos pre\u00e7os de loca\u00e7\u00e3o. No \u00faltimo ano, o Jardim Am\u00e9rica registrou um aumento de 77,11% nos pre\u00e7os de aluguel, o que o fez saltar da 13\u00aa para a 1\u00aa posi\u00e7\u00e3o no ranking nacional.<\/p>\n<h2>Compara\u00e7\u00e3o de Pre\u00e7os: Jardim Am\u00e9rica vs. Leblon<\/h2>\n<p>Para entender melhor a ascens\u00e3o do Jardim Am\u00e9rica, \u00e9 interessante compar\u00e1-lo com o Leblon, que foi tradicionalmente o bairro mais caro do Brasil. Em janeiro de 2025, o pre\u00e7o m\u00e9dio do metro quadrado no Jardim Am\u00e9rica era de R$ 78,50, passando para R$ 139,00 atualmente. Em contraste, o Leblon, que tinha valores em torno de R$ 109,50, subiu para R$ 117,20 por metro quadrado. Essa movimenta\u00e7\u00e3o revela uma mudan\u00e7a significativa no mercado imobili\u00e1rio das capitais, com o Jardim Am\u00e9rica se destacando.<\/p>\n<h2>Fatores que Influenciam os Alugu\u00e9is em Jardim Am\u00e9rica<\/h2>\n<p>Diversos fatores contribu\u00edram para o aumento dos pre\u00e7os no Jardim Am\u00e9rica. A chegada de im\u00f3veis de alto padr\u00e3o ao mercado tem sido um dos principais respons\u00e1veis, pois esses im\u00f3veis, geralmente grandes e bem localizados, elevam o pre\u00e7o m\u00e9dio dos alugu\u00e9is. A \u00e1rea estrategicamente situada, pr\u00f3xima a importantes avenidas como a Paulista e a Rebou\u00e7as, al\u00e9m de uma rede de servi\u00e7os completa, a torna ainda mais atrativa para aqueles que buscam conveni\u00eancia e qualidade de vida.<\/p>\n<h2>Atra\u00e7\u00f5es e Infraestrutura do Bairro<\/h2>\n<p>Al\u00e9m da qualidade dos im\u00f3veis, a infraestrutura do Jardim Am\u00e9rica \u00e9 outro ponto a ser considerado. O bairro oferece uma excelente variedade de com\u00e9rcios, servi\u00e7os e op\u00e7\u00f5es de lazer. Desde caf\u00e9s e restaurantes renomados at\u00e9 escolas e espa\u00e7os de cultura e arte, tudo isso faz parte do charme do Jardim Am\u00e9rica, atraindo um p\u00fablico de alto poder aquisitivo. A proximidade com \u00e1reas verdes e parques tamb\u00e9m enriquece a qualidade de vida local.<\/p>\n<h2>Perfil dos Moradores do Jardim Am\u00e9rica<\/h2>\n<p>A demografia dos moradores do Jardim Am\u00e9rica tende a ser composta por profissionais de alto n\u00edvel, empreendedores, executivos e fam\u00edlias em busca de um ambiente tranquilo e sofisticado. Este perfil eleva ainda mais a demanda por im\u00f3veis na regi\u00e3o, j\u00e1 que muitos procuram n\u00e3o apenas um lugar para viver, mas um estilo de vida que combine conforto, sofistica\u00e7\u00e3o e acessibilidade a servi\u00e7os<\/p>\n<h2>An\u00e1lise do Mercado Imobili\u00e1rio Local<\/h2>\n<p>O estudo do QuintoAndar, que observou a valoriza\u00e7\u00e3o dos alugu\u00e9is, destaca a predomin\u00e2ncia do Jardim Am\u00e9rica sobre outras localiza\u00e7\u00f5es. Este estudo abrangeu bairros em capitais como S\u00e3o Paulo, Rio de Janeiro, Belo Horizonte, Curitiba, Porto Alegre e Bras\u00edlia. Resultados indicam que o Jardim Am\u00e9rica n\u00e3o apenas se destacou, mas tamb\u00e9m redefine como o mercado imobili\u00e1rio paulista \u00e9 visto em compara\u00e7\u00e3o com o carioca, onde apenas Leblon e Ipanema est\u00e3o entre os dez mais caros.<\/p>\n<h2>Especificidades dos Im\u00f3veis no Jardim Am\u00e9rica<\/h2>\n<p>Os im\u00f3veis no Jardim Am\u00e9rica apresentam caracter\u00edsticas que os tornam \u00fanicos. Isso vai desde os acabamentos de luxo, dispositivos de seguran\u00e7a, \u00e1reas de lazer, at\u00e9 a arquitetura, que em muitos casos, \u00e9 moderna e arrojada. Espa\u00e7os amplos e bem distribu\u00eddos, aliados a uma excelente ilumina\u00e7\u00e3o natural, tamb\u00e9m s\u00e3o aspectos que atraem inquilinos e compradores em potencial.<\/p>\n<h2>Tend\u00eancias de Aluguel para os Pr\u00f3ximos Anos<\/h2>\n<p>Com o aumento cont\u00ednuo da valoriza\u00e7\u00e3o do Jardim Am\u00e9rica, as tend\u00eancias do mercado parecem apontar para uma futura estabiliza\u00e7\u00e3o ou at\u00e9 novos aumentos nos pre\u00e7os dos alugu\u00e9is. A busca por im\u00f3veis na regi\u00e3o deve continuar, \u00e0 medida que mais pessoas reconhecem o valor agregado oferecido pelo bairro. Especialistas acreditam que a infraestrutura em expans\u00e3o e os novos empreendimentos contribuir\u00e3o para essa valoriza\u00e7\u00e3o.<\/p>\n<h2>O Impacto Econ\u00f4mico do Jardim Am\u00e9rica<\/h2>\n<p>O crescimento do Jardim Am\u00e9rica reflete mudan\u00e7as econ\u00f4micas e sociais mais amplas dentro de S\u00e3o Paulo. A valoriza\u00e7\u00e3o dos bairros centrais e o desenvolvimento de \u00e1reas como esta implicam diretamente no mercado de trabalho e nos investimentos na regi\u00e3o. Quanto mais valorizado o bairro, maior a confian\u00e7a de empres\u00e1rios e investidores em desenvolver novos projetos.<\/p>\n<h2>Como Encontrar Im\u00f3veis de Luxo na Regi\u00e3o<\/h2>\n<p>Para quem est\u00e1 em busca de im\u00f3veis de luxo no Jardim Am\u00e9rica, existem v\u00e1rias op\u00e7\u00f5es dispon\u00edveis. Utilizar plataformas de loca\u00e7\u00e3o e compra de im\u00f3veis, como o QuintoAndar e outras semelhantes, pode facilitar a pesquisa. Al\u00e9m disso, contar com o aux\u00edlio de corretores especializados na \u00e1rea pode ajudar a agilizar o processo de encontrar o im\u00f3vel ideal que atenda \u00e0s suas necessidades espec\u00edficas e or\u00e7amento.<\/p>\n<table>\n<tr>\n<th>Bairro<\/th>\n<th>Pre\u00e7o M\u00e9dio por m\u00b2<\/th>\n<\/tr>\n<tr>\n<td>Jardim Am\u00e9rica (SP)<\/td>\n<td>R$ 139,1<\/td>\n<\/tr>\n<tr>\n<td>Leblon (RJ)<\/td>\n<td>R$ 117,2<\/td>\n<\/tr>\n<tr>\n<td>Vila Ol\u00edmpia (SP)<\/td>\n<td>R$ 113,0<\/td>\n<\/tr>\n<tr>\n<td>Brooklin (SP)<\/td>\n<td>R$ 104,6<\/td>\n<\/tr>\n<tr>\n<td>Ipanema (RJ)<\/td>\n<td>R$ 102,6<\/td>\n<\/tr>\n<tr>\n<td>Pinheiros (SP)<\/td>\n<td>R$ 100,7<\/td>\n<\/tr>\n<tr>\n<td>Jardim Europa (SP)<\/td>\n<td>R$ 98,9<\/td>\n<\/tr>\n<tr>\n<td>Vila Nova Concei\u00e7\u00e3o (SP)<\/td>\n<td>R$ 96,4<\/td>\n<\/tr>\n<tr>\n<td>Ch\u00e1cara Santo Ant\u00f4nio (SP)<\/td>\n<td>R$ 91,2<\/td>\n<\/tr>\n<tr>\n<td>Campo Belo (SP)<\/td>\n<td>R$ 91,1<\/td>\n<\/tr>\n<\/table>\n\n<div style=\"font-size: 0px; height: 0px; line-height: 0px; margin: 0; padding: 0; clear: both;\"><\/div>","protected":false},"excerpt":{"rendered":"<p>Jardim Am\u00e9rica se destaca como o bairro com os alugu\u00e9is mais altos do Brasil.<\/p>\n","protected":false},"author":1,"featured_media":0,"comment_status":"open","ping_status":"closed","sticky":false,"template":"","format":"standard","meta":{"footnotes":""},"categories":[7],"tags":[],"class_list":["post-1676","post","type-post","status-publish","format-standard","hentry","category-noticias-no-campo-belo"],"aioseo_notices":[],"_links":{"self":[{"href":"https:\/\/www.encontracampobelo.com.br\/sobre\/wp-json\/wp\/v2\/posts\/1676","targetHints":{"allow":["GET"]}}],"collection":[{"href":"https:\/\/www.encontracampobelo.com.br\/sobre\/wp-json\/wp\/v2\/posts"}],"about":[{"href":"https:\/\/www.encontracampobelo.com.br\/sobre\/wp-json\/wp\/v2\/types\/post"}],"author":[{"embeddable":true,"href":"https:\/\/www.encontracampobelo.com.br\/sobre\/wp-json\/wp\/v2\/users\/1"}],"replies":[{"embeddable":true,"href":"https:\/\/www.encontracampobelo.com.br\/sobre\/wp-json\/wp\/v2\/comments?post=1676"}],"version-history":[{"count":0,"href":"https:\/\/www.encontracampobelo.com.br\/sobre\/wp-json\/wp\/v2\/posts\/1676\/revisions"}],"wp:attachment":[{"href":"https:\/\/www.encontracampobelo.com.br\/sobre\/wp-json\/wp\/v2\/media?parent=1676"}],"wp:term":[{"taxonomy":"category","embeddable":true,"href":"https:\/\/www.encontracampobelo.com.br\/sobre\/wp-json\/wp\/v2\/categories?post=1676"},{"taxonomy":"post_tag","embeddable":true,"href":"https:\/\/www.encontracampobelo.com.br\/sobre\/wp-json\/wp\/v2\/tags?post=1676"}],"curies":[{"name":"wp","href":"https:\/\/api.w.org\/{rel}","templated":true}]}}