{"id":1689,"date":"2026-03-12T11:00:30","date_gmt":"2026-03-12T13:00:30","guid":{"rendered":"https:\/\/www.encontracampobelo.com.br\/sobre\/sp-ganha-onibus-eletrico-articulado-com-autonomia-de-350-km\/"},"modified":"2026-03-12T11:00:30","modified_gmt":"2026-03-12T13:00:30","slug":"sp-ganha-onibus-eletrico-articulado-com-autonomia-de-350-km","status":"publish","type":"post","link":"https:\/\/www.encontracampobelo.com.br\/sobre\/sp-ganha-onibus-eletrico-articulado-com-autonomia-de-350-km\/","title":{"rendered":"SP ganha \u00f4nibus el\u00e9trico articulado com autonomia de 350 KM"},"content":{"rendered":"<div class=\"1cfda93c6640a8762b4fe319eb685dc5\" data-index=\"1\" style=\"float: none; margin:0px;\">\n<!-- Anuncio display - global -->\r\n<ins class=\"adsbygoogle\"\r\n     style=\"display:block\"\r\n     data-ad-client=\"ca-pub-8585364105181520\"\r\n     data-ad-slot=\"8789329856\"\r\n     data-ad-format=\"auto\"\r\n     data-full-width-responsive=\"true\"><\/ins>\r\n<script>\r\n     (adsbygoogle = window.adsbygoogle || []).push({});\r\n<\/script>\n<\/div>\n<h2>O que s\u00e3o \u00f4nibus el\u00e9tricos articulados?<\/h2>\n<p>Os <strong>\u00f4nibus el\u00e9tricos articulados<\/strong> s\u00e3o ve\u00edculos que combinam tecnologia de transporte urbano com sustentabilidade. Estes \u00f4nibus s\u00e3o projetados para oferecer maior capacidade de passageiros enquanto operam de maneira silenciosa e com zero emiss\u00f5es, contribuindo para a redu\u00e7\u00e3o da polui\u00e7\u00e3o nas cidades. A articula\u00e7\u00e3o entre as se\u00e7\u00f5es do \u00f4nibus permite uma maior flexibilidade e manobrabilidade nas vias urbanas, facilitando o transporte em \u00e1reas congestionadas.<\/p>\n<h2>Como funcionam os \u00f4nibus el\u00e9tricos superarticulados?<\/h2>\n<p>Os <strong>\u00f4nibus superarticulados<\/strong> operam com um sistema de motoriza\u00e7\u00e3o el\u00e9trica, que \u00e9 alimentado por baterias recarreg\u00e1veis. O funcionamento \u00e9 baseado em um sistema de tra\u00e7\u00e3o que utiliza motores el\u00e9tricos situados nas rodas. Esses ve\u00edculos podem ser recarregados em esta\u00e7\u00f5es espec\u00edficas, garantindo que estejam prontos para percorrer longas dist\u00e2ncias com autonomia adequada. A energia el\u00e9trica utilizada \u00e9 proveniente de fontes renov\u00e1veis, o que fortalece o compromisso com a energia limpa e sustent\u00e1vel.<\/p>\n<h2>Benef\u00edcios dos \u00f4nibus el\u00e9tricos para a cidade<\/h2>\n<p>A introdu\u00e7\u00e3o de \u00f4nibus el\u00e9tricos articulados nas cidades traz diversos <strong>benef\u00edcios<\/strong>, como:<\/p>\n<ul>\n<li><strong>Redu\u00e7\u00e3o de emiss\u00f5es:<\/strong> Por serem el\u00e9tricos, esses \u00f4nibus n\u00e3o emitem poluentes, ajudando a melhorar a qualidade do ar.<\/li>\n<li><strong>Menor ru\u00eddo:<\/strong> O funcionamento silencioso diminui a polui\u00e7\u00e3o sonora nas \u00e1reas urbanas.<\/li>\n<li><strong>Aumento da efici\u00eancia no transporte:<\/strong> Com maior capacidade de passageiros, s\u00e3o uma solu\u00e7\u00e3o eficaz para o transporte p\u00fablico durante hor\u00e1rios de pico.<\/li>\n<li><strong>Sustentabilidade:<\/strong> Incentivam o uso de energias renov\u00e1veis e uma mobilidade urbana mais ecol\u00f3gica.<\/li>\n<\/ul>\n<h2>Impacto ambiental da frota el\u00e9trica em SP<\/h2>\n<p>A ado\u00e7\u00e3o de uma frota el\u00e9trica em S\u00e3o Paulo tem um impacto significativo no <strong>meio ambiente<\/strong>. Estudos indicam que a substitui\u00e7\u00e3o de \u00f4nibus convencionais por el\u00e9tricos pode levar a um grande corte nas emiss\u00f5es de gases de efeito estufa, evitando a libera\u00e7\u00e3o de milhares de toneladas de CO\u2082 por ano. Al\u00e9m disso, a economia de combust\u00edveis f\u00f3sseis, como o diesel, \u00e9 expressiva, promovendo um planeta mais saud\u00e1vel para as futuras gera\u00e7\u00f5es.<\/p>\n<h2>Como a autonomia de 350 km muda a mobilidade<\/h2>\n<p>A autonomia de <strong>350 km<\/strong> que os novos \u00f4nibus el\u00e9tricos oferecem \u00e9 um fator determinante para a moderniza\u00e7\u00e3o da mobilidade urbana. Isso permite que os ve\u00edculos operem mais de um dia sem a necessidade de reabastecimento frequente, aumentando a efici\u00eancia do sistema de transporte e garantindo um servi\u00e7o mais confi\u00e1vel para os passageiros.<\/p>\n<h2>Inova\u00e7\u00f5es tecnol\u00f3gicas dos novos \u00f4nibus<\/h2>\n<p>Os \u00f4nibus articulados mais recentes est\u00e3o equipados com <strong>tecnologia de ponta<\/strong>, como sistemas de gerenciamento inteligente que otimizam o consumo de energia e a efici\u00eancia operacional. Eles tamb\u00e9m apresentam ilumina\u00e7\u00e3o LED, sistemas de acessibilidade e tecnologia de conectividade que permitem aos passageiros acompanhar hor\u00e1rios e condi\u00e7\u00f5es do transporte em tempo real.<\/p>\n<h2>O papel da Prefeitura na moderniza\u00e7\u00e3o do transporte<\/h2>\n<p>A <strong>Prefeitura de S\u00e3o Paulo<\/strong> desempenha um papel crucial na implementa\u00e7\u00e3o dessa nova frota de \u00f4nibus el\u00e9tricos. Atrav\u00e9s de investimentos em infraestrutura e parcerias com empresas fabricantes, a administra\u00e7\u00e3o municipal busca n\u00e3o apenas a efici\u00eancia do transporte, mas tamb\u00e9m a cria\u00e7\u00e3o de um ambiente mais saud\u00e1vel e acolhedor para os cidad\u00e3os. A coopera\u00e7\u00e3o entre diferentes setores da sociedade \u00e9 fundamental para o sucesso desse projeto.<\/p>\n<h2>A import\u00e2ncia da parceria com fabricantes<\/h2>\n<p>As <strong>parcerias com fabricantes<\/strong> s\u00e3o estrat\u00e9gicas para garantir que os \u00f4nibus el\u00e9tricos atendam aos requisitos da cidade. A troca de conhecimento e tecnologia entre a administra\u00e7\u00e3o p\u00fablica e empresas especializadas resulta em ve\u00edculos adaptados \u00e0s necessidades locais, com capacidade para enfrentar os desafios do tr\u00e2nsito e oferecer um transporte de qualidade superior.<\/p>\n<h2>Desafios enfrentados na implementa\u00e7\u00e3o<\/h2>\n<p>A implementa\u00e7\u00e3o dos \u00f4nibus el\u00e9tricos em S\u00e3o Paulo n\u00e3o est\u00e1 isenta de desafios. Entre os principais obst\u00e1culos est\u00e3o a necessidade de adapta\u00e7\u00e3o da infraestrutura de recarga, a conscientiza\u00e7\u00e3o da popula\u00e7\u00e3o sobre os benef\u00edcios da mobilidade el\u00e9trica e o custo inicial dos investimentos. Superar esses desafios requer um planejamento cuidadoso e o envolvimento de diversas partes interessadas.<\/p>\n<h2>O futuro dos \u00f4nibus el\u00e9tricos em S\u00e3o Paulo<\/h2>\n<p>Com o avan\u00e7o das tecnologias e a crescente conscientiza\u00e7\u00e3o sobre a necessidade de um transporte sustent\u00e1vel, o futuro dos <strong>\u00f4nibus el\u00e9tricos<\/strong> em S\u00e3o Paulo parece promissor. A expectativa \u00e9 que a frota continue a crescer, contribuindo para um sistema de transporte mais eficiente, ambientalmente sustent\u00e1vel e capaz de atender \u00e0s demandas da popula\u00e7\u00e3o. O compromisso com a inova\u00e7\u00e3o e a mobilidade urbana sustent\u00e1vel \u00e9 uma prioridade nas agendas das cidades modernas, sendo o caminho a seguir para um futuro mais harmonioso.<\/p>\n\n<div style=\"font-size: 0px; height: 0px; line-height: 0px; margin: 0; padding: 0; clear: both;\"><\/div>","protected":false},"excerpt":{"rendered":"<p>SP ganha \u00f4nibus el\u00e9trico articulado, inovando na mobilidade urbana.<\/p>\n","protected":false},"author":1,"featured_media":0,"comment_status":"open","ping_status":"closed","sticky":false,"template":"","format":"standard","meta":{"footnotes":""},"categories":[34],"tags":[],"class_list":["post-1689","post","type-post","status-publish","format-standard","hentry","category-veiculos-no-campo-belo"],"aioseo_notices":[],"_links":{"self":[{"href":"https:\/\/www.encontracampobelo.com.br\/sobre\/wp-json\/wp\/v2\/posts\/1689","targetHints":{"allow":["GET"]}}],"collection":[{"href":"https:\/\/www.encontracampobelo.com.br\/sobre\/wp-json\/wp\/v2\/posts"}],"about":[{"href":"https:\/\/www.encontracampobelo.com.br\/sobre\/wp-json\/wp\/v2\/types\/post"}],"author":[{"embeddable":true,"href":"https:\/\/www.encontracampobelo.com.br\/sobre\/wp-json\/wp\/v2\/users\/1"}],"replies":[{"embeddable":true,"href":"https:\/\/www.encontracampobelo.com.br\/sobre\/wp-json\/wp\/v2\/comments?post=1689"}],"version-history":[{"count":0,"href":"https:\/\/www.encontracampobelo.com.br\/sobre\/wp-json\/wp\/v2\/posts\/1689\/revisions"}],"wp:attachment":[{"href":"https:\/\/www.encontracampobelo.com.br\/sobre\/wp-json\/wp\/v2\/media?parent=1689"}],"wp:term":[{"taxonomy":"category","embeddable":true,"href":"https:\/\/www.encontracampobelo.com.br\/sobre\/wp-json\/wp\/v2\/categories?post=1689"},{"taxonomy":"post_tag","embeddable":true,"href":"https:\/\/www.encontracampobelo.com.br\/sobre\/wp-json\/wp\/v2\/tags?post=1689"}],"curies":[{"name":"wp","href":"https:\/\/api.w.org\/{rel}","templated":true}]}}