{"id":169,"date":"2011-06-02T19:28:55","date_gmt":"2011-06-02T21:28:55","guid":{"rendered":"http:\/\/www.encontracampobelo.com.br\/noticias\/?p=169"},"modified":"2019-04-29T18:55:29","modified_gmt":"2019-04-29T20:55:29","slug":"campo-belo-quer-praca-util-no-local-de-acidente-de-2007-da-tam","status":"publish","type":"post","link":"https:\/\/www.encontracampobelo.com.br\/sobre\/campo-belo-quer-praca-util-no-local-de-acidente-de-2007-da-tam\/","title":{"rendered":"Campo Belo quer pra\u00e7a \u00fatil no local de acidente de 2007 da TAM"},"content":{"rendered":"<div class=\"1cfda93c6640a8762b4fe319eb685dc5\" data-index=\"1\" style=\"float: none; margin:0px;\">\n<!-- Anuncio display - global -->\r\n<ins class=\"adsbygoogle\"\r\n     style=\"display:block\"\r\n     data-ad-client=\"ca-pub-8585364105181520\"\r\n     data-ad-slot=\"8789329856\"\r\n     data-ad-format=\"auto\"\r\n     data-full-width-responsive=\"true\"><\/ins>\r\n<script>\r\n     (adsbygoogle = window.adsbygoogle || []).push({});\r\n<\/script>\n<\/div>\n<p>Moradores do bairro Campo Belo, na Zona Sul de S\u00e3o Paulo, est\u00e3o preocupados com o que ser\u00e1 feito do terreno onde caiu o avi\u00e3o da TAM em 17 de julho de 2007, matando 199 pessoas. Foi o maior acidente a\u00e9reo da hist\u00f3ria brasileira. Os residentes no bairro temem que a Prefeitura construa no local uma pra\u00e7a que n\u00e3o contemple atividades, proporcionando um local de abrigo f\u00e1cil para moradores de rua e tr\u00e1fico de drogas.<\/p>\n<p>O terreno de 8,3 mil metros quadrados fica no quadril\u00e1tero formado pela Avenida Washington Lu\u00eds e as ruas Baronesa de Bela Vista, Bar\u00e3o de Suru\u00ed e Ot\u00e1vio Tarqu\u00ednio de Sousa.<\/p>\n<p>No in\u00edcio do m\u00eas, o escrit\u00f3rio de arquitetura Moara Projetos e Gerenciamentos venceu a licita\u00e7\u00e3o para fazer o projeto por R$ 86 mil. No \u00faltimo dia 21, durante um encontro, familiares das v\u00edtimas tomaram conhecimento de um projeto inicial. Decidiu-se fazer uma pra\u00e7a memorial. O projeto final ainda n\u00e3o foi conclu\u00eddo e adapta\u00e7\u00f5es est\u00e3o sendo feitas.<\/p>\n<p><strong>Pontos de luz\/ <\/strong>No projeto inicial, n\u00e3o est\u00e3o contemplados brinquedos usualmente constru\u00eddos em playgrounds (veja quadro na p\u00e1gina ao lado). O que se prev\u00ea \u00e9 uma grande esplanada, mais prop\u00edcia \u00e0 contempla\u00e7\u00e3o. No piso devem ser embutidos 199 pontos de luz representando as v\u00edtimas da trag\u00e9dia.<\/p>\n<p>&#8220;N\u00e3o queremos que o lugar vire um abrigo para mendigos e usu\u00e1rios de drogas, como costuma acontecer em outras pra\u00e7as abandonadas pela cidade. Atualmente, n\u00e3o existe nenhuma pra\u00e7a no bairro e precisamos de um lugar que possamos levar nossos filhos e fazer outras atividades&#8221;, afirmou o aut\u00f4nomo Max Okamoto, de 34 anos, acompanhado da mulher, Patr\u00edcia Silva.<\/p>\n<p>A aposentada Ot\u00edlia Santos, de 68 anos, almeja que o terreno se transforme em um lugar adequado para entreter sua cachorra. &#8220;Existem muitos c\u00e3es no bairro e nenhuma pra\u00e7a. Seria interessante construir um espa\u00e7o com atividades para os animais e seus donos&#8221;, explicou a aposentada.<\/p>\n<p>Ontem, representantes da associa\u00e7\u00e3o dos parentes das vitimas (Afavitam) se reuniram com o secret\u00e1rio-adjunto de Governo, Giovanni Palermo, para tratar sobre o tema. &#8220;Pelo que vimos, a pra\u00e7a ter\u00e1 o memorial e outros equipamentos aos usu\u00e1rios. O projeto final deve ser apresentado em tr\u00eas semanas&#8221;, afirmou o vice-presidente da entidade, Archelau Xavier. A Secretaria Municipal de Governo n\u00e3o se pronunciou sobre o assunto at\u00e9 o fechamento desta edi\u00e7\u00e3o.<\/p>\n<p><strong>Amoreira que resistiu ao impacto ter\u00e1 lugar de destaque no terreno<\/strong><br \/>\nA \u00fanica coisa que restou do terreno onde ficavam um posto de gasolina e um departamento da TAM Cargo foi uma amoreira. Ela resistiu aos destro\u00e7os e \u00e0 bola de fogo que se transformou o Airbus da companhia a\u00e9rea, que fazia o voo 3054. A aeronave vinha de Porto Alegre (RS).<\/p>\n<p>\u00c9 no p\u00e9 da \u00e1rvore que foi colocada, no anivers\u00e1rio de primeiro ano do acidente, uma placa em homenagem aos mortos (veja foto ao lado). Um trecho da inscri\u00e7\u00e3o afirma que a obra no local &#8220;dever\u00e1 homenagear aqueles que hoje brilham no c\u00e9u como estrelas e servir para lembrar que a Vida \u00e9 mais importante que tudo&#8221;.<\/p>\n<p>&#8220;Essa amoreira deve ter um destaque importante no projeto final da pra\u00e7a. Ela representa que pode haver vida em um local que foi palco de uma trag\u00e9dia&#8221;, afirmou o vice-presidente da Associa\u00e7\u00e3o dos Familiares e Amigos das V\u00edtimas do Voo TAM JJ 3054 (Afavitam), Archelau Xavier. Ele perdeu uma filha no voo. A jovem viajava a passeio e estava acompanhada do namorado.<\/p>\n<p>Outro s\u00edmbolo que deve estar no planejamento final do terreno \u00e9 o de um anjo que serviu para ilustrar a luta da Afavitam. &#8220;Tamb\u00e9m queremos a marca\u00e7\u00e3o do local exato do acidente&#8221;, contou o vice-presidente da associa\u00e7\u00e3o.<\/p>\n<p><em>Fonte: Di\u00e1rio de S. Paulo<\/em><\/p>\n\n<div style=\"font-size: 0px; height: 0px; line-height: 0px; margin: 0; padding: 0; clear: both;\"><\/div>","protected":false},"excerpt":{"rendered":"<p>Moradores do bairro Campo Belo, na Zona Sul de S\u00e3o Paulo, est\u00e3o preocupados com o que ser\u00e1 feito do terreno onde caiu o avi\u00e3o da TAM em 17 de julho de 2007, matando 199 pessoas. Foi o maior acidente a\u00e9reo da hist\u00f3ria brasileira. Os residentes no bairro temem que a Prefeitura construa no local uma pra\u00e7a que n\u00e3o contemple atividades, proporcionando um local de abrigo f\u00e1cil para moradores de rua e tr\u00e1fico de drogas. O terreno de 8,3 mil metros quadrados fica no quadril\u00e1tero formado pela Avenida Washington Lu\u00eds e as ruas Baronesa de Bela Vista, Bar\u00e3o de Suru\u00ed e <\/p>\n","protected":false},"author":1,"featured_media":0,"comment_status":"open","ping_status":"closed","sticky":false,"template":"","format":"standard","meta":{"footnotes":""},"categories":[7],"tags":[15],"class_list":["post-169","post","type-post","status-publish","format-standard","hentry","category-noticias-no-campo-belo","tag-campo-belo"],"aioseo_notices":[],"_links":{"self":[{"href":"https:\/\/www.encontracampobelo.com.br\/sobre\/wp-json\/wp\/v2\/posts\/169","targetHints":{"allow":["GET"]}}],"collection":[{"href":"https:\/\/www.encontracampobelo.com.br\/sobre\/wp-json\/wp\/v2\/posts"}],"about":[{"href":"https:\/\/www.encontracampobelo.com.br\/sobre\/wp-json\/wp\/v2\/types\/post"}],"author":[{"embeddable":true,"href":"https:\/\/www.encontracampobelo.com.br\/sobre\/wp-json\/wp\/v2\/users\/1"}],"replies":[{"embeddable":true,"href":"https:\/\/www.encontracampobelo.com.br\/sobre\/wp-json\/wp\/v2\/comments?post=169"}],"version-history":[{"count":0,"href":"https:\/\/www.encontracampobelo.com.br\/sobre\/wp-json\/wp\/v2\/posts\/169\/revisions"}],"wp:attachment":[{"href":"https:\/\/www.encontracampobelo.com.br\/sobre\/wp-json\/wp\/v2\/media?parent=169"}],"wp:term":[{"taxonomy":"category","embeddable":true,"href":"https:\/\/www.encontracampobelo.com.br\/sobre\/wp-json\/wp\/v2\/categories?post=169"},{"taxonomy":"post_tag","embeddable":true,"href":"https:\/\/www.encontracampobelo.com.br\/sobre\/wp-json\/wp\/v2\/tags?post=169"}],"curies":[{"name":"wp","href":"https:\/\/api.w.org\/{rel}","templated":true}]}}