{"id":1712,"date":"2026-03-22T10:56:12","date_gmt":"2026-03-22T12:56:12","guid":{"rendered":"https:\/\/www.encontracampobelo.com.br\/sobre\/campinas-recebe-carretas-do-programa-caminho-da-capacitacao-aulas-comecam-segunda\/"},"modified":"2026-03-22T10:56:12","modified_gmt":"2026-03-22T12:56:12","slug":"campinas-recebe-carretas-do-programa-caminho-da-capacitacao-aulas-comecam-segunda","status":"publish","type":"post","link":"https:\/\/www.encontracampobelo.com.br\/sobre\/campinas-recebe-carretas-do-programa-caminho-da-capacitacao-aulas-comecam-segunda\/","title":{"rendered":"Campinas recebe carretas do programa Caminho da Capacita\u00e7\u00e3o; aulas come\u00e7am segunda"},"content":{"rendered":"<div class=\"1cfda93c6640a8762b4fe319eb685dc5\" data-index=\"1\" style=\"float: none; margin:0px;\">\n<!-- Anuncio display - global -->\r\n<ins class=\"adsbygoogle\"\r\n     style=\"display:block\"\r\n     data-ad-client=\"ca-pub-8585364105181520\"\r\n     data-ad-slot=\"8789329856\"\r\n     data-ad-format=\"auto\"\r\n     data-full-width-responsive=\"true\"><\/ins>\r\n<script>\r\n     (adsbygoogle = window.adsbygoogle || []).push({});\r\n<\/script>\n<\/div>\n<h2>O que \u00e9 o Caminho da Capacita\u00e7\u00e3o?<\/h2>\n<p>O <strong>Caminho da Capacita\u00e7\u00e3o<\/strong> \u00e9 um programa itinerante promovido pelo <strong>Fundo Social de S\u00e3o Paulo<\/strong>, que tem o objetivo de oferecer forma\u00e7\u00e3o profissional gratuita para a popula\u00e7\u00e3o, especialmente nos bairros com maior vulnerabilidade social. A iniciativa transforma carretas adaptadas em verdadeiros centros de aprendizado, equipadas para fornecer diversos cursos.<\/p>\n<h2>Como funciona o programa em Campinas?<\/h2>\n<p>Em Campinas, o programa realiza a instala\u00e7\u00e3o de carretas em diferentes bairros, oferecendo cursos pr\u00e1ticos e te\u00f3ricos que visam capacitar os moradores. As aulas est\u00e3o programadas para come\u00e7ar em mar\u00e7o e ocorrer\u00e3o at\u00e9 abril, com uma carga hor\u00e1ria de 40 horas, proporcionando forma\u00e7\u00e3o abrangente aos participantes.<\/p>\n<h2>Cursos dispon\u00edveis nas carretas<\/h2>\n<p>O programa busca atender a diversas \u00e1reas do conhecimento, disponibilizando cursos variados, como:<\/p>\n<ul>\n<li><strong>Manuten\u00e7\u00e3o de Motos<\/strong><\/li>\n<li><strong>Confec\u00e7\u00e3o Industrial<\/strong> (corte e costura, modelagem industrial, customiza\u00e7\u00e3o de roupas)<\/li>\n<li><strong>Costura Criativa<\/strong><\/li>\n<li><strong>Cuidador de Idosos<\/strong><\/li>\n<li><strong>Tecnologia<\/strong> (cria\u00e7\u00e3o de jogos e aplicativos digitais)<\/li>\n<li><strong>Panifica\u00e7\u00e3o<\/strong><\/li>\n<li><strong>A\u00e7ougue<\/strong><\/li>\n<li><strong>Imagem Pessoal<\/strong> (incluindo manicure, pedicure, maquiagem e barbeiro)<\/li>\n<\/ul>\n<h2>Localiza\u00e7\u00e3o das carretas em Campinas<\/h2>\n<p>As carretas do programa ser\u00e3o instaladas em diversos pontos da cidade, incluindo:<\/p>\n<ul>\n<li>Gin\u00e1sio Municipal Dep. Nabi Abi Chedid (Parque Anhumas\/Cafezinho)<\/li>\n<li>Centro de Lazer Parque Oziel<\/li>\n<li>Pra\u00e7a Recanto das \u00c1guas (Jardim Carlos Louren\u00e7o)<\/li>\n<li>Pra\u00e7a de Esportes S\u00edrius (Residencial Cosmos)<\/li>\n<li>Prazas como a da Juventude Pastor Alessandro Monare (DIC V)<\/li>\n<\/ul>\n<h2>Inscri\u00e7\u00e3o e requisitos para participa\u00e7\u00e3o<\/h2>\n<p>Para participar dos cursos, os interessados devem ter pelo menos <strong>16 anos<\/strong> de idade, embora alguns cursos possam ter a exig\u00eancia de <strong>18 anos<\/strong>. A prioridade \u00e9 dada para aqueles em situa\u00e7\u00e3o de vulnerabilidade social. As inscri\u00e7\u00f5es podem ser feitas online atrav\u00e9s do site oficial do programa.<\/p>\n<h2>Benef\u00edcios da forma\u00e7\u00e3o profissional gratuita<\/h2>\n<p>A oportunidade de obter uma forma\u00e7\u00e3o profissional gratuita traz diversos benef\u00edcios, como:<\/p>\n<ul>\n<li><strong>Aumento das Oportunidades de Emprego:<\/strong> Ao adquirir novas habilidades, os participantes ampliam suas chances de conseguir um emprego.<\/li>\n<li><strong>Desenvolvimento Pessoal:<\/strong> A capacita\u00e7\u00e3o contribui para o crescimento pessoal e autoconfian\u00e7a dos cidad\u00e3os.<\/li>\n<li><strong>Contribui\u00e7\u00e3o para a Comunidade:<\/strong> Forma\u00e7\u00e3o de profissionais qualificados pode incentivar o desenvolvimento econ\u00f4mico local.<\/li>\n<li><strong>Certificado Reconhecido:<\/strong> Os alunos que completam os cursos recebem certificados que s\u00e3o importantes para o curr\u00edculo profissional.<\/li>\n<li><strong>Acesso a Materiais e Equipamentos:<\/strong> O programa fornece, sem custo, materiais did\u00e1ticos e equipamentos necess\u00e1rios para as aulas.<\/li>\n<\/ul>\n<h2>Impacto social na comunidade<\/h2>\n<p>A implementa\u00e7\u00e3o do Caminho da Capacita\u00e7\u00e3o visa n\u00e3o s\u00f3 a forma\u00e7\u00e3o profissional mas tamb\u00e9m a transforma\u00e7\u00e3o da comunidade. Com mais pessoas capacitadas:<\/p>\n<ul>\n<li><strong>Redu\u00e7\u00e3o da Pobreza:<\/strong> A capacita\u00e7\u00e3o profissional pode ajudar a melhorar a condi\u00e7\u00e3o financeira dos participantes e suas fam\u00edlias.<\/li>\n<li><strong>Fortalecimento dos La\u00e7os Comunit\u00e1rios:<\/strong> Cursos em conjunto promovem o engajamento social e a constru\u00e7\u00e3o de redes de apoio.<\/li>\n<li><strong>Promo\u00e7\u00e3o da Inclus\u00e3o Social:<\/strong> O programa prioriza pessoas em situa\u00e7\u00e3o de vulnerabilidade, promovendo a equidade de oportunidades.<\/li>\n<\/ul>\n<h2>Depoimentos de alunos e participantes<\/h2>\n<p>Os impactos do programa podem ser analisados atrav\u00e9s dos depoimentos de alunos:<\/p>\n<ul>\n<li><strong>Maria da Silva:<\/strong> &#8220;O curso de Costura Criativa mudou minha vida. Agora, consigo gerar renda e me sinto realizada.&#8221; <\/li>\n<li><strong>Jos\u00e9 dos Santos:<\/strong> &#8220;O aprendizado em Manuten\u00e7\u00e3o de Motos abriu portas para um novo trabalho, algo que eu nunca imaginei que conseguiria.&#8221; <\/li>\n<li><strong>Ana Paula:<\/strong> &#8220;Participar do Caminho da Capacita\u00e7\u00e3o foi uma oportunidade de crescimento pessoal e profissional.&#8221; <\/li>\n<\/ul>\n<h2>Calend\u00e1rio das aulas e hor\u00e1rios<\/h2>\n<p>As aulas do Caminho da Capacita\u00e7\u00e3o est\u00e3o programadas para ocorrer entre <strong>23 de mar\u00e7o e 2 de abril de 2026<\/strong>. Os hor\u00e1rios variam, mas geralmente acontecem em turnos que facilitam a participa\u00e7\u00e3o de trabalhadores e estudantes.<\/p>\n<h2>Pr\u00f3ximas etapas do programa<\/h2>\n<p>Ap\u00f3s a conclus\u00e3o desta fase, o programa pretende expandir suas atividades para outras regi\u00f5es do Estado, sempre visando atender a demanda local. A ideia \u00e9 criar mais vagas e cursos, assim como aprofundar parcerias com empresas e institui\u00e7\u00f5es locais para garantir a efetividade da inser\u00e7\u00e3o dos alunos no mercado de trabalho.<\/p>\n<p>O Caminho da Capacita\u00e7\u00e3o se apresenta como uma iniciativa valiosa que visa n\u00e3o apenas a capacita\u00e7\u00e3o profissional, mas a promo\u00e7\u00e3o de uma maior inclus\u00e3o social e econ\u00f4mica, fornecendo ferramentas para que os cidad\u00e3os possam mudar suas hist\u00f3rias e construir um futuro melhor.<\/p>\n\n<div style=\"font-size: 0px; height: 0px; line-height: 0px; margin: 0; padding: 0; clear: both;\"><\/div>","protected":false},"excerpt":{"rendered":"<p>Conhe\u00e7a as carretas do Caminho da Capacita\u00e7\u00e3o que chegam a Campinas para aulas gratuitas.<\/p>\n","protected":false},"author":1,"featured_media":0,"comment_status":"open","ping_status":"closed","sticky":false,"template":"","format":"standard","meta":{"footnotes":""},"categories":[29],"tags":[],"class_list":["post-1712","post","type-post","status-publish","format-standard","hentry","category-educacao-no-campo-belo"],"aioseo_notices":[],"_links":{"self":[{"href":"https:\/\/www.encontracampobelo.com.br\/sobre\/wp-json\/wp\/v2\/posts\/1712","targetHints":{"allow":["GET"]}}],"collection":[{"href":"https:\/\/www.encontracampobelo.com.br\/sobre\/wp-json\/wp\/v2\/posts"}],"about":[{"href":"https:\/\/www.encontracampobelo.com.br\/sobre\/wp-json\/wp\/v2\/types\/post"}],"author":[{"embeddable":true,"href":"https:\/\/www.encontracampobelo.com.br\/sobre\/wp-json\/wp\/v2\/users\/1"}],"replies":[{"embeddable":true,"href":"https:\/\/www.encontracampobelo.com.br\/sobre\/wp-json\/wp\/v2\/comments?post=1712"}],"version-history":[{"count":0,"href":"https:\/\/www.encontracampobelo.com.br\/sobre\/wp-json\/wp\/v2\/posts\/1712\/revisions"}],"wp:attachment":[{"href":"https:\/\/www.encontracampobelo.com.br\/sobre\/wp-json\/wp\/v2\/media?parent=1712"}],"wp:term":[{"taxonomy":"category","embeddable":true,"href":"https:\/\/www.encontracampobelo.com.br\/sobre\/wp-json\/wp\/v2\/categories?post=1712"},{"taxonomy":"post_tag","embeddable":true,"href":"https:\/\/www.encontracampobelo.com.br\/sobre\/wp-json\/wp\/v2\/tags?post=1712"}],"curies":[{"name":"wp","href":"https:\/\/api.w.org\/{rel}","templated":true}]}}