{"id":1814,"date":"2026-04-13T11:04:42","date_gmt":"2026-04-13T13:04:42","guid":{"rendered":"https:\/\/www.encontracampobelo.com.br\/sobre\/stf-atende-a-pedido-da-prefeitura-e-libera-emissao-de-alvaras-para-construcoes-e-demolicoes-em-sp\/"},"modified":"2026-04-13T11:04:42","modified_gmt":"2026-04-13T13:04:42","slug":"stf-atende-a-pedido-da-prefeitura-e-libera-emissao-de-alvaras-para-construcoes-e-demolicoes-em-sp","status":"publish","type":"post","link":"https:\/\/www.encontracampobelo.com.br\/sobre\/stf-atende-a-pedido-da-prefeitura-e-libera-emissao-de-alvaras-para-construcoes-e-demolicoes-em-sp\/","title":{"rendered":"STF atende a pedido da Prefeitura e libera emiss\u00e3o de alvar\u00e1s para constru\u00e7\u00f5es e demoli\u00e7\u00f5es em SP"},"content":{"rendered":"<div class=\"1cfda93c6640a8762b4fe319eb685dc5\" data-index=\"1\" style=\"float: none; margin:0px;\">\n<!-- Anuncio display - global -->\r\n<ins class=\"adsbygoogle\"\r\n     style=\"display:block\"\r\n     data-ad-client=\"ca-pub-8585364105181520\"\r\n     data-ad-slot=\"8789329856\"\r\n     data-ad-format=\"auto\"\r\n     data-full-width-responsive=\"true\"><\/ins>\r\n<script>\r\n     (adsbygoogle = window.adsbygoogle || []).push({});\r\n<\/script>\n<\/div>\n<h2>Entenda a Decis\u00e3o do STF<\/h2>\n<p>No dia 10 de abril de 2026, o Supremo Tribunal Federal (STF) decidiu restaurar a emiss\u00e3o de alvar\u00e1s para <strong>constru\u00e7\u00f5es e demoli\u00e7\u00f5es<\/strong> na metr\u00f3pole de <strong>S\u00e3o Paulo<\/strong>. Essa delibera\u00e7\u00e3o veio ap\u00f3s um per\u00edodo de suspens\u00e3o que perdurava desde 24 de fevereiro, determinado por uma liminar do Tribunal de Justi\u00e7a de S\u00e3o Paulo (TJ-SP) que restringia novas autoriza\u00e7\u00f5es. A a\u00e7\u00e3o do STF surge em resposta \u00e0 preocupa\u00e7\u00e3o de que a paralisa\u00e7\u00e3o das licen\u00e7as poderia causar &#8220;grave les\u00e3o \u00e0 ordem e \u00e0 economia p\u00fablicas&#8221;, conforme destacado pelo presidente do STF, ministro Edson Fachin.<\/p>\n<h2>Impacto no Setor da Constru\u00e7\u00e3o<\/h2>\n<p>A decis\u00e3o do STF \u00e9 um al\u00edvio para o setor da constru\u00e7\u00e3o civil, que estava em um impasse devido \u00e0 incerteza sobre a emiss\u00e3o de alvar\u00e1s. Fachin enfatizou que a falta de licenciamento impacta n\u00e3o apenas o setor privado, mas tamb\u00e9m a realiza\u00e7\u00e3o de projetos essenciais, como a constru\u00e7\u00e3o de escolas, hospitais e creches, comprometendo assim a infraestrutura p\u00fablica da cidade.<\/p>\n<h2>Hist\u00f3rico da Suspens\u00e3o<\/h2>\n<p>A suspens\u00e3o dos alvar\u00e1s foi instaurada como resultado de uma a\u00e7\u00e3o civil p\u00fablica apresentada pelo <strong>Minist\u00e9rio P\u00fablico de S\u00e3o Paulo<\/strong>. Os promotores alegaram que as mudan\u00e7as nas normas de zoneamento poderiam ter efeitos adversos no equil\u00edbrio urban\u00edstico, levando a uma verticaliza\u00e7\u00e3o descontrolada e \u00e0 constru\u00e7\u00e3o em \u00e1reas inadequadas.<\/p>\n<p><img decoding=\"async\" src=\"https:\/\/www.encontracampobelo.com.br\/sobre\/wp-content\/uploads\/2026\/04\/stf-atende-a-pedido-da-prefeitura-e-libera-emissao-de-alvaras-para-construcoes-e-demolicoes-em-sp.webp\" alt=\"emiss\u00e3o de alvar\u00e1s para constru\u00e7\u00f5es e demoli\u00e7\u00f5es\" loading=\"lazy\" \/><\/p>\n<h2>Rea\u00e7\u00e3o da Prefeitura<\/h2>\n<p>A Prefeitura de S\u00e3o Paulo, ao lado da C\u00e2mara Municipal, fez um apelo \u00e0 Justi\u00e7a contestando a decis\u00e3o que havia suspendido os alvar\u00e1s. O Executivo Municipal argumentou que tais restri\u00e7\u00f5es n\u00e3o apenas feriam a constitui\u00e7\u00e3o, mas tamb\u00e9m resultavam em preju\u00edzos significativos para a popula\u00e7\u00e3o, em especial em \u00e1reas que dependem de investimentos p\u00fablicos e infraestrutura.<\/p>\n<h2>Papel do Minist\u00e9rio P\u00fablico<\/h2>\n<p>O papel do <strong>Minist\u00e9rio P\u00fablico<\/strong> nesta quest\u00e3o \u00e9 de suma import\u00e2ncia, uma vez que o \u00f3rg\u00e3o busca garantir a legalidade e a justi\u00e7a nas pr\u00e1ticas urban\u00edsticas da cidade. Com a suspens\u00e3o em vigor, o MP argumentaria que a revis\u00e3o do zoneamento que permitia constru\u00e7\u00f5es mais altas deveria ser revertida, citando a falta de estudos detalhados que poderiam justificar essas altera\u00e7\u00f5es.<\/p>\n<h2>O Que dizem os Especialistas?<\/h2>\n<p>Especialistas em urbanismo e direito ambiental t\u00eam opini\u00f5es divergentes sobre a suspens\u00e3o dos alvar\u00e1s. Alguns argumentam que isso \u00e9 um passo positivo, garantindo que o planejamento urbano n\u00e3o seja comprometido por decis\u00f5es apressadas ou mal fundamentadas. Outros, por\u00e9m, defendem que a suspens\u00e3o excessiva pode paralisar o desenvolvimento necess\u00e1rio em \u00e1reas carentes, onde a infraestrutura j\u00e1 \u00e9 insuficiente.<\/p>\n<h2>Efeitos na Gera\u00e7\u00e3o de Emprego<\/h2>\n<p>A revitaliza\u00e7\u00e3o da emiss\u00e3o de alvar\u00e1s ir\u00e1 contribuir para o aumento da gera\u00e7\u00e3o de empregos dentro do setor da constru\u00e7\u00e3o civil, que j\u00e1 estava enfrentando um cen\u00e1rio de estagna\u00e7\u00e3o. Com a possibilidade de novos projetos sendo autorizados, o retorno ao mercado de trabalho de milhares de profissionais que dependem deste setor poder\u00e1 ser uma porcentagem significativa.<\/p>\n<h2>Consequ\u00eancias para os Moradores<\/h2>\n<p>Para os moradores de S\u00e3o Paulo, a libera\u00e7\u00e3o dos alvar\u00e1s pode ter consequ\u00eancias duplas. Por um lado, a continuidade das constru\u00e7\u00f5es pode melhorar a oferta de habita\u00e7\u00e3o e criar infraestrutura necess\u00e1ria. Por outro lado, isso tamb\u00e9m levanta preocupa\u00e7\u00f5es sobre a adequa\u00e7\u00e3o das \u00e1reas para suportar o aumento populacional e poss\u00edveis consequ\u00eancias sociais e ambientais da corrida pela verticaliza\u00e7\u00e3o.<\/p>\n<h2>A Nova Lei de Zoneamento<\/h2>\n<p>A revis\u00e3o da Lei de Zoneamento aprovada em 2024 foi um tema pol\u00eamico, aumentando as \u00e1reas onde constru\u00e7\u00f5es mais altas s\u00e3o permitidas. A ideia implementada foi direcionar edifica\u00e7\u00f5es maiores para locais pr\u00f3ximos a transporte p\u00fablico, visando a otimiza\u00e7\u00e3o do espa\u00e7o urbano e a concentra\u00e7\u00e3o populacional em \u00e1reas de melhor acesso. Contudo, cr\u00edticas se intensificaram quanto \u00e0 falta de planejamento e estudos que comprovassem a viabilidade dessas mudan\u00e7as.<\/p>\n<h2>Expectativas para o Futuro<\/h2>\n<p>Com a decis\u00e3o do STF, as expectativas giram em torno da aplica\u00e7\u00e3o de um planejamento urbano respons\u00e1vel e da integridade das \u00e1reas afetadas. O foco deve ser na realiza\u00e7\u00e3o de estudos que sustente as decis\u00f5es de zoneamento a fim de evitar a sobrecarga em regi\u00f5es que n\u00e3o est\u00e3o preparadas para enfrentar um aumento significativo da popula\u00e7\u00e3o. Sem d\u00favida, a cidade assistir\u00e1 a um novo ciclo de desenvolvimento, mas somente se o equil\u00edbrio entre crescimento e sustentabilidade for respeitado.<\/p>\n\n<div style=\"font-size: 0px; height: 0px; line-height: 0px; margin: 0; padding: 0; clear: both;\"><\/div>","protected":false},"excerpt":{"rendered":"<p>STF libera emiss\u00e3o de alvar\u00e1s para constru\u00e7\u00f5es e demoli\u00e7\u00f5es em SP.<\/p>\n","protected":false},"author":1,"featured_media":1813,"comment_status":"open","ping_status":"closed","sticky":false,"template":"","format":"standard","meta":{"footnotes":""},"categories":[7],"tags":[],"class_list":["post-1814","post","type-post","status-publish","format-standard","has-post-thumbnail","hentry","category-noticias-no-campo-belo","has_thumb"],"aioseo_notices":[],"_links":{"self":[{"href":"https:\/\/www.encontracampobelo.com.br\/sobre\/wp-json\/wp\/v2\/posts\/1814","targetHints":{"allow":["GET"]}}],"collection":[{"href":"https:\/\/www.encontracampobelo.com.br\/sobre\/wp-json\/wp\/v2\/posts"}],"about":[{"href":"https:\/\/www.encontracampobelo.com.br\/sobre\/wp-json\/wp\/v2\/types\/post"}],"author":[{"embeddable":true,"href":"https:\/\/www.encontracampobelo.com.br\/sobre\/wp-json\/wp\/v2\/users\/1"}],"replies":[{"embeddable":true,"href":"https:\/\/www.encontracampobelo.com.br\/sobre\/wp-json\/wp\/v2\/comments?post=1814"}],"version-history":[{"count":0,"href":"https:\/\/www.encontracampobelo.com.br\/sobre\/wp-json\/wp\/v2\/posts\/1814\/revisions"}],"wp:featuredmedia":[{"embeddable":true,"href":"https:\/\/www.encontracampobelo.com.br\/sobre\/wp-json\/wp\/v2\/media\/1813"}],"wp:attachment":[{"href":"https:\/\/www.encontracampobelo.com.br\/sobre\/wp-json\/wp\/v2\/media?parent=1814"}],"wp:term":[{"taxonomy":"category","embeddable":true,"href":"https:\/\/www.encontracampobelo.com.br\/sobre\/wp-json\/wp\/v2\/categories?post=1814"},{"taxonomy":"post_tag","embeddable":true,"href":"https:\/\/www.encontracampobelo.com.br\/sobre\/wp-json\/wp\/v2\/tags?post=1814"}],"curies":[{"name":"wp","href":"https:\/\/api.w.org\/{rel}","templated":true}]}}