{"id":186,"date":"2011-07-04T20:21:33","date_gmt":"2011-07-04T22:21:33","guid":{"rendered":"http:\/\/www.encontracampobelo.com.br\/noticias\/?p=186"},"modified":"2019-04-29T18:55:28","modified_gmt":"2019-04-29T20:55:28","slug":"carreta-gigante-bate-em-poste-e-em-muro-e-bloqueia-via-no-campo-belo","status":"publish","type":"post","link":"https:\/\/www.encontracampobelo.com.br\/sobre\/carreta-gigante-bate-em-poste-e-em-muro-e-bloqueia-via-no-campo-belo\/","title":{"rendered":"Carreta gigante bate em poste e em muro e bloqueia via no Campo Belo"},"content":{"rendered":"<div class=\"1cfda93c6640a8762b4fe319eb685dc5\" data-index=\"1\" style=\"float: none; margin:0px;\">\n<!-- Anuncio display - global -->\r\n<ins class=\"adsbygoogle\"\r\n     style=\"display:block\"\r\n     data-ad-client=\"ca-pub-8585364105181520\"\r\n     data-ad-slot=\"8789329856\"\r\n     data-ad-format=\"auto\"\r\n     data-full-width-responsive=\"true\"><\/ins>\r\n<script>\r\n     (adsbygoogle = window.adsbygoogle || []).push({});\r\n<\/script>\n<\/div>\n<p>Uma carreta gigante, transportando um transformador de cerca de 600 toneladas, bateu em um poste e um muro de um im\u00f3vel na Zona Sul de S\u00e3o Paulo, na madrugada deste s\u00e1bado (2).<\/p>\n<p>Segundo a Companhia de Engenharia de Tr\u00e1fego (CET), o acidente ocorreu na pista da Avenida Washington Lu\u00eds, sentido \u00e0 regi\u00e3o de Interlagos, no acesso \u00e0 Avenida Vicente Rao, no bairro Campo Belo. Ningu\u00e9m ficou ferido.<\/p>\n<p>Uma faixa da via que d\u00e1 acesso a Vicente Rao estava bloqueada para o tr\u00e1fego nesta manh\u00e3, de acordo com a CET. N\u00e3o h\u00e1 previs\u00e3o para libera\u00e7\u00e3o do trecho porque a carreta s\u00f3 tem autoriza\u00e7\u00e3o para trafegar durante a madrugada. Os motivos s\u00e3o: seu tamanho e o impacto que o ve\u00edculo pode causar ao tr\u00e2nsito.<\/p>\n<p><em>Fonte: G1<\/em><\/p>\n\n<div style=\"font-size: 0px; height: 0px; line-height: 0px; margin: 0; padding: 0; clear: both;\"><\/div>","protected":false},"excerpt":{"rendered":"<p>Uma carreta gigante, transportando um transformador de cerca de 600 toneladas, bateu em um poste e um muro de um im\u00f3vel na Zona Sul de S\u00e3o Paulo, na madrugada deste s\u00e1bado (2). Segundo a Companhia de Engenharia de Tr\u00e1fego (CET), o acidente ocorreu na pista da Avenida Washington Lu\u00eds, sentido \u00e0 regi\u00e3o de Interlagos, no acesso \u00e0 Avenida Vicente Rao, no bairro Campo Belo. Ningu\u00e9m ficou ferido. Uma faixa da via que d\u00e1 acesso a Vicente Rao estava bloqueada para o tr\u00e1fego nesta manh\u00e3, de acordo com a CET. N\u00e3o h\u00e1 previs\u00e3o para libera\u00e7\u00e3o do trecho porque a carreta s\u00f3 <\/p>\n","protected":false},"author":1,"featured_media":0,"comment_status":"open","ping_status":"closed","sticky":false,"template":"","format":"standard","meta":{"footnotes":""},"categories":[7],"tags":[15],"class_list":["post-186","post","type-post","status-publish","format-standard","hentry","category-noticias-no-campo-belo","tag-campo-belo"],"aioseo_notices":[],"_links":{"self":[{"href":"https:\/\/www.encontracampobelo.com.br\/sobre\/wp-json\/wp\/v2\/posts\/186","targetHints":{"allow":["GET"]}}],"collection":[{"href":"https:\/\/www.encontracampobelo.com.br\/sobre\/wp-json\/wp\/v2\/posts"}],"about":[{"href":"https:\/\/www.encontracampobelo.com.br\/sobre\/wp-json\/wp\/v2\/types\/post"}],"author":[{"embeddable":true,"href":"https:\/\/www.encontracampobelo.com.br\/sobre\/wp-json\/wp\/v2\/users\/1"}],"replies":[{"embeddable":true,"href":"https:\/\/www.encontracampobelo.com.br\/sobre\/wp-json\/wp\/v2\/comments?post=186"}],"version-history":[{"count":0,"href":"https:\/\/www.encontracampobelo.com.br\/sobre\/wp-json\/wp\/v2\/posts\/186\/revisions"}],"wp:attachment":[{"href":"https:\/\/www.encontracampobelo.com.br\/sobre\/wp-json\/wp\/v2\/media?parent=186"}],"wp:term":[{"taxonomy":"category","embeddable":true,"href":"https:\/\/www.encontracampobelo.com.br\/sobre\/wp-json\/wp\/v2\/categories?post=186"},{"taxonomy":"post_tag","embeddable":true,"href":"https:\/\/www.encontracampobelo.com.br\/sobre\/wp-json\/wp\/v2\/tags?post=186"}],"curies":[{"name":"wp","href":"https:\/\/api.w.org\/{rel}","templated":true}]}}