{"id":194,"date":"2011-07-18T19:23:18","date_gmt":"2011-07-18T21:23:18","guid":{"rendered":"http:\/\/www.encontracampobelo.com.br\/noticias\/?p=194"},"modified":"2019-04-29T18:55:28","modified_gmt":"2019-04-29T20:55:28","slug":"memorial-da-tam-no-campo-belo-vai-custar-r-8-milhoes","status":"publish","type":"post","link":"https:\/\/www.encontracampobelo.com.br\/sobre\/memorial-da-tam-no-campo-belo-vai-custar-r-8-milhoes\/","title":{"rendered":"Memorial da TAM no Campo Belo vai custar R$ 8 milh\u00f5es"},"content":{"rendered":"<div class=\"1cfda93c6640a8762b4fe319eb685dc5\" data-index=\"1\" style=\"float: none; margin:0px;\">\n<!-- Anuncio display - global -->\r\n<ins class=\"adsbygoogle\"\r\n     style=\"display:block\"\r\n     data-ad-client=\"ca-pub-8585364105181520\"\r\n     data-ad-slot=\"8789329856\"\r\n     data-ad-format=\"auto\"\r\n     data-full-width-responsive=\"true\"><\/ins>\r\n<script>\r\n     (adsbygoogle = window.adsbygoogle || []).push({});\r\n<\/script>\n<\/div>\n<p>A Pra\u00e7a Memorial 17 de Julho, em homenagem \u00e0s v\u00edtimas do acidente com um Airbus A320 da TAM, ir\u00e1 custar R$ 8 milh\u00f5es, anunciou ontem o prefeito Gilberto Kassab (PSD).<\/p>\n<p>O processo de licita\u00e7\u00e3o come\u00e7a no m\u00eas que vem, segundo ele, e a pra\u00e7a deve ser entregue em um ano, quando a trag\u00e9dia completa cinco anos.<\/p>\n<p>O an\u00fancio foi feito no local do acidente, em frente \u00e0 pista do <a href=\"http:\/\/www.encontracampobelo.com.br\/campo-belo\/aeroporto-de-congonhas-no-campo-belo.shtml\" target=\"_blank\">aeroporto de Congonhas<\/a>, regi\u00e3o do Campo Belo, na zona sul de SP. No local, os familiares das v\u00edtimas organizaram um ato ecum\u00eanico em homenagem aos entes mortos no acidente, que ocorreu h\u00e1 quatro anos.<\/p>\n<p><em>Fonte: Agora S\u00e3o Pualo<\/em><\/p>\n\n<div style=\"font-size: 0px; height: 0px; line-height: 0px; margin: 0; padding: 0; clear: both;\"><\/div>","protected":false},"excerpt":{"rendered":"<p>A Pra\u00e7a Memorial 17 de Julho, em homenagem \u00e0s v\u00edtimas do acidente com um Airbus A320 da TAM, ir\u00e1 custar R$ 8 milh\u00f5es, anunciou ontem o prefeito Gilberto Kassab (PSD). O processo de licita\u00e7\u00e3o come\u00e7a no m\u00eas que vem, segundo ele, e a pra\u00e7a deve ser entregue em um ano, quando a trag\u00e9dia completa cinco anos. O an\u00fancio foi feito no local do acidente, em frente \u00e0 pista do aeroporto de Congonhas, regi\u00e3o do Campo Belo, na zona sul de SP. No local, os familiares das v\u00edtimas organizaram um ato ecum\u00eanico em homenagem aos entes mortos no acidente, que ocorreu <\/p>\n","protected":false},"author":1,"featured_media":0,"comment_status":"open","ping_status":"closed","sticky":false,"template":"","format":"standard","meta":{"footnotes":""},"categories":[7],"tags":[15],"class_list":["post-194","post","type-post","status-publish","format-standard","hentry","category-noticias-no-campo-belo","tag-campo-belo"],"aioseo_notices":[],"_links":{"self":[{"href":"https:\/\/www.encontracampobelo.com.br\/sobre\/wp-json\/wp\/v2\/posts\/194","targetHints":{"allow":["GET"]}}],"collection":[{"href":"https:\/\/www.encontracampobelo.com.br\/sobre\/wp-json\/wp\/v2\/posts"}],"about":[{"href":"https:\/\/www.encontracampobelo.com.br\/sobre\/wp-json\/wp\/v2\/types\/post"}],"author":[{"embeddable":true,"href":"https:\/\/www.encontracampobelo.com.br\/sobre\/wp-json\/wp\/v2\/users\/1"}],"replies":[{"embeddable":true,"href":"https:\/\/www.encontracampobelo.com.br\/sobre\/wp-json\/wp\/v2\/comments?post=194"}],"version-history":[{"count":0,"href":"https:\/\/www.encontracampobelo.com.br\/sobre\/wp-json\/wp\/v2\/posts\/194\/revisions"}],"wp:attachment":[{"href":"https:\/\/www.encontracampobelo.com.br\/sobre\/wp-json\/wp\/v2\/media?parent=194"}],"wp:term":[{"taxonomy":"category","embeddable":true,"href":"https:\/\/www.encontracampobelo.com.br\/sobre\/wp-json\/wp\/v2\/categories?post=194"},{"taxonomy":"post_tag","embeddable":true,"href":"https:\/\/www.encontracampobelo.com.br\/sobre\/wp-json\/wp\/v2\/tags?post=194"}],"curies":[{"name":"wp","href":"https:\/\/api.w.org\/{rel}","templated":true}]}}