{"id":2460,"date":"2026-08-20T22:57:10","date_gmt":"2026-08-21T00:57:10","guid":{"rendered":"https:\/\/www.encontracampobelo.com.br\/sobre\/com-13-casos-de-sarampo-sao-paulo-alerta-para-reforco-na-vacinacao\/"},"modified":"2026-08-20T22:57:10","modified_gmt":"2026-08-21T00:57:10","slug":"com-13-casos-de-sarampo-sao-paulo-alerta-para-reforco-na-vacinacao","status":"publish","type":"post","link":"https:\/\/www.encontracampobelo.com.br\/sobre\/com-13-casos-de-sarampo-sao-paulo-alerta-para-reforco-na-vacinacao\/","title":{"rendered":"Com 13 casos de sarampo, S\u00e3o Paulo alerta para refor\u00e7o na vacina\u00e7\u00e3o"},"content":{"rendered":"<div class=\"1cfda93c6640a8762b4fe319eb685dc5\" data-index=\"1\" style=\"float: none; margin:0px;\">\n<!-- Anuncio display - global -->\r\n<ins class=\"adsbygoogle\"\r\n     style=\"display:block\"\r\n     data-ad-client=\"ca-pub-8585364105181520\"\r\n     data-ad-slot=\"8789329856\"\r\n     data-ad-format=\"auto\"\r\n     data-full-width-responsive=\"true\"><\/ins>\r\n<script>\r\n     (adsbygoogle = window.adsbygoogle || []).push({});\r\n<\/script>\n<\/div>\n<h2>Situa\u00e7\u00e3o Atual do Sarampo em S\u00e3o Paulo<\/h2>\n<p>Recentemente, o estado de S\u00e3o Paulo registrou 13 casos de sarampo, conforme dados fornecidos pela Secretaria de Estado da Sa\u00fade (SES-SP). As ocorr\u00eancias envolveram tanto beb\u00eas com menos de um ano quanto adultos entre 20 e 50 anos. Dado o aumento nos casos, \u00e9 fundamental conscientizar a popula\u00e7\u00e3o sobre a import\u00e2ncia da vacina\u00e7\u00e3o e atualiza\u00e7\u00e3o das cadernetas de imuniza\u00e7\u00e3o.<\/p>\n<h2>Nova Recomenda\u00e7\u00e3o: Dose Zero da Vacina<\/h2>\n<p>A partir de junho de 2026, a SES-SP come\u00e7ou a recomendar a administra\u00e7\u00e3o da chamada &#8220;dose zero&#8221; da vacina tr\u00edplice viral, que protege contra sarampo, rub\u00e9ola e caxumba. Essa dose \u00e9 destinada a beb\u00eas com idades entre 6 meses e 11 meses e 29 dias que residem em cidades como S\u00e3o Paulo, Guarulhos e S\u00e3o Bernardo do Campo. A inten\u00e7\u00e3o \u00e9 oferecer uma prote\u00e7\u00e3o antecipada antes da primeira dose, que usualmente \u00e9 administrada aos 12 meses de idade.<\/p>\n<h2>Quem Deve Receber a Dose Zero?<\/h2>\n<p>A dose zero \u00e9 especialmente voltada para os rec\u00e9m-nascidos e crian\u00e7as pequenas, garantindo que estejam protegidos em seu primeiro ano de vida. A SES-SP enfatiza que, ap\u00f3s a aplica\u00e7\u00e3o dessa dose, as crian\u00e7as devem continuar com o esquema vacinal regular, recebendo a primeira dose aos 12 meses e a segunda, de prefer\u00eancia, com a vacina tetraviral, aos 15 meses.<\/p>\n<p><img decoding=\"async\" src=\"https:\/\/www.encontracampobelo.com.br\/sobre\/wp-content\/uploads\/2026\/08\/com-13-casos-de-sarampo-sao-paulo-alerta-para-reforco-na-vacinacao.webp\" alt=\"sarampo\" loading=\"lazy\" \/><\/p>\n<h2>A Import\u00e2ncia da Vacina\u00e7\u00e3o na Inf\u00e2ncia<\/h2>\n<p>A vacina\u00e7\u00e3o \u00e9 um dos m\u00e9todos mais eficazes para prevenir o sarampo, uma doen\u00e7a altamente contagiosa. A SES-SP alerta para o risco crescente de surtos, especialmente em regi\u00f5es onde a cobertura vacinal n\u00e3o \u00e9 suficiente. \u00c9 essencial que os pais estejam atentos aos cart\u00f5es de vacina\u00e7\u00e3o de seus filhos e que adolescentes e adultos que n\u00e3o est\u00e3o com a vacina\u00e7\u00e3o em dia busquem as unidades de sa\u00fade para regularizar sua situa\u00e7\u00e3o vacinal.<\/p>\n<h2>Cobertura Vacinal e Seus Desafios<\/h2>\n<p>Manter uma alta taxa de cobertura vacinal \u00e9 um desafio, mas \u00e9 crucial para evitar a propaga\u00e7\u00e3o do sarampo. Em um cen\u00e1rio onde a vacina\u00e7\u00e3o est\u00e1 abaixo de 95%, aumenta a vulnerabilidade da popula\u00e7\u00e3o. Os respons\u00e1veis devem se informar sobre o status vacinal de suas crian\u00e7as e comparecer a centros de sa\u00fade para garantir que todas as vacinas necess\u00e1rias sejam administradas.<\/p>\n<h2>Como o Sarampo se Espalha?<\/h2>\n<p>Uma das caracter\u00edsticas que aumenta a contagiosidade do sarampo \u00e9 a habilidade do v\u00edrus de permanecer em aeross\u00f3is no ambiente por um per\u00edodo consider\u00e1vel. A infec\u00e7\u00e3o pode ocorrer mesmo ap\u00f3s a sa\u00edda de um indiv\u00edduo infectado. O vice-presidente da Sociedade Brasileira de Imuniza\u00e7\u00f5es (SBIn) adverte que, em condi\u00e7\u00f5es de baixa cobertura vacinal, o sarampo \u00e9 uma das primeiras doen\u00e7as a surgir.<\/p>\n<h2>A Hist\u00f3ria do Sarampo no Brasil<\/h2>\n<p>O Brasil alcan\u00e7ou a elimina\u00e7\u00e3o do sarampo em 2016, contudo, surtos espor\u00e1dicos ocorreram em decorr\u00eancia da importa\u00e7\u00e3o de casos, principalmente devido \u00e0 falta de vacina\u00e7\u00e3o adequada. \u00c9 fundamental refor\u00e7ar os pilares da vacina\u00e7\u00e3o e vigil\u00e2ncia em sa\u00fade para assegurar que n\u00e3o haja reintrodu\u00e7\u00e3o do v\u00edrus no pa\u00eds.<\/p>\n<h2>Quando Receber as Doses da Vacina?<\/h2>\n<p>Os pais devem saber que a primeira dose da vacina tr\u00edplice viral \u00e9 recomendada para crian\u00e7as aos 12 meses. A segunda dose deve ser administrada preferencialmente aos 15 meses com a tetraviral. A dose zero \u00e9 uma medida tempor\u00e1ria e n\u00e3o substitui as doses normais do calend\u00e1rio vacinal.<\/p>\n<h2>O que Fazer em Caso de D\u00favidas sobre Vacina\u00e7\u00e3o?<\/h2>\n<p>Se surgirem d\u00favidas sobre a vacina\u00e7\u00e3o, a popula\u00e7\u00e3o pode acessar o portal <strong>https:\/\/www.vacina100duvidas.sp.gov.br\/<\/strong>, que cont\u00e9m informa\u00e7\u00f5es relevantes e respostas \u00e0s principais d\u00favidas sobre vacinas, sua efic\u00e1cia e os riscos da n\u00e3o vacina\u00e7\u00e3o.<\/p>\n<h2>Impacto do Sarampo na Sa\u00fade P\u00fablica<\/h2>\n<p>A dissemina\u00e7\u00e3o do sarampo pode ter s\u00e9rias consequ\u00eancias para a sa\u00fade p\u00fablica, incluindo taxas de hospitaliza\u00e7\u00e3o e mortalidade elevadas. Portanto, \u00e9 imperativo que todos trabalhem juntos para aumentar a taxa de vacina\u00e7\u00e3o e proteger a sa\u00fade da popula\u00e7\u00e3o. O papel da sociedade \u00e9 essencial para promover a conscientiza\u00e7\u00e3o sobre a import\u00e2ncia da imuniza\u00e7\u00e3o e a preven\u00e7\u00e3o de surtos da doen\u00e7a. Assim, um esfor\u00e7o coletivo por parte de fam\u00edlias, profissionais de sa\u00fade e autoridades pode fazer a diferen\u00e7a na luta contra o sarampo.<\/p>\n\n<div style=\"font-size: 0px; height: 0px; line-height: 0px; margin: 0; padding: 0; clear: both;\"><\/div>","protected":false},"excerpt":{"rendered":"<p>Sarampo atinge S\u00e3o Paulo; refor\u00e7o na vacina\u00e7\u00e3o \u00e9 crucial para beb\u00eas.<\/p>\n","protected":false},"author":1,"featured_media":2459,"comment_status":"open","ping_status":"closed","sticky":false,"template":"","format":"standard","meta":{"footnotes":""},"categories":[33],"tags":[],"class_list":["post-2460","post","type-post","status-publish","format-standard","has-post-thumbnail","hentry","category-saude-no-campo-belo","has_thumb"],"aioseo_notices":[],"aioseo_head":"\n\t\t<!-- All in One SEO 5.0.0.1 - aioseo.com -->\n\t<meta name=\"description\" content=\"Sarampo atinge S\u00e3o Paulo; refor\u00e7o na vacina\u00e7\u00e3o \u00e9 crucial para beb\u00eas.\" \/>\n\t<meta name=\"robots\" content=\"max-image-preview:large\" \/>\n\t<meta name=\"author\" content=\"Encontra Campo Belo\"\/>\n\t<link rel=\"canonical\" href=\"https:\/\/www.encontracampobelo.com.br\/sobre\/com-13-casos-de-sarampo-sao-paulo-alerta-para-reforco-na-vacinacao\/\" \/>\n\t<meta name=\"generator\" content=\"All in One SEO (AIOSEO) 5.0.0.1\" \/>\n\t\t<meta property=\"og:locale\" content=\"pt_BR\" \/>\n\t\t<meta property=\"og:site_name\" content=\"Encontra  Campo Belo | Not\u00edcias, eventos, informa\u00e7\u00f5es e dicas no bairro do Campo Belo e regi\u00e3o.\" \/>\n\t\t<meta property=\"og:type\" content=\"article\" \/>\n\t\t<meta property=\"og:title\" content=\"Com 13 casos de sarampo, S\u00e3o Paulo alerta para refor\u00e7o na vacina\u00e7\u00e3o | Encontra Campo Belo\" \/>\n\t\t<meta property=\"og:description\" content=\"Sarampo atinge S\u00e3o Paulo; refor\u00e7o na vacina\u00e7\u00e3o \u00e9 crucial para beb\u00eas.\" \/>\n\t\t<meta property=\"og:url\" content=\"https:\/\/www.encontracampobelo.com.br\/sobre\/com-13-casos-de-sarampo-sao-paulo-alerta-para-reforco-na-vacinacao\/\" \/>\n\t\t<meta property=\"article:published_time\" content=\"2026-08-21T00:57:10+00:00\" \/>\n\t\t<meta property=\"article:modified_time\" content=\"2026-08-21T00:57:10+00:00\" \/>\n\t\t<meta name=\"twitter:card\" content=\"summary_large_image\" \/>\n\t\t<meta name=\"twitter:title\" content=\"Com 13 casos de sarampo, S\u00e3o Paulo alerta para refor\u00e7o na vacina\u00e7\u00e3o | Encontra Campo Belo\" \/>\n\t\t<meta name=\"twitter:description\" content=\"Sarampo atinge S\u00e3o Paulo; refor\u00e7o na vacina\u00e7\u00e3o \u00e9 crucial para beb\u00eas.\" \/>\n\t\t<script type=\"application\/ld+json\" class=\"aioseo-schema\">\n\t\t\t{\"@context\":\"https:\\\/\\\/schema.org\",\"@graph\":[{\"@type\":\"Article\",\"@id\":\"https:\\\/\\\/www.encontracampobelo.com.br\\\/sobre\\\/com-13-casos-de-sarampo-sao-paulo-alerta-para-reforco-na-vacinacao\\\/#article\",\"name\":\"Com 13 casos de sarampo, S\\u00e3o Paulo alerta para refor\\u00e7o na vacina\\u00e7\\u00e3o | Encontra Campo Belo\",\"headline\":\"Com 13 casos de sarampo, S\\u00e3o Paulo alerta para refor\\u00e7o na vacina\\u00e7\\u00e3o\",\"author\":{\"@id\":\"https:\\\/\\\/www.encontracampobelo.com.br\\\/sobre\\\/author\\\/ecampobelo\\\/#author\"},\"publisher\":{\"@id\":\"https:\\\/\\\/www.encontracampobelo.com.br\\\/sobre\\\/#organization\"},\"image\":{\"@type\":\"ImageObject\",\"url\":\"https:\\\/\\\/www.encontracampobelo.com.br\\\/sobre\\\/wp-content\\\/uploads\\\/2026\\\/08\\\/com-13-casos-de-sarampo-sao-paulo-alerta-para-reforco-na-vacinacao.webp\",\"width\":280,\"height\":280,\"caption\":\"sarampo\"},\"datePublished\":\"2026-08-20T22:57:10-02:00\",\"dateModified\":\"2026-08-20T22:57:10-02:00\",\"inLanguage\":\"pt-BR\",\"mainEntityOfPage\":{\"@id\":\"https:\\\/\\\/www.encontracampobelo.com.br\\\/sobre\\\/com-13-casos-de-sarampo-sao-paulo-alerta-para-reforco-na-vacinacao\\\/#webpage\"},\"isPartOf\":{\"@id\":\"https:\\\/\\\/www.encontracampobelo.com.br\\\/sobre\\\/com-13-casos-de-sarampo-sao-paulo-alerta-para-reforco-na-vacinacao\\\/#webpage\"},\"articleSection\":\"Sa\\u00fade Campo Belo\"},{\"@type\":\"BreadcrumbList\",\"@id\":\"https:\\\/\\\/www.encontracampobelo.com.br\\\/sobre\\\/com-13-casos-de-sarampo-sao-paulo-alerta-para-reforco-na-vacinacao\\\/#breadcrumblist\",\"itemListElement\":[{\"@type\":\"ListItem\",\"@id\":\"https:\\\/\\\/www.encontracampobelo.com.br\\\/sobre#listItem\",\"position\":1,\"name\":\"In\\u00edcio\",\"item\":\"https:\\\/\\\/www.encontracampobelo.com.br\\\/sobre\",\"nextItem\":{\"@type\":\"ListItem\",\"@id\":\"https:\\\/\\\/www.encontracampobelo.com.br\\\/sobre\\\/saude-no-campo-belo\\\/#listItem\",\"name\":\"Sa\\u00fade Campo Belo\"}},{\"@type\":\"ListItem\",\"@id\":\"https:\\\/\\\/www.encontracampobelo.com.br\\\/sobre\\\/saude-no-campo-belo\\\/#listItem\",\"position\":2,\"name\":\"Sa\\u00fade Campo Belo\",\"item\":\"https:\\\/\\\/www.encontracampobelo.com.br\\\/sobre\\\/saude-no-campo-belo\\\/\",\"nextItem\":{\"@type\":\"ListItem\",\"@id\":\"https:\\\/\\\/www.encontracampobelo.com.br\\\/sobre\\\/com-13-casos-de-sarampo-sao-paulo-alerta-para-reforco-na-vacinacao\\\/#listItem\",\"name\":\"Com 13 casos de sarampo, S\\u00e3o Paulo alerta para refor\\u00e7o na vacina\\u00e7\\u00e3o\"},\"previousItem\":{\"@type\":\"ListItem\",\"@id\":\"https:\\\/\\\/www.encontracampobelo.com.br\\\/sobre#listItem\",\"name\":\"In\\u00edcio\"}},{\"@type\":\"ListItem\",\"@id\":\"https:\\\/\\\/www.encontracampobelo.com.br\\\/sobre\\\/com-13-casos-de-sarampo-sao-paulo-alerta-para-reforco-na-vacinacao\\\/#listItem\",\"position\":3,\"name\":\"Com 13 casos de sarampo, S\\u00e3o Paulo alerta para refor\\u00e7o na vacina\\u00e7\\u00e3o\",\"previousItem\":{\"@type\":\"ListItem\",\"@id\":\"https:\\\/\\\/www.encontracampobelo.com.br\\\/sobre\\\/saude-no-campo-belo\\\/#listItem\",\"name\":\"Sa\\u00fade Campo Belo\"}}]},{\"@type\":\"Organization\",\"@id\":\"https:\\\/\\\/www.encontracampobelo.com.br\\\/sobre\\\/#organization\",\"name\":\"Encontra  Campo Belo\",\"description\":\"Not\\u00edcias, eventos, informa\\u00e7\\u00f5es e dicas no bairro do Campo Belo e regi\\u00e3o.\",\"url\":\"https:\\\/\\\/www.encontracampobelo.com.br\\\/sobre\\\/\"},{\"@type\":\"Person\",\"@id\":\"https:\\\/\\\/www.encontracampobelo.com.br\\\/sobre\\\/author\\\/ecampobelo\\\/#author\",\"url\":\"https:\\\/\\\/www.encontracampobelo.com.br\\\/sobre\\\/author\\\/ecampobelo\\\/\",\"name\":\"Encontra Campo Belo\",\"image\":{\"@type\":\"ImageObject\",\"@id\":\"https:\\\/\\\/www.encontracampobelo.com.br\\\/sobre\\\/com-13-casos-de-sarampo-sao-paulo-alerta-para-reforco-na-vacinacao\\\/#authorImage\",\"url\":\"https:\\\/\\\/secure.gravatar.com\\\/avatar\\\/507340682b8270222e1f208e23198b6ae7e2c6a1033ae84e99bc6bce4f82a387?s=96&d=mm&r=g\",\"width\":96,\"height\":96,\"caption\":\"Encontra Campo Belo\"}},{\"@type\":\"WebPage\",\"@id\":\"https:\\\/\\\/www.encontracampobelo.com.br\\\/sobre\\\/com-13-casos-de-sarampo-sao-paulo-alerta-para-reforco-na-vacinacao\\\/#webpage\",\"url\":\"https:\\\/\\\/www.encontracampobelo.com.br\\\/sobre\\\/com-13-casos-de-sarampo-sao-paulo-alerta-para-reforco-na-vacinacao\\\/\",\"name\":\"Com 13 casos de sarampo, S\\u00e3o Paulo alerta para refor\\u00e7o na vacina\\u00e7\\u00e3o | Encontra Campo Belo\",\"description\":\"Sarampo atinge S\\u00e3o Paulo; refor\\u00e7o na vacina\\u00e7\\u00e3o \\u00e9 crucial para beb\\u00eas.\",\"inLanguage\":\"pt-BR\",\"isPartOf\":{\"@id\":\"https:\\\/\\\/www.encontracampobelo.com.br\\\/sobre\\\/#website\"},\"breadcrumb\":{\"@id\":\"https:\\\/\\\/www.encontracampobelo.com.br\\\/sobre\\\/com-13-casos-de-sarampo-sao-paulo-alerta-para-reforco-na-vacinacao\\\/#breadcrumblist\"},\"author\":{\"@id\":\"https:\\\/\\\/www.encontracampobelo.com.br\\\/sobre\\\/author\\\/ecampobelo\\\/#author\"},\"creator\":{\"@id\":\"https:\\\/\\\/www.encontracampobelo.com.br\\\/sobre\\\/author\\\/ecampobelo\\\/#author\"},\"image\":{\"@type\":\"ImageObject\",\"url\":\"https:\\\/\\\/www.encontracampobelo.com.br\\\/sobre\\\/wp-content\\\/uploads\\\/2026\\\/08\\\/com-13-casos-de-sarampo-sao-paulo-alerta-para-reforco-na-vacinacao.webp\",\"@id\":\"https:\\\/\\\/www.encontracampobelo.com.br\\\/sobre\\\/com-13-casos-de-sarampo-sao-paulo-alerta-para-reforco-na-vacinacao\\\/#mainImage\",\"width\":280,\"height\":280,\"caption\":\"sarampo\"},\"primaryImageOfPage\":{\"@id\":\"https:\\\/\\\/www.encontracampobelo.com.br\\\/sobre\\\/com-13-casos-de-sarampo-sao-paulo-alerta-para-reforco-na-vacinacao\\\/#mainImage\"},\"datePublished\":\"2026-08-20T22:57:10-02:00\",\"dateModified\":\"2026-08-20T22:57:10-02:00\"},{\"@type\":\"WebSite\",\"@id\":\"https:\\\/\\\/www.encontracampobelo.com.br\\\/sobre\\\/#website\",\"url\":\"https:\\\/\\\/www.encontracampobelo.com.br\\\/sobre\\\/\",\"name\":\"Encontra  Campo Belo\",\"description\":\"Not\\u00edcias, eventos, informa\\u00e7\\u00f5es e dicas no bairro do Campo Belo e regi\\u00e3o.\",\"inLanguage\":\"pt-BR\",\"publisher\":{\"@id\":\"https:\\\/\\\/www.encontracampobelo.com.br\\\/sobre\\\/#organization\"}}]}\n\t\t<\/script>\n\t\t<!-- All in One SEO -->\n\n","aioseo_head_json":{"title":"Com 13 casos de sarampo, S\u00e3o Paulo alerta para refor\u00e7o na vacina\u00e7\u00e3o | Encontra Campo Belo","description":"Sarampo atinge S\u00e3o Paulo; refor\u00e7o na vacina\u00e7\u00e3o \u00e9 crucial para beb\u00eas.","canonical_url":"https:\/\/www.encontracampobelo.com.br\/sobre\/com-13-casos-de-sarampo-sao-paulo-alerta-para-reforco-na-vacinacao\/","robots":"max-image-preview:large","keywords":"","webmasterTools":{"miscellaneous":""},"schema":{"@context":"https:\/\/schema.org","@graph":[{"@type":"Article","@id":"https:\/\/www.encontracampobelo.com.br\/sobre\/com-13-casos-de-sarampo-sao-paulo-alerta-para-reforco-na-vacinacao\/#article","name":"Com 13 casos de sarampo, S\u00e3o Paulo alerta para refor\u00e7o na vacina\u00e7\u00e3o | Encontra Campo Belo","headline":"Com 13 casos de sarampo, S\u00e3o Paulo alerta para refor\u00e7o na vacina\u00e7\u00e3o","author":{"@id":"https:\/\/www.encontracampobelo.com.br\/sobre\/author\/ecampobelo\/#author"},"publisher":{"@id":"https:\/\/www.encontracampobelo.com.br\/sobre\/#organization"},"image":{"@type":"ImageObject","url":"https:\/\/www.encontracampobelo.com.br\/sobre\/wp-content\/uploads\/2026\/08\/com-13-casos-de-sarampo-sao-paulo-alerta-para-reforco-na-vacinacao.webp","width":280,"height":280,"caption":"sarampo"},"datePublished":"2026-08-20T22:57:10-02:00","dateModified":"2026-08-20T22:57:10-02:00","inLanguage":"pt-BR","mainEntityOfPage":{"@id":"https:\/\/www.encontracampobelo.com.br\/sobre\/com-13-casos-de-sarampo-sao-paulo-alerta-para-reforco-na-vacinacao\/#webpage"},"isPartOf":{"@id":"https:\/\/www.encontracampobelo.com.br\/sobre\/com-13-casos-de-sarampo-sao-paulo-alerta-para-reforco-na-vacinacao\/#webpage"},"articleSection":"Sa\u00fade Campo Belo"},{"@type":"BreadcrumbList","@id":"https:\/\/www.encontracampobelo.com.br\/sobre\/com-13-casos-de-sarampo-sao-paulo-alerta-para-reforco-na-vacinacao\/#breadcrumblist","itemListElement":[{"@type":"ListItem","@id":"https:\/\/www.encontracampobelo.com.br\/sobre#listItem","position":1,"name":"In\u00edcio","item":"https:\/\/www.encontracampobelo.com.br\/sobre","nextItem":{"@type":"ListItem","@id":"https:\/\/www.encontracampobelo.com.br\/sobre\/saude-no-campo-belo\/#listItem","name":"Sa\u00fade Campo Belo"}},{"@type":"ListItem","@id":"https:\/\/www.encontracampobelo.com.br\/sobre\/saude-no-campo-belo\/#listItem","position":2,"name":"Sa\u00fade Campo Belo","item":"https:\/\/www.encontracampobelo.com.br\/sobre\/saude-no-campo-belo\/","nextItem":{"@type":"ListItem","@id":"https:\/\/www.encontracampobelo.com.br\/sobre\/com-13-casos-de-sarampo-sao-paulo-alerta-para-reforco-na-vacinacao\/#listItem","name":"Com 13 casos de sarampo, S\u00e3o Paulo alerta para refor\u00e7o na vacina\u00e7\u00e3o"},"previousItem":{"@type":"ListItem","@id":"https:\/\/www.encontracampobelo.com.br\/sobre#listItem","name":"In\u00edcio"}},{"@type":"ListItem","@id":"https:\/\/www.encontracampobelo.com.br\/sobre\/com-13-casos-de-sarampo-sao-paulo-alerta-para-reforco-na-vacinacao\/#listItem","position":3,"name":"Com 13 casos de sarampo, S\u00e3o Paulo alerta para refor\u00e7o na vacina\u00e7\u00e3o","previousItem":{"@type":"ListItem","@id":"https:\/\/www.encontracampobelo.com.br\/sobre\/saude-no-campo-belo\/#listItem","name":"Sa\u00fade Campo Belo"}}]},{"@type":"Organization","@id":"https:\/\/www.encontracampobelo.com.br\/sobre\/#organization","name":"Encontra  Campo Belo","description":"Not\u00edcias, eventos, informa\u00e7\u00f5es e dicas no bairro do Campo Belo e regi\u00e3o.","url":"https:\/\/www.encontracampobelo.com.br\/sobre\/"},{"@type":"Person","@id":"https:\/\/www.encontracampobelo.com.br\/sobre\/author\/ecampobelo\/#author","url":"https:\/\/www.encontracampobelo.com.br\/sobre\/author\/ecampobelo\/","name":"Encontra Campo Belo","image":{"@type":"ImageObject","@id":"https:\/\/www.encontracampobelo.com.br\/sobre\/com-13-casos-de-sarampo-sao-paulo-alerta-para-reforco-na-vacinacao\/#authorImage","url":"https:\/\/secure.gravatar.com\/avatar\/507340682b8270222e1f208e23198b6ae7e2c6a1033ae84e99bc6bce4f82a387?s=96&d=mm&r=g","width":96,"height":96,"caption":"Encontra Campo Belo"}},{"@type":"WebPage","@id":"https:\/\/www.encontracampobelo.com.br\/sobre\/com-13-casos-de-sarampo-sao-paulo-alerta-para-reforco-na-vacinacao\/#webpage","url":"https:\/\/www.encontracampobelo.com.br\/sobre\/com-13-casos-de-sarampo-sao-paulo-alerta-para-reforco-na-vacinacao\/","name":"Com 13 casos de sarampo, S\u00e3o Paulo alerta para refor\u00e7o na vacina\u00e7\u00e3o | Encontra Campo Belo","description":"Sarampo atinge S\u00e3o Paulo; refor\u00e7o na vacina\u00e7\u00e3o \u00e9 crucial para beb\u00eas.","inLanguage":"pt-BR","isPartOf":{"@id":"https:\/\/www.encontracampobelo.com.br\/sobre\/#website"},"breadcrumb":{"@id":"https:\/\/www.encontracampobelo.com.br\/sobre\/com-13-casos-de-sarampo-sao-paulo-alerta-para-reforco-na-vacinacao\/#breadcrumblist"},"author":{"@id":"https:\/\/www.encontracampobelo.com.br\/sobre\/author\/ecampobelo\/#author"},"creator":{"@id":"https:\/\/www.encontracampobelo.com.br\/sobre\/author\/ecampobelo\/#author"},"image":{"@type":"ImageObject","url":"https:\/\/www.encontracampobelo.com.br\/sobre\/wp-content\/uploads\/2026\/08\/com-13-casos-de-sarampo-sao-paulo-alerta-para-reforco-na-vacinacao.webp","@id":"https:\/\/www.encontracampobelo.com.br\/sobre\/com-13-casos-de-sarampo-sao-paulo-alerta-para-reforco-na-vacinacao\/#mainImage","width":280,"height":280,"caption":"sarampo"},"primaryImageOfPage":{"@id":"https:\/\/www.encontracampobelo.com.br\/sobre\/com-13-casos-de-sarampo-sao-paulo-alerta-para-reforco-na-vacinacao\/#mainImage"},"datePublished":"2026-08-20T22:57:10-02:00","dateModified":"2026-08-20T22:57:10-02:00"},{"@type":"WebSite","@id":"https:\/\/www.encontracampobelo.com.br\/sobre\/#website","url":"https:\/\/www.encontracampobelo.com.br\/sobre\/","name":"Encontra  Campo Belo","description":"Not\u00edcias, eventos, informa\u00e7\u00f5es e dicas no bairro do Campo Belo e regi\u00e3o.","inLanguage":"pt-BR","publisher":{"@id":"https:\/\/www.encontracampobelo.com.br\/sobre\/#organization"}}]},"og:locale":"pt_BR","og:site_name":"Encontra  Campo Belo | Not\u00edcias, eventos, informa\u00e7\u00f5es e dicas no bairro do Campo Belo e regi\u00e3o.","og:type":"article","og:title":"Com 13 casos de sarampo, S\u00e3o Paulo alerta para refor\u00e7o na vacina\u00e7\u00e3o | Encontra Campo Belo","og:description":"Sarampo atinge S\u00e3o Paulo; refor\u00e7o na vacina\u00e7\u00e3o \u00e9 crucial para beb\u00eas.","og:url":"https:\/\/www.encontracampobelo.com.br\/sobre\/com-13-casos-de-sarampo-sao-paulo-alerta-para-reforco-na-vacinacao\/","article:published_time":"2026-08-21T00:57:10+00:00","article:modified_time":"2026-08-21T00:57:10+00:00","twitter:card":"summary_large_image","twitter:title":"Com 13 casos de sarampo, S\u00e3o Paulo alerta para refor\u00e7o na vacina\u00e7\u00e3o | Encontra Campo Belo","twitter:description":"Sarampo atinge S\u00e3o Paulo; refor\u00e7o na vacina\u00e7\u00e3o \u00e9 crucial para beb\u00eas."},"aioseo_meta_data":{"post_id":"2460","title":null,"description":null,"keywords":null,"keyphrases":null,"primary_term":null,"canonical_url":null,"og_title":null,"og_description":null,"og_object_type":"default","og_image_type":"default","og_image_url":null,"og_image_width":null,"og_image_height":null,"og_image_custom_url":null,"og_image_custom_fields":null,"og_video":null,"og_custom_url":null,"og_article_section":null,"og_article_tags":null,"twitter_use_og":false,"twitter_card":"default","twitter_image_type":"default","twitter_image_url":null,"twitter_image_custom_url":null,"twitter_image_custom_fields":null,"twitter_title":null,"twitter_description":null,"schema":{"blockGraphs":[],"customGraphs":[],"default":{"data":{"Article":[],"Course":[],"Dataset":[],"FAQPage":[],"Movie":[],"Person":[],"Product":[],"ProductReview":[],"Car":[],"Recipe":[],"Service":[],"SoftwareApplication":[],"WebPage":[]},"graphName":"Article","isEnabled":true},"graphs":[]},"schema_type":"default","schema_type_options":null,"pillar_content":false,"robots_default":true,"robots_noindex":false,"robots_noarchive":false,"robots_nosnippet":false,"robots_nofollow":false,"robots_noimageindex":false,"robots_noodp":false,"robots_notranslate":false,"robots_max_snippet":null,"robots_max_videopreview":null,"robots_max_imagepreview":"large","priority":null,"frequency":null,"local_seo":null,"breadcrumb_settings":null,"limit_modified_date":false,"ai":null,"created":"2026-08-21 00:57:12","updated":"2026-08-21 02:16:55","focus_keyword":null,"additional_keywords":null,"truseo_locale":null,"seo_analyzer_scan_date":null},"aioseo_breadcrumb":"<div class=\"aioseo-breadcrumbs\"><span class=\"aioseo-breadcrumb\">\n\t\t\t<a href=\"https:\/\/www.encontracampobelo.com.br\/sobre\" title=\"In\u00edcio\">In\u00edcio<\/a>\n\t\t<\/span><span class=\"aioseo-breadcrumb-separator\">&raquo;<\/span><span class=\"aioseo-breadcrumb\">\n\t\t\t<a href=\"https:\/\/www.encontracampobelo.com.br\/sobre\/saude-no-campo-belo\/\" title=\"Sa\u00fade Campo Belo\">Sa\u00fade Campo Belo<\/a>\n\t\t<\/span><span class=\"aioseo-breadcrumb-separator\">&raquo;<\/span><span class=\"aioseo-breadcrumb\">\n\t\t\tCom 13 casos de sarampo, S\u00e3o Paulo alerta para refor\u00e7o na vacina\u00e7\u00e3o\n\t\t<\/span><\/div>","aioseo_breadcrumb_json":[{"label":"In\u00edcio","link":"https:\/\/www.encontracampobelo.com.br\/sobre"},{"label":"Sa\u00fade Campo Belo","link":"https:\/\/www.encontracampobelo.com.br\/sobre\/saude-no-campo-belo\/"},{"label":"Com 13 casos de sarampo, S\u00e3o Paulo alerta para refor\u00e7o na vacina\u00e7\u00e3o","link":"https:\/\/www.encontracampobelo.com.br\/sobre\/com-13-casos-de-sarampo-sao-paulo-alerta-para-reforco-na-vacinacao\/"}],"_links":{"self":[{"href":"https:\/\/www.encontracampobelo.com.br\/sobre\/wp-json\/wp\/v2\/posts\/2460","targetHints":{"allow":["GET"]}}],"collection":[{"href":"https:\/\/www.encontracampobelo.com.br\/sobre\/wp-json\/wp\/v2\/posts"}],"about":[{"href":"https:\/\/www.encontracampobelo.com.br\/sobre\/wp-json\/wp\/v2\/types\/post"}],"author":[{"embeddable":true,"href":"https:\/\/www.encontracampobelo.com.br\/sobre\/wp-json\/wp\/v2\/users\/1"}],"replies":[{"embeddable":true,"href":"https:\/\/www.encontracampobelo.com.br\/sobre\/wp-json\/wp\/v2\/comments?post=2460"}],"version-history":[{"count":0,"href":"https:\/\/www.encontracampobelo.com.br\/sobre\/wp-json\/wp\/v2\/posts\/2460\/revisions"}],"wp:featuredmedia":[{"embeddable":true,"href":"https:\/\/www.encontracampobelo.com.br\/sobre\/wp-json\/wp\/v2\/media\/2459"}],"wp:attachment":[{"href":"https:\/\/www.encontracampobelo.com.br\/sobre\/wp-json\/wp\/v2\/media?parent=2460"}],"wp:term":[{"taxonomy":"category","embeddable":true,"href":"https:\/\/www.encontracampobelo.com.br\/sobre\/wp-json\/wp\/v2\/categories?post=2460"},{"taxonomy":"post_tag","embeddable":true,"href":"https:\/\/www.encontracampobelo.com.br\/sobre\/wp-json\/wp\/v2\/tags?post=2460"}],"curies":[{"name":"wp","href":"https:\/\/api.w.org\/{rel}","templated":true}]}}