{"id":2462,"date":"2026-08-20T22:58:56","date_gmt":"2026-08-21T00:58:56","guid":{"rendered":"https:\/\/www.encontracampobelo.com.br\/sobre\/estado-de-sao-paulo-confirma-23-casos-de-sarampo-16-nao-se-vacinaram\/"},"modified":"2026-08-20T22:58:56","modified_gmt":"2026-08-21T00:58:56","slug":"estado-de-sao-paulo-confirma-23-casos-de-sarampo-16-nao-se-vacinaram","status":"publish","type":"post","link":"https:\/\/www.encontracampobelo.com.br\/sobre\/estado-de-sao-paulo-confirma-23-casos-de-sarampo-16-nao-se-vacinaram\/","title":{"rendered":"Estado de S\u00e3o Paulo confirma 23 casos de sarampo; 16 n\u00e3o se vacinaram"},"content":{"rendered":"<div class=\"1cfda93c6640a8762b4fe319eb685dc5\" data-index=\"1\" style=\"float: none; margin:0px;\">\n<!-- Anuncio display - global -->\r\n<ins class=\"adsbygoogle\"\r\n     style=\"display:block\"\r\n     data-ad-client=\"ca-pub-8585364105181520\"\r\n     data-ad-slot=\"8789329856\"\r\n     data-ad-format=\"auto\"\r\n     data-full-width-responsive=\"true\"><\/ins>\r\n<script>\r\n     (adsbygoogle = window.adsbygoogle || []).push({});\r\n<\/script>\n<\/div>\n<h2>O que \u00e9 Sarampo e Como se Transmite?<\/h2>\n<p>O sarampo \u00e9 uma infec\u00e7\u00e3o viral altamente contagiosa que se espalha por meio de got\u00edculas respirat\u00f3rias. Este v\u00edrus \u00e9 conhecido por causar surtos, especialmente em \u00e1reas onde a vacina\u00e7\u00e3o n\u00e3o \u00e9 amplamente aceita. A transmiss\u00e3o ocorre quando uma pessoa infectada tosse, espirra ou fala, liberando part\u00edculas virais que podem permanecer no ar por v\u00e1rias horas. Al\u00e9m disso, o v\u00edrus pode ser transmitido mesmo antes que a pessoa apresente sintomas, aumentando o risco de cont\u00e1gio em popula\u00e7\u00f5es vulner\u00e1veis.<\/p>\n<h2>Casos Confirmados em S\u00e3o Paulo: Um Alerta<\/h2>\n<p>Recentemente, o estado de S\u00e3o Paulo registrou um total de 23 casos confirmados de sarampo. Desses, 16 pacientes n\u00e3o estavam vacinados ou tinham sua imuniza\u00e7\u00e3o incompleta. Entre os casos, h\u00e1 dois que foram importados, enquanto os outros est\u00e3o relacionados a esses primeiros casos. A maioria das ocorr\u00eancias est\u00e1 concentrada na capital, com 20 casos, al\u00e9m de um registro em Guarulhos e dois em S\u00e3o Bernardo do Campo.<\/p>\n<h2>Import\u00e2ncia da Vacina\u00e7\u00e3o Contra o Sarampo<\/h2>\n<p>A vacina\u00e7\u00e3o \u00e9 o m\u00e9todo mais eficaz na preven\u00e7\u00e3o do sarampo. \u00c9 fundamental que a popula\u00e7\u00e3o esteja ciente da import\u00e2ncia de manter a vacina\u00e7\u00e3o em dia, n\u00e3o s\u00f3 para prote\u00e7\u00e3o individual, mas tamb\u00e9m para a comunidade. A imuniza\u00e7\u00e3o em massa ajuda a criar a chamada &#8220;imunidade de rebanho&#8221;, dificultando a propaga\u00e7\u00e3o do v\u00edrus, especialmente entre aqueles que n\u00e3o podem se vacinar devido a condi\u00e7\u00f5es m\u00e9dicas.<\/p>\n<p><img decoding=\"async\" src=\"https:\/\/www.encontracampobelo.com.br\/sobre\/wp-content\/uploads\/2026\/08\/estado-de-sao-paulo-confirma-23-casos-de-sarampo-16-nao-se-vacinaram.webp\" alt=\"estado de s\u00e3o paulo casos de sarampo\" loading=\"lazy\" \/><\/p>\n<h2>Como Proteger a Sua Fam\u00edlia da Doen\u00e7a<\/h2>\n<p>Proteger a sua fam\u00edlia contra o sarampo envolve algumas etapas cruciais:<\/p>\n<ul>\n<li><strong>Mantenha as Vacinas em Dia:<\/strong> Verifique o hist\u00f3rico vacinal de crian\u00e7as e adultos na fam\u00edlia e atualize as vacinas conforme necess\u00e1rio.<\/li>\n<li><strong>Procure Unidades de Sa\u00fade:<\/strong> Leve todos, a partir de 6 meses at\u00e9 59 anos, para unidades de sa\u00fade e vacine-se, mesmo que j\u00e1 tenha sido vacinado anteriormente.<\/li>\n<li><strong>Fique Atento a Sintomas:<\/strong> Conhe\u00e7a os sintomas do sarampo, que incluem febre, tosse, coriza e manchas vermelhas na pele.<\/li>\n<\/ul>\n<h2>Complica\u00e7\u00f5es Associadas ao Sarampo<\/h2>\n<p>O sarampo n\u00e3o \u00e9 apenas uma doen\u00e7a com sintomas desagrad\u00e1veis; ele tamb\u00e9m pode levar a complica\u00e7\u00f5es graves. Entre as poss\u00edveis complica\u00e7\u00f5es est\u00e3o:<\/p>\n<ul>\n<li><strong>Encefalite:<\/strong> Uma inflama\u00e7\u00e3o cerebral que pode causar danos permanentes.<\/li>\n<li><strong>Pneumonia:<\/strong> Uma infec\u00e7\u00e3o pulmonar que \u00e9 uma das complica\u00e7\u00f5es mais comuns e perigosas do sarampo.<\/li>\n<li><strong>Amn\u00e9sia Imunol\u00f3gica:<\/strong> O v\u00edrus pode causar uma queda na efic\u00e1cia do sistema imunol\u00f3gico, tornando o indiv\u00edduo mais suscet\u00edvel a outras infec\u00e7\u00f5es.<\/li>\n<\/ul>\n<h2>Campanhas de Vacina\u00e7\u00e3o na Regi\u00e3o<\/h2>\n<p>Diante da recente confirma\u00e7\u00e3o dos casos, a Secretaria de Sa\u00fade do estado de S\u00e3o Paulo lan\u00e7ou uma campanha de vacina\u00e7\u00e3o. A iniciativa \u00e9 voltada principalmente para os moradores da capital, Guarulhos e S\u00e3o Bernardo do Campo, incentivando todos a se vacinarem, independentemente dos seus hist\u00f3ricos vacinais. \u00c9 uma oportunidade importante para aumentar as taxas de imuniza\u00e7\u00e3o na regi\u00e3o.<\/p>\n<h2>O Papel da Secretaria de Sa\u00fade<\/h2>\n<p>A Secretaria de Sa\u00fade desempenha um papel crucial no controle do sarampo, implementando estrat\u00e9gias de vacina\u00e7\u00e3o e monitoramento de surtos. Com a recente eleva\u00e7\u00e3o nos n\u00fameros de casos, a orienta\u00e7\u00e3o da secretaria \u00e9 intensificar a busca ativa por pessoas que n\u00e3o est\u00e3o vacinadas e assegurar que todos recebam suas doses em atraso, de acordo com o Calend\u00e1rio Nacional de Vacina\u00e7\u00e3o.<\/p>\n<h2>Mitos e Verdades Sobre a Vacina\u00e7\u00e3o<\/h2>\n<p>Existem muitos mitos relacionados \u00e0 vacina\u00e7\u00e3o que devem ser esclarecidos. Algumas verdades incluem:<\/p>\n<ul>\n<li><strong>A vacina\u00e7\u00e3o n\u00e3o causa autismo:<\/strong> Estudos cient\u00edficos s\u00f3lidos demonstram que n\u00e3o h\u00e1 liga\u00e7\u00e3o entre vacinas e autismo.<\/li>\n<li><strong>Vacinas protegem contra doen\u00e7as perigosas:<\/strong> A preven\u00e7\u00e3o \u00e9 muito mais segura e eficaz do que contrair a doen\u00e7a e lidar com suas complica\u00e7\u00f5es.<\/li>\n<li><strong>Imunidade coletiva \u00e9 essencial:<\/strong> Para proteger aqueles que n\u00e3o podem ser vacinados, \u00e9 vital que a maioria da popula\u00e7\u00e3o esteja vacinada.<\/li>\n<\/ul>\n<h2>Responsabilidade Coletiva na Imuniza\u00e7\u00e3o<\/h2>\n<p>O combate ao sarampo \u00e9 uma responsabilidade coletiva. Quando as taxas de vacina\u00e7\u00e3o caem, aumentam as chances de surtos. Portanto, cada integrante da comunidade deve entender sua parte na prote\u00e7\u00e3o comum. Al\u00e9m de se vacinar, \u00e9 importante educar amigos e familiares sobre a import\u00e2ncia da imuniza\u00e7\u00e3o, promovendo um ambiente mais saud\u00e1vel e seguro para todos.<\/p>\n<h2>O Que Fazer em Caso de Sintomas<\/h2>\n<p>Se algu\u00e9m em sua fam\u00edlia apresentar sintomas de sarampo, \u00e9 importante agir rapidamente:<\/p>\n<ul>\n<li><strong>Consulte um M\u00e9dico:<\/strong> N\u00e3o ignore os sintomas, procure um profissional de sa\u00fade imediatamente.<\/li>\n<li><strong>Evite o Contato com Outras Pessoas:<\/strong> Minimize a exposi\u00e7\u00e3o ao cont\u00e1gio, isolando o indiv\u00edduo at\u00e9 que um diagn\u00f3stico seja confirmado.<\/li>\n<li><strong>Notifique as Autoridades de Sa\u00fade:<\/strong> Caso seja confirmado o sarampo, relate \u00e0 Secretaria de Sa\u00fade para ajudar no controle do surto.<\/li>\n<\/ul>\n\n<div style=\"font-size: 0px; height: 0px; line-height: 0px; margin: 0; padding: 0; clear: both;\"><\/div>","protected":false},"excerpt":{"rendered":"<p>Casos de sarampo aumentam em S\u00e3o Paulo. \u00c9 vital se vacinar.<\/p>\n","protected":false},"author":1,"featured_media":2461,"comment_status":"open","ping_status":"closed","sticky":false,"template":"","format":"standard","meta":{"footnotes":""},"categories":[33],"tags":[],"class_list":["post-2462","post","type-post","status-publish","format-standard","has-post-thumbnail","hentry","category-saude-no-campo-belo","has_thumb"],"aioseo_notices":[],"aioseo_head":"\n\t\t<!-- All in One SEO 5.0.0.1 - aioseo.com -->\n\t<meta name=\"description\" content=\"Casos de sarampo aumentam em S\u00e3o Paulo. \u00c9 vital se vacinar.\" \/>\n\t<meta name=\"robots\" content=\"max-image-preview:large\" \/>\n\t<meta name=\"author\" content=\"Encontra Campo Belo\"\/>\n\t<link rel=\"canonical\" href=\"https:\/\/www.encontracampobelo.com.br\/sobre\/estado-de-sao-paulo-confirma-23-casos-de-sarampo-16-nao-se-vacinaram\/\" \/>\n\t<meta name=\"generator\" content=\"All in One SEO (AIOSEO) 5.0.0.1\" \/>\n\t\t<meta property=\"og:locale\" content=\"pt_BR\" \/>\n\t\t<meta property=\"og:site_name\" content=\"Encontra  Campo Belo | Not\u00edcias, eventos, informa\u00e7\u00f5es e dicas no bairro do Campo Belo e regi\u00e3o.\" \/>\n\t\t<meta property=\"og:type\" content=\"article\" \/>\n\t\t<meta property=\"og:title\" content=\"Estado de S\u00e3o Paulo confirma 23 casos de sarampo; 16 n\u00e3o se vacinaram | Encontra Campo Belo\" \/>\n\t\t<meta property=\"og:description\" content=\"Casos de sarampo aumentam em S\u00e3o Paulo. \u00c9 vital se vacinar.\" \/>\n\t\t<meta property=\"og:url\" content=\"https:\/\/www.encontracampobelo.com.br\/sobre\/estado-de-sao-paulo-confirma-23-casos-de-sarampo-16-nao-se-vacinaram\/\" \/>\n\t\t<meta property=\"article:published_time\" content=\"2026-08-21T00:58:56+00:00\" \/>\n\t\t<meta property=\"article:modified_time\" content=\"2026-08-21T00:58:56+00:00\" \/>\n\t\t<meta name=\"twitter:card\" content=\"summary_large_image\" \/>\n\t\t<meta name=\"twitter:title\" content=\"Estado de S\u00e3o Paulo confirma 23 casos de sarampo; 16 n\u00e3o se vacinaram | Encontra Campo Belo\" \/>\n\t\t<meta name=\"twitter:description\" content=\"Casos de sarampo aumentam em S\u00e3o Paulo. \u00c9 vital se vacinar.\" \/>\n\t\t<script type=\"application\/ld+json\" class=\"aioseo-schema\">\n\t\t\t{\"@context\":\"https:\\\/\\\/schema.org\",\"@graph\":[{\"@type\":\"Article\",\"@id\":\"https:\\\/\\\/www.encontracampobelo.com.br\\\/sobre\\\/estado-de-sao-paulo-confirma-23-casos-de-sarampo-16-nao-se-vacinaram\\\/#article\",\"name\":\"Estado de S\\u00e3o Paulo confirma 23 casos de sarampo; 16 n\\u00e3o se vacinaram | Encontra Campo Belo\",\"headline\":\"Estado de S\\u00e3o Paulo confirma 23 casos de sarampo; 16 n\\u00e3o se vacinaram\",\"author\":{\"@id\":\"https:\\\/\\\/www.encontracampobelo.com.br\\\/sobre\\\/author\\\/ecampobelo\\\/#author\"},\"publisher\":{\"@id\":\"https:\\\/\\\/www.encontracampobelo.com.br\\\/sobre\\\/#organization\"},\"image\":{\"@type\":\"ImageObject\",\"url\":\"https:\\\/\\\/www.encontracampobelo.com.br\\\/sobre\\\/wp-content\\\/uploads\\\/2026\\\/08\\\/estado-de-sao-paulo-confirma-23-casos-de-sarampo-16-nao-se-vacinaram.webp\",\"width\":280,\"height\":280,\"caption\":\"estado de s\\u00e3o paulo casos de sarampo\"},\"datePublished\":\"2026-08-20T22:58:56-02:00\",\"dateModified\":\"2026-08-20T22:58:56-02:00\",\"inLanguage\":\"pt-BR\",\"mainEntityOfPage\":{\"@id\":\"https:\\\/\\\/www.encontracampobelo.com.br\\\/sobre\\\/estado-de-sao-paulo-confirma-23-casos-de-sarampo-16-nao-se-vacinaram\\\/#webpage\"},\"isPartOf\":{\"@id\":\"https:\\\/\\\/www.encontracampobelo.com.br\\\/sobre\\\/estado-de-sao-paulo-confirma-23-casos-de-sarampo-16-nao-se-vacinaram\\\/#webpage\"},\"articleSection\":\"Sa\\u00fade Campo Belo\"},{\"@type\":\"BreadcrumbList\",\"@id\":\"https:\\\/\\\/www.encontracampobelo.com.br\\\/sobre\\\/estado-de-sao-paulo-confirma-23-casos-de-sarampo-16-nao-se-vacinaram\\\/#breadcrumblist\",\"itemListElement\":[{\"@type\":\"ListItem\",\"@id\":\"https:\\\/\\\/www.encontracampobelo.com.br\\\/sobre#listItem\",\"position\":1,\"name\":\"In\\u00edcio\",\"item\":\"https:\\\/\\\/www.encontracampobelo.com.br\\\/sobre\",\"nextItem\":{\"@type\":\"ListItem\",\"@id\":\"https:\\\/\\\/www.encontracampobelo.com.br\\\/sobre\\\/saude-no-campo-belo\\\/#listItem\",\"name\":\"Sa\\u00fade Campo Belo\"}},{\"@type\":\"ListItem\",\"@id\":\"https:\\\/\\\/www.encontracampobelo.com.br\\\/sobre\\\/saude-no-campo-belo\\\/#listItem\",\"position\":2,\"name\":\"Sa\\u00fade Campo Belo\",\"item\":\"https:\\\/\\\/www.encontracampobelo.com.br\\\/sobre\\\/saude-no-campo-belo\\\/\",\"nextItem\":{\"@type\":\"ListItem\",\"@id\":\"https:\\\/\\\/www.encontracampobelo.com.br\\\/sobre\\\/estado-de-sao-paulo-confirma-23-casos-de-sarampo-16-nao-se-vacinaram\\\/#listItem\",\"name\":\"Estado de S\\u00e3o Paulo confirma 23 casos de sarampo; 16 n\\u00e3o se vacinaram\"},\"previousItem\":{\"@type\":\"ListItem\",\"@id\":\"https:\\\/\\\/www.encontracampobelo.com.br\\\/sobre#listItem\",\"name\":\"In\\u00edcio\"}},{\"@type\":\"ListItem\",\"@id\":\"https:\\\/\\\/www.encontracampobelo.com.br\\\/sobre\\\/estado-de-sao-paulo-confirma-23-casos-de-sarampo-16-nao-se-vacinaram\\\/#listItem\",\"position\":3,\"name\":\"Estado de S\\u00e3o Paulo confirma 23 casos de sarampo; 16 n\\u00e3o se vacinaram\",\"previousItem\":{\"@type\":\"ListItem\",\"@id\":\"https:\\\/\\\/www.encontracampobelo.com.br\\\/sobre\\\/saude-no-campo-belo\\\/#listItem\",\"name\":\"Sa\\u00fade Campo Belo\"}}]},{\"@type\":\"Organization\",\"@id\":\"https:\\\/\\\/www.encontracampobelo.com.br\\\/sobre\\\/#organization\",\"name\":\"Encontra  Campo Belo\",\"description\":\"Not\\u00edcias, eventos, informa\\u00e7\\u00f5es e dicas no bairro do Campo Belo e regi\\u00e3o.\",\"url\":\"https:\\\/\\\/www.encontracampobelo.com.br\\\/sobre\\\/\"},{\"@type\":\"Person\",\"@id\":\"https:\\\/\\\/www.encontracampobelo.com.br\\\/sobre\\\/author\\\/ecampobelo\\\/#author\",\"url\":\"https:\\\/\\\/www.encontracampobelo.com.br\\\/sobre\\\/author\\\/ecampobelo\\\/\",\"name\":\"Encontra Campo Belo\",\"image\":{\"@type\":\"ImageObject\",\"@id\":\"https:\\\/\\\/www.encontracampobelo.com.br\\\/sobre\\\/estado-de-sao-paulo-confirma-23-casos-de-sarampo-16-nao-se-vacinaram\\\/#authorImage\",\"url\":\"https:\\\/\\\/secure.gravatar.com\\\/avatar\\\/507340682b8270222e1f208e23198b6ae7e2c6a1033ae84e99bc6bce4f82a387?s=96&d=mm&r=g\",\"width\":96,\"height\":96,\"caption\":\"Encontra Campo Belo\"}},{\"@type\":\"WebPage\",\"@id\":\"https:\\\/\\\/www.encontracampobelo.com.br\\\/sobre\\\/estado-de-sao-paulo-confirma-23-casos-de-sarampo-16-nao-se-vacinaram\\\/#webpage\",\"url\":\"https:\\\/\\\/www.encontracampobelo.com.br\\\/sobre\\\/estado-de-sao-paulo-confirma-23-casos-de-sarampo-16-nao-se-vacinaram\\\/\",\"name\":\"Estado de S\\u00e3o Paulo confirma 23 casos de sarampo; 16 n\\u00e3o se vacinaram | Encontra Campo Belo\",\"description\":\"Casos de sarampo aumentam em S\\u00e3o Paulo. \\u00c9 vital se vacinar.\",\"inLanguage\":\"pt-BR\",\"isPartOf\":{\"@id\":\"https:\\\/\\\/www.encontracampobelo.com.br\\\/sobre\\\/#website\"},\"breadcrumb\":{\"@id\":\"https:\\\/\\\/www.encontracampobelo.com.br\\\/sobre\\\/estado-de-sao-paulo-confirma-23-casos-de-sarampo-16-nao-se-vacinaram\\\/#breadcrumblist\"},\"author\":{\"@id\":\"https:\\\/\\\/www.encontracampobelo.com.br\\\/sobre\\\/author\\\/ecampobelo\\\/#author\"},\"creator\":{\"@id\":\"https:\\\/\\\/www.encontracampobelo.com.br\\\/sobre\\\/author\\\/ecampobelo\\\/#author\"},\"image\":{\"@type\":\"ImageObject\",\"url\":\"https:\\\/\\\/www.encontracampobelo.com.br\\\/sobre\\\/wp-content\\\/uploads\\\/2026\\\/08\\\/estado-de-sao-paulo-confirma-23-casos-de-sarampo-16-nao-se-vacinaram.webp\",\"@id\":\"https:\\\/\\\/www.encontracampobelo.com.br\\\/sobre\\\/estado-de-sao-paulo-confirma-23-casos-de-sarampo-16-nao-se-vacinaram\\\/#mainImage\",\"width\":280,\"height\":280,\"caption\":\"estado de s\\u00e3o paulo casos de sarampo\"},\"primaryImageOfPage\":{\"@id\":\"https:\\\/\\\/www.encontracampobelo.com.br\\\/sobre\\\/estado-de-sao-paulo-confirma-23-casos-de-sarampo-16-nao-se-vacinaram\\\/#mainImage\"},\"datePublished\":\"2026-08-20T22:58:56-02:00\",\"dateModified\":\"2026-08-20T22:58:56-02:00\"},{\"@type\":\"WebSite\",\"@id\":\"https:\\\/\\\/www.encontracampobelo.com.br\\\/sobre\\\/#website\",\"url\":\"https:\\\/\\\/www.encontracampobelo.com.br\\\/sobre\\\/\",\"name\":\"Encontra  Campo Belo\",\"description\":\"Not\\u00edcias, eventos, informa\\u00e7\\u00f5es e dicas no bairro do Campo Belo e regi\\u00e3o.\",\"inLanguage\":\"pt-BR\",\"publisher\":{\"@id\":\"https:\\\/\\\/www.encontracampobelo.com.br\\\/sobre\\\/#organization\"}}]}\n\t\t<\/script>\n\t\t<!-- All in One SEO -->\n\n","aioseo_head_json":{"title":"Estado de S\u00e3o Paulo confirma 23 casos de sarampo; 16 n\u00e3o se vacinaram | Encontra Campo Belo","description":"Casos de sarampo aumentam em S\u00e3o Paulo. \u00c9 vital se vacinar.","canonical_url":"https:\/\/www.encontracampobelo.com.br\/sobre\/estado-de-sao-paulo-confirma-23-casos-de-sarampo-16-nao-se-vacinaram\/","robots":"max-image-preview:large","keywords":"","webmasterTools":{"miscellaneous":""},"schema":{"@context":"https:\/\/schema.org","@graph":[{"@type":"Article","@id":"https:\/\/www.encontracampobelo.com.br\/sobre\/estado-de-sao-paulo-confirma-23-casos-de-sarampo-16-nao-se-vacinaram\/#article","name":"Estado de S\u00e3o Paulo confirma 23 casos de sarampo; 16 n\u00e3o se vacinaram | Encontra Campo Belo","headline":"Estado de S\u00e3o Paulo confirma 23 casos de sarampo; 16 n\u00e3o se vacinaram","author":{"@id":"https:\/\/www.encontracampobelo.com.br\/sobre\/author\/ecampobelo\/#author"},"publisher":{"@id":"https:\/\/www.encontracampobelo.com.br\/sobre\/#organization"},"image":{"@type":"ImageObject","url":"https:\/\/www.encontracampobelo.com.br\/sobre\/wp-content\/uploads\/2026\/08\/estado-de-sao-paulo-confirma-23-casos-de-sarampo-16-nao-se-vacinaram.webp","width":280,"height":280,"caption":"estado de s\u00e3o paulo casos de sarampo"},"datePublished":"2026-08-20T22:58:56-02:00","dateModified":"2026-08-20T22:58:56-02:00","inLanguage":"pt-BR","mainEntityOfPage":{"@id":"https:\/\/www.encontracampobelo.com.br\/sobre\/estado-de-sao-paulo-confirma-23-casos-de-sarampo-16-nao-se-vacinaram\/#webpage"},"isPartOf":{"@id":"https:\/\/www.encontracampobelo.com.br\/sobre\/estado-de-sao-paulo-confirma-23-casos-de-sarampo-16-nao-se-vacinaram\/#webpage"},"articleSection":"Sa\u00fade Campo Belo"},{"@type":"BreadcrumbList","@id":"https:\/\/www.encontracampobelo.com.br\/sobre\/estado-de-sao-paulo-confirma-23-casos-de-sarampo-16-nao-se-vacinaram\/#breadcrumblist","itemListElement":[{"@type":"ListItem","@id":"https:\/\/www.encontracampobelo.com.br\/sobre#listItem","position":1,"name":"In\u00edcio","item":"https:\/\/www.encontracampobelo.com.br\/sobre","nextItem":{"@type":"ListItem","@id":"https:\/\/www.encontracampobelo.com.br\/sobre\/saude-no-campo-belo\/#listItem","name":"Sa\u00fade Campo Belo"}},{"@type":"ListItem","@id":"https:\/\/www.encontracampobelo.com.br\/sobre\/saude-no-campo-belo\/#listItem","position":2,"name":"Sa\u00fade Campo Belo","item":"https:\/\/www.encontracampobelo.com.br\/sobre\/saude-no-campo-belo\/","nextItem":{"@type":"ListItem","@id":"https:\/\/www.encontracampobelo.com.br\/sobre\/estado-de-sao-paulo-confirma-23-casos-de-sarampo-16-nao-se-vacinaram\/#listItem","name":"Estado de S\u00e3o Paulo confirma 23 casos de sarampo; 16 n\u00e3o se vacinaram"},"previousItem":{"@type":"ListItem","@id":"https:\/\/www.encontracampobelo.com.br\/sobre#listItem","name":"In\u00edcio"}},{"@type":"ListItem","@id":"https:\/\/www.encontracampobelo.com.br\/sobre\/estado-de-sao-paulo-confirma-23-casos-de-sarampo-16-nao-se-vacinaram\/#listItem","position":3,"name":"Estado de S\u00e3o Paulo confirma 23 casos de sarampo; 16 n\u00e3o se vacinaram","previousItem":{"@type":"ListItem","@id":"https:\/\/www.encontracampobelo.com.br\/sobre\/saude-no-campo-belo\/#listItem","name":"Sa\u00fade Campo Belo"}}]},{"@type":"Organization","@id":"https:\/\/www.encontracampobelo.com.br\/sobre\/#organization","name":"Encontra  Campo Belo","description":"Not\u00edcias, eventos, informa\u00e7\u00f5es e dicas no bairro do Campo Belo e regi\u00e3o.","url":"https:\/\/www.encontracampobelo.com.br\/sobre\/"},{"@type":"Person","@id":"https:\/\/www.encontracampobelo.com.br\/sobre\/author\/ecampobelo\/#author","url":"https:\/\/www.encontracampobelo.com.br\/sobre\/author\/ecampobelo\/","name":"Encontra Campo Belo","image":{"@type":"ImageObject","@id":"https:\/\/www.encontracampobelo.com.br\/sobre\/estado-de-sao-paulo-confirma-23-casos-de-sarampo-16-nao-se-vacinaram\/#authorImage","url":"https:\/\/secure.gravatar.com\/avatar\/507340682b8270222e1f208e23198b6ae7e2c6a1033ae84e99bc6bce4f82a387?s=96&d=mm&r=g","width":96,"height":96,"caption":"Encontra Campo Belo"}},{"@type":"WebPage","@id":"https:\/\/www.encontracampobelo.com.br\/sobre\/estado-de-sao-paulo-confirma-23-casos-de-sarampo-16-nao-se-vacinaram\/#webpage","url":"https:\/\/www.encontracampobelo.com.br\/sobre\/estado-de-sao-paulo-confirma-23-casos-de-sarampo-16-nao-se-vacinaram\/","name":"Estado de S\u00e3o Paulo confirma 23 casos de sarampo; 16 n\u00e3o se vacinaram | Encontra Campo Belo","description":"Casos de sarampo aumentam em S\u00e3o Paulo. \u00c9 vital se vacinar.","inLanguage":"pt-BR","isPartOf":{"@id":"https:\/\/www.encontracampobelo.com.br\/sobre\/#website"},"breadcrumb":{"@id":"https:\/\/www.encontracampobelo.com.br\/sobre\/estado-de-sao-paulo-confirma-23-casos-de-sarampo-16-nao-se-vacinaram\/#breadcrumblist"},"author":{"@id":"https:\/\/www.encontracampobelo.com.br\/sobre\/author\/ecampobelo\/#author"},"creator":{"@id":"https:\/\/www.encontracampobelo.com.br\/sobre\/author\/ecampobelo\/#author"},"image":{"@type":"ImageObject","url":"https:\/\/www.encontracampobelo.com.br\/sobre\/wp-content\/uploads\/2026\/08\/estado-de-sao-paulo-confirma-23-casos-de-sarampo-16-nao-se-vacinaram.webp","@id":"https:\/\/www.encontracampobelo.com.br\/sobre\/estado-de-sao-paulo-confirma-23-casos-de-sarampo-16-nao-se-vacinaram\/#mainImage","width":280,"height":280,"caption":"estado de s\u00e3o paulo casos de sarampo"},"primaryImageOfPage":{"@id":"https:\/\/www.encontracampobelo.com.br\/sobre\/estado-de-sao-paulo-confirma-23-casos-de-sarampo-16-nao-se-vacinaram\/#mainImage"},"datePublished":"2026-08-20T22:58:56-02:00","dateModified":"2026-08-20T22:58:56-02:00"},{"@type":"WebSite","@id":"https:\/\/www.encontracampobelo.com.br\/sobre\/#website","url":"https:\/\/www.encontracampobelo.com.br\/sobre\/","name":"Encontra  Campo Belo","description":"Not\u00edcias, eventos, informa\u00e7\u00f5es e dicas no bairro do Campo Belo e regi\u00e3o.","inLanguage":"pt-BR","publisher":{"@id":"https:\/\/www.encontracampobelo.com.br\/sobre\/#organization"}}]},"og:locale":"pt_BR","og:site_name":"Encontra  Campo Belo | Not\u00edcias, eventos, informa\u00e7\u00f5es e dicas no bairro do Campo Belo e regi\u00e3o.","og:type":"article","og:title":"Estado de S\u00e3o Paulo confirma 23 casos de sarampo; 16 n\u00e3o se vacinaram | Encontra Campo Belo","og:description":"Casos de sarampo aumentam em S\u00e3o Paulo. \u00c9 vital se vacinar.","og:url":"https:\/\/www.encontracampobelo.com.br\/sobre\/estado-de-sao-paulo-confirma-23-casos-de-sarampo-16-nao-se-vacinaram\/","article:published_time":"2026-08-21T00:58:56+00:00","article:modified_time":"2026-08-21T00:58:56+00:00","twitter:card":"summary_large_image","twitter:title":"Estado de S\u00e3o Paulo confirma 23 casos de sarampo; 16 n\u00e3o se vacinaram | Encontra Campo Belo","twitter:description":"Casos de sarampo aumentam em S\u00e3o Paulo. \u00c9 vital se vacinar."},"aioseo_meta_data":{"post_id":"2462","title":null,"description":null,"keywords":null,"keyphrases":null,"primary_term":null,"canonical_url":null,"og_title":null,"og_description":null,"og_object_type":"default","og_image_type":"default","og_image_url":null,"og_image_width":null,"og_image_height":null,"og_image_custom_url":null,"og_image_custom_fields":null,"og_video":null,"og_custom_url":null,"og_article_section":null,"og_article_tags":null,"twitter_use_og":false,"twitter_card":"default","twitter_image_type":"default","twitter_image_url":null,"twitter_image_custom_url":null,"twitter_image_custom_fields":null,"twitter_title":null,"twitter_description":null,"schema":{"blockGraphs":[],"customGraphs":[],"default":{"data":{"Article":[],"Course":[],"Dataset":[],"FAQPage":[],"Movie":[],"Person":[],"Product":[],"ProductReview":[],"Car":[],"Recipe":[],"Service":[],"SoftwareApplication":[],"WebPage":[]},"graphName":"Article","isEnabled":true},"graphs":[]},"schema_type":"default","schema_type_options":null,"pillar_content":false,"robots_default":true,"robots_noindex":false,"robots_noarchive":false,"robots_nosnippet":false,"robots_nofollow":false,"robots_noimageindex":false,"robots_noodp":false,"robots_notranslate":false,"robots_max_snippet":null,"robots_max_videopreview":null,"robots_max_imagepreview":"large","priority":null,"frequency":null,"local_seo":null,"breadcrumb_settings":null,"limit_modified_date":false,"ai":null,"created":"2026-08-21 00:58:57","updated":"2026-08-21 02:16:55","focus_keyword":null,"additional_keywords":null,"truseo_locale":null,"seo_analyzer_scan_date":null},"aioseo_breadcrumb":"<div class=\"aioseo-breadcrumbs\"><span class=\"aioseo-breadcrumb\">\n\t\t\t<a href=\"https:\/\/www.encontracampobelo.com.br\/sobre\" title=\"In\u00edcio\">In\u00edcio<\/a>\n\t\t<\/span><span class=\"aioseo-breadcrumb-separator\">&raquo;<\/span><span class=\"aioseo-breadcrumb\">\n\t\t\t<a href=\"https:\/\/www.encontracampobelo.com.br\/sobre\/saude-no-campo-belo\/\" title=\"Sa\u00fade Campo Belo\">Sa\u00fade Campo Belo<\/a>\n\t\t<\/span><span class=\"aioseo-breadcrumb-separator\">&raquo;<\/span><span class=\"aioseo-breadcrumb\">\n\t\t\tEstado de S\u00e3o Paulo confirma 23 casos de sarampo; 16 n\u00e3o se vacinaram\n\t\t<\/span><\/div>","aioseo_breadcrumb_json":[{"label":"In\u00edcio","link":"https:\/\/www.encontracampobelo.com.br\/sobre"},{"label":"Sa\u00fade Campo Belo","link":"https:\/\/www.encontracampobelo.com.br\/sobre\/saude-no-campo-belo\/"},{"label":"Estado de S\u00e3o Paulo confirma 23 casos de sarampo; 16 n\u00e3o se vacinaram","link":"https:\/\/www.encontracampobelo.com.br\/sobre\/estado-de-sao-paulo-confirma-23-casos-de-sarampo-16-nao-se-vacinaram\/"}],"_links":{"self":[{"href":"https:\/\/www.encontracampobelo.com.br\/sobre\/wp-json\/wp\/v2\/posts\/2462","targetHints":{"allow":["GET"]}}],"collection":[{"href":"https:\/\/www.encontracampobelo.com.br\/sobre\/wp-json\/wp\/v2\/posts"}],"about":[{"href":"https:\/\/www.encontracampobelo.com.br\/sobre\/wp-json\/wp\/v2\/types\/post"}],"author":[{"embeddable":true,"href":"https:\/\/www.encontracampobelo.com.br\/sobre\/wp-json\/wp\/v2\/users\/1"}],"replies":[{"embeddable":true,"href":"https:\/\/www.encontracampobelo.com.br\/sobre\/wp-json\/wp\/v2\/comments?post=2462"}],"version-history":[{"count":0,"href":"https:\/\/www.encontracampobelo.com.br\/sobre\/wp-json\/wp\/v2\/posts\/2462\/revisions"}],"wp:featuredmedia":[{"embeddable":true,"href":"https:\/\/www.encontracampobelo.com.br\/sobre\/wp-json\/wp\/v2\/media\/2461"}],"wp:attachment":[{"href":"https:\/\/www.encontracampobelo.com.br\/sobre\/wp-json\/wp\/v2\/media?parent=2462"}],"wp:term":[{"taxonomy":"category","embeddable":true,"href":"https:\/\/www.encontracampobelo.com.br\/sobre\/wp-json\/wp\/v2\/categories?post=2462"},{"taxonomy":"post_tag","embeddable":true,"href":"https:\/\/www.encontracampobelo.com.br\/sobre\/wp-json\/wp\/v2\/tags?post=2462"}],"curies":[{"name":"wp","href":"https:\/\/api.w.org\/{rel}","templated":true}]}}