{"id":2486,"date":"2026-08-22T22:20:33","date_gmt":"2026-08-23T00:20:33","guid":{"rendered":"https:\/\/www.encontracampobelo.com.br\/sobre\/confira-a-checagem-do-debate-da-band-entre-candidatos-ao-governo-de-sao-paulo\/"},"modified":"2026-08-22T22:20:33","modified_gmt":"2026-08-23T00:20:33","slug":"confira-a-checagem-do-debate-da-band-entre-candidatos-ao-governo-de-sao-paulo","status":"publish","type":"post","link":"https:\/\/www.encontracampobelo.com.br\/sobre\/confira-a-checagem-do-debate-da-band-entre-candidatos-ao-governo-de-sao-paulo\/","title":{"rendered":"Confira a checagem do debate da Band entre candidatos ao governo de S\u00e3o Paulo"},"content":{"rendered":"<div class=\"1cfda93c6640a8762b4fe319eb685dc5\" data-index=\"1\" style=\"float: none; margin:0px;\">\n<!-- Anuncio display - global -->\r\n<ins class=\"adsbygoogle\"\r\n     style=\"display:block\"\r\n     data-ad-client=\"ca-pub-8585364105181520\"\r\n     data-ad-slot=\"8789329856\"\r\n     data-ad-format=\"auto\"\r\n     data-full-width-responsive=\"true\"><\/ins>\r\n<script>\r\n     (adsbygoogle = window.adsbygoogle || []).push({});\r\n<\/script>\n<\/div>\n<h2>Candidatos Presentes no Debate<\/h2>\n<p>No dia 9 de agosto de 2026, ocorreu um debate promovido pela Band, focado nas candidaturas ao governo de S\u00e3o Paulo. Participaram desse evento Tarc\u00edsio de Freitas, representando o partido Republicanos, e Fernando Haddad, pelo Partido dos Trabalhadores (PT). Ambos s\u00e3o considerados os principais concorrentes nas elei\u00e7\u00f5es, de acordo com as pesquisas mais recentes.<\/p>\n<p>O debate teve como objetivo discutir propostas e confrontar opini\u00f5es em temas que afetam diretamente a sociedade paulista. Essa intera\u00e7\u00e3o foi a oportunidade ideal para que os eleitores pudessem obter informa\u00e7\u00f5es mais detalhadas sobre as perspectivas e planos de cada candidato.<\/p>\n<h2>An\u00e1lise das Alega\u00e7\u00f5es Feitas<\/h2>\n<p>A equidade nas informa\u00e7\u00f5es apresentadas pelos candidatos foi essencial para que o p\u00fablico compreendesse melhor as diferen\u00e7as entre as propostas. Cada afirma\u00e7\u00e3o foi cuidadosamente examinada pela equipe do Estad\u00e3o Verifica, uma iniciativa de checagem de fatos que visa garantir que os dados apresentados sejam precisos e fundamentados.<\/p>\n<p><img decoding=\"async\" src=\"https:\/\/www.encontracampobelo.com.br\/sobre\/wp-content\/uploads\/2026\/08\/confira-a-checagem-do-debate-da-band-entre-candidatos-ao-governo-de-sao-paulo.webp\" alt=\"debate da Band\" loading=\"lazy\" \/><\/p>\n<p>As alega\u00e7\u00f5es dos candidatos foram classificadas com etiquetas como &#8220;verdadeiro&#8221;, &#8220;falso&#8221; e outras categorias que informam a veracidade das declara\u00e7\u00f5es. Essa an\u00e1lise garantiu transpar\u00eancia e permitiu que os cidad\u00e3os pudessem comparar fatos e promessas.<\/p>\n<h2>Fatos Verificados pelo Estad\u00e3o<\/h2>\n<p>O Estad\u00e3o Verifica catalogou e avaliou as principais declara\u00e7\u00f5es feitas durante o debate, como:<\/p>\n<ul>\n<li><strong>Educa\u00e7\u00e3o:<\/strong> Fernando Haddad afirmou que a taxa de alfabetiza\u00e7\u00e3o em S\u00e3o Paulo \u00e9 inferior \u00e0 m\u00e9dia nacional, com dados corroborados pela an\u00e1lise do Indicador Crian\u00e7a Alfabetizada, revelando que S\u00e3o Paulo possui 61% de crian\u00e7as alfabetizadas, em compara\u00e7\u00e3o \u00e0 m\u00e9dia de 66% do Brasil.<\/li>\n<li><strong>Pol\u00edtica de Drogas:<\/strong> Haddad citou que dois ter\u00e7os dos usu\u00e1rios atendidos pelo programa Bra\u00e7os Abertos reduziram o uso de crack. No entanto, a verifica\u00e7\u00e3o mostrou que essa afirma\u00e7\u00e3o apresenta exagero, pois a pesquisa indica que mais de 88% diminu\u00edram o uso, mas n\u00e3o necessariamente abandonaram o v\u00edcio.<\/li>\n<li><strong>Seguran\u00e7a P\u00fablica:<\/strong> Tarc\u00edsio de Freitas mencionou que S\u00e3o Paulo apresenta n\u00fameros baixos em homic\u00eddios, latroc\u00ednios, roubos e furtos. A checagem, contudo, ressaltou que embora exista uma redu\u00e7\u00e3o, houve um aumento significativo nos furtos de celulares, o que deve ser considerado no contexto mais amplo da seguran\u00e7a.<\/li>\n<\/ul>\n<h2>O Papel da Checagem de Fatos<\/h2>\n<p>A checagem de fatos desempenha um papel vital em contextos eleitorais, pois ajuda a evitar a dissemina\u00e7\u00e3o de informa\u00e7\u00f5es err\u00f4neas e proporciona uma base s\u00f3lida para que os eleitores possam tomar decis\u00f5es informadas. O trabalho da equipe do Estad\u00e3o Verifica assegura que tanto as alega\u00e7\u00f5es quanto os dados possam ser discutidos de maneira justa e plaus\u00edvel, promovendo a responsabilidade dos candidatos perante o p\u00fablico.<\/p>\n<h2>Rea\u00e7\u00f5es do P\u00fablico ao Debate<\/h2>\n<p>A resposta do p\u00fablico ao debate \u00e9 um reflexo do interesse e da inquieta\u00e7\u00e3o da popula\u00e7\u00e3o acerca das quest\u00f5es abordadas. O desempenho dos candidatos, a clareza nas respostas e a solidez das propostas foram fatores determinantes que influenciaram a opini\u00e3o dos eleitores. Redes sociais e outras plataformas foram inundadas por coment\u00e1rios e an\u00e1lises, evidenciando a relev\u00e2ncia do evento na forma\u00e7\u00e3o da opini\u00e3o p\u00fablica.<\/p>\n<p>O debate tamb\u00e9m fomentou um espa\u00e7o de reflex\u00e3o para o eleitor, que p\u00f4de avaliar qual candidato se alinha melhor \u00e0s suas expectativas e necessidades, promovendo assim uma maior participa\u00e7\u00e3o democr\u00e1tica.<\/p>\n<h2>Impacto nas Pesquisas Eleitorais<\/h2>\n<p>As impress\u00f5es geradas pelo debate podem ter um efeito significativo nas pesquisas futuras. Indicadores pr\u00e9 e p\u00f3s-debate s\u00e3o amplamente analisados para entender as mudan\u00e7as nas inten\u00e7\u00f5es de voto. Uma performance destacada pode impulsionar a candidatura de um candidato, enquanto uma performance fraca pode comprometer a sua aceita\u00e7\u00e3o entre o eleitorado.<\/p>\n<p>Portanto, o impacto de um debate como este se estende para al\u00e9m da tela da televis\u00e3o, refletindo-se nas pesquisas e nas intera\u00e7\u00f5es com os eleitores, que tornam-se cada vez mais cr\u00edticos e demandantes de informa\u00e7\u00f5es mais precisas.<\/p>\n<h2>Desafios para os Candidatos<\/h2>\n<p>Os desafios em um debate eleitoral s\u00e3o significativos. Os candidatos precisam n\u00e3o apenas se preparar para poss\u00edveis quest\u00f5es, mas tamb\u00e9m estar prontos para abordar sugest\u00f5es e cr\u00edticas dos advers\u00e1rios. A capacidade de resposta em tempo real se torna crucial, visto que o eleitorado busca l\u00edderes que demonstrem seguran\u00e7a e conhecimento sobre as quest\u00f5es que impactam o cotidiano.<\/p>\n<p>A gest\u00e3o do estresse e a habilidade de comunicar de forma efetiva s\u00e3o essenciais para que um candidato possa se destacar em um formato t\u00e3o competitivo quanto um debate.<\/p>\n<h2>Quest\u00f5es Priorit\u00e1rias para a Popula\u00e7\u00e3o<\/h2>\n<p>Os temas abordados no debate refletiram as preocupa\u00e7\u00f5es mais prementes da sociedade paulista. Educa\u00e7\u00e3o, seguran\u00e7a, sa\u00fade e pol\u00edticas p\u00fablicas voltadas para a redu\u00e7\u00e3o das desigualdades sociais dominaram as discuss\u00f5es. Tais quest\u00f5es t\u00eam gerado intensa discuss\u00e3o e s\u00e3o consideradas prioridades pelos eleitores, que esperam solu\u00e7\u00f5es vi\u00e1veis e contundentes.<\/p>\n<h2>Expectativas Para o Eleitorado<\/h2>\n<p>As expectativas do eleitorado encontram-se em um cen\u00e1rio de transforma\u00e7\u00e3o e exig\u00eancia. A popula\u00e7\u00e3o espera n\u00e3o apenas propostas, mas um comprometimento com a implementa\u00e7\u00e3o de pol\u00edticas que tragam resultados vis\u00edveis. A credibilidade dos candidatos est\u00e1 baseada na capacidade de cumprir o que foi prometido, e o debate serviu como vitrine para que cada um expusesse sua vis\u00e3o sobre o futuro do estado de S\u00e3o Paulo.<\/p>\n<h2>Como o Debate Influencia a Vota\u00e7\u00e3o<\/h2>\n<p>Um debate eleitoral n\u00e3o \u00e9 apenas um evento; \u00e9 um catalisador de decis\u00f5es. A forma como os candidatos se apresentam, sua habilidade de se comunicar e debater com propriedade podem impactar diretamente a decis\u00e3o do eleitor no dia da vota\u00e7\u00e3o. A conex\u00e3o emocional, a confian\u00e7a e a capacidade de inspirar s\u00e3o aspectos que, ao fim, contam e muito nas escolhas feitas pelo eleitorado.<\/p>\n<p>Em resumo, o debate realizado pela Band n\u00e3o apenas apresentou os postulantes ao governo, mas tamb\u00e9m destacou as principais quest\u00f5es sociais em discuss\u00e3o e a relev\u00e2ncia de uma pol\u00edtica respons\u00e1vel e comprometida com a popula\u00e7\u00e3o. O futuro pol\u00edtico do estado de S\u00e3o Paulo poder\u00e1 ser fortemente influenciado pelos desdobramentos desse evento.<\/p>\n\n<div style=\"font-size: 0px; height: 0px; line-height: 0px; margin: 0; padding: 0; clear: both;\"><\/div>","protected":false},"excerpt":{"rendered":"<p>Debate da Band destaca a participa\u00e7\u00e3o de dois candidatos ao governo de S\u00e3o Paulo.<\/p>\n","protected":false},"author":1,"featured_media":2485,"comment_status":"open","ping_status":"closed","sticky":false,"template":"","format":"standard","meta":{"footnotes":""},"categories":[7],"tags":[],"class_list":["post-2486","post","type-post","status-publish","format-standard","has-post-thumbnail","hentry","category-noticias-no-campo-belo","has_thumb"],"aioseo_notices":[],"aioseo_head":"\n\t\t<!-- All in One SEO 5.0.0.1 - aioseo.com -->\n\t<meta name=\"description\" content=\"Debate da Band destaca a participa\u00e7\u00e3o de dois candidatos ao governo de S\u00e3o Paulo.\" \/>\n\t<meta name=\"robots\" content=\"max-image-preview:large\" \/>\n\t<meta name=\"author\" content=\"Encontra Campo Belo\"\/>\n\t<link rel=\"canonical\" href=\"https:\/\/www.encontracampobelo.com.br\/sobre\/confira-a-checagem-do-debate-da-band-entre-candidatos-ao-governo-de-sao-paulo\/\" \/>\n\t<meta name=\"generator\" content=\"All in One SEO (AIOSEO) 5.0.0.1\" \/>\n\t\t<meta property=\"og:locale\" content=\"pt_BR\" \/>\n\t\t<meta property=\"og:site_name\" content=\"Encontra  Campo Belo | Not\u00edcias, eventos, informa\u00e7\u00f5es e dicas no bairro do Campo Belo e regi\u00e3o.\" \/>\n\t\t<meta property=\"og:type\" content=\"article\" \/>\n\t\t<meta property=\"og:title\" content=\"Confira a checagem do debate da Band entre candidatos ao governo de S\u00e3o Paulo | Encontra Campo Belo\" \/>\n\t\t<meta property=\"og:description\" content=\"Debate da Band destaca a participa\u00e7\u00e3o de dois candidatos ao governo de S\u00e3o Paulo.\" \/>\n\t\t<meta property=\"og:url\" content=\"https:\/\/www.encontracampobelo.com.br\/sobre\/confira-a-checagem-do-debate-da-band-entre-candidatos-ao-governo-de-sao-paulo\/\" \/>\n\t\t<meta property=\"article:published_time\" content=\"2026-08-23T00:20:33+00:00\" \/>\n\t\t<meta property=\"article:modified_time\" content=\"2026-08-23T00:20:33+00:00\" \/>\n\t\t<meta name=\"twitter:card\" content=\"summary_large_image\" \/>\n\t\t<meta name=\"twitter:title\" content=\"Confira a checagem do debate da Band entre candidatos ao governo de S\u00e3o Paulo | Encontra Campo Belo\" \/>\n\t\t<meta name=\"twitter:description\" content=\"Debate da Band destaca a participa\u00e7\u00e3o de dois candidatos ao governo de S\u00e3o Paulo.\" \/>\n\t\t<script type=\"application\/ld+json\" class=\"aioseo-schema\">\n\t\t\t{\"@context\":\"https:\\\/\\\/schema.org\",\"@graph\":[{\"@type\":\"Article\",\"@id\":\"https:\\\/\\\/www.encontracampobelo.com.br\\\/sobre\\\/confira-a-checagem-do-debate-da-band-entre-candidatos-ao-governo-de-sao-paulo\\\/#article\",\"name\":\"Confira a checagem do debate da Band entre candidatos ao governo de S\\u00e3o Paulo | Encontra Campo Belo\",\"headline\":\"Confira a checagem do debate da Band entre candidatos ao governo de S\\u00e3o Paulo\",\"author\":{\"@id\":\"https:\\\/\\\/www.encontracampobelo.com.br\\\/sobre\\\/author\\\/ecampobelo\\\/#author\"},\"publisher\":{\"@id\":\"https:\\\/\\\/www.encontracampobelo.com.br\\\/sobre\\\/#organization\"},\"image\":{\"@type\":\"ImageObject\",\"url\":\"https:\\\/\\\/www.encontracampobelo.com.br\\\/sobre\\\/wp-content\\\/uploads\\\/2026\\\/08\\\/confira-a-checagem-do-debate-da-band-entre-candidatos-ao-governo-de-sao-paulo.webp\",\"width\":280,\"height\":280,\"caption\":\"debate da Band\"},\"datePublished\":\"2026-08-22T22:20:33-02:00\",\"dateModified\":\"2026-08-22T22:20:33-02:00\",\"inLanguage\":\"pt-BR\",\"mainEntityOfPage\":{\"@id\":\"https:\\\/\\\/www.encontracampobelo.com.br\\\/sobre\\\/confira-a-checagem-do-debate-da-band-entre-candidatos-ao-governo-de-sao-paulo\\\/#webpage\"},\"isPartOf\":{\"@id\":\"https:\\\/\\\/www.encontracampobelo.com.br\\\/sobre\\\/confira-a-checagem-do-debate-da-band-entre-candidatos-ao-governo-de-sao-paulo\\\/#webpage\"},\"articleSection\":\"Not\\u00edcias Campo Belo\"},{\"@type\":\"BreadcrumbList\",\"@id\":\"https:\\\/\\\/www.encontracampobelo.com.br\\\/sobre\\\/confira-a-checagem-do-debate-da-band-entre-candidatos-ao-governo-de-sao-paulo\\\/#breadcrumblist\",\"itemListElement\":[{\"@type\":\"ListItem\",\"@id\":\"https:\\\/\\\/www.encontracampobelo.com.br\\\/sobre#listItem\",\"position\":1,\"name\":\"In\\u00edcio\",\"item\":\"https:\\\/\\\/www.encontracampobelo.com.br\\\/sobre\",\"nextItem\":{\"@type\":\"ListItem\",\"@id\":\"https:\\\/\\\/www.encontracampobelo.com.br\\\/sobre\\\/noticias-no-campo-belo\\\/#listItem\",\"name\":\"Not\\u00edcias Campo Belo\"}},{\"@type\":\"ListItem\",\"@id\":\"https:\\\/\\\/www.encontracampobelo.com.br\\\/sobre\\\/noticias-no-campo-belo\\\/#listItem\",\"position\":2,\"name\":\"Not\\u00edcias Campo Belo\",\"item\":\"https:\\\/\\\/www.encontracampobelo.com.br\\\/sobre\\\/noticias-no-campo-belo\\\/\",\"nextItem\":{\"@type\":\"ListItem\",\"@id\":\"https:\\\/\\\/www.encontracampobelo.com.br\\\/sobre\\\/confira-a-checagem-do-debate-da-band-entre-candidatos-ao-governo-de-sao-paulo\\\/#listItem\",\"name\":\"Confira a checagem do debate da Band entre candidatos ao governo de S\\u00e3o Paulo\"},\"previousItem\":{\"@type\":\"ListItem\",\"@id\":\"https:\\\/\\\/www.encontracampobelo.com.br\\\/sobre#listItem\",\"name\":\"In\\u00edcio\"}},{\"@type\":\"ListItem\",\"@id\":\"https:\\\/\\\/www.encontracampobelo.com.br\\\/sobre\\\/confira-a-checagem-do-debate-da-band-entre-candidatos-ao-governo-de-sao-paulo\\\/#listItem\",\"position\":3,\"name\":\"Confira a checagem do debate da Band entre candidatos ao governo de S\\u00e3o Paulo\",\"previousItem\":{\"@type\":\"ListItem\",\"@id\":\"https:\\\/\\\/www.encontracampobelo.com.br\\\/sobre\\\/noticias-no-campo-belo\\\/#listItem\",\"name\":\"Not\\u00edcias Campo Belo\"}}]},{\"@type\":\"Organization\",\"@id\":\"https:\\\/\\\/www.encontracampobelo.com.br\\\/sobre\\\/#organization\",\"name\":\"Encontra  Campo Belo\",\"description\":\"Not\\u00edcias, eventos, informa\\u00e7\\u00f5es e dicas no bairro do Campo Belo e regi\\u00e3o.\",\"url\":\"https:\\\/\\\/www.encontracampobelo.com.br\\\/sobre\\\/\"},{\"@type\":\"Person\",\"@id\":\"https:\\\/\\\/www.encontracampobelo.com.br\\\/sobre\\\/author\\\/ecampobelo\\\/#author\",\"url\":\"https:\\\/\\\/www.encontracampobelo.com.br\\\/sobre\\\/author\\\/ecampobelo\\\/\",\"name\":\"Encontra Campo Belo\",\"image\":{\"@type\":\"ImageObject\",\"@id\":\"https:\\\/\\\/www.encontracampobelo.com.br\\\/sobre\\\/confira-a-checagem-do-debate-da-band-entre-candidatos-ao-governo-de-sao-paulo\\\/#authorImage\",\"url\":\"https:\\\/\\\/secure.gravatar.com\\\/avatar\\\/507340682b8270222e1f208e23198b6ae7e2c6a1033ae84e99bc6bce4f82a387?s=96&d=mm&r=g\",\"width\":96,\"height\":96,\"caption\":\"Encontra Campo Belo\"}},{\"@type\":\"WebPage\",\"@id\":\"https:\\\/\\\/www.encontracampobelo.com.br\\\/sobre\\\/confira-a-checagem-do-debate-da-band-entre-candidatos-ao-governo-de-sao-paulo\\\/#webpage\",\"url\":\"https:\\\/\\\/www.encontracampobelo.com.br\\\/sobre\\\/confira-a-checagem-do-debate-da-band-entre-candidatos-ao-governo-de-sao-paulo\\\/\",\"name\":\"Confira a checagem do debate da Band entre candidatos ao governo de S\\u00e3o Paulo | Encontra Campo Belo\",\"description\":\"Debate da Band destaca a participa\\u00e7\\u00e3o de dois candidatos ao governo de S\\u00e3o Paulo.\",\"inLanguage\":\"pt-BR\",\"isPartOf\":{\"@id\":\"https:\\\/\\\/www.encontracampobelo.com.br\\\/sobre\\\/#website\"},\"breadcrumb\":{\"@id\":\"https:\\\/\\\/www.encontracampobelo.com.br\\\/sobre\\\/confira-a-checagem-do-debate-da-band-entre-candidatos-ao-governo-de-sao-paulo\\\/#breadcrumblist\"},\"author\":{\"@id\":\"https:\\\/\\\/www.encontracampobelo.com.br\\\/sobre\\\/author\\\/ecampobelo\\\/#author\"},\"creator\":{\"@id\":\"https:\\\/\\\/www.encontracampobelo.com.br\\\/sobre\\\/author\\\/ecampobelo\\\/#author\"},\"image\":{\"@type\":\"ImageObject\",\"url\":\"https:\\\/\\\/www.encontracampobelo.com.br\\\/sobre\\\/wp-content\\\/uploads\\\/2026\\\/08\\\/confira-a-checagem-do-debate-da-band-entre-candidatos-ao-governo-de-sao-paulo.webp\",\"@id\":\"https:\\\/\\\/www.encontracampobelo.com.br\\\/sobre\\\/confira-a-checagem-do-debate-da-band-entre-candidatos-ao-governo-de-sao-paulo\\\/#mainImage\",\"width\":280,\"height\":280,\"caption\":\"debate da Band\"},\"primaryImageOfPage\":{\"@id\":\"https:\\\/\\\/www.encontracampobelo.com.br\\\/sobre\\\/confira-a-checagem-do-debate-da-band-entre-candidatos-ao-governo-de-sao-paulo\\\/#mainImage\"},\"datePublished\":\"2026-08-22T22:20:33-02:00\",\"dateModified\":\"2026-08-22T22:20:33-02:00\"},{\"@type\":\"WebSite\",\"@id\":\"https:\\\/\\\/www.encontracampobelo.com.br\\\/sobre\\\/#website\",\"url\":\"https:\\\/\\\/www.encontracampobelo.com.br\\\/sobre\\\/\",\"name\":\"Encontra  Campo Belo\",\"description\":\"Not\\u00edcias, eventos, informa\\u00e7\\u00f5es e dicas no bairro do Campo Belo e regi\\u00e3o.\",\"inLanguage\":\"pt-BR\",\"publisher\":{\"@id\":\"https:\\\/\\\/www.encontracampobelo.com.br\\\/sobre\\\/#organization\"}}]}\n\t\t<\/script>\n\t\t<!-- All in One SEO -->\n\n","aioseo_head_json":{"title":"Confira a checagem do debate da Band entre candidatos ao governo de S\u00e3o Paulo | Encontra Campo Belo","description":"Debate da Band destaca a participa\u00e7\u00e3o de dois candidatos ao governo de S\u00e3o Paulo.","canonical_url":"https:\/\/www.encontracampobelo.com.br\/sobre\/confira-a-checagem-do-debate-da-band-entre-candidatos-ao-governo-de-sao-paulo\/","robots":"max-image-preview:large","keywords":"","webmasterTools":{"miscellaneous":""},"schema":{"@context":"https:\/\/schema.org","@graph":[{"@type":"Article","@id":"https:\/\/www.encontracampobelo.com.br\/sobre\/confira-a-checagem-do-debate-da-band-entre-candidatos-ao-governo-de-sao-paulo\/#article","name":"Confira a checagem do debate da Band entre candidatos ao governo de S\u00e3o Paulo | Encontra Campo Belo","headline":"Confira a checagem do debate da Band entre candidatos ao governo de S\u00e3o Paulo","author":{"@id":"https:\/\/www.encontracampobelo.com.br\/sobre\/author\/ecampobelo\/#author"},"publisher":{"@id":"https:\/\/www.encontracampobelo.com.br\/sobre\/#organization"},"image":{"@type":"ImageObject","url":"https:\/\/www.encontracampobelo.com.br\/sobre\/wp-content\/uploads\/2026\/08\/confira-a-checagem-do-debate-da-band-entre-candidatos-ao-governo-de-sao-paulo.webp","width":280,"height":280,"caption":"debate da Band"},"datePublished":"2026-08-22T22:20:33-02:00","dateModified":"2026-08-22T22:20:33-02:00","inLanguage":"pt-BR","mainEntityOfPage":{"@id":"https:\/\/www.encontracampobelo.com.br\/sobre\/confira-a-checagem-do-debate-da-band-entre-candidatos-ao-governo-de-sao-paulo\/#webpage"},"isPartOf":{"@id":"https:\/\/www.encontracampobelo.com.br\/sobre\/confira-a-checagem-do-debate-da-band-entre-candidatos-ao-governo-de-sao-paulo\/#webpage"},"articleSection":"Not\u00edcias Campo Belo"},{"@type":"BreadcrumbList","@id":"https:\/\/www.encontracampobelo.com.br\/sobre\/confira-a-checagem-do-debate-da-band-entre-candidatos-ao-governo-de-sao-paulo\/#breadcrumblist","itemListElement":[{"@type":"ListItem","@id":"https:\/\/www.encontracampobelo.com.br\/sobre#listItem","position":1,"name":"In\u00edcio","item":"https:\/\/www.encontracampobelo.com.br\/sobre","nextItem":{"@type":"ListItem","@id":"https:\/\/www.encontracampobelo.com.br\/sobre\/noticias-no-campo-belo\/#listItem","name":"Not\u00edcias Campo Belo"}},{"@type":"ListItem","@id":"https:\/\/www.encontracampobelo.com.br\/sobre\/noticias-no-campo-belo\/#listItem","position":2,"name":"Not\u00edcias Campo Belo","item":"https:\/\/www.encontracampobelo.com.br\/sobre\/noticias-no-campo-belo\/","nextItem":{"@type":"ListItem","@id":"https:\/\/www.encontracampobelo.com.br\/sobre\/confira-a-checagem-do-debate-da-band-entre-candidatos-ao-governo-de-sao-paulo\/#listItem","name":"Confira a checagem do debate da Band entre candidatos ao governo de S\u00e3o Paulo"},"previousItem":{"@type":"ListItem","@id":"https:\/\/www.encontracampobelo.com.br\/sobre#listItem","name":"In\u00edcio"}},{"@type":"ListItem","@id":"https:\/\/www.encontracampobelo.com.br\/sobre\/confira-a-checagem-do-debate-da-band-entre-candidatos-ao-governo-de-sao-paulo\/#listItem","position":3,"name":"Confira a checagem do debate da Band entre candidatos ao governo de S\u00e3o Paulo","previousItem":{"@type":"ListItem","@id":"https:\/\/www.encontracampobelo.com.br\/sobre\/noticias-no-campo-belo\/#listItem","name":"Not\u00edcias Campo Belo"}}]},{"@type":"Organization","@id":"https:\/\/www.encontracampobelo.com.br\/sobre\/#organization","name":"Encontra  Campo Belo","description":"Not\u00edcias, eventos, informa\u00e7\u00f5es e dicas no bairro do Campo Belo e regi\u00e3o.","url":"https:\/\/www.encontracampobelo.com.br\/sobre\/"},{"@type":"Person","@id":"https:\/\/www.encontracampobelo.com.br\/sobre\/author\/ecampobelo\/#author","url":"https:\/\/www.encontracampobelo.com.br\/sobre\/author\/ecampobelo\/","name":"Encontra Campo Belo","image":{"@type":"ImageObject","@id":"https:\/\/www.encontracampobelo.com.br\/sobre\/confira-a-checagem-do-debate-da-band-entre-candidatos-ao-governo-de-sao-paulo\/#authorImage","url":"https:\/\/secure.gravatar.com\/avatar\/507340682b8270222e1f208e23198b6ae7e2c6a1033ae84e99bc6bce4f82a387?s=96&d=mm&r=g","width":96,"height":96,"caption":"Encontra Campo Belo"}},{"@type":"WebPage","@id":"https:\/\/www.encontracampobelo.com.br\/sobre\/confira-a-checagem-do-debate-da-band-entre-candidatos-ao-governo-de-sao-paulo\/#webpage","url":"https:\/\/www.encontracampobelo.com.br\/sobre\/confira-a-checagem-do-debate-da-band-entre-candidatos-ao-governo-de-sao-paulo\/","name":"Confira a checagem do debate da Band entre candidatos ao governo de S\u00e3o Paulo | Encontra Campo Belo","description":"Debate da Band destaca a participa\u00e7\u00e3o de dois candidatos ao governo de S\u00e3o Paulo.","inLanguage":"pt-BR","isPartOf":{"@id":"https:\/\/www.encontracampobelo.com.br\/sobre\/#website"},"breadcrumb":{"@id":"https:\/\/www.encontracampobelo.com.br\/sobre\/confira-a-checagem-do-debate-da-band-entre-candidatos-ao-governo-de-sao-paulo\/#breadcrumblist"},"author":{"@id":"https:\/\/www.encontracampobelo.com.br\/sobre\/author\/ecampobelo\/#author"},"creator":{"@id":"https:\/\/www.encontracampobelo.com.br\/sobre\/author\/ecampobelo\/#author"},"image":{"@type":"ImageObject","url":"https:\/\/www.encontracampobelo.com.br\/sobre\/wp-content\/uploads\/2026\/08\/confira-a-checagem-do-debate-da-band-entre-candidatos-ao-governo-de-sao-paulo.webp","@id":"https:\/\/www.encontracampobelo.com.br\/sobre\/confira-a-checagem-do-debate-da-band-entre-candidatos-ao-governo-de-sao-paulo\/#mainImage","width":280,"height":280,"caption":"debate da Band"},"primaryImageOfPage":{"@id":"https:\/\/www.encontracampobelo.com.br\/sobre\/confira-a-checagem-do-debate-da-band-entre-candidatos-ao-governo-de-sao-paulo\/#mainImage"},"datePublished":"2026-08-22T22:20:33-02:00","dateModified":"2026-08-22T22:20:33-02:00"},{"@type":"WebSite","@id":"https:\/\/www.encontracampobelo.com.br\/sobre\/#website","url":"https:\/\/www.encontracampobelo.com.br\/sobre\/","name":"Encontra  Campo Belo","description":"Not\u00edcias, eventos, informa\u00e7\u00f5es e dicas no bairro do Campo Belo e regi\u00e3o.","inLanguage":"pt-BR","publisher":{"@id":"https:\/\/www.encontracampobelo.com.br\/sobre\/#organization"}}]},"og:locale":"pt_BR","og:site_name":"Encontra  Campo Belo | Not\u00edcias, eventos, informa\u00e7\u00f5es e dicas no bairro do Campo Belo e regi\u00e3o.","og:type":"article","og:title":"Confira a checagem do debate da Band entre candidatos ao governo de S\u00e3o Paulo | Encontra Campo Belo","og:description":"Debate da Band destaca a participa\u00e7\u00e3o de dois candidatos ao governo de S\u00e3o Paulo.","og:url":"https:\/\/www.encontracampobelo.com.br\/sobre\/confira-a-checagem-do-debate-da-band-entre-candidatos-ao-governo-de-sao-paulo\/","article:published_time":"2026-08-23T00:20:33+00:00","article:modified_time":"2026-08-23T00:20:33+00:00","twitter:card":"summary_large_image","twitter:title":"Confira a checagem do debate da Band entre candidatos ao governo de S\u00e3o Paulo | Encontra Campo Belo","twitter:description":"Debate da Band destaca a participa\u00e7\u00e3o de dois candidatos ao governo de S\u00e3o Paulo."},"aioseo_meta_data":{"post_id":"2486","title":null,"description":null,"keywords":null,"keyphrases":null,"primary_term":null,"canonical_url":null,"og_title":null,"og_description":null,"og_object_type":"default","og_image_type":"default","og_image_url":null,"og_image_width":null,"og_image_height":null,"og_image_custom_url":null,"og_image_custom_fields":null,"og_video":null,"og_custom_url":null,"og_article_section":null,"og_article_tags":null,"twitter_use_og":false,"twitter_card":"default","twitter_image_type":"default","twitter_image_url":null,"twitter_image_custom_url":null,"twitter_image_custom_fields":null,"twitter_title":null,"twitter_description":null,"schema":{"blockGraphs":[],"customGraphs":[],"default":{"data":{"Article":[],"Course":[],"Dataset":[],"FAQPage":[],"Movie":[],"Person":[],"Product":[],"ProductReview":[],"Car":[],"Recipe":[],"Service":[],"SoftwareApplication":[],"WebPage":[]},"graphName":"Article","isEnabled":true},"graphs":[]},"schema_type":"default","schema_type_options":null,"pillar_content":false,"robots_default":true,"robots_noindex":false,"robots_noarchive":false,"robots_nosnippet":false,"robots_nofollow":false,"robots_noimageindex":false,"robots_noodp":false,"robots_notranslate":false,"robots_max_snippet":null,"robots_max_videopreview":null,"robots_max_imagepreview":"large","priority":null,"frequency":null,"local_seo":null,"breadcrumb_settings":null,"limit_modified_date":false,"ai":null,"created":"2026-08-23 00:20:35","updated":"2026-08-23 00:41:23","focus_keyword":null,"additional_keywords":null,"truseo_locale":null,"seo_analyzer_scan_date":null},"aioseo_breadcrumb":"<div class=\"aioseo-breadcrumbs\"><span class=\"aioseo-breadcrumb\">\n\t\t\t<a href=\"https:\/\/www.encontracampobelo.com.br\/sobre\" title=\"In\u00edcio\">In\u00edcio<\/a>\n\t\t<\/span><span class=\"aioseo-breadcrumb-separator\">&raquo;<\/span><span class=\"aioseo-breadcrumb\">\n\t\t\t<a href=\"https:\/\/www.encontracampobelo.com.br\/sobre\/noticias-no-campo-belo\/\" title=\"Not\u00edcias Campo Belo\">Not\u00edcias Campo Belo<\/a>\n\t\t<\/span><span class=\"aioseo-breadcrumb-separator\">&raquo;<\/span><span class=\"aioseo-breadcrumb\">\n\t\t\tConfira a checagem do debate da Band entre candidatos ao governo de S\u00e3o Paulo\n\t\t<\/span><\/div>","aioseo_breadcrumb_json":[{"label":"In\u00edcio","link":"https:\/\/www.encontracampobelo.com.br\/sobre"},{"label":"Not\u00edcias Campo Belo","link":"https:\/\/www.encontracampobelo.com.br\/sobre\/noticias-no-campo-belo\/"},{"label":"Confira a checagem do debate da Band entre candidatos ao governo de S\u00e3o Paulo","link":"https:\/\/www.encontracampobelo.com.br\/sobre\/confira-a-checagem-do-debate-da-band-entre-candidatos-ao-governo-de-sao-paulo\/"}],"_links":{"self":[{"href":"https:\/\/www.encontracampobelo.com.br\/sobre\/wp-json\/wp\/v2\/posts\/2486","targetHints":{"allow":["GET"]}}],"collection":[{"href":"https:\/\/www.encontracampobelo.com.br\/sobre\/wp-json\/wp\/v2\/posts"}],"about":[{"href":"https:\/\/www.encontracampobelo.com.br\/sobre\/wp-json\/wp\/v2\/types\/post"}],"author":[{"embeddable":true,"href":"https:\/\/www.encontracampobelo.com.br\/sobre\/wp-json\/wp\/v2\/users\/1"}],"replies":[{"embeddable":true,"href":"https:\/\/www.encontracampobelo.com.br\/sobre\/wp-json\/wp\/v2\/comments?post=2486"}],"version-history":[{"count":0,"href":"https:\/\/www.encontracampobelo.com.br\/sobre\/wp-json\/wp\/v2\/posts\/2486\/revisions"}],"wp:featuredmedia":[{"embeddable":true,"href":"https:\/\/www.encontracampobelo.com.br\/sobre\/wp-json\/wp\/v2\/media\/2485"}],"wp:attachment":[{"href":"https:\/\/www.encontracampobelo.com.br\/sobre\/wp-json\/wp\/v2\/media?parent=2486"}],"wp:term":[{"taxonomy":"category","embeddable":true,"href":"https:\/\/www.encontracampobelo.com.br\/sobre\/wp-json\/wp\/v2\/categories?post=2486"},{"taxonomy":"post_tag","embeddable":true,"href":"https:\/\/www.encontracampobelo.com.br\/sobre\/wp-json\/wp\/v2\/tags?post=2486"}],"curies":[{"name":"wp","href":"https:\/\/api.w.org\/{rel}","templated":true}]}}