{"id":2498,"date":"2026-08-23T22:23:17","date_gmt":"2026-08-24T00:23:17","guid":{"rendered":"https:\/\/www.encontracampobelo.com.br\/sobre\/brasil-tera-dia-d-de-multivacinacao-neste-sabado\/"},"modified":"2026-08-23T22:23:17","modified_gmt":"2026-08-24T00:23:17","slug":"brasil-tera-dia-d-de-multivacinacao-neste-sabado","status":"publish","type":"post","link":"https:\/\/www.encontracampobelo.com.br\/sobre\/brasil-tera-dia-d-de-multivacinacao-neste-sabado\/","title":{"rendered":"Brasil ter\u00e1 Dia D de Multivacina\u00e7\u00e3o neste s\u00e1bado"},"content":{"rendered":"<div class=\"1cfda93c6640a8762b4fe319eb685dc5\" data-index=\"1\" style=\"float: none; margin:0px;\">\n<!-- Anuncio display - global -->\r\n<ins class=\"adsbygoogle\"\r\n     style=\"display:block\"\r\n     data-ad-client=\"ca-pub-8585364105181520\"\r\n     data-ad-slot=\"8789329856\"\r\n     data-ad-format=\"auto\"\r\n     data-full-width-responsive=\"true\"><\/ins>\r\n<script>\r\n     (adsbygoogle = window.adsbygoogle || []).push({});\r\n<\/script>\n<\/div>\n<h2>O que \u00e9 o Dia D de Multivacina\u00e7\u00e3o?<\/h2>\n<p>O Dia D de Multivacina\u00e7\u00e3o \u00e9 um evento especial onde as unidades b\u00e1sicas de sa\u00fade e diversos postos de vacina\u00e7\u00e3o ficam abertos, permitindo que crian\u00e7as e adolescentes com menos de 15 anos atualizem suas cadernetas vacinais. Este dia faz parte de uma campanha nacional que visa aumentar a cobertura vacinal, garantindo que todos estejam protegidos contra doen\u00e7as preven\u00edveis.<\/p>\n<h2>Import\u00e2ncia da Vacina\u00e7\u00e3o na Inf\u00e2ncia<\/h2>\n<p>A vacina\u00e7\u00e3o \u00e9 um aspecto crucial da sa\u00fade p\u00fablica, especialmente para crian\u00e7as. Ao imunizar os pequenos, estamos protegendo n\u00e3o apenas eles, mas a comunidade como um todo. Vaccinas previnem doen\u00e7as graves e, em muitos casos, evitam epidemias. Portanto, manter o calend\u00e1rio vacinal em dia \u00e9 fundamental para assegurar a sa\u00fade das crian\u00e7as e adolescentes.<\/p>\n<h2>Quais Vacinas Estar\u00e3o Dispon\u00edveis?<\/h2>\n<p>No Dia D, uma variedade de vacinas estar\u00e1 dispon\u00edvel para imuniza\u00e7\u00e3o. As vacinas oferecidas incluem:<\/p>\n<p><img decoding=\"async\" src=\"https:\/\/www.encontracampobelo.com.br\/sobre\/wp-content\/uploads\/2026\/08\/brasil-tera-dia-d-de-multivacinacao-neste-sabado.webp\" alt=\"Dia D de Multivacina\u00e7\u00e3o\" loading=\"lazy\" \/><\/p>\n<ul>\n<li><strong>BCG<\/strong><\/li>\n<li><strong>Hepatite B<\/strong><\/li>\n<li><strong>Penta (DTP\/Hib\/HB)<\/strong><\/li>\n<li><strong>Poliomielite (VIP)<\/strong><\/li>\n<li><strong>Rotav\u00edrus humano<\/strong><\/li>\n<li><strong>Pneumoc\u00f3cica conjugada 10-valente e 20-valente<\/strong><\/li>\n<li><strong>Meningoc\u00f3cica C<\/strong><\/li>\n<li><strong>Influenza<\/strong><\/li>\n<li><strong>Covid-19<\/strong><\/li>\n<li><strong>Febre amarela<\/strong><\/li>\n<li><strong>Meningoc\u00f3cica ACWY<\/strong><\/li>\n<li><strong>Tr\u00edplice viral (sarampo, caxumba e rub\u00e9ola)<\/strong><\/li>\n<li><strong>Varicela<\/strong><\/li>\n<li><strong>DTP<\/strong><\/li>\n<li><strong>Hepatite A<\/strong><\/li>\n<li><strong>dT<\/strong><\/li>\n<li><strong>HPV4<\/strong><\/li>\n<li><strong>Dengue tetravalente<\/strong><\/li>\n<\/ul>\n<h2>Como Participar do Dia D?<\/h2>\n<p>Para participar do Dia D de Multivacina\u00e7\u00e3o, os respons\u00e1veis devem levar as crian\u00e7as e adolescentes at\u00e9 uma unidade de sa\u00fade ou posto de vacina\u00e7\u00e3o aliado \u00e0 campanha. \u00c9 importante trazer a caderneta de vacina\u00e7\u00e3o para que os profissionais possam verificar quais vacinas j\u00e1 foram administradas e quais precisam ser aplicadas. O evento \u00e9 gratuito e aberto a todos.<\/p>\n<h2>Benef\u00edcios da Atualiza\u00e7\u00e3o da Caderneta Vacinal<\/h2>\n<p>Manter a caderneta vacinal atualizada possui v\u00e1rios benef\u00edcios, incluindo:<\/p>\n<ul>\n<li><strong>Prote\u00e7\u00e3o Contra Doen\u00e7as:<\/strong> As vacinas ajudam a prevenir doen\u00e7as que podem ser graves e at\u00e9 letais.<\/li>\n<li><strong>Imuniza\u00e7\u00e3o da Comunidade:<\/strong> Quando um grande n\u00famero de pessoas est\u00e1 vacinado, a comunidade como um todo se torna mais resistente a surtos.<\/li>\n<li><strong>Tranquilidade para Pais e Respons\u00e1veis:<\/strong> Saber que a crian\u00e7a est\u00e1 protegida traz paz de esp\u00edrito.<\/li>\n<li><strong>Facilita a Acesso a Atividades:<\/strong> Algumas atividades escolares e de lazer exigem que as vacinas estejam em dia.<\/li>\n<\/ul>\n<h2>Impacto da Vacina\u00e7\u00e3o na Sa\u00fade P\u00fablica<\/h2>\n<p>A vacina\u00e7\u00e3o tem um impacto significativo na sa\u00fade p\u00fablica. Com taxas de imuniza\u00e7\u00e3o elevadas, doen\u00e7as como sarampo, poliomielite e tuberculose podem ser controladas e, em muitos casos, erradicadas. Al\u00e9m disso, a vacina\u00e7\u00e3o reduz a carga sobre os servi\u00e7os de sa\u00fade, evitando interna\u00e7\u00f5es e complica\u00e7\u00f5es que poderiam resultar de doen\u00e7as evit\u00e1veis.<\/p>\n<h2>Vacinas para Prote\u00e7\u00e3o Contra Doen\u00e7as S\u00e9rias<\/h2>\n<p>As vacinas s\u00e3o essenciais na luta contra v\u00e1rias doen\u00e7as graves. Elas s\u00e3o desenvolvidas para estimular a resposta imunol\u00f3gica do corpo, preparando-o para combater pat\u00f3genos espec\u00edficos. Por meio da vacina\u00e7\u00e3o, conseguimos prevenir epidemias e proteger popula\u00e7\u00f5es vulner\u00e1veis, como crian\u00e7as e idosos.<\/p>\n<h2>Como as Vacinas Ajudam na Combate ao Sarampo?<\/h2>\n<p>Com o aumento dos casos de sarampo, a vacina\u00e7\u00e3o se torna ainda mais primordial. As vacinas, especialmente a tr\u00edplice viral, t\u00eam mostrado efic\u00e1cia em prevenir essa doen\u00e7a. A vacina\u00e7\u00e3o em massa ajuda a criar a imunidade de rebanho, que \u00e9 crucial para evitar surtos. Assim, a campanha de multivacina\u00e7\u00e3o \u00e9 uma ferramenta estrat\u00e9gica contra o sarampo.<\/p>\n<h2>Hist\u00f3rico da Campanha de Multivacina\u00e7\u00e3o<\/h2>\n<p>A Campanha de Multivacina\u00e7\u00e3o foi criada com o objetivo de aumentar a cobertura vacinal no Brasil. Desde o in\u00edcio, ela tem se adaptado \u00e0s necessidades de sa\u00fade p\u00fablica, oferecendo uma gama de vacinas que visam proteger crian\u00e7as e adolescentes contra v\u00e1rias doen\u00e7as. Com o passar dos anos, a campanha tamb\u00e9m se tornou um espa\u00e7o para conscientiza\u00e7\u00e3o sobre a import\u00e2ncia da vacina\u00e7\u00e3o.<\/p>\n<h2>Expectativas e Resultados do Dia D de Vacina\u00e7\u00e3o<\/h2>\n<p>O Dia D de Vacina\u00e7\u00e3o visa mobilizar a popula\u00e7\u00e3o e incentivar a atualiza\u00e7\u00e3o das cadernetas. O esperado \u00e9 que a ades\u00e3o ao evento seja alta, refletindo em um aumento nas taxas de vacina\u00e7\u00e3o em todo o pa\u00eds. Campanhas de conscientiza\u00e7\u00e3o est\u00e3o sendo realizadas para garantir que o m\u00e1ximo de pessoas poss\u00edveis participe e aproveite essa oportunidade de proteger a sa\u00fade das crian\u00e7as e adolescentes.<\/p>\n<p>Em resumo, o Dia D de Multivacina\u00e7\u00e3o \u00e9 uma oportunidade valiosa para garantir que as crian\u00e7as e adolescentes estejam devidamente imunizados, promovendo a sa\u00fade coletiva e prevenindo a dissemina\u00e7\u00e3o de doen\u00e7as graves.<\/p>\n\n<div style=\"font-size: 0px; height: 0px; line-height: 0px; margin: 0; padding: 0; clear: both;\"><\/div>","protected":false},"excerpt":{"rendered":"<p>Dia D de Multivacina\u00e7\u00e3o traz importantes oportunidades de sa\u00fade para crian\u00e7as!<\/p>\n","protected":false},"author":1,"featured_media":2497,"comment_status":"open","ping_status":"closed","sticky":false,"template":"","format":"standard","meta":{"footnotes":""},"categories":[33],"tags":[],"class_list":["post-2498","post","type-post","status-publish","format-standard","has-post-thumbnail","hentry","category-saude-no-campo-belo","has_thumb"],"aioseo_notices":[],"aioseo_head":"\n\t\t<!-- All in One SEO 5.0.0.1 - aioseo.com -->\n\t<meta name=\"description\" content=\"Dia D de Multivacina\u00e7\u00e3o traz importantes oportunidades de sa\u00fade para crian\u00e7as!\" \/>\n\t<meta name=\"robots\" content=\"max-image-preview:large\" \/>\n\t<meta name=\"author\" content=\"Encontra Campo Belo\"\/>\n\t<link rel=\"canonical\" href=\"https:\/\/www.encontracampobelo.com.br\/sobre\/brasil-tera-dia-d-de-multivacinacao-neste-sabado\/\" \/>\n\t<meta name=\"generator\" content=\"All in One SEO (AIOSEO) 5.0.0.1\" \/>\n\t\t<meta property=\"og:locale\" content=\"pt_BR\" \/>\n\t\t<meta property=\"og:site_name\" content=\"Encontra  Campo Belo | Not\u00edcias, eventos, informa\u00e7\u00f5es e dicas no bairro do Campo Belo e regi\u00e3o.\" \/>\n\t\t<meta property=\"og:type\" content=\"article\" \/>\n\t\t<meta property=\"og:title\" content=\"Brasil ter\u00e1 Dia D de Multivacina\u00e7\u00e3o neste s\u00e1bado | Encontra Campo Belo\" \/>\n\t\t<meta property=\"og:description\" content=\"Dia D de Multivacina\u00e7\u00e3o traz importantes oportunidades de sa\u00fade para crian\u00e7as!\" \/>\n\t\t<meta property=\"og:url\" content=\"https:\/\/www.encontracampobelo.com.br\/sobre\/brasil-tera-dia-d-de-multivacinacao-neste-sabado\/\" \/>\n\t\t<meta property=\"article:published_time\" content=\"2026-08-24T00:23:17+00:00\" \/>\n\t\t<meta property=\"article:modified_time\" content=\"2026-08-24T00:23:17+00:00\" \/>\n\t\t<meta name=\"twitter:card\" content=\"summary_large_image\" \/>\n\t\t<meta name=\"twitter:title\" content=\"Brasil ter\u00e1 Dia D de Multivacina\u00e7\u00e3o neste s\u00e1bado | Encontra Campo Belo\" \/>\n\t\t<meta name=\"twitter:description\" content=\"Dia D de Multivacina\u00e7\u00e3o traz importantes oportunidades de sa\u00fade para crian\u00e7as!\" \/>\n\t\t<script type=\"application\/ld+json\" class=\"aioseo-schema\">\n\t\t\t{\"@context\":\"https:\\\/\\\/schema.org\",\"@graph\":[{\"@type\":\"Article\",\"@id\":\"https:\\\/\\\/www.encontracampobelo.com.br\\\/sobre\\\/brasil-tera-dia-d-de-multivacinacao-neste-sabado\\\/#article\",\"name\":\"Brasil ter\\u00e1 Dia D de Multivacina\\u00e7\\u00e3o neste s\\u00e1bado | Encontra Campo Belo\",\"headline\":\"Brasil ter\\u00e1 Dia D de Multivacina\\u00e7\\u00e3o neste s\\u00e1bado\",\"author\":{\"@id\":\"https:\\\/\\\/www.encontracampobelo.com.br\\\/sobre\\\/author\\\/ecampobelo\\\/#author\"},\"publisher\":{\"@id\":\"https:\\\/\\\/www.encontracampobelo.com.br\\\/sobre\\\/#organization\"},\"image\":{\"@type\":\"ImageObject\",\"url\":\"https:\\\/\\\/www.encontracampobelo.com.br\\\/sobre\\\/wp-content\\\/uploads\\\/2026\\\/08\\\/brasil-tera-dia-d-de-multivacinacao-neste-sabado.webp\",\"width\":280,\"height\":280,\"caption\":\"Dia D de Multivacina\\u00e7\\u00e3o\"},\"datePublished\":\"2026-08-23T22:23:17-02:00\",\"dateModified\":\"2026-08-23T22:23:17-02:00\",\"inLanguage\":\"pt-BR\",\"mainEntityOfPage\":{\"@id\":\"https:\\\/\\\/www.encontracampobelo.com.br\\\/sobre\\\/brasil-tera-dia-d-de-multivacinacao-neste-sabado\\\/#webpage\"},\"isPartOf\":{\"@id\":\"https:\\\/\\\/www.encontracampobelo.com.br\\\/sobre\\\/brasil-tera-dia-d-de-multivacinacao-neste-sabado\\\/#webpage\"},\"articleSection\":\"Sa\\u00fade Campo Belo\"},{\"@type\":\"BreadcrumbList\",\"@id\":\"https:\\\/\\\/www.encontracampobelo.com.br\\\/sobre\\\/brasil-tera-dia-d-de-multivacinacao-neste-sabado\\\/#breadcrumblist\",\"itemListElement\":[{\"@type\":\"ListItem\",\"@id\":\"https:\\\/\\\/www.encontracampobelo.com.br\\\/sobre#listItem\",\"position\":1,\"name\":\"In\\u00edcio\",\"item\":\"https:\\\/\\\/www.encontracampobelo.com.br\\\/sobre\",\"nextItem\":{\"@type\":\"ListItem\",\"@id\":\"https:\\\/\\\/www.encontracampobelo.com.br\\\/sobre\\\/saude-no-campo-belo\\\/#listItem\",\"name\":\"Sa\\u00fade Campo Belo\"}},{\"@type\":\"ListItem\",\"@id\":\"https:\\\/\\\/www.encontracampobelo.com.br\\\/sobre\\\/saude-no-campo-belo\\\/#listItem\",\"position\":2,\"name\":\"Sa\\u00fade Campo Belo\",\"item\":\"https:\\\/\\\/www.encontracampobelo.com.br\\\/sobre\\\/saude-no-campo-belo\\\/\",\"nextItem\":{\"@type\":\"ListItem\",\"@id\":\"https:\\\/\\\/www.encontracampobelo.com.br\\\/sobre\\\/brasil-tera-dia-d-de-multivacinacao-neste-sabado\\\/#listItem\",\"name\":\"Brasil ter\\u00e1 Dia D de Multivacina\\u00e7\\u00e3o neste s\\u00e1bado\"},\"previousItem\":{\"@type\":\"ListItem\",\"@id\":\"https:\\\/\\\/www.encontracampobelo.com.br\\\/sobre#listItem\",\"name\":\"In\\u00edcio\"}},{\"@type\":\"ListItem\",\"@id\":\"https:\\\/\\\/www.encontracampobelo.com.br\\\/sobre\\\/brasil-tera-dia-d-de-multivacinacao-neste-sabado\\\/#listItem\",\"position\":3,\"name\":\"Brasil ter\\u00e1 Dia D de Multivacina\\u00e7\\u00e3o neste s\\u00e1bado\",\"previousItem\":{\"@type\":\"ListItem\",\"@id\":\"https:\\\/\\\/www.encontracampobelo.com.br\\\/sobre\\\/saude-no-campo-belo\\\/#listItem\",\"name\":\"Sa\\u00fade Campo Belo\"}}]},{\"@type\":\"Organization\",\"@id\":\"https:\\\/\\\/www.encontracampobelo.com.br\\\/sobre\\\/#organization\",\"name\":\"Encontra  Campo Belo\",\"description\":\"Not\\u00edcias, eventos, informa\\u00e7\\u00f5es e dicas no bairro do Campo Belo e regi\\u00e3o.\",\"url\":\"https:\\\/\\\/www.encontracampobelo.com.br\\\/sobre\\\/\"},{\"@type\":\"Person\",\"@id\":\"https:\\\/\\\/www.encontracampobelo.com.br\\\/sobre\\\/author\\\/ecampobelo\\\/#author\",\"url\":\"https:\\\/\\\/www.encontracampobelo.com.br\\\/sobre\\\/author\\\/ecampobelo\\\/\",\"name\":\"Encontra Campo Belo\",\"image\":{\"@type\":\"ImageObject\",\"@id\":\"https:\\\/\\\/www.encontracampobelo.com.br\\\/sobre\\\/brasil-tera-dia-d-de-multivacinacao-neste-sabado\\\/#authorImage\",\"url\":\"https:\\\/\\\/secure.gravatar.com\\\/avatar\\\/507340682b8270222e1f208e23198b6ae7e2c6a1033ae84e99bc6bce4f82a387?s=96&d=mm&r=g\",\"width\":96,\"height\":96,\"caption\":\"Encontra Campo Belo\"}},{\"@type\":\"WebPage\",\"@id\":\"https:\\\/\\\/www.encontracampobelo.com.br\\\/sobre\\\/brasil-tera-dia-d-de-multivacinacao-neste-sabado\\\/#webpage\",\"url\":\"https:\\\/\\\/www.encontracampobelo.com.br\\\/sobre\\\/brasil-tera-dia-d-de-multivacinacao-neste-sabado\\\/\",\"name\":\"Brasil ter\\u00e1 Dia D de Multivacina\\u00e7\\u00e3o neste s\\u00e1bado | Encontra Campo Belo\",\"description\":\"Dia D de Multivacina\\u00e7\\u00e3o traz importantes oportunidades de sa\\u00fade para crian\\u00e7as!\",\"inLanguage\":\"pt-BR\",\"isPartOf\":{\"@id\":\"https:\\\/\\\/www.encontracampobelo.com.br\\\/sobre\\\/#website\"},\"breadcrumb\":{\"@id\":\"https:\\\/\\\/www.encontracampobelo.com.br\\\/sobre\\\/brasil-tera-dia-d-de-multivacinacao-neste-sabado\\\/#breadcrumblist\"},\"author\":{\"@id\":\"https:\\\/\\\/www.encontracampobelo.com.br\\\/sobre\\\/author\\\/ecampobelo\\\/#author\"},\"creator\":{\"@id\":\"https:\\\/\\\/www.encontracampobelo.com.br\\\/sobre\\\/author\\\/ecampobelo\\\/#author\"},\"image\":{\"@type\":\"ImageObject\",\"url\":\"https:\\\/\\\/www.encontracampobelo.com.br\\\/sobre\\\/wp-content\\\/uploads\\\/2026\\\/08\\\/brasil-tera-dia-d-de-multivacinacao-neste-sabado.webp\",\"@id\":\"https:\\\/\\\/www.encontracampobelo.com.br\\\/sobre\\\/brasil-tera-dia-d-de-multivacinacao-neste-sabado\\\/#mainImage\",\"width\":280,\"height\":280,\"caption\":\"Dia D de Multivacina\\u00e7\\u00e3o\"},\"primaryImageOfPage\":{\"@id\":\"https:\\\/\\\/www.encontracampobelo.com.br\\\/sobre\\\/brasil-tera-dia-d-de-multivacinacao-neste-sabado\\\/#mainImage\"},\"datePublished\":\"2026-08-23T22:23:17-02:00\",\"dateModified\":\"2026-08-23T22:23:17-02:00\"},{\"@type\":\"WebSite\",\"@id\":\"https:\\\/\\\/www.encontracampobelo.com.br\\\/sobre\\\/#website\",\"url\":\"https:\\\/\\\/www.encontracampobelo.com.br\\\/sobre\\\/\",\"name\":\"Encontra  Campo Belo\",\"description\":\"Not\\u00edcias, eventos, informa\\u00e7\\u00f5es e dicas no bairro do Campo Belo e regi\\u00e3o.\",\"inLanguage\":\"pt-BR\",\"publisher\":{\"@id\":\"https:\\\/\\\/www.encontracampobelo.com.br\\\/sobre\\\/#organization\"}}]}\n\t\t<\/script>\n\t\t<!-- All in One SEO -->\n\n","aioseo_head_json":{"title":"Brasil ter\u00e1 Dia D de Multivacina\u00e7\u00e3o neste s\u00e1bado | Encontra Campo Belo","description":"Dia D de Multivacina\u00e7\u00e3o traz importantes oportunidades de sa\u00fade para crian\u00e7as!","canonical_url":"https:\/\/www.encontracampobelo.com.br\/sobre\/brasil-tera-dia-d-de-multivacinacao-neste-sabado\/","robots":"max-image-preview:large","keywords":"","webmasterTools":{"miscellaneous":""},"schema":{"@context":"https:\/\/schema.org","@graph":[{"@type":"Article","@id":"https:\/\/www.encontracampobelo.com.br\/sobre\/brasil-tera-dia-d-de-multivacinacao-neste-sabado\/#article","name":"Brasil ter\u00e1 Dia D de Multivacina\u00e7\u00e3o neste s\u00e1bado | Encontra Campo Belo","headline":"Brasil ter\u00e1 Dia D de Multivacina\u00e7\u00e3o neste s\u00e1bado","author":{"@id":"https:\/\/www.encontracampobelo.com.br\/sobre\/author\/ecampobelo\/#author"},"publisher":{"@id":"https:\/\/www.encontracampobelo.com.br\/sobre\/#organization"},"image":{"@type":"ImageObject","url":"https:\/\/www.encontracampobelo.com.br\/sobre\/wp-content\/uploads\/2026\/08\/brasil-tera-dia-d-de-multivacinacao-neste-sabado.webp","width":280,"height":280,"caption":"Dia D de Multivacina\u00e7\u00e3o"},"datePublished":"2026-08-23T22:23:17-02:00","dateModified":"2026-08-23T22:23:17-02:00","inLanguage":"pt-BR","mainEntityOfPage":{"@id":"https:\/\/www.encontracampobelo.com.br\/sobre\/brasil-tera-dia-d-de-multivacinacao-neste-sabado\/#webpage"},"isPartOf":{"@id":"https:\/\/www.encontracampobelo.com.br\/sobre\/brasil-tera-dia-d-de-multivacinacao-neste-sabado\/#webpage"},"articleSection":"Sa\u00fade Campo Belo"},{"@type":"BreadcrumbList","@id":"https:\/\/www.encontracampobelo.com.br\/sobre\/brasil-tera-dia-d-de-multivacinacao-neste-sabado\/#breadcrumblist","itemListElement":[{"@type":"ListItem","@id":"https:\/\/www.encontracampobelo.com.br\/sobre#listItem","position":1,"name":"In\u00edcio","item":"https:\/\/www.encontracampobelo.com.br\/sobre","nextItem":{"@type":"ListItem","@id":"https:\/\/www.encontracampobelo.com.br\/sobre\/saude-no-campo-belo\/#listItem","name":"Sa\u00fade Campo Belo"}},{"@type":"ListItem","@id":"https:\/\/www.encontracampobelo.com.br\/sobre\/saude-no-campo-belo\/#listItem","position":2,"name":"Sa\u00fade Campo Belo","item":"https:\/\/www.encontracampobelo.com.br\/sobre\/saude-no-campo-belo\/","nextItem":{"@type":"ListItem","@id":"https:\/\/www.encontracampobelo.com.br\/sobre\/brasil-tera-dia-d-de-multivacinacao-neste-sabado\/#listItem","name":"Brasil ter\u00e1 Dia D de Multivacina\u00e7\u00e3o neste s\u00e1bado"},"previousItem":{"@type":"ListItem","@id":"https:\/\/www.encontracampobelo.com.br\/sobre#listItem","name":"In\u00edcio"}},{"@type":"ListItem","@id":"https:\/\/www.encontracampobelo.com.br\/sobre\/brasil-tera-dia-d-de-multivacinacao-neste-sabado\/#listItem","position":3,"name":"Brasil ter\u00e1 Dia D de Multivacina\u00e7\u00e3o neste s\u00e1bado","previousItem":{"@type":"ListItem","@id":"https:\/\/www.encontracampobelo.com.br\/sobre\/saude-no-campo-belo\/#listItem","name":"Sa\u00fade Campo Belo"}}]},{"@type":"Organization","@id":"https:\/\/www.encontracampobelo.com.br\/sobre\/#organization","name":"Encontra  Campo Belo","description":"Not\u00edcias, eventos, informa\u00e7\u00f5es e dicas no bairro do Campo Belo e regi\u00e3o.","url":"https:\/\/www.encontracampobelo.com.br\/sobre\/"},{"@type":"Person","@id":"https:\/\/www.encontracampobelo.com.br\/sobre\/author\/ecampobelo\/#author","url":"https:\/\/www.encontracampobelo.com.br\/sobre\/author\/ecampobelo\/","name":"Encontra Campo Belo","image":{"@type":"ImageObject","@id":"https:\/\/www.encontracampobelo.com.br\/sobre\/brasil-tera-dia-d-de-multivacinacao-neste-sabado\/#authorImage","url":"https:\/\/secure.gravatar.com\/avatar\/507340682b8270222e1f208e23198b6ae7e2c6a1033ae84e99bc6bce4f82a387?s=96&d=mm&r=g","width":96,"height":96,"caption":"Encontra Campo Belo"}},{"@type":"WebPage","@id":"https:\/\/www.encontracampobelo.com.br\/sobre\/brasil-tera-dia-d-de-multivacinacao-neste-sabado\/#webpage","url":"https:\/\/www.encontracampobelo.com.br\/sobre\/brasil-tera-dia-d-de-multivacinacao-neste-sabado\/","name":"Brasil ter\u00e1 Dia D de Multivacina\u00e7\u00e3o neste s\u00e1bado | Encontra Campo Belo","description":"Dia D de Multivacina\u00e7\u00e3o traz importantes oportunidades de sa\u00fade para crian\u00e7as!","inLanguage":"pt-BR","isPartOf":{"@id":"https:\/\/www.encontracampobelo.com.br\/sobre\/#website"},"breadcrumb":{"@id":"https:\/\/www.encontracampobelo.com.br\/sobre\/brasil-tera-dia-d-de-multivacinacao-neste-sabado\/#breadcrumblist"},"author":{"@id":"https:\/\/www.encontracampobelo.com.br\/sobre\/author\/ecampobelo\/#author"},"creator":{"@id":"https:\/\/www.encontracampobelo.com.br\/sobre\/author\/ecampobelo\/#author"},"image":{"@type":"ImageObject","url":"https:\/\/www.encontracampobelo.com.br\/sobre\/wp-content\/uploads\/2026\/08\/brasil-tera-dia-d-de-multivacinacao-neste-sabado.webp","@id":"https:\/\/www.encontracampobelo.com.br\/sobre\/brasil-tera-dia-d-de-multivacinacao-neste-sabado\/#mainImage","width":280,"height":280,"caption":"Dia D de Multivacina\u00e7\u00e3o"},"primaryImageOfPage":{"@id":"https:\/\/www.encontracampobelo.com.br\/sobre\/brasil-tera-dia-d-de-multivacinacao-neste-sabado\/#mainImage"},"datePublished":"2026-08-23T22:23:17-02:00","dateModified":"2026-08-23T22:23:17-02:00"},{"@type":"WebSite","@id":"https:\/\/www.encontracampobelo.com.br\/sobre\/#website","url":"https:\/\/www.encontracampobelo.com.br\/sobre\/","name":"Encontra  Campo Belo","description":"Not\u00edcias, eventos, informa\u00e7\u00f5es e dicas no bairro do Campo Belo e regi\u00e3o.","inLanguage":"pt-BR","publisher":{"@id":"https:\/\/www.encontracampobelo.com.br\/sobre\/#organization"}}]},"og:locale":"pt_BR","og:site_name":"Encontra  Campo Belo | Not\u00edcias, eventos, informa\u00e7\u00f5es e dicas no bairro do Campo Belo e regi\u00e3o.","og:type":"article","og:title":"Brasil ter\u00e1 Dia D de Multivacina\u00e7\u00e3o neste s\u00e1bado | Encontra Campo Belo","og:description":"Dia D de Multivacina\u00e7\u00e3o traz importantes oportunidades de sa\u00fade para crian\u00e7as!","og:url":"https:\/\/www.encontracampobelo.com.br\/sobre\/brasil-tera-dia-d-de-multivacinacao-neste-sabado\/","article:published_time":"2026-08-24T00:23:17+00:00","article:modified_time":"2026-08-24T00:23:17+00:00","twitter:card":"summary_large_image","twitter:title":"Brasil ter\u00e1 Dia D de Multivacina\u00e7\u00e3o neste s\u00e1bado | Encontra Campo Belo","twitter:description":"Dia D de Multivacina\u00e7\u00e3o traz importantes oportunidades de sa\u00fade para crian\u00e7as!"},"aioseo_meta_data":{"post_id":"2498","title":null,"description":null,"keywords":null,"keyphrases":null,"primary_term":null,"canonical_url":null,"og_title":null,"og_description":null,"og_object_type":"default","og_image_type":"default","og_image_url":null,"og_image_width":null,"og_image_height":null,"og_image_custom_url":null,"og_image_custom_fields":null,"og_video":null,"og_custom_url":null,"og_article_section":null,"og_article_tags":null,"twitter_use_og":false,"twitter_card":"default","twitter_image_type":"default","twitter_image_url":null,"twitter_image_custom_url":null,"twitter_image_custom_fields":null,"twitter_title":null,"twitter_description":null,"schema":{"blockGraphs":[],"customGraphs":[],"default":{"data":{"Article":[],"Course":[],"Dataset":[],"FAQPage":[],"Movie":[],"Person":[],"Product":[],"ProductReview":[],"Car":[],"Recipe":[],"Service":[],"SoftwareApplication":[],"WebPage":[]},"graphName":"Article","isEnabled":true},"graphs":[]},"schema_type":"default","schema_type_options":null,"pillar_content":false,"robots_default":true,"robots_noindex":false,"robots_noarchive":false,"robots_nosnippet":false,"robots_nofollow":false,"robots_noimageindex":false,"robots_noodp":false,"robots_notranslate":false,"robots_max_snippet":null,"robots_max_videopreview":null,"robots_max_imagepreview":"large","priority":null,"frequency":null,"local_seo":null,"breadcrumb_settings":null,"limit_modified_date":false,"ai":null,"created":"2026-08-24 00:23:18","updated":"2026-08-24 01:17:16","focus_keyword":null,"additional_keywords":null,"truseo_locale":null,"seo_analyzer_scan_date":null},"aioseo_breadcrumb":"<div class=\"aioseo-breadcrumbs\"><span class=\"aioseo-breadcrumb\">\n\t\t\t<a href=\"https:\/\/www.encontracampobelo.com.br\/sobre\" title=\"In\u00edcio\">In\u00edcio<\/a>\n\t\t<\/span><span class=\"aioseo-breadcrumb-separator\">&raquo;<\/span><span class=\"aioseo-breadcrumb\">\n\t\t\t<a href=\"https:\/\/www.encontracampobelo.com.br\/sobre\/saude-no-campo-belo\/\" title=\"Sa\u00fade Campo Belo\">Sa\u00fade Campo Belo<\/a>\n\t\t<\/span><span class=\"aioseo-breadcrumb-separator\">&raquo;<\/span><span class=\"aioseo-breadcrumb\">\n\t\t\tBrasil ter\u00e1 Dia D de Multivacina\u00e7\u00e3o neste s\u00e1bado\n\t\t<\/span><\/div>","aioseo_breadcrumb_json":[{"label":"In\u00edcio","link":"https:\/\/www.encontracampobelo.com.br\/sobre"},{"label":"Sa\u00fade Campo Belo","link":"https:\/\/www.encontracampobelo.com.br\/sobre\/saude-no-campo-belo\/"},{"label":"Brasil ter\u00e1 Dia D de Multivacina\u00e7\u00e3o neste s\u00e1bado","link":"https:\/\/www.encontracampobelo.com.br\/sobre\/brasil-tera-dia-d-de-multivacinacao-neste-sabado\/"}],"_links":{"self":[{"href":"https:\/\/www.encontracampobelo.com.br\/sobre\/wp-json\/wp\/v2\/posts\/2498","targetHints":{"allow":["GET"]}}],"collection":[{"href":"https:\/\/www.encontracampobelo.com.br\/sobre\/wp-json\/wp\/v2\/posts"}],"about":[{"href":"https:\/\/www.encontracampobelo.com.br\/sobre\/wp-json\/wp\/v2\/types\/post"}],"author":[{"embeddable":true,"href":"https:\/\/www.encontracampobelo.com.br\/sobre\/wp-json\/wp\/v2\/users\/1"}],"replies":[{"embeddable":true,"href":"https:\/\/www.encontracampobelo.com.br\/sobre\/wp-json\/wp\/v2\/comments?post=2498"}],"version-history":[{"count":0,"href":"https:\/\/www.encontracampobelo.com.br\/sobre\/wp-json\/wp\/v2\/posts\/2498\/revisions"}],"wp:featuredmedia":[{"embeddable":true,"href":"https:\/\/www.encontracampobelo.com.br\/sobre\/wp-json\/wp\/v2\/media\/2497"}],"wp:attachment":[{"href":"https:\/\/www.encontracampobelo.com.br\/sobre\/wp-json\/wp\/v2\/media?parent=2498"}],"wp:term":[{"taxonomy":"category","embeddable":true,"href":"https:\/\/www.encontracampobelo.com.br\/sobre\/wp-json\/wp\/v2\/categories?post=2498"},{"taxonomy":"post_tag","embeddable":true,"href":"https:\/\/www.encontracampobelo.com.br\/sobre\/wp-json\/wp\/v2\/tags?post=2498"}],"curies":[{"name":"wp","href":"https:\/\/api.w.org\/{rel}","templated":true}]}}