{"id":2522,"date":"2026-08-26T09:20:59","date_gmt":"2026-08-26T11:20:59","guid":{"rendered":"https:\/\/www.encontracampobelo.com.br\/sobre\/quem-e-candidata-a-deputada-federal-do-pl\/"},"modified":"2026-08-26T09:20:59","modified_gmt":"2026-08-26T11:20:59","slug":"quem-e-candidata-a-deputada-federal-do-pl","status":"publish","type":"post","link":"https:\/\/www.encontracampobelo.com.br\/sobre\/quem-e-candidata-a-deputada-federal-do-pl\/","title":{"rendered":"Quem \u00e9 candidata a deputada federal do PL"},"content":{"rendered":"<div class=\"1cfda93c6640a8762b4fe319eb685dc5\" data-index=\"1\" style=\"float: none; margin:0px;\">\n<!-- Anuncio display - global -->\r\n<ins class=\"adsbygoogle\"\r\n     style=\"display:block\"\r\n     data-ad-client=\"ca-pub-8585364105181520\"\r\n     data-ad-slot=\"8789329856\"\r\n     data-ad-format=\"auto\"\r\n     data-full-width-responsive=\"true\"><\/ins>\r\n<script>\r\n     (adsbygoogle = window.adsbygoogle || []).push({});\r\n<\/script>\n<\/div>\n<h2>A Ascens\u00e3o de Sophia Barclay nas Redes Sociais<\/h2>\n<p>Sophia Barclay, uma influenciadora digital alinhada \u00e0 direita, vem ganhando destaque na pol\u00edtica brasileira, especialmente como candidata a deputada federal pelo <strong>PL-SP<\/strong>. Sua trajet\u00f3ria nas redes sociais a tornou uma figura conturbada, levantando debates sobre a coer\u00eancia de suas posi\u00e7\u00f5es pol\u00edticas e sua condi\u00e7\u00e3o de benefici\u00e1ria do <strong>Bolsa Fam\u00edlia<\/strong>.<\/p>\n<p>Barclay \u00e9 uma cr\u00edtica declarada dos programas de assist\u00eancia social, posicionando-se frequentemente como uma &#8220;voz Anti-Woke&#8221; no Brasil. Este termo se refere a cr\u00edticas a movimentos sociais que promovem igualdade racial e diversidade. Assim, sua influ\u00eancia nas plataformas digitais a transformou em uma pe\u00e7a importante no jogo pol\u00edtico atual, atraindo tanto apoiadores fervorosos quanto detratores.<\/p>\n<h2>Cr\u00edticas ao Bolsa Fam\u00edlia: O Que Ela Diz?<\/h2>\n<p>Apesar de ter sido benefici\u00e1ria do <strong>Bolsa Fam\u00edlia<\/strong>, Sophia Barclay \u00e9 conhecida por suas duras cr\u00edticas ao programa. Ela argumenta que a depend\u00eancia destes aux\u00edlios perpetua a pobreza e desincentiva a busca por oportunidades de renda pr\u00f3prias. Essa dicotomia entre receber e criticar os benef\u00edcios suscita discuss\u00f5es sobre a representatividade e a efic\u00e1cia das pol\u00edticas sociais no Brasil.<\/p>\n<p><img decoding=\"async\" src=\"https:\/\/www.encontracampobelo.com.br\/sobre\/wp-content\/uploads\/2026\/08\/quem-e-candidata-a-deputada-federal-do-pl.webp\" alt=\"Candidata a deputada federal do PL-SP que recebe Bolsa Fam\u00edlia\" loading=\"lazy\" \/><\/p>\n<p>Em postagens, Barclay destacou que programas como o Bolsa Fam\u00edlia deveriam servir como uma rede de prote\u00e7\u00e3o tempor\u00e1ria, voltada para ajudar os mais necessitados, e n\u00e3o como uma solu\u00e7\u00e3o permanente. Ela pretende reformular a assist\u00eancia social, promovendo a ideia de que a renova\u00e7\u00e3o da economia deve vir por meio da educa\u00e7\u00e3o e do empreendedorismo.<\/p>\n<h2>O Contraponto: Benefici\u00e1ria que Critica Benef\u00edcios<\/h2>\n<p>A situa\u00e7\u00e3o de Sophia Barclay representa uma contradi\u00e7\u00e3o que n\u00e3o passa despercebida: uma influenciadora que critica um programa do qual \u00e9 benefici\u00e1ria desde 2018, recebendo em torno de <strong>R$ 21 mil<\/strong> em aux\u00edlios sociais at\u00e9 o momento. Essa dualidade \u00e9 um ponto de cr\u00edtica para aqueles que a veem como uma figura hip\u00f3crita dentro do discurso pol\u00edtico, levantando quest\u00f5es sobre a autenticidade de seus argumentos.<\/p>\n<p>Barclay, por sua vez, reafirma estar surpresa por figurar entre os benefici\u00e1rios, atribuindo sua inclus\u00e3o a um registro no <strong>Cadastro \u00danico (Cad\u00danico)<\/strong> de um familiar. Al\u00e9m disso, sua assessoria esclarece que a candidata nunca editou sua situa\u00e7\u00e3o financeira visando receber tais benef\u00edcios, mas sim cumpre com suas obriga\u00e7\u00f5es fiscais e financeiras.<\/p>\n<h2>Perfil da Candidata: Quem \u00e9 Sophia Barclay?<\/h2>\n<p>Sophia Barclay \u00e9 uma mulher trans que se identifica firmemente com a direita e que utiliza sua voz nas redes sociais para promover suas ideias conservadoras. Ela \u00e9 amplamente reconhecida como uma das figuras que desafiam as narrativas de esquerda, ganhando popularidade entre os segmentos que se op\u00f5em \u00e0s pautas tradicionais como diversidade, direitos LGBTQ+ e igualdade racial. A sua capacidade de provocar rea\u00e7\u00f5es nas redes sociais fez dela um caso de estudo sobre a polariza\u00e7\u00e3o nas pol\u00edticas contempor\u00e2neas.<\/p>\n<p>Antes de se filiar ao <strong>PL<\/strong>, Barclay fez parte do <strong>Partido Novo<\/strong>, onde abandonou a legenda depois de conflitos internos sobre apoio a figuras como <strong>Fl\u00e1vio Bolsonaro<\/strong>. Sua transi\u00e7\u00e3o entre partidos reflete a instabilidade e a busca por uma voz alinhada aos seus interesses pol\u00edticos, focando na ascens\u00e3o dentro de um novo espa\u00e7o pol\u00edtico.<\/p>\n<h2>Impacto das Redes Sociais na Campanha de Barclay<\/h2>\n<p>A influ\u00eancia de Sophia Barclay nas redes sociais n\u00e3o pode ser subestimada. Ela utiliza plataformas populares para compartilhar sua vis\u00e3o pol\u00edtica e atrair seguidores. Sua habilidade em engajar com o p\u00fablico atrav\u00e9s de postagens pol\u00eamicas e declara\u00e7\u00f5es assertivas solidificou sua presen\u00e7a na pol\u00edtica, especialmente entre jovens e em grupos que seguem a direita.<\/p>\n<p>Os debates acalorados que gerou resultaram em um aumento significativo de seus seguidores e na notoriedade que alcan\u00e7ou como defensora de um novo discurso na direita. Al\u00e9m disso, suas intera\u00e7\u00f5es com cr\u00edticas e defensores tornam suas plataformas um espa\u00e7o para di\u00e1logo, ampliando sua visibilidade pol\u00edtica.<\/p>\n<h2>Controv\u00e9rsias e Cr\u00edticas: A Rea\u00e7\u00e3o do P\u00fablico<\/h2>\n<p>As opini\u00f5es sobre Sophia Barclay variam de intensamente favor\u00e1veis a veementemente opostas. Ao criticar abertamente o Bolsa Fam\u00edlia enquanto \u00e9 benefici\u00e1ria, muitos veem suas a\u00e7\u00f5es como um sinal claro de hipocrisia. As redes sociais repletas de discuss\u00f5es polarizadas fazem dela um alvo tanto de apoio quanto de hostilidade por parte da opini\u00e3o p\u00fablica.<\/p>\n<p>A resposta do p\u00fablico \u00e0s suas coloca\u00e7\u00f5es ilustra a complexidade do contexto pol\u00edtico atual, onde figuras como ela n\u00e3o apenas polarizam opini\u00f5es, mas tamb\u00e9m s\u00e3o s\u00edmbolos de uma nova gera\u00e7\u00e3o que busca redefinir as normas de representa\u00e7\u00e3o pol\u00edtica no Brasil. Essa imagem pode tanto favorecer como prejudicar suas aspira\u00e7\u00f5es electorais dependendo de como ela administrar sua imagem diante de contradi\u00e7\u00f5es aparentes.<\/p>\n<h2>Entendendo a Posi\u00e7\u00e3o Pol\u00edtica de Sophia Barclay<\/h2>\n<p>A pol\u00edtica de Sophia Barclay \u00e9 moldada por uma rejei\u00e7\u00e3o clara a pol\u00edticas sociais extensivas, que consideram destrutivas para a autonomia financeira dos cidad\u00e3os. Com suas opini\u00f5es formadas sobre liberdade individual e o desejo de ver as pessoas se tornarem menos dependentes do Estado, suas propostas apresentam um enfoque que quer criar mais oportunidades em vez de distribuir benef\u00edcios.<\/p>\n<p>Barclay destaca sua inten\u00e7\u00e3o de reformar e garantir que os programas existentes sirvam de apoio tempor\u00e1rio ao inv\u00e9s de permanentes, refletindo uma vis\u00e3o conservadora que objetivamos transformar a assist\u00eancia em uma ponte para a independ\u00eancia econ\u00f4mica.<\/p>\n<h2>Olhares sobre a Influ\u00eancia de Importantes L\u00edderes<\/h2>\n<p>Barclay tamb\u00e9m \u00e9 um reflexo das influ\u00eancias que recebe de l\u00edderes populares que a cercam, especialmente aqueles que a apoiam dentro do <strong>PL<\/strong>. A proximidade com figuras como Fl\u00e1vio Bolsonaro e outros l\u00edderes da direita de S\u00e3o Paulo moldam sua estrat\u00e9gia pol\u00edtica. Assim, o fortalecimento de v\u00ednculos pode gerar uma identidade mais consolidada e alinhada a ideais conservadores.<\/p>\n<p>Esses relacionamentos n\u00e3o apenas enriquecem sua perspectiva pol\u00edtica, mas tamb\u00e9m oferecem um suporte que pode ser vital para sua campanha e uma poss\u00edvel futura atua\u00e7\u00e3o na C\u00e2mara Federal.<\/p>\n<h2>O Futuro Pol\u00edtico de Sophia na C\u00e2mara Federal<\/h2>\n<p>O futuro de Sophia Barclay na pol\u00edtica \u00e9 indeterminado, mas ela apresenta uma proposta de forte atua\u00e7\u00e3o na defesa de suas vis\u00f5es. Caso consiga se eleger, dever\u00e1 enfrentar o desafio de manter-se fiel a seus princ\u00edpios enquanto lida com a complexidade pol\u00edtica do Congresso Nacional, onde sua postura pode ser tanto uma vantagem quanto um desafio.<\/p>\n<p>Com um p\u00fablico que a reconhece por sua autenticidade e por sua disposi\u00e7\u00e3o de expressar opini\u00f5es controversas, ela pode tornar-se uma aliada ou advers\u00e1ria valiosa em quest\u00f5es que envolvem direitos sociais e pol\u00edticas p\u00fablicas. Dependendo do desenrolar de sua campanha e da resposta do p\u00fablico a sua abordagem, sua carreira pode ascender ou sofrer com apuros pol\u00edticos consider\u00e1veis.<\/p>\n<h2>A Import\u00e2ncia da Transpar\u00eancia na Pol\u00edtica Brasileira<\/h2>\n<p>Finalmente, a situa\u00e7\u00e3o de Sophia Barclay garante uma discuss\u00e3o sobre a necessidade de transpar\u00eancia em rela\u00e7\u00e3o \u00e0 assist\u00eancia social e \u00e0 forma como os pol\u00edticos s\u00e3o percebidos. O caso dela evoca quest\u00f5es em torno de como se espera que os benefici\u00e1rios de programas sociais se comportem e como isso impacta a confian\u00e7a p\u00fablica na pol\u00edtica.<\/p>\n<p>Atrav\u00e9s de sua experi\u00eancia, Barclay representar\u00e1 um chamado \u00e0 responsabilidade e \u00e0 \u00e9tica no trato com pol\u00edticas sociais que devem abra\u00e7ar a vulnerabilidade sem transformar-se em modo de vida permanente. Dessa forma, seu papel nas elei\u00e7\u00f5es n\u00e3o apenas a coloca sob o olhar atento da sociedade, mas tamb\u00e9m levanta quest\u00f5es vitais sobre identidade, resist\u00eancia e autenticidade na pol\u00edtica brasileira.<\/p>\n\n<div style=\"font-size: 0px; height: 0px; line-height: 0px; margin: 0; padding: 0; clear: both;\"><\/div>","protected":false},"excerpt":{"rendered":"<p>Sophia Barclay, candidata do PL-SP, \u00e9 criticada por receber Bolsa Fam\u00edlia enquanto critica o programa.<\/p>\n","protected":false},"author":1,"featured_media":2521,"comment_status":"open","ping_status":"closed","sticky":false,"template":"","format":"standard","meta":{"footnotes":""},"categories":[9],"tags":[],"class_list":["post-2522","post","type-post","status-publish","format-standard","has-post-thumbnail","hentry","category-empregos-no-campo-belo","has_thumb"],"aioseo_notices":[],"aioseo_head":"\n\t\t<!-- All in One SEO 5.0.0.1 - aioseo.com -->\n\t<meta name=\"description\" content=\"Sophia Barclay, candidata do PL-SP, \u00e9 criticada por receber Bolsa Fam\u00edlia enquanto critica o programa.\" \/>\n\t<meta name=\"robots\" content=\"max-image-preview:large\" \/>\n\t<meta name=\"author\" content=\"Encontra Campo Belo\"\/>\n\t<link rel=\"canonical\" href=\"https:\/\/www.encontracampobelo.com.br\/sobre\/quem-e-candidata-a-deputada-federal-do-pl\/\" \/>\n\t<meta name=\"generator\" content=\"All in One SEO (AIOSEO) 5.0.0.1\" \/>\n\t\t<meta property=\"og:locale\" content=\"pt_BR\" \/>\n\t\t<meta property=\"og:site_name\" content=\"Encontra  Campo Belo | Not\u00edcias, eventos, informa\u00e7\u00f5es e dicas no bairro do Campo Belo e regi\u00e3o.\" \/>\n\t\t<meta property=\"og:type\" content=\"article\" \/>\n\t\t<meta property=\"og:title\" content=\"Quem \u00e9 candidata a deputada federal do PL | Encontra Campo Belo\" \/>\n\t\t<meta property=\"og:description\" content=\"Sophia Barclay, candidata do PL-SP, \u00e9 criticada por receber Bolsa Fam\u00edlia enquanto critica o programa.\" \/>\n\t\t<meta property=\"og:url\" content=\"https:\/\/www.encontracampobelo.com.br\/sobre\/quem-e-candidata-a-deputada-federal-do-pl\/\" \/>\n\t\t<meta property=\"article:published_time\" content=\"2026-08-26T11:20:59+00:00\" \/>\n\t\t<meta property=\"article:modified_time\" content=\"2026-08-26T11:20:59+00:00\" \/>\n\t\t<meta name=\"twitter:card\" content=\"summary_large_image\" \/>\n\t\t<meta name=\"twitter:title\" content=\"Quem \u00e9 candidata a deputada federal do PL | Encontra Campo Belo\" \/>\n\t\t<meta name=\"twitter:description\" content=\"Sophia Barclay, candidata do PL-SP, \u00e9 criticada por receber Bolsa Fam\u00edlia enquanto critica o programa.\" \/>\n\t\t<script type=\"application\/ld+json\" class=\"aioseo-schema\">\n\t\t\t{\"@context\":\"https:\\\/\\\/schema.org\",\"@graph\":[{\"@type\":\"Article\",\"@id\":\"https:\\\/\\\/www.encontracampobelo.com.br\\\/sobre\\\/quem-e-candidata-a-deputada-federal-do-pl\\\/#article\",\"name\":\"Quem \\u00e9 candidata a deputada federal do PL | Encontra Campo Belo\",\"headline\":\"Quem \\u00e9 candidata a deputada federal do PL\",\"author\":{\"@id\":\"https:\\\/\\\/www.encontracampobelo.com.br\\\/sobre\\\/author\\\/ecampobelo\\\/#author\"},\"publisher\":{\"@id\":\"https:\\\/\\\/www.encontracampobelo.com.br\\\/sobre\\\/#organization\"},\"image\":{\"@type\":\"ImageObject\",\"url\":\"https:\\\/\\\/www.encontracampobelo.com.br\\\/sobre\\\/wp-content\\\/uploads\\\/2026\\\/08\\\/quem-e-candidata-a-deputada-federal-do-pl.webp\",\"width\":280,\"height\":280,\"caption\":\"Candidata a deputada federal do PL-SP que recebe Bolsa Fam\\u00edlia\"},\"datePublished\":\"2026-08-26T09:20:59-02:00\",\"dateModified\":\"2026-08-26T09:20:59-02:00\",\"inLanguage\":\"pt-BR\",\"mainEntityOfPage\":{\"@id\":\"https:\\\/\\\/www.encontracampobelo.com.br\\\/sobre\\\/quem-e-candidata-a-deputada-federal-do-pl\\\/#webpage\"},\"isPartOf\":{\"@id\":\"https:\\\/\\\/www.encontracampobelo.com.br\\\/sobre\\\/quem-e-candidata-a-deputada-federal-do-pl\\\/#webpage\"},\"articleSection\":\"Empregos Campo Belo\"},{\"@type\":\"BreadcrumbList\",\"@id\":\"https:\\\/\\\/www.encontracampobelo.com.br\\\/sobre\\\/quem-e-candidata-a-deputada-federal-do-pl\\\/#breadcrumblist\",\"itemListElement\":[{\"@type\":\"ListItem\",\"@id\":\"https:\\\/\\\/www.encontracampobelo.com.br\\\/sobre#listItem\",\"position\":1,\"name\":\"In\\u00edcio\",\"item\":\"https:\\\/\\\/www.encontracampobelo.com.br\\\/sobre\",\"nextItem\":{\"@type\":\"ListItem\",\"@id\":\"https:\\\/\\\/www.encontracampobelo.com.br\\\/sobre\\\/empregos-no-campo-belo\\\/#listItem\",\"name\":\"Empregos Campo Belo\"}},{\"@type\":\"ListItem\",\"@id\":\"https:\\\/\\\/www.encontracampobelo.com.br\\\/sobre\\\/empregos-no-campo-belo\\\/#listItem\",\"position\":2,\"name\":\"Empregos Campo Belo\",\"item\":\"https:\\\/\\\/www.encontracampobelo.com.br\\\/sobre\\\/empregos-no-campo-belo\\\/\",\"nextItem\":{\"@type\":\"ListItem\",\"@id\":\"https:\\\/\\\/www.encontracampobelo.com.br\\\/sobre\\\/quem-e-candidata-a-deputada-federal-do-pl\\\/#listItem\",\"name\":\"Quem \\u00e9 candidata a deputada federal do PL\"},\"previousItem\":{\"@type\":\"ListItem\",\"@id\":\"https:\\\/\\\/www.encontracampobelo.com.br\\\/sobre#listItem\",\"name\":\"In\\u00edcio\"}},{\"@type\":\"ListItem\",\"@id\":\"https:\\\/\\\/www.encontracampobelo.com.br\\\/sobre\\\/quem-e-candidata-a-deputada-federal-do-pl\\\/#listItem\",\"position\":3,\"name\":\"Quem \\u00e9 candidata a deputada federal do PL\",\"previousItem\":{\"@type\":\"ListItem\",\"@id\":\"https:\\\/\\\/www.encontracampobelo.com.br\\\/sobre\\\/empregos-no-campo-belo\\\/#listItem\",\"name\":\"Empregos Campo Belo\"}}]},{\"@type\":\"Organization\",\"@id\":\"https:\\\/\\\/www.encontracampobelo.com.br\\\/sobre\\\/#organization\",\"name\":\"Encontra  Campo Belo\",\"description\":\"Not\\u00edcias, eventos, informa\\u00e7\\u00f5es e dicas no bairro do Campo Belo e regi\\u00e3o.\",\"url\":\"https:\\\/\\\/www.encontracampobelo.com.br\\\/sobre\\\/\"},{\"@type\":\"Person\",\"@id\":\"https:\\\/\\\/www.encontracampobelo.com.br\\\/sobre\\\/author\\\/ecampobelo\\\/#author\",\"url\":\"https:\\\/\\\/www.encontracampobelo.com.br\\\/sobre\\\/author\\\/ecampobelo\\\/\",\"name\":\"Encontra Campo Belo\",\"image\":{\"@type\":\"ImageObject\",\"@id\":\"https:\\\/\\\/www.encontracampobelo.com.br\\\/sobre\\\/quem-e-candidata-a-deputada-federal-do-pl\\\/#authorImage\",\"url\":\"https:\\\/\\\/secure.gravatar.com\\\/avatar\\\/507340682b8270222e1f208e23198b6ae7e2c6a1033ae84e99bc6bce4f82a387?s=96&d=mm&r=g\",\"width\":96,\"height\":96,\"caption\":\"Encontra Campo Belo\"}},{\"@type\":\"WebPage\",\"@id\":\"https:\\\/\\\/www.encontracampobelo.com.br\\\/sobre\\\/quem-e-candidata-a-deputada-federal-do-pl\\\/#webpage\",\"url\":\"https:\\\/\\\/www.encontracampobelo.com.br\\\/sobre\\\/quem-e-candidata-a-deputada-federal-do-pl\\\/\",\"name\":\"Quem \\u00e9 candidata a deputada federal do PL | Encontra Campo Belo\",\"description\":\"Sophia Barclay, candidata do PL-SP, \\u00e9 criticada por receber Bolsa Fam\\u00edlia enquanto critica o programa.\",\"inLanguage\":\"pt-BR\",\"isPartOf\":{\"@id\":\"https:\\\/\\\/www.encontracampobelo.com.br\\\/sobre\\\/#website\"},\"breadcrumb\":{\"@id\":\"https:\\\/\\\/www.encontracampobelo.com.br\\\/sobre\\\/quem-e-candidata-a-deputada-federal-do-pl\\\/#breadcrumblist\"},\"author\":{\"@id\":\"https:\\\/\\\/www.encontracampobelo.com.br\\\/sobre\\\/author\\\/ecampobelo\\\/#author\"},\"creator\":{\"@id\":\"https:\\\/\\\/www.encontracampobelo.com.br\\\/sobre\\\/author\\\/ecampobelo\\\/#author\"},\"image\":{\"@type\":\"ImageObject\",\"url\":\"https:\\\/\\\/www.encontracampobelo.com.br\\\/sobre\\\/wp-content\\\/uploads\\\/2026\\\/08\\\/quem-e-candidata-a-deputada-federal-do-pl.webp\",\"@id\":\"https:\\\/\\\/www.encontracampobelo.com.br\\\/sobre\\\/quem-e-candidata-a-deputada-federal-do-pl\\\/#mainImage\",\"width\":280,\"height\":280,\"caption\":\"Candidata a deputada federal do PL-SP que recebe Bolsa Fam\\u00edlia\"},\"primaryImageOfPage\":{\"@id\":\"https:\\\/\\\/www.encontracampobelo.com.br\\\/sobre\\\/quem-e-candidata-a-deputada-federal-do-pl\\\/#mainImage\"},\"datePublished\":\"2026-08-26T09:20:59-02:00\",\"dateModified\":\"2026-08-26T09:20:59-02:00\"},{\"@type\":\"WebSite\",\"@id\":\"https:\\\/\\\/www.encontracampobelo.com.br\\\/sobre\\\/#website\",\"url\":\"https:\\\/\\\/www.encontracampobelo.com.br\\\/sobre\\\/\",\"name\":\"Encontra  Campo Belo\",\"description\":\"Not\\u00edcias, eventos, informa\\u00e7\\u00f5es e dicas no bairro do Campo Belo e regi\\u00e3o.\",\"inLanguage\":\"pt-BR\",\"publisher\":{\"@id\":\"https:\\\/\\\/www.encontracampobelo.com.br\\\/sobre\\\/#organization\"}}]}\n\t\t<\/script>\n\t\t<!-- All in One SEO -->\n\n","aioseo_head_json":{"title":"Quem \u00e9 candidata a deputada federal do PL | Encontra Campo Belo","description":"Sophia Barclay, candidata do PL-SP, \u00e9 criticada por receber Bolsa Fam\u00edlia enquanto critica o programa.","canonical_url":"https:\/\/www.encontracampobelo.com.br\/sobre\/quem-e-candidata-a-deputada-federal-do-pl\/","robots":"max-image-preview:large","keywords":"","webmasterTools":{"miscellaneous":""},"schema":{"@context":"https:\/\/schema.org","@graph":[{"@type":"Article","@id":"https:\/\/www.encontracampobelo.com.br\/sobre\/quem-e-candidata-a-deputada-federal-do-pl\/#article","name":"Quem \u00e9 candidata a deputada federal do PL | Encontra Campo Belo","headline":"Quem \u00e9 candidata a deputada federal do PL","author":{"@id":"https:\/\/www.encontracampobelo.com.br\/sobre\/author\/ecampobelo\/#author"},"publisher":{"@id":"https:\/\/www.encontracampobelo.com.br\/sobre\/#organization"},"image":{"@type":"ImageObject","url":"https:\/\/www.encontracampobelo.com.br\/sobre\/wp-content\/uploads\/2026\/08\/quem-e-candidata-a-deputada-federal-do-pl.webp","width":280,"height":280,"caption":"Candidata a deputada federal do PL-SP que recebe Bolsa Fam\u00edlia"},"datePublished":"2026-08-26T09:20:59-02:00","dateModified":"2026-08-26T09:20:59-02:00","inLanguage":"pt-BR","mainEntityOfPage":{"@id":"https:\/\/www.encontracampobelo.com.br\/sobre\/quem-e-candidata-a-deputada-federal-do-pl\/#webpage"},"isPartOf":{"@id":"https:\/\/www.encontracampobelo.com.br\/sobre\/quem-e-candidata-a-deputada-federal-do-pl\/#webpage"},"articleSection":"Empregos Campo Belo"},{"@type":"BreadcrumbList","@id":"https:\/\/www.encontracampobelo.com.br\/sobre\/quem-e-candidata-a-deputada-federal-do-pl\/#breadcrumblist","itemListElement":[{"@type":"ListItem","@id":"https:\/\/www.encontracampobelo.com.br\/sobre#listItem","position":1,"name":"In\u00edcio","item":"https:\/\/www.encontracampobelo.com.br\/sobre","nextItem":{"@type":"ListItem","@id":"https:\/\/www.encontracampobelo.com.br\/sobre\/empregos-no-campo-belo\/#listItem","name":"Empregos Campo Belo"}},{"@type":"ListItem","@id":"https:\/\/www.encontracampobelo.com.br\/sobre\/empregos-no-campo-belo\/#listItem","position":2,"name":"Empregos Campo Belo","item":"https:\/\/www.encontracampobelo.com.br\/sobre\/empregos-no-campo-belo\/","nextItem":{"@type":"ListItem","@id":"https:\/\/www.encontracampobelo.com.br\/sobre\/quem-e-candidata-a-deputada-federal-do-pl\/#listItem","name":"Quem \u00e9 candidata a deputada federal do PL"},"previousItem":{"@type":"ListItem","@id":"https:\/\/www.encontracampobelo.com.br\/sobre#listItem","name":"In\u00edcio"}},{"@type":"ListItem","@id":"https:\/\/www.encontracampobelo.com.br\/sobre\/quem-e-candidata-a-deputada-federal-do-pl\/#listItem","position":3,"name":"Quem \u00e9 candidata a deputada federal do PL","previousItem":{"@type":"ListItem","@id":"https:\/\/www.encontracampobelo.com.br\/sobre\/empregos-no-campo-belo\/#listItem","name":"Empregos Campo Belo"}}]},{"@type":"Organization","@id":"https:\/\/www.encontracampobelo.com.br\/sobre\/#organization","name":"Encontra  Campo Belo","description":"Not\u00edcias, eventos, informa\u00e7\u00f5es e dicas no bairro do Campo Belo e regi\u00e3o.","url":"https:\/\/www.encontracampobelo.com.br\/sobre\/"},{"@type":"Person","@id":"https:\/\/www.encontracampobelo.com.br\/sobre\/author\/ecampobelo\/#author","url":"https:\/\/www.encontracampobelo.com.br\/sobre\/author\/ecampobelo\/","name":"Encontra Campo Belo","image":{"@type":"ImageObject","@id":"https:\/\/www.encontracampobelo.com.br\/sobre\/quem-e-candidata-a-deputada-federal-do-pl\/#authorImage","url":"https:\/\/secure.gravatar.com\/avatar\/507340682b8270222e1f208e23198b6ae7e2c6a1033ae84e99bc6bce4f82a387?s=96&d=mm&r=g","width":96,"height":96,"caption":"Encontra Campo Belo"}},{"@type":"WebPage","@id":"https:\/\/www.encontracampobelo.com.br\/sobre\/quem-e-candidata-a-deputada-federal-do-pl\/#webpage","url":"https:\/\/www.encontracampobelo.com.br\/sobre\/quem-e-candidata-a-deputada-federal-do-pl\/","name":"Quem \u00e9 candidata a deputada federal do PL | Encontra Campo Belo","description":"Sophia Barclay, candidata do PL-SP, \u00e9 criticada por receber Bolsa Fam\u00edlia enquanto critica o programa.","inLanguage":"pt-BR","isPartOf":{"@id":"https:\/\/www.encontracampobelo.com.br\/sobre\/#website"},"breadcrumb":{"@id":"https:\/\/www.encontracampobelo.com.br\/sobre\/quem-e-candidata-a-deputada-federal-do-pl\/#breadcrumblist"},"author":{"@id":"https:\/\/www.encontracampobelo.com.br\/sobre\/author\/ecampobelo\/#author"},"creator":{"@id":"https:\/\/www.encontracampobelo.com.br\/sobre\/author\/ecampobelo\/#author"},"image":{"@type":"ImageObject","url":"https:\/\/www.encontracampobelo.com.br\/sobre\/wp-content\/uploads\/2026\/08\/quem-e-candidata-a-deputada-federal-do-pl.webp","@id":"https:\/\/www.encontracampobelo.com.br\/sobre\/quem-e-candidata-a-deputada-federal-do-pl\/#mainImage","width":280,"height":280,"caption":"Candidata a deputada federal do PL-SP que recebe Bolsa Fam\u00edlia"},"primaryImageOfPage":{"@id":"https:\/\/www.encontracampobelo.com.br\/sobre\/quem-e-candidata-a-deputada-federal-do-pl\/#mainImage"},"datePublished":"2026-08-26T09:20:59-02:00","dateModified":"2026-08-26T09:20:59-02:00"},{"@type":"WebSite","@id":"https:\/\/www.encontracampobelo.com.br\/sobre\/#website","url":"https:\/\/www.encontracampobelo.com.br\/sobre\/","name":"Encontra  Campo Belo","description":"Not\u00edcias, eventos, informa\u00e7\u00f5es e dicas no bairro do Campo Belo e regi\u00e3o.","inLanguage":"pt-BR","publisher":{"@id":"https:\/\/www.encontracampobelo.com.br\/sobre\/#organization"}}]},"og:locale":"pt_BR","og:site_name":"Encontra  Campo Belo | Not\u00edcias, eventos, informa\u00e7\u00f5es e dicas no bairro do Campo Belo e regi\u00e3o.","og:type":"article","og:title":"Quem \u00e9 candidata a deputada federal do PL | Encontra Campo Belo","og:description":"Sophia Barclay, candidata do PL-SP, \u00e9 criticada por receber Bolsa Fam\u00edlia enquanto critica o programa.","og:url":"https:\/\/www.encontracampobelo.com.br\/sobre\/quem-e-candidata-a-deputada-federal-do-pl\/","article:published_time":"2026-08-26T11:20:59+00:00","article:modified_time":"2026-08-26T11:20:59+00:00","twitter:card":"summary_large_image","twitter:title":"Quem \u00e9 candidata a deputada federal do PL | Encontra Campo Belo","twitter:description":"Sophia Barclay, candidata do PL-SP, \u00e9 criticada por receber Bolsa Fam\u00edlia enquanto critica o programa."},"aioseo_meta_data":{"post_id":"2522","title":null,"description":null,"keywords":null,"keyphrases":null,"primary_term":null,"canonical_url":null,"og_title":null,"og_description":null,"og_object_type":"default","og_image_type":"default","og_image_url":null,"og_image_width":null,"og_image_height":null,"og_image_custom_url":null,"og_image_custom_fields":null,"og_video":null,"og_custom_url":null,"og_article_section":null,"og_article_tags":null,"twitter_use_og":false,"twitter_card":"default","twitter_image_type":"default","twitter_image_url":null,"twitter_image_custom_url":null,"twitter_image_custom_fields":null,"twitter_title":null,"twitter_description":null,"schema":{"blockGraphs":[],"customGraphs":[],"default":{"data":{"Article":[],"Course":[],"Dataset":[],"FAQPage":[],"Movie":[],"Person":[],"Product":[],"ProductReview":[],"Car":[],"Recipe":[],"Service":[],"SoftwareApplication":[],"WebPage":[]},"graphName":"Article","isEnabled":true},"graphs":[]},"schema_type":"default","schema_type_options":null,"pillar_content":false,"robots_default":true,"robots_noindex":false,"robots_noarchive":false,"robots_nosnippet":false,"robots_nofollow":false,"robots_noimageindex":false,"robots_noodp":false,"robots_notranslate":false,"robots_max_snippet":null,"robots_max_videopreview":null,"robots_max_imagepreview":"large","priority":null,"frequency":null,"local_seo":null,"breadcrumb_settings":null,"limit_modified_date":false,"ai":null,"created":"2026-08-26 11:21:01","updated":"2026-08-26 11:51:04","focus_keyword":null,"additional_keywords":null,"truseo_locale":null,"seo_analyzer_scan_date":null},"aioseo_breadcrumb":"<div class=\"aioseo-breadcrumbs\"><span class=\"aioseo-breadcrumb\">\n\t\t\t<a href=\"https:\/\/www.encontracampobelo.com.br\/sobre\" title=\"In\u00edcio\">In\u00edcio<\/a>\n\t\t<\/span><span class=\"aioseo-breadcrumb-separator\">&raquo;<\/span><span class=\"aioseo-breadcrumb\">\n\t\t\t<a href=\"https:\/\/www.encontracampobelo.com.br\/sobre\/empregos-no-campo-belo\/\" title=\"Empregos Campo Belo\">Empregos Campo Belo<\/a>\n\t\t<\/span><span class=\"aioseo-breadcrumb-separator\">&raquo;<\/span><span class=\"aioseo-breadcrumb\">\n\t\t\tQuem \u00e9 candidata a deputada federal do PL\n\t\t<\/span><\/div>","aioseo_breadcrumb_json":[{"label":"In\u00edcio","link":"https:\/\/www.encontracampobelo.com.br\/sobre"},{"label":"Empregos Campo Belo","link":"https:\/\/www.encontracampobelo.com.br\/sobre\/empregos-no-campo-belo\/"},{"label":"Quem \u00e9 candidata a deputada federal do PL","link":"https:\/\/www.encontracampobelo.com.br\/sobre\/quem-e-candidata-a-deputada-federal-do-pl\/"}],"_links":{"self":[{"href":"https:\/\/www.encontracampobelo.com.br\/sobre\/wp-json\/wp\/v2\/posts\/2522","targetHints":{"allow":["GET"]}}],"collection":[{"href":"https:\/\/www.encontracampobelo.com.br\/sobre\/wp-json\/wp\/v2\/posts"}],"about":[{"href":"https:\/\/www.encontracampobelo.com.br\/sobre\/wp-json\/wp\/v2\/types\/post"}],"author":[{"embeddable":true,"href":"https:\/\/www.encontracampobelo.com.br\/sobre\/wp-json\/wp\/v2\/users\/1"}],"replies":[{"embeddable":true,"href":"https:\/\/www.encontracampobelo.com.br\/sobre\/wp-json\/wp\/v2\/comments?post=2522"}],"version-history":[{"count":0,"href":"https:\/\/www.encontracampobelo.com.br\/sobre\/wp-json\/wp\/v2\/posts\/2522\/revisions"}],"wp:featuredmedia":[{"embeddable":true,"href":"https:\/\/www.encontracampobelo.com.br\/sobre\/wp-json\/wp\/v2\/media\/2521"}],"wp:attachment":[{"href":"https:\/\/www.encontracampobelo.com.br\/sobre\/wp-json\/wp\/v2\/media?parent=2522"}],"wp:term":[{"taxonomy":"category","embeddable":true,"href":"https:\/\/www.encontracampobelo.com.br\/sobre\/wp-json\/wp\/v2\/categories?post=2522"},{"taxonomy":"post_tag","embeddable":true,"href":"https:\/\/www.encontracampobelo.com.br\/sobre\/wp-json\/wp\/v2\/tags?post=2522"}],"curies":[{"name":"wp","href":"https:\/\/api.w.org\/{rel}","templated":true}]}}