{"id":2528,"date":"2026-08-26T23:05:49","date_gmt":"2026-08-27T01:05:49","guid":{"rendered":"https:\/\/www.encontracampobelo.com.br\/sobre\/quem-sao-os-candidatos-ao-senado-por-minas-gerais-mg-nas-eleicoes-de-2026\/"},"modified":"2026-08-26T23:05:49","modified_gmt":"2026-08-27T01:05:49","slug":"quem-sao-os-candidatos-ao-senado-por-minas-gerais-mg-nas-eleicoes-de-2026","status":"publish","type":"post","link":"https:\/\/www.encontracampobelo.com.br\/sobre\/quem-sao-os-candidatos-ao-senado-por-minas-gerais-mg-nas-eleicoes-de-2026\/","title":{"rendered":"Quem s\u00e3o os candidatos ao Senado por Minas Gerais (MG) nas elei\u00e7\u00f5es de 2026"},"content":{"rendered":"<div class=\"1cfda93c6640a8762b4fe319eb685dc5\" data-index=\"1\" style=\"float: none; margin:0px;\">\n<!-- Anuncio display - global -->\r\n<ins class=\"adsbygoogle\"\r\n     style=\"display:block\"\r\n     data-ad-client=\"ca-pub-8585364105181520\"\r\n     data-ad-slot=\"8789329856\"\r\n     data-ad-format=\"auto\"\r\n     data-full-width-responsive=\"true\"><\/ins>\r\n<script>\r\n     (adsbygoogle = window.adsbygoogle || []).push({});\r\n<\/script>\n<\/div>\n<h2>Panorama das Elei\u00e7\u00f5es de 2026 em Minas Gerais<\/h2>\n<p>No cen\u00e1rio pol\u00edtico atual de Minas Gerais, as elei\u00e7\u00f5es de 2026 se destacam pela intensa disputa nas vagas do Senado Federal. Este ano, um total de dezessete candidatos se apresenta como aspirantes a ocupar as duas cadeiras dispon\u00edveis. O estado \u00e9 conhecido por sua diversidade de interesses e a participa\u00e7\u00e3o popular, o que torna o processo eleitoral bastante din\u00e2mico e representativo.<\/p>\n<h2>Qual a Import\u00e2ncia do Senado Federal?<\/h2>\n<p>O Senado Federal desempenha um papel crucial na estrutura pol\u00edtica do Brasil. Seus membros t\u00eam a responsabilidade de representar os estados e contribuir para a elabora\u00e7\u00e3o e revis\u00e3o de leis que impactam a vida de milh\u00f5es de cidad\u00e3os. Al\u00e9m disso, os senadores t\u00eam a fun\u00e7\u00e3o de aprovar ou rejeitar propostas importantes, como reformas fiscais e pol\u00edticas p\u00fablicas, e atuam em diversas comiss\u00f5es que discutem temas diversificados desde sa\u00fade at\u00e9 seguran\u00e7a p\u00fablica.<\/p>\n<h2>Quem S\u00e3o os Nomes em Destaque?<\/h2>\n<p>Entre os candidatos a senador por Minas Gerais, alguns j\u00e1 possuem destaque na vida p\u00fablica, enquanto outros s\u00e3o novas figuras querendo conquistar o apoio do eleitorado. A presen\u00e7a de candidatos com hist\u00f3rico pol\u00edtico consolidado contrasta com a inser\u00e7\u00e3o de nomes frescos que t\u00eam como proposta a renova\u00e7\u00e3o da pol\u00edtica e a inclus\u00e3o de novas ideias no debate p\u00fablico.<\/p>\n<p><img decoding=\"async\" src=\"https:\/\/www.encontracampobelo.com.br\/sobre\/wp-content\/uploads\/2026\/08\/quem-sao-os-candidatos-ao-senado-por-minas-gerais-mg-nas-eleicoes-de-2026.webp\" alt=\"candidatos a senador por Minas Gerais\" loading=\"lazy\" \/><\/p>\n<h2>An\u00e1lise das Propostas dos Candidatos<\/h2>\n<p>Os candidatos t\u00eam apresentado propostas variadas, indo desde melhorias na infraestrutura at\u00e9 iniciativas voltadas para a educa\u00e7\u00e3o e sa\u00fade. Uma an\u00e1lise detalhada dessas propostas \u00e9 essencial para que o eleitor compreenda quais interesses cada candidato realmente pretende defender. Quest\u00f5es como a defesa da agricultura familiar, incentivo \u00e0 tecnologia e melhorias na seguran\u00e7a p\u00fablica s\u00e3o alguns dos pontos que est\u00e3o sendo debatidos.<\/p>\n<h2>Impacto das Elei\u00e7\u00f5es para os Mineiros<\/h2>\n<p>As decis\u00f5es tomadas no Senado Federal t\u00eam um impacto direto na vida dos mineiros. Portanto, as elei\u00e7\u00f5es de 2026 s\u00e3o fundamentais para moldar o futuro do estado. Os senadores representam n\u00e3o apenas seus partidos, mas tamb\u00e9m os interesses e as necessidades da popula\u00e7\u00e3o local. O resultado das elei\u00e7\u00f5es poder\u00e1 influenciar pol\u00edticas importantes, como investimentos em sa\u00fade e educa\u00e7\u00e3o, e a gera\u00e7\u00e3o de empregos.<\/p>\n<h2>Expectativas do Eleitorado Mineiro<\/h2>\n<p>Os eleitores de Minas Gerais t\u00eam expectativas altas em rela\u00e7\u00e3o aos candidatos que se apresentaram. A popula\u00e7\u00e3o busca representantes que n\u00e3o apenas escutem suas demandas, mas que tamb\u00e9m tenham capacidade de atua\u00e7\u00e3o e propostas claras. As pesquisas de opini\u00e3o indicam que temas como transpar\u00eancia na pol\u00edtica e combate \u00e0 corrup\u00e7\u00e3o s\u00e3o prioridades para o eleitorado.<\/p>\n<h2>Candidatos com Mais Experi\u00eancia<\/h2>\n<p>Alguns dos candidatos com hist\u00f3rico pol\u00edtico significativo trazem em suas plataformas a promessa de continuidade a projetos j\u00e1 iniciados, enquanto outros prometem reformular a abordagem do governo em diversas \u00e1reas. A experi\u00eancia de senadores anteriores pode ser um fator de influ\u00eancia nas decis\u00f5es dos eleitores, pois muitos preferem candidatos que j\u00e1 possuam conhecimento sobre os tr\u00e2mites pol\u00edticos.<\/p>\n<h2>Nomes Novos na Corrida do Senado<\/h2>\n<p>A entrada de novos candidatos na disputa \u00e9 um reflexo da demanda por mudan\u00e7a por parte do eleitor. Muitos destes candidatos s\u00e3o jovens que se conectam com a nova gera\u00e7\u00e3o, trazendo ideias inovadoras e perspectivas frescas para a pol\u00edtica mineira. Essa nova leva de candidatos ser\u00e1 observada de perto, pois representa uma potencial virada nas abordagens pol\u00edticas tradicionais.<\/p>\n<h2>Desafios da Campanha Eleitoral<\/h2>\n<p>Os desafios enfrentados nas campanhas eleitorais s\u00e3o variados. Desde a constru\u00e7\u00e3o de uma imagem p\u00fablica positiva at\u00e9 a comunica\u00e7\u00e3o eficiente com o eleitor, cada candidato tem sua pr\u00f3pria estrat\u00e9gia. As campanhas precisam se ajustar \u00e0s novas din\u00e2micas digitais, onde as redes sociais desempenham um papel vital para um contato mais pr\u00f3ximo e direto com o eleitorado.<\/p>\n<h2>Como Participar da Elei\u00e7\u00e3o?<\/h2>\n<p>Para participar das elei\u00e7\u00f5es, \u00e9 fundamental que os cidad\u00e3os estejam informados sobre suas obriga\u00e7\u00f5es e direitos. O voto \u00e9 um instrumento poderoso de mudan\u00e7a, e cada eleitor deve se certificar de que est\u00e1 cadastrado e conhece os candidatos. A mobiliza\u00e7\u00e3o da comunidade e debates p\u00fablicos s\u00e3o essenciais para que todos possam exercer seu direito de voto de forma consciente e informada.<\/p>\n\n<div style=\"font-size: 0px; height: 0px; line-height: 0px; margin: 0; padding: 0; clear: both;\"><\/div>","protected":false},"excerpt":{"rendered":"<p>Candidatos a Senador por Minas Gerais: descubra quem s\u00e3o os 17 nomes na disputa!<\/p>\n","protected":false},"author":1,"featured_media":2527,"comment_status":"open","ping_status":"closed","sticky":false,"template":"","format":"standard","meta":{"footnotes":""},"categories":[9],"tags":[],"class_list":["post-2528","post","type-post","status-publish","format-standard","has-post-thumbnail","hentry","category-empregos-no-campo-belo","has_thumb"],"aioseo_notices":[],"aioseo_head":"\n\t\t<!-- All in One SEO 5.0.0.1 - aioseo.com -->\n\t<meta name=\"description\" content=\"Candidatos a Senador por Minas Gerais: descubra quem s\u00e3o os 17 nomes na disputa!\" \/>\n\t<meta name=\"robots\" content=\"max-image-preview:large\" \/>\n\t<meta name=\"author\" content=\"Encontra Campo Belo\"\/>\n\t<link rel=\"canonical\" href=\"https:\/\/www.encontracampobelo.com.br\/sobre\/quem-sao-os-candidatos-ao-senado-por-minas-gerais-mg-nas-eleicoes-de-2026\/\" \/>\n\t<meta name=\"generator\" content=\"All in One SEO (AIOSEO) 5.0.0.1\" \/>\n\t\t<meta property=\"og:locale\" content=\"pt_BR\" \/>\n\t\t<meta property=\"og:site_name\" content=\"Encontra  Campo Belo | Not\u00edcias, eventos, informa\u00e7\u00f5es e dicas no bairro do Campo Belo e regi\u00e3o.\" \/>\n\t\t<meta property=\"og:type\" content=\"article\" \/>\n\t\t<meta property=\"og:title\" content=\"Quem s\u00e3o os candidatos ao Senado por Minas Gerais (MG) nas elei\u00e7\u00f5es de 2026 | Encontra Campo Belo\" \/>\n\t\t<meta property=\"og:description\" content=\"Candidatos a Senador por Minas Gerais: descubra quem s\u00e3o os 17 nomes na disputa!\" \/>\n\t\t<meta property=\"og:url\" content=\"https:\/\/www.encontracampobelo.com.br\/sobre\/quem-sao-os-candidatos-ao-senado-por-minas-gerais-mg-nas-eleicoes-de-2026\/\" \/>\n\t\t<meta property=\"article:published_time\" content=\"2026-08-27T01:05:49+00:00\" \/>\n\t\t<meta property=\"article:modified_time\" content=\"2026-08-27T01:05:49+00:00\" \/>\n\t\t<meta name=\"twitter:card\" content=\"summary_large_image\" \/>\n\t\t<meta name=\"twitter:title\" content=\"Quem s\u00e3o os candidatos ao Senado por Minas Gerais (MG) nas elei\u00e7\u00f5es de 2026 | Encontra Campo Belo\" \/>\n\t\t<meta name=\"twitter:description\" content=\"Candidatos a Senador por Minas Gerais: descubra quem s\u00e3o os 17 nomes na disputa!\" \/>\n\t\t<script type=\"application\/ld+json\" class=\"aioseo-schema\">\n\t\t\t{\"@context\":\"https:\\\/\\\/schema.org\",\"@graph\":[{\"@type\":\"Article\",\"@id\":\"https:\\\/\\\/www.encontracampobelo.com.br\\\/sobre\\\/quem-sao-os-candidatos-ao-senado-por-minas-gerais-mg-nas-eleicoes-de-2026\\\/#article\",\"name\":\"Quem s\\u00e3o os candidatos ao Senado por Minas Gerais (MG) nas elei\\u00e7\\u00f5es de 2026 | Encontra Campo Belo\",\"headline\":\"Quem s\\u00e3o os candidatos ao Senado por Minas Gerais (MG) nas elei\\u00e7\\u00f5es de 2026\",\"author\":{\"@id\":\"https:\\\/\\\/www.encontracampobelo.com.br\\\/sobre\\\/author\\\/ecampobelo\\\/#author\"},\"publisher\":{\"@id\":\"https:\\\/\\\/www.encontracampobelo.com.br\\\/sobre\\\/#organization\"},\"image\":{\"@type\":\"ImageObject\",\"url\":\"https:\\\/\\\/www.encontracampobelo.com.br\\\/sobre\\\/wp-content\\\/uploads\\\/2026\\\/08\\\/quem-sao-os-candidatos-ao-senado-por-minas-gerais-mg-nas-eleicoes-de-2026.webp\",\"width\":280,\"height\":280,\"caption\":\"candidatos a senador por Minas Gerais\"},\"datePublished\":\"2026-08-26T23:05:49-02:00\",\"dateModified\":\"2026-08-26T23:05:49-02:00\",\"inLanguage\":\"pt-BR\",\"mainEntityOfPage\":{\"@id\":\"https:\\\/\\\/www.encontracampobelo.com.br\\\/sobre\\\/quem-sao-os-candidatos-ao-senado-por-minas-gerais-mg-nas-eleicoes-de-2026\\\/#webpage\"},\"isPartOf\":{\"@id\":\"https:\\\/\\\/www.encontracampobelo.com.br\\\/sobre\\\/quem-sao-os-candidatos-ao-senado-por-minas-gerais-mg-nas-eleicoes-de-2026\\\/#webpage\"},\"articleSection\":\"Empregos Campo Belo\"},{\"@type\":\"BreadcrumbList\",\"@id\":\"https:\\\/\\\/www.encontracampobelo.com.br\\\/sobre\\\/quem-sao-os-candidatos-ao-senado-por-minas-gerais-mg-nas-eleicoes-de-2026\\\/#breadcrumblist\",\"itemListElement\":[{\"@type\":\"ListItem\",\"@id\":\"https:\\\/\\\/www.encontracampobelo.com.br\\\/sobre#listItem\",\"position\":1,\"name\":\"In\\u00edcio\",\"item\":\"https:\\\/\\\/www.encontracampobelo.com.br\\\/sobre\",\"nextItem\":{\"@type\":\"ListItem\",\"@id\":\"https:\\\/\\\/www.encontracampobelo.com.br\\\/sobre\\\/empregos-no-campo-belo\\\/#listItem\",\"name\":\"Empregos Campo Belo\"}},{\"@type\":\"ListItem\",\"@id\":\"https:\\\/\\\/www.encontracampobelo.com.br\\\/sobre\\\/empregos-no-campo-belo\\\/#listItem\",\"position\":2,\"name\":\"Empregos Campo Belo\",\"item\":\"https:\\\/\\\/www.encontracampobelo.com.br\\\/sobre\\\/empregos-no-campo-belo\\\/\",\"nextItem\":{\"@type\":\"ListItem\",\"@id\":\"https:\\\/\\\/www.encontracampobelo.com.br\\\/sobre\\\/quem-sao-os-candidatos-ao-senado-por-minas-gerais-mg-nas-eleicoes-de-2026\\\/#listItem\",\"name\":\"Quem s\\u00e3o os candidatos ao Senado por Minas Gerais (MG) nas elei\\u00e7\\u00f5es de 2026\"},\"previousItem\":{\"@type\":\"ListItem\",\"@id\":\"https:\\\/\\\/www.encontracampobelo.com.br\\\/sobre#listItem\",\"name\":\"In\\u00edcio\"}},{\"@type\":\"ListItem\",\"@id\":\"https:\\\/\\\/www.encontracampobelo.com.br\\\/sobre\\\/quem-sao-os-candidatos-ao-senado-por-minas-gerais-mg-nas-eleicoes-de-2026\\\/#listItem\",\"position\":3,\"name\":\"Quem s\\u00e3o os candidatos ao Senado por Minas Gerais (MG) nas elei\\u00e7\\u00f5es de 2026\",\"previousItem\":{\"@type\":\"ListItem\",\"@id\":\"https:\\\/\\\/www.encontracampobelo.com.br\\\/sobre\\\/empregos-no-campo-belo\\\/#listItem\",\"name\":\"Empregos Campo Belo\"}}]},{\"@type\":\"Organization\",\"@id\":\"https:\\\/\\\/www.encontracampobelo.com.br\\\/sobre\\\/#organization\",\"name\":\"Encontra  Campo Belo\",\"description\":\"Not\\u00edcias, eventos, informa\\u00e7\\u00f5es e dicas no bairro do Campo Belo e regi\\u00e3o.\",\"url\":\"https:\\\/\\\/www.encontracampobelo.com.br\\\/sobre\\\/\"},{\"@type\":\"Person\",\"@id\":\"https:\\\/\\\/www.encontracampobelo.com.br\\\/sobre\\\/author\\\/ecampobelo\\\/#author\",\"url\":\"https:\\\/\\\/www.encontracampobelo.com.br\\\/sobre\\\/author\\\/ecampobelo\\\/\",\"name\":\"Encontra Campo Belo\",\"image\":{\"@type\":\"ImageObject\",\"@id\":\"https:\\\/\\\/www.encontracampobelo.com.br\\\/sobre\\\/quem-sao-os-candidatos-ao-senado-por-minas-gerais-mg-nas-eleicoes-de-2026\\\/#authorImage\",\"url\":\"https:\\\/\\\/secure.gravatar.com\\\/avatar\\\/507340682b8270222e1f208e23198b6ae7e2c6a1033ae84e99bc6bce4f82a387?s=96&d=mm&r=g\",\"width\":96,\"height\":96,\"caption\":\"Encontra Campo Belo\"}},{\"@type\":\"WebPage\",\"@id\":\"https:\\\/\\\/www.encontracampobelo.com.br\\\/sobre\\\/quem-sao-os-candidatos-ao-senado-por-minas-gerais-mg-nas-eleicoes-de-2026\\\/#webpage\",\"url\":\"https:\\\/\\\/www.encontracampobelo.com.br\\\/sobre\\\/quem-sao-os-candidatos-ao-senado-por-minas-gerais-mg-nas-eleicoes-de-2026\\\/\",\"name\":\"Quem s\\u00e3o os candidatos ao Senado por Minas Gerais (MG) nas elei\\u00e7\\u00f5es de 2026 | Encontra Campo Belo\",\"description\":\"Candidatos a Senador por Minas Gerais: descubra quem s\\u00e3o os 17 nomes na disputa!\",\"inLanguage\":\"pt-BR\",\"isPartOf\":{\"@id\":\"https:\\\/\\\/www.encontracampobelo.com.br\\\/sobre\\\/#website\"},\"breadcrumb\":{\"@id\":\"https:\\\/\\\/www.encontracampobelo.com.br\\\/sobre\\\/quem-sao-os-candidatos-ao-senado-por-minas-gerais-mg-nas-eleicoes-de-2026\\\/#breadcrumblist\"},\"author\":{\"@id\":\"https:\\\/\\\/www.encontracampobelo.com.br\\\/sobre\\\/author\\\/ecampobelo\\\/#author\"},\"creator\":{\"@id\":\"https:\\\/\\\/www.encontracampobelo.com.br\\\/sobre\\\/author\\\/ecampobelo\\\/#author\"},\"image\":{\"@type\":\"ImageObject\",\"url\":\"https:\\\/\\\/www.encontracampobelo.com.br\\\/sobre\\\/wp-content\\\/uploads\\\/2026\\\/08\\\/quem-sao-os-candidatos-ao-senado-por-minas-gerais-mg-nas-eleicoes-de-2026.webp\",\"@id\":\"https:\\\/\\\/www.encontracampobelo.com.br\\\/sobre\\\/quem-sao-os-candidatos-ao-senado-por-minas-gerais-mg-nas-eleicoes-de-2026\\\/#mainImage\",\"width\":280,\"height\":280,\"caption\":\"candidatos a senador por Minas Gerais\"},\"primaryImageOfPage\":{\"@id\":\"https:\\\/\\\/www.encontracampobelo.com.br\\\/sobre\\\/quem-sao-os-candidatos-ao-senado-por-minas-gerais-mg-nas-eleicoes-de-2026\\\/#mainImage\"},\"datePublished\":\"2026-08-26T23:05:49-02:00\",\"dateModified\":\"2026-08-26T23:05:49-02:00\"},{\"@type\":\"WebSite\",\"@id\":\"https:\\\/\\\/www.encontracampobelo.com.br\\\/sobre\\\/#website\",\"url\":\"https:\\\/\\\/www.encontracampobelo.com.br\\\/sobre\\\/\",\"name\":\"Encontra  Campo Belo\",\"description\":\"Not\\u00edcias, eventos, informa\\u00e7\\u00f5es e dicas no bairro do Campo Belo e regi\\u00e3o.\",\"inLanguage\":\"pt-BR\",\"publisher\":{\"@id\":\"https:\\\/\\\/www.encontracampobelo.com.br\\\/sobre\\\/#organization\"}}]}\n\t\t<\/script>\n\t\t<!-- All in One SEO -->\n\n","aioseo_head_json":{"title":"Quem s\u00e3o os candidatos ao Senado por Minas Gerais (MG) nas elei\u00e7\u00f5es de 2026 | Encontra Campo Belo","description":"Candidatos a Senador por Minas Gerais: descubra quem s\u00e3o os 17 nomes na disputa!","canonical_url":"https:\/\/www.encontracampobelo.com.br\/sobre\/quem-sao-os-candidatos-ao-senado-por-minas-gerais-mg-nas-eleicoes-de-2026\/","robots":"max-image-preview:large","keywords":"","webmasterTools":{"miscellaneous":""},"schema":{"@context":"https:\/\/schema.org","@graph":[{"@type":"Article","@id":"https:\/\/www.encontracampobelo.com.br\/sobre\/quem-sao-os-candidatos-ao-senado-por-minas-gerais-mg-nas-eleicoes-de-2026\/#article","name":"Quem s\u00e3o os candidatos ao Senado por Minas Gerais (MG) nas elei\u00e7\u00f5es de 2026 | Encontra Campo Belo","headline":"Quem s\u00e3o os candidatos ao Senado por Minas Gerais (MG) nas elei\u00e7\u00f5es de 2026","author":{"@id":"https:\/\/www.encontracampobelo.com.br\/sobre\/author\/ecampobelo\/#author"},"publisher":{"@id":"https:\/\/www.encontracampobelo.com.br\/sobre\/#organization"},"image":{"@type":"ImageObject","url":"https:\/\/www.encontracampobelo.com.br\/sobre\/wp-content\/uploads\/2026\/08\/quem-sao-os-candidatos-ao-senado-por-minas-gerais-mg-nas-eleicoes-de-2026.webp","width":280,"height":280,"caption":"candidatos a senador por Minas Gerais"},"datePublished":"2026-08-26T23:05:49-02:00","dateModified":"2026-08-26T23:05:49-02:00","inLanguage":"pt-BR","mainEntityOfPage":{"@id":"https:\/\/www.encontracampobelo.com.br\/sobre\/quem-sao-os-candidatos-ao-senado-por-minas-gerais-mg-nas-eleicoes-de-2026\/#webpage"},"isPartOf":{"@id":"https:\/\/www.encontracampobelo.com.br\/sobre\/quem-sao-os-candidatos-ao-senado-por-minas-gerais-mg-nas-eleicoes-de-2026\/#webpage"},"articleSection":"Empregos Campo Belo"},{"@type":"BreadcrumbList","@id":"https:\/\/www.encontracampobelo.com.br\/sobre\/quem-sao-os-candidatos-ao-senado-por-minas-gerais-mg-nas-eleicoes-de-2026\/#breadcrumblist","itemListElement":[{"@type":"ListItem","@id":"https:\/\/www.encontracampobelo.com.br\/sobre#listItem","position":1,"name":"In\u00edcio","item":"https:\/\/www.encontracampobelo.com.br\/sobre","nextItem":{"@type":"ListItem","@id":"https:\/\/www.encontracampobelo.com.br\/sobre\/empregos-no-campo-belo\/#listItem","name":"Empregos Campo Belo"}},{"@type":"ListItem","@id":"https:\/\/www.encontracampobelo.com.br\/sobre\/empregos-no-campo-belo\/#listItem","position":2,"name":"Empregos Campo Belo","item":"https:\/\/www.encontracampobelo.com.br\/sobre\/empregos-no-campo-belo\/","nextItem":{"@type":"ListItem","@id":"https:\/\/www.encontracampobelo.com.br\/sobre\/quem-sao-os-candidatos-ao-senado-por-minas-gerais-mg-nas-eleicoes-de-2026\/#listItem","name":"Quem s\u00e3o os candidatos ao Senado por Minas Gerais (MG) nas elei\u00e7\u00f5es de 2026"},"previousItem":{"@type":"ListItem","@id":"https:\/\/www.encontracampobelo.com.br\/sobre#listItem","name":"In\u00edcio"}},{"@type":"ListItem","@id":"https:\/\/www.encontracampobelo.com.br\/sobre\/quem-sao-os-candidatos-ao-senado-por-minas-gerais-mg-nas-eleicoes-de-2026\/#listItem","position":3,"name":"Quem s\u00e3o os candidatos ao Senado por Minas Gerais (MG) nas elei\u00e7\u00f5es de 2026","previousItem":{"@type":"ListItem","@id":"https:\/\/www.encontracampobelo.com.br\/sobre\/empregos-no-campo-belo\/#listItem","name":"Empregos Campo Belo"}}]},{"@type":"Organization","@id":"https:\/\/www.encontracampobelo.com.br\/sobre\/#organization","name":"Encontra  Campo Belo","description":"Not\u00edcias, eventos, informa\u00e7\u00f5es e dicas no bairro do Campo Belo e regi\u00e3o.","url":"https:\/\/www.encontracampobelo.com.br\/sobre\/"},{"@type":"Person","@id":"https:\/\/www.encontracampobelo.com.br\/sobre\/author\/ecampobelo\/#author","url":"https:\/\/www.encontracampobelo.com.br\/sobre\/author\/ecampobelo\/","name":"Encontra Campo Belo","image":{"@type":"ImageObject","@id":"https:\/\/www.encontracampobelo.com.br\/sobre\/quem-sao-os-candidatos-ao-senado-por-minas-gerais-mg-nas-eleicoes-de-2026\/#authorImage","url":"https:\/\/secure.gravatar.com\/avatar\/507340682b8270222e1f208e23198b6ae7e2c6a1033ae84e99bc6bce4f82a387?s=96&d=mm&r=g","width":96,"height":96,"caption":"Encontra Campo Belo"}},{"@type":"WebPage","@id":"https:\/\/www.encontracampobelo.com.br\/sobre\/quem-sao-os-candidatos-ao-senado-por-minas-gerais-mg-nas-eleicoes-de-2026\/#webpage","url":"https:\/\/www.encontracampobelo.com.br\/sobre\/quem-sao-os-candidatos-ao-senado-por-minas-gerais-mg-nas-eleicoes-de-2026\/","name":"Quem s\u00e3o os candidatos ao Senado por Minas Gerais (MG) nas elei\u00e7\u00f5es de 2026 | Encontra Campo Belo","description":"Candidatos a Senador por Minas Gerais: descubra quem s\u00e3o os 17 nomes na disputa!","inLanguage":"pt-BR","isPartOf":{"@id":"https:\/\/www.encontracampobelo.com.br\/sobre\/#website"},"breadcrumb":{"@id":"https:\/\/www.encontracampobelo.com.br\/sobre\/quem-sao-os-candidatos-ao-senado-por-minas-gerais-mg-nas-eleicoes-de-2026\/#breadcrumblist"},"author":{"@id":"https:\/\/www.encontracampobelo.com.br\/sobre\/author\/ecampobelo\/#author"},"creator":{"@id":"https:\/\/www.encontracampobelo.com.br\/sobre\/author\/ecampobelo\/#author"},"image":{"@type":"ImageObject","url":"https:\/\/www.encontracampobelo.com.br\/sobre\/wp-content\/uploads\/2026\/08\/quem-sao-os-candidatos-ao-senado-por-minas-gerais-mg-nas-eleicoes-de-2026.webp","@id":"https:\/\/www.encontracampobelo.com.br\/sobre\/quem-sao-os-candidatos-ao-senado-por-minas-gerais-mg-nas-eleicoes-de-2026\/#mainImage","width":280,"height":280,"caption":"candidatos a senador por Minas Gerais"},"primaryImageOfPage":{"@id":"https:\/\/www.encontracampobelo.com.br\/sobre\/quem-sao-os-candidatos-ao-senado-por-minas-gerais-mg-nas-eleicoes-de-2026\/#mainImage"},"datePublished":"2026-08-26T23:05:49-02:00","dateModified":"2026-08-26T23:05:49-02:00"},{"@type":"WebSite","@id":"https:\/\/www.encontracampobelo.com.br\/sobre\/#website","url":"https:\/\/www.encontracampobelo.com.br\/sobre\/","name":"Encontra  Campo Belo","description":"Not\u00edcias, eventos, informa\u00e7\u00f5es e dicas no bairro do Campo Belo e regi\u00e3o.","inLanguage":"pt-BR","publisher":{"@id":"https:\/\/www.encontracampobelo.com.br\/sobre\/#organization"}}]},"og:locale":"pt_BR","og:site_name":"Encontra  Campo Belo | Not\u00edcias, eventos, informa\u00e7\u00f5es e dicas no bairro do Campo Belo e regi\u00e3o.","og:type":"article","og:title":"Quem s\u00e3o os candidatos ao Senado por Minas Gerais (MG) nas elei\u00e7\u00f5es de 2026 | Encontra Campo Belo","og:description":"Candidatos a Senador por Minas Gerais: descubra quem s\u00e3o os 17 nomes na disputa!","og:url":"https:\/\/www.encontracampobelo.com.br\/sobre\/quem-sao-os-candidatos-ao-senado-por-minas-gerais-mg-nas-eleicoes-de-2026\/","article:published_time":"2026-08-27T01:05:49+00:00","article:modified_time":"2026-08-27T01:05:49+00:00","twitter:card":"summary_large_image","twitter:title":"Quem s\u00e3o os candidatos ao Senado por Minas Gerais (MG) nas elei\u00e7\u00f5es de 2026 | Encontra Campo Belo","twitter:description":"Candidatos a Senador por Minas Gerais: descubra quem s\u00e3o os 17 nomes na disputa!"},"aioseo_meta_data":{"post_id":"2528","title":null,"description":null,"keywords":null,"keyphrases":null,"primary_term":null,"canonical_url":null,"og_title":null,"og_description":null,"og_object_type":"default","og_image_type":"default","og_image_url":null,"og_image_width":null,"og_image_height":null,"og_image_custom_url":null,"og_image_custom_fields":null,"og_video":null,"og_custom_url":null,"og_article_section":null,"og_article_tags":null,"twitter_use_og":false,"twitter_card":"default","twitter_image_type":"default","twitter_image_url":null,"twitter_image_custom_url":null,"twitter_image_custom_fields":null,"twitter_title":null,"twitter_description":null,"schema":{"blockGraphs":[],"customGraphs":[],"default":{"data":{"Article":[],"Course":[],"Dataset":[],"FAQPage":[],"Movie":[],"Person":[],"Product":[],"ProductReview":[],"Car":[],"Recipe":[],"Service":[],"SoftwareApplication":[],"WebPage":[]},"graphName":"Article","isEnabled":true},"graphs":[]},"schema_type":"default","schema_type_options":null,"pillar_content":false,"robots_default":true,"robots_noindex":false,"robots_noarchive":false,"robots_nosnippet":false,"robots_nofollow":false,"robots_noimageindex":false,"robots_noodp":false,"robots_notranslate":false,"robots_max_snippet":null,"robots_max_videopreview":null,"robots_max_imagepreview":"large","priority":null,"frequency":null,"local_seo":null,"breadcrumb_settings":null,"limit_modified_date":false,"ai":null,"created":"2026-08-27 01:05:50","updated":"2026-08-27 01:44:31","focus_keyword":null,"additional_keywords":null,"truseo_locale":null,"seo_analyzer_scan_date":null},"aioseo_breadcrumb":"<div class=\"aioseo-breadcrumbs\"><span class=\"aioseo-breadcrumb\">\n\t\t\t<a href=\"https:\/\/www.encontracampobelo.com.br\/sobre\" title=\"In\u00edcio\">In\u00edcio<\/a>\n\t\t<\/span><span class=\"aioseo-breadcrumb-separator\">&raquo;<\/span><span class=\"aioseo-breadcrumb\">\n\t\t\t<a href=\"https:\/\/www.encontracampobelo.com.br\/sobre\/empregos-no-campo-belo\/\" title=\"Empregos Campo Belo\">Empregos Campo Belo<\/a>\n\t\t<\/span><span class=\"aioseo-breadcrumb-separator\">&raquo;<\/span><span class=\"aioseo-breadcrumb\">\n\t\t\tQuem s\u00e3o os candidatos ao Senado por Minas Gerais (MG) nas elei\u00e7\u00f5es de 2026\n\t\t<\/span><\/div>","aioseo_breadcrumb_json":[{"label":"In\u00edcio","link":"https:\/\/www.encontracampobelo.com.br\/sobre"},{"label":"Empregos Campo Belo","link":"https:\/\/www.encontracampobelo.com.br\/sobre\/empregos-no-campo-belo\/"},{"label":"Quem s\u00e3o os candidatos ao Senado por Minas Gerais (MG) nas elei\u00e7\u00f5es de 2026","link":"https:\/\/www.encontracampobelo.com.br\/sobre\/quem-sao-os-candidatos-ao-senado-por-minas-gerais-mg-nas-eleicoes-de-2026\/"}],"_links":{"self":[{"href":"https:\/\/www.encontracampobelo.com.br\/sobre\/wp-json\/wp\/v2\/posts\/2528","targetHints":{"allow":["GET"]}}],"collection":[{"href":"https:\/\/www.encontracampobelo.com.br\/sobre\/wp-json\/wp\/v2\/posts"}],"about":[{"href":"https:\/\/www.encontracampobelo.com.br\/sobre\/wp-json\/wp\/v2\/types\/post"}],"author":[{"embeddable":true,"href":"https:\/\/www.encontracampobelo.com.br\/sobre\/wp-json\/wp\/v2\/users\/1"}],"replies":[{"embeddable":true,"href":"https:\/\/www.encontracampobelo.com.br\/sobre\/wp-json\/wp\/v2\/comments?post=2528"}],"version-history":[{"count":0,"href":"https:\/\/www.encontracampobelo.com.br\/sobre\/wp-json\/wp\/v2\/posts\/2528\/revisions"}],"wp:featuredmedia":[{"embeddable":true,"href":"https:\/\/www.encontracampobelo.com.br\/sobre\/wp-json\/wp\/v2\/media\/2527"}],"wp:attachment":[{"href":"https:\/\/www.encontracampobelo.com.br\/sobre\/wp-json\/wp\/v2\/media?parent=2528"}],"wp:term":[{"taxonomy":"category","embeddable":true,"href":"https:\/\/www.encontracampobelo.com.br\/sobre\/wp-json\/wp\/v2\/categories?post=2528"},{"taxonomy":"post_tag","embeddable":true,"href":"https:\/\/www.encontracampobelo.com.br\/sobre\/wp-json\/wp\/v2\/tags?post=2528"}],"curies":[{"name":"wp","href":"https:\/\/api.w.org\/{rel}","templated":true}]}}