{"id":2534,"date":"2026-08-27T09:22:28","date_gmt":"2026-08-27T11:22:28","guid":{"rendered":"https:\/\/www.encontracampobelo.com.br\/sobre\/tarcisio-visita-conjunto-habitacional-na-zona-sul-antes-de-sabatina\/"},"modified":"2026-08-27T09:22:28","modified_gmt":"2026-08-27T11:22:28","slug":"tarcisio-visita-conjunto-habitacional-na-zona-sul-antes-de-sabatina","status":"publish","type":"post","link":"https:\/\/www.encontracampobelo.com.br\/sobre\/tarcisio-visita-conjunto-habitacional-na-zona-sul-antes-de-sabatina\/","title":{"rendered":"Tarc\u00edsio visita conjunto habitacional na Zona Sul antes de sabatina"},"content":{"rendered":"<div class=\"1cfda93c6640a8762b4fe319eb685dc5\" data-index=\"1\" style=\"float: none; margin:0px;\">\n<!-- Anuncio display - global -->\r\n<ins class=\"adsbygoogle\"\r\n     style=\"display:block\"\r\n     data-ad-client=\"ca-pub-8585364105181520\"\r\n     data-ad-slot=\"8789329856\"\r\n     data-ad-format=\"auto\"\r\n     data-full-width-responsive=\"true\"><\/ins>\r\n<script>\r\n     (adsbygoogle = window.adsbygoogle || []).push({});\r\n<\/script>\n<\/div>\n<h2>A Import\u00e2ncia da Moradia na Campanha de Tarc\u00edsio<\/h2>\n<p>A quest\u00e3o da moradia se destaca como um dos pilares fundamentais da campanha eleitoral de Tarc\u00edsio de Freitas, atual governador de S\u00e3o Paulo. O acesso \u00e0 habita\u00e7\u00e3o digna \u00e9 uma demanda crescente da popula\u00e7\u00e3o, especialmente entre os grupos de baixa renda. A moradia n\u00e3o \u00e9 apenas um direito, mas tamb\u00e9m um fator crucial que influencia a qualidade de vida das pessoas, refletindo-se diretamente na agenda pol\u00edtica do Estado.<\/p>\n<p>Em sua reelei\u00e7\u00e3o, Tarc\u00edsio enfatiza que um dos objetivos primordiais de sua gest\u00e3o \u00e9 garantir que todos os cidad\u00e3os possam viver em moradias adequadas. Esta abordagem n\u00e3o s\u00f3 visa atender a necessidades imediatas, mas tamb\u00e9m \u00e9 parte de uma vis\u00e3o a longo prazo para o desenvolvimento urbano e social da regi\u00e3o.<\/p>\n<h2>Visita ao Conjunto Habitacional: Objetivos e Expectativas<\/h2>\n<p>Em 26 de agosto de 2026, Tarc\u00edsio visitou o Conjunto Habitacional Campo Belo A\/B, localizado na Vila Congonhas, Zona Sul de S\u00e3o Paulo. Esta visita foi um importante componente de sua campanha, destacando seu compromisso com a melhoria das condi\u00e7\u00f5es de vida dos paulistas. Durante a passagem pelo empreendimento, o governador teve a oportunidade de se reunir com moradores e entender diretamente suas necessidades e desafios.<\/p>\n<p><img decoding=\"async\" src=\"https:\/\/www.encontracampobelo.com.br\/sobre\/wp-content\/uploads\/2026\/08\/tarcisio-visita-conjunto-habitacional-na-zona-sul-antes-de-sabatina.webp\" alt=\"Tarc\u00edsio visita conjunto habitacional\" loading=\"lazy\" \/><\/p>\n<p>A expectativa era que essa visita ajudasse a consolidar sua imagem como um candidato pr\u00f3ximo da popula\u00e7\u00e3o e comprometido com pol\u00edticas habitacionais efetivas. Al\u00e9m disso, o evento serviu como uma plataforma para apresentar suas propostas e a\u00e7\u00f5es j\u00e1 realizadas em prol da habita\u00e7\u00e3o.<\/p>\n<h2>Impacto da Habita\u00e7\u00e3o na Vida da Popula\u00e7\u00e3o<\/h2>\n<p>A habita\u00e7\u00e3o n\u00e3o se restringe apenas ao fornecimento de casas. Ela envolve uma rede complexa de servi\u00e7os que afetam diretamente a vida cotidiana das pessoas, incluindo acesso a educa\u00e7\u00e3o, sa\u00fade, transporte e seguran\u00e7a. Portanto, pol\u00edticas habitacionais eficazes podem ter um impacto transformador na qualidade de vida e na estabilidade social das comunidades.<\/p>\n<p>Ter um lar adequado \u00e9 essencial para o bem-estar emocional e psicol\u00f3gico dos indiv\u00edduos. Al\u00e9m disso, a falta de moradia digna pode levar a uma s\u00e9rie de problemas sociais, como o aumento da criminalidade, baixos \u00edndices de escolaridade e dificuldades de inser\u00e7\u00e3o no mercado de trabalho. Nesse sentido, a abordagem de Tarc\u00edsio em rela\u00e7\u00e3o \u00e0 habita\u00e7\u00e3o busca n\u00e3o apenas atender uma demanda, mas tamb\u00e9m promover o desenvolvimento sustent\u00e1vel e a dignidade humana.<\/p>\n<h2>A Rela\u00e7\u00e3o entre Infraestrutura e Elei\u00e7\u00f5es<\/h2>\n<p>O tema da infraestrutura \u00e9 intrinsecamente ligado \u00e0 habita\u00e7\u00e3o. Quando Tarc\u00edsio fala sobre moradia, ele tamb\u00e9m se refere \u00e0 necessidade de ruas bem planejadas, saneamento b\u00e1sico, transporte p\u00fablico acess\u00edvel e servi\u00e7os essenciais dispon\u00edveis. Essa rela\u00e7\u00e3o torna-se um ponto central na ret\u00f3rica eleitoral, onde os candidatos s\u00e3o cobrados a apresentar solu\u00e7\u00f5es vi\u00e1veis para a melhoria da vida urbana.<\/p>\n<p>Durante sua visita a Campo Belo, Tarc\u00edsio destacou como sua administra\u00e7\u00e3o j\u00e1 tinha investido em infraestrutura na \u00e1rea e o que ainda estava por vir, refor\u00e7ando sua posi\u00e7\u00e3o como algu\u00e9m que pode fazer a diferen\u00e7a na vida dos cidad\u00e3os. Ele entende que investir em habita\u00e7\u00e3o e infraestrutura \u00e9 uma estrat\u00e9gia eleitoral certeira, j\u00e1 que toca em \u00e1reas que afetam diretamente a rotina das pessoas.<\/p>\n<h2>Sabatina da Revista Veja: Propostas de Tarc\u00edsio<\/h2>\n<p>No mesmo dia da visita ao conjunto habitacional, Tarc\u00edsio participou de uma sabatina promovida pela revista Veja. Essa entrevista teve um papel vital em sua campanha, permitindo que ele apresentasse suas propostas em um formato direto e acess\u00edvel ao p\u00fablico. Nela, o governador detalhou seu plano para a habita\u00e7\u00e3o e contextualizou isso dentro de uma vis\u00e3o mais ampla para o desenvolvimento do Estado.<\/p>\n<p>A sabatina \u00e9 um formato que n\u00e3o apenas busca esclarecer o que cada candidato pretende fazer, mas tamb\u00e9m permite que o eleitor possa medir a capacidade de articula\u00e7\u00e3o e clareza de ideias dos concorrentes. Tarc\u00edsio aproveitou essa oportunidade para reafirmar seu compromisso com a habita\u00e7\u00e3o e detalhar iniciativas que podem ser implementadas em um novo mandato.<\/p>\n<h2>An\u00e1lise do Cen\u00e1rio Habitacional em S\u00e3o Paulo<\/h2>\n<p>O cen\u00e1rio habitacional em S\u00e3o Paulo \u00e9 complexo e demanda a\u00e7\u00f5es efetivas por parte do governo. A necessidade de mais moradias populares e a regulariza\u00e7\u00e3o de \u00e1reas ocupadas s\u00e3o quest\u00f5es que persistem na pauta p\u00fablica. Durante sua campanha, Tarc\u00edsio tenta posicionar-se como a solu\u00e7\u00e3o para esses problemas, apontando que sua gest\u00e3o atual j\u00e1 trouxe resultados positivos, mas que ainda h\u00e1 muito a ser feito.<\/p>\n<p>O crescimento desregulado das cidades e o aumento dos pre\u00e7os dos im\u00f3veis s\u00e3o obst\u00e1culos significativos que devem ser enfrentados com estrat\u00e9gias claras e p\u00fablicas. Tarc\u00edsio, portanto, defende a necessidade de uma pol\u00edtica habitacional que considere as realidades sociais e econ\u00f4micas do Estado.<\/p>\n<h2>A Pol\u00edtica Habitacional e Suas Implica\u00e7\u00f5es<\/h2>\n<p>A pol\u00edtica habitacional de Tarc\u00edsio se baseia em princ\u00edpios que buscam garantir a acessibilidade e a inclus\u00e3o social. Neste contexto, a promo\u00e7\u00e3o da regulariza\u00e7\u00e3o fundi\u00e1ria e a constru\u00e7\u00e3o de novas unidades habitacionais s\u00e3o prioridades a serem discutidas e implementadas. Essas pol\u00edticas t\u00eam se mostrado eficazes em casos anteriores e a inten\u00e7\u00e3o \u00e9 ampli\u00e1-las, especialmente nas \u00e1reas mais carentes da Capital.<\/p>\n<p>Al\u00e9m disso, a articula\u00e7\u00e3o com setores privados e a busca por parcerias s\u00e3o elementos que Tarc\u00edsio considera essenciais. Ele acredita que somente um esfor\u00e7o conjunto entre governo, iniciativa privada e sociedade civil poder\u00e1 gerar as solu\u00e7\u00f5es duradouras que a popula\u00e7\u00e3o espera.<\/p>\n<h2>O Papel de Tarc\u00edsio na Urbaniza\u00e7\u00e3o de S\u00e3o Paulo<\/h2>\n<p>Tarc\u00edsio de Freitas desempenha um papel crucial na urbaniza\u00e7\u00e3o de S\u00e3o Paulo, especialmente em um momento de grandes mudan\u00e7as e transforma\u00e7\u00f5es na cidade. A sua administra\u00e7\u00e3o procurou focar em iniciativas que integram habita\u00e7\u00e3o e urbanismo, o que \u00e9 fundamental para atender a demanda crescente por moradia acess\u00edvel.<\/p>\n<p>De acordo com suas propostas, a ideia \u00e9 transformar a paisagem urbana em um espa\u00e7o mais inclusivo e funcional. Investir em \u00e1reas menos favorecidas \u00e9 n\u00e3o apenas uma quest\u00e3o de dignidade, mas tamb\u00e9m uma estrat\u00e9gia de desenvolvimento sustent\u00e1vel, que tornar\u00e1 a cidade mais competitiva e atraente para investimentos.<\/p>\n<h2>Como a Habita\u00e7\u00e3o Afeta o Voto Popular<\/h2>\n<p>A habita\u00e7\u00e3o \u00e9 um tema que ressoa em diversas classes sociais e regi\u00f5es dentro do Estado de S\u00e3o Paulo. Para Tarc\u00edsio, abordar a quest\u00e3o da moradia de forma proativa significa capturar a aten\u00e7\u00e3o de um eleitorado amplo e diversificado. A insatisfa\u00e7\u00e3o com a oferta habitacional atual pode influenciar diretamente a decis\u00e3o nas urnas.<\/p>\n<p>A partir de sua visita aos conjuntos habitacionais, Tarc\u00edsio procura n\u00e3o apenas reafirmar suas promessas, mas tamb\u00e9m construir um relacionamento mais pr\u00f3ximo com os eleitores. Essa estrat\u00e9gia busca mostrar que ele est\u00e1 comprometido com as necessidades reais da popula\u00e7\u00e3o e que, de fato, tem a capacidade de transformar essas necessidades em pol\u00edticas efetivas.<\/p>\n<h2>O Futuro da Habita\u00e7\u00e3o sob a Lideran\u00e7a de Tarc\u00edsio<\/h2>\n<p>O futuro da habita\u00e7\u00e3o em S\u00e3o Paulo sob a lideran\u00e7a de Tarc\u00edsio de Freitas est\u00e1 intrinsecamente ligado a sua capacidade de implementar e ajustar suas pol\u00edticas para atender quest\u00f5es emergentes. As expectativas s\u00e3o altas, e a demanda por moradia s\u00f3 tende a crescer. A gest\u00e3o durante um poss\u00edvel segundo mandato ter\u00e1 que ser eficiente e responsiva \u00e0s necessidades da popula\u00e7\u00e3o.<\/p>\n<p>O que se espera \u00e9 que Tarc\u00edsio continue a priorizar a quest\u00e3o da habita\u00e7\u00e3o em sua agenda e que mantenha um di\u00e1logo aberto com os cidad\u00e3os, garantindo que suas propostas sejam n\u00e3o apenas vi\u00e1veis, mas tamb\u00e9m adaptadas \u00e0s realidades locais. O legado de sua gest\u00e3o poder\u00e1 ser avaliado pela capacidade de transformar a habita\u00e7\u00e3o em uma solu\u00e7\u00e3o real e efetiva para os cidad\u00e3os de S\u00e3o Paulo.<\/p>\n\n<div style=\"font-size: 0px; height: 0px; line-height: 0px; margin: 0; padding: 0; clear: both;\"><\/div>","protected":false},"excerpt":{"rendered":"<p>Tarc\u00edsio visita complexo habitacional na Zona Sul e discute moradia.<\/p>\n","protected":false},"author":1,"featured_media":2533,"comment_status":"open","ping_status":"closed","sticky":false,"template":"","format":"standard","meta":{"footnotes":""},"categories":[9],"tags":[],"class_list":["post-2534","post","type-post","status-publish","format-standard","has-post-thumbnail","hentry","category-empregos-no-campo-belo","has_thumb"],"aioseo_notices":[],"aioseo_head":"\n\t\t<!-- All in One SEO 5.0.0.1 - aioseo.com -->\n\t<meta name=\"description\" content=\"Tarc\u00edsio visita complexo habitacional na Zona Sul e discute moradia.\" \/>\n\t<meta name=\"robots\" content=\"max-image-preview:large\" \/>\n\t<meta name=\"author\" content=\"Encontra Campo Belo\"\/>\n\t<link rel=\"canonical\" href=\"https:\/\/www.encontracampobelo.com.br\/sobre\/tarcisio-visita-conjunto-habitacional-na-zona-sul-antes-de-sabatina\/\" \/>\n\t<meta name=\"generator\" content=\"All in One SEO (AIOSEO) 5.0.0.1\" \/>\n\t\t<meta property=\"og:locale\" content=\"pt_BR\" \/>\n\t\t<meta property=\"og:site_name\" content=\"Encontra  Campo Belo | Not\u00edcias, eventos, informa\u00e7\u00f5es e dicas no bairro do Campo Belo e regi\u00e3o.\" \/>\n\t\t<meta property=\"og:type\" content=\"article\" \/>\n\t\t<meta property=\"og:title\" content=\"Tarc\u00edsio visita conjunto habitacional na Zona Sul antes de sabatina | Encontra Campo Belo\" \/>\n\t\t<meta property=\"og:description\" content=\"Tarc\u00edsio visita complexo habitacional na Zona Sul e discute moradia.\" \/>\n\t\t<meta property=\"og:url\" content=\"https:\/\/www.encontracampobelo.com.br\/sobre\/tarcisio-visita-conjunto-habitacional-na-zona-sul-antes-de-sabatina\/\" \/>\n\t\t<meta property=\"article:published_time\" content=\"2026-08-27T11:22:28+00:00\" \/>\n\t\t<meta property=\"article:modified_time\" content=\"2026-08-27T11:22:28+00:00\" \/>\n\t\t<meta name=\"twitter:card\" content=\"summary_large_image\" \/>\n\t\t<meta name=\"twitter:title\" content=\"Tarc\u00edsio visita conjunto habitacional na Zona Sul antes de sabatina | Encontra Campo Belo\" \/>\n\t\t<meta name=\"twitter:description\" content=\"Tarc\u00edsio visita complexo habitacional na Zona Sul e discute moradia.\" \/>\n\t\t<script type=\"application\/ld+json\" class=\"aioseo-schema\">\n\t\t\t{\"@context\":\"https:\\\/\\\/schema.org\",\"@graph\":[{\"@type\":\"Article\",\"@id\":\"https:\\\/\\\/www.encontracampobelo.com.br\\\/sobre\\\/tarcisio-visita-conjunto-habitacional-na-zona-sul-antes-de-sabatina\\\/#article\",\"name\":\"Tarc\\u00edsio visita conjunto habitacional na Zona Sul antes de sabatina | Encontra Campo Belo\",\"headline\":\"Tarc\\u00edsio visita conjunto habitacional na Zona Sul antes de sabatina\",\"author\":{\"@id\":\"https:\\\/\\\/www.encontracampobelo.com.br\\\/sobre\\\/author\\\/ecampobelo\\\/#author\"},\"publisher\":{\"@id\":\"https:\\\/\\\/www.encontracampobelo.com.br\\\/sobre\\\/#organization\"},\"image\":{\"@type\":\"ImageObject\",\"url\":\"https:\\\/\\\/www.encontracampobelo.com.br\\\/sobre\\\/wp-content\\\/uploads\\\/2026\\\/08\\\/tarcisio-visita-conjunto-habitacional-na-zona-sul-antes-de-sabatina.webp\",\"width\":280,\"height\":280,\"caption\":\"Tarc\\u00edsio visita conjunto habitacional\"},\"datePublished\":\"2026-08-27T09:22:28-02:00\",\"dateModified\":\"2026-08-27T09:22:28-02:00\",\"inLanguage\":\"pt-BR\",\"mainEntityOfPage\":{\"@id\":\"https:\\\/\\\/www.encontracampobelo.com.br\\\/sobre\\\/tarcisio-visita-conjunto-habitacional-na-zona-sul-antes-de-sabatina\\\/#webpage\"},\"isPartOf\":{\"@id\":\"https:\\\/\\\/www.encontracampobelo.com.br\\\/sobre\\\/tarcisio-visita-conjunto-habitacional-na-zona-sul-antes-de-sabatina\\\/#webpage\"},\"articleSection\":\"Empregos Campo Belo\"},{\"@type\":\"BreadcrumbList\",\"@id\":\"https:\\\/\\\/www.encontracampobelo.com.br\\\/sobre\\\/tarcisio-visita-conjunto-habitacional-na-zona-sul-antes-de-sabatina\\\/#breadcrumblist\",\"itemListElement\":[{\"@type\":\"ListItem\",\"@id\":\"https:\\\/\\\/www.encontracampobelo.com.br\\\/sobre#listItem\",\"position\":1,\"name\":\"In\\u00edcio\",\"item\":\"https:\\\/\\\/www.encontracampobelo.com.br\\\/sobre\",\"nextItem\":{\"@type\":\"ListItem\",\"@id\":\"https:\\\/\\\/www.encontracampobelo.com.br\\\/sobre\\\/empregos-no-campo-belo\\\/#listItem\",\"name\":\"Empregos Campo Belo\"}},{\"@type\":\"ListItem\",\"@id\":\"https:\\\/\\\/www.encontracampobelo.com.br\\\/sobre\\\/empregos-no-campo-belo\\\/#listItem\",\"position\":2,\"name\":\"Empregos Campo Belo\",\"item\":\"https:\\\/\\\/www.encontracampobelo.com.br\\\/sobre\\\/empregos-no-campo-belo\\\/\",\"nextItem\":{\"@type\":\"ListItem\",\"@id\":\"https:\\\/\\\/www.encontracampobelo.com.br\\\/sobre\\\/tarcisio-visita-conjunto-habitacional-na-zona-sul-antes-de-sabatina\\\/#listItem\",\"name\":\"Tarc\\u00edsio visita conjunto habitacional na Zona Sul antes de sabatina\"},\"previousItem\":{\"@type\":\"ListItem\",\"@id\":\"https:\\\/\\\/www.encontracampobelo.com.br\\\/sobre#listItem\",\"name\":\"In\\u00edcio\"}},{\"@type\":\"ListItem\",\"@id\":\"https:\\\/\\\/www.encontracampobelo.com.br\\\/sobre\\\/tarcisio-visita-conjunto-habitacional-na-zona-sul-antes-de-sabatina\\\/#listItem\",\"position\":3,\"name\":\"Tarc\\u00edsio visita conjunto habitacional na Zona Sul antes de sabatina\",\"previousItem\":{\"@type\":\"ListItem\",\"@id\":\"https:\\\/\\\/www.encontracampobelo.com.br\\\/sobre\\\/empregos-no-campo-belo\\\/#listItem\",\"name\":\"Empregos Campo Belo\"}}]},{\"@type\":\"Organization\",\"@id\":\"https:\\\/\\\/www.encontracampobelo.com.br\\\/sobre\\\/#organization\",\"name\":\"Encontra  Campo Belo\",\"description\":\"Not\\u00edcias, eventos, informa\\u00e7\\u00f5es e dicas no bairro do Campo Belo e regi\\u00e3o.\",\"url\":\"https:\\\/\\\/www.encontracampobelo.com.br\\\/sobre\\\/\"},{\"@type\":\"Person\",\"@id\":\"https:\\\/\\\/www.encontracampobelo.com.br\\\/sobre\\\/author\\\/ecampobelo\\\/#author\",\"url\":\"https:\\\/\\\/www.encontracampobelo.com.br\\\/sobre\\\/author\\\/ecampobelo\\\/\",\"name\":\"Encontra Campo Belo\",\"image\":{\"@type\":\"ImageObject\",\"@id\":\"https:\\\/\\\/www.encontracampobelo.com.br\\\/sobre\\\/tarcisio-visita-conjunto-habitacional-na-zona-sul-antes-de-sabatina\\\/#authorImage\",\"url\":\"https:\\\/\\\/secure.gravatar.com\\\/avatar\\\/507340682b8270222e1f208e23198b6ae7e2c6a1033ae84e99bc6bce4f82a387?s=96&d=mm&r=g\",\"width\":96,\"height\":96,\"caption\":\"Encontra Campo Belo\"}},{\"@type\":\"WebPage\",\"@id\":\"https:\\\/\\\/www.encontracampobelo.com.br\\\/sobre\\\/tarcisio-visita-conjunto-habitacional-na-zona-sul-antes-de-sabatina\\\/#webpage\",\"url\":\"https:\\\/\\\/www.encontracampobelo.com.br\\\/sobre\\\/tarcisio-visita-conjunto-habitacional-na-zona-sul-antes-de-sabatina\\\/\",\"name\":\"Tarc\\u00edsio visita conjunto habitacional na Zona Sul antes de sabatina | Encontra Campo Belo\",\"description\":\"Tarc\\u00edsio visita complexo habitacional na Zona Sul e discute moradia.\",\"inLanguage\":\"pt-BR\",\"isPartOf\":{\"@id\":\"https:\\\/\\\/www.encontracampobelo.com.br\\\/sobre\\\/#website\"},\"breadcrumb\":{\"@id\":\"https:\\\/\\\/www.encontracampobelo.com.br\\\/sobre\\\/tarcisio-visita-conjunto-habitacional-na-zona-sul-antes-de-sabatina\\\/#breadcrumblist\"},\"author\":{\"@id\":\"https:\\\/\\\/www.encontracampobelo.com.br\\\/sobre\\\/author\\\/ecampobelo\\\/#author\"},\"creator\":{\"@id\":\"https:\\\/\\\/www.encontracampobelo.com.br\\\/sobre\\\/author\\\/ecampobelo\\\/#author\"},\"image\":{\"@type\":\"ImageObject\",\"url\":\"https:\\\/\\\/www.encontracampobelo.com.br\\\/sobre\\\/wp-content\\\/uploads\\\/2026\\\/08\\\/tarcisio-visita-conjunto-habitacional-na-zona-sul-antes-de-sabatina.webp\",\"@id\":\"https:\\\/\\\/www.encontracampobelo.com.br\\\/sobre\\\/tarcisio-visita-conjunto-habitacional-na-zona-sul-antes-de-sabatina\\\/#mainImage\",\"width\":280,\"height\":280,\"caption\":\"Tarc\\u00edsio visita conjunto habitacional\"},\"primaryImageOfPage\":{\"@id\":\"https:\\\/\\\/www.encontracampobelo.com.br\\\/sobre\\\/tarcisio-visita-conjunto-habitacional-na-zona-sul-antes-de-sabatina\\\/#mainImage\"},\"datePublished\":\"2026-08-27T09:22:28-02:00\",\"dateModified\":\"2026-08-27T09:22:28-02:00\"},{\"@type\":\"WebSite\",\"@id\":\"https:\\\/\\\/www.encontracampobelo.com.br\\\/sobre\\\/#website\",\"url\":\"https:\\\/\\\/www.encontracampobelo.com.br\\\/sobre\\\/\",\"name\":\"Encontra  Campo Belo\",\"description\":\"Not\\u00edcias, eventos, informa\\u00e7\\u00f5es e dicas no bairro do Campo Belo e regi\\u00e3o.\",\"inLanguage\":\"pt-BR\",\"publisher\":{\"@id\":\"https:\\\/\\\/www.encontracampobelo.com.br\\\/sobre\\\/#organization\"}}]}\n\t\t<\/script>\n\t\t<!-- All in One SEO -->\n\n","aioseo_head_json":{"title":"Tarc\u00edsio visita conjunto habitacional na Zona Sul antes de sabatina | Encontra Campo Belo","description":"Tarc\u00edsio visita complexo habitacional na Zona Sul e discute moradia.","canonical_url":"https:\/\/www.encontracampobelo.com.br\/sobre\/tarcisio-visita-conjunto-habitacional-na-zona-sul-antes-de-sabatina\/","robots":"max-image-preview:large","keywords":"","webmasterTools":{"miscellaneous":""},"schema":{"@context":"https:\/\/schema.org","@graph":[{"@type":"Article","@id":"https:\/\/www.encontracampobelo.com.br\/sobre\/tarcisio-visita-conjunto-habitacional-na-zona-sul-antes-de-sabatina\/#article","name":"Tarc\u00edsio visita conjunto habitacional na Zona Sul antes de sabatina | Encontra Campo Belo","headline":"Tarc\u00edsio visita conjunto habitacional na Zona Sul antes de sabatina","author":{"@id":"https:\/\/www.encontracampobelo.com.br\/sobre\/author\/ecampobelo\/#author"},"publisher":{"@id":"https:\/\/www.encontracampobelo.com.br\/sobre\/#organization"},"image":{"@type":"ImageObject","url":"https:\/\/www.encontracampobelo.com.br\/sobre\/wp-content\/uploads\/2026\/08\/tarcisio-visita-conjunto-habitacional-na-zona-sul-antes-de-sabatina.webp","width":280,"height":280,"caption":"Tarc\u00edsio visita conjunto habitacional"},"datePublished":"2026-08-27T09:22:28-02:00","dateModified":"2026-08-27T09:22:28-02:00","inLanguage":"pt-BR","mainEntityOfPage":{"@id":"https:\/\/www.encontracampobelo.com.br\/sobre\/tarcisio-visita-conjunto-habitacional-na-zona-sul-antes-de-sabatina\/#webpage"},"isPartOf":{"@id":"https:\/\/www.encontracampobelo.com.br\/sobre\/tarcisio-visita-conjunto-habitacional-na-zona-sul-antes-de-sabatina\/#webpage"},"articleSection":"Empregos Campo Belo"},{"@type":"BreadcrumbList","@id":"https:\/\/www.encontracampobelo.com.br\/sobre\/tarcisio-visita-conjunto-habitacional-na-zona-sul-antes-de-sabatina\/#breadcrumblist","itemListElement":[{"@type":"ListItem","@id":"https:\/\/www.encontracampobelo.com.br\/sobre#listItem","position":1,"name":"In\u00edcio","item":"https:\/\/www.encontracampobelo.com.br\/sobre","nextItem":{"@type":"ListItem","@id":"https:\/\/www.encontracampobelo.com.br\/sobre\/empregos-no-campo-belo\/#listItem","name":"Empregos Campo Belo"}},{"@type":"ListItem","@id":"https:\/\/www.encontracampobelo.com.br\/sobre\/empregos-no-campo-belo\/#listItem","position":2,"name":"Empregos Campo Belo","item":"https:\/\/www.encontracampobelo.com.br\/sobre\/empregos-no-campo-belo\/","nextItem":{"@type":"ListItem","@id":"https:\/\/www.encontracampobelo.com.br\/sobre\/tarcisio-visita-conjunto-habitacional-na-zona-sul-antes-de-sabatina\/#listItem","name":"Tarc\u00edsio visita conjunto habitacional na Zona Sul antes de sabatina"},"previousItem":{"@type":"ListItem","@id":"https:\/\/www.encontracampobelo.com.br\/sobre#listItem","name":"In\u00edcio"}},{"@type":"ListItem","@id":"https:\/\/www.encontracampobelo.com.br\/sobre\/tarcisio-visita-conjunto-habitacional-na-zona-sul-antes-de-sabatina\/#listItem","position":3,"name":"Tarc\u00edsio visita conjunto habitacional na Zona Sul antes de sabatina","previousItem":{"@type":"ListItem","@id":"https:\/\/www.encontracampobelo.com.br\/sobre\/empregos-no-campo-belo\/#listItem","name":"Empregos Campo Belo"}}]},{"@type":"Organization","@id":"https:\/\/www.encontracampobelo.com.br\/sobre\/#organization","name":"Encontra  Campo Belo","description":"Not\u00edcias, eventos, informa\u00e7\u00f5es e dicas no bairro do Campo Belo e regi\u00e3o.","url":"https:\/\/www.encontracampobelo.com.br\/sobre\/"},{"@type":"Person","@id":"https:\/\/www.encontracampobelo.com.br\/sobre\/author\/ecampobelo\/#author","url":"https:\/\/www.encontracampobelo.com.br\/sobre\/author\/ecampobelo\/","name":"Encontra Campo Belo","image":{"@type":"ImageObject","@id":"https:\/\/www.encontracampobelo.com.br\/sobre\/tarcisio-visita-conjunto-habitacional-na-zona-sul-antes-de-sabatina\/#authorImage","url":"https:\/\/secure.gravatar.com\/avatar\/507340682b8270222e1f208e23198b6ae7e2c6a1033ae84e99bc6bce4f82a387?s=96&d=mm&r=g","width":96,"height":96,"caption":"Encontra Campo Belo"}},{"@type":"WebPage","@id":"https:\/\/www.encontracampobelo.com.br\/sobre\/tarcisio-visita-conjunto-habitacional-na-zona-sul-antes-de-sabatina\/#webpage","url":"https:\/\/www.encontracampobelo.com.br\/sobre\/tarcisio-visita-conjunto-habitacional-na-zona-sul-antes-de-sabatina\/","name":"Tarc\u00edsio visita conjunto habitacional na Zona Sul antes de sabatina | Encontra Campo Belo","description":"Tarc\u00edsio visita complexo habitacional na Zona Sul e discute moradia.","inLanguage":"pt-BR","isPartOf":{"@id":"https:\/\/www.encontracampobelo.com.br\/sobre\/#website"},"breadcrumb":{"@id":"https:\/\/www.encontracampobelo.com.br\/sobre\/tarcisio-visita-conjunto-habitacional-na-zona-sul-antes-de-sabatina\/#breadcrumblist"},"author":{"@id":"https:\/\/www.encontracampobelo.com.br\/sobre\/author\/ecampobelo\/#author"},"creator":{"@id":"https:\/\/www.encontracampobelo.com.br\/sobre\/author\/ecampobelo\/#author"},"image":{"@type":"ImageObject","url":"https:\/\/www.encontracampobelo.com.br\/sobre\/wp-content\/uploads\/2026\/08\/tarcisio-visita-conjunto-habitacional-na-zona-sul-antes-de-sabatina.webp","@id":"https:\/\/www.encontracampobelo.com.br\/sobre\/tarcisio-visita-conjunto-habitacional-na-zona-sul-antes-de-sabatina\/#mainImage","width":280,"height":280,"caption":"Tarc\u00edsio visita conjunto habitacional"},"primaryImageOfPage":{"@id":"https:\/\/www.encontracampobelo.com.br\/sobre\/tarcisio-visita-conjunto-habitacional-na-zona-sul-antes-de-sabatina\/#mainImage"},"datePublished":"2026-08-27T09:22:28-02:00","dateModified":"2026-08-27T09:22:28-02:00"},{"@type":"WebSite","@id":"https:\/\/www.encontracampobelo.com.br\/sobre\/#website","url":"https:\/\/www.encontracampobelo.com.br\/sobre\/","name":"Encontra  Campo Belo","description":"Not\u00edcias, eventos, informa\u00e7\u00f5es e dicas no bairro do Campo Belo e regi\u00e3o.","inLanguage":"pt-BR","publisher":{"@id":"https:\/\/www.encontracampobelo.com.br\/sobre\/#organization"}}]},"og:locale":"pt_BR","og:site_name":"Encontra  Campo Belo | Not\u00edcias, eventos, informa\u00e7\u00f5es e dicas no bairro do Campo Belo e regi\u00e3o.","og:type":"article","og:title":"Tarc\u00edsio visita conjunto habitacional na Zona Sul antes de sabatina | Encontra Campo Belo","og:description":"Tarc\u00edsio visita complexo habitacional na Zona Sul e discute moradia.","og:url":"https:\/\/www.encontracampobelo.com.br\/sobre\/tarcisio-visita-conjunto-habitacional-na-zona-sul-antes-de-sabatina\/","article:published_time":"2026-08-27T11:22:28+00:00","article:modified_time":"2026-08-27T11:22:28+00:00","twitter:card":"summary_large_image","twitter:title":"Tarc\u00edsio visita conjunto habitacional na Zona Sul antes de sabatina | Encontra Campo Belo","twitter:description":"Tarc\u00edsio visita complexo habitacional na Zona Sul e discute moradia."},"aioseo_meta_data":{"post_id":"2534","title":null,"description":null,"keywords":null,"keyphrases":null,"primary_term":null,"canonical_url":null,"og_title":null,"og_description":null,"og_object_type":"default","og_image_type":"default","og_image_url":null,"og_image_width":null,"og_image_height":null,"og_image_custom_url":null,"og_image_custom_fields":null,"og_video":null,"og_custom_url":null,"og_article_section":null,"og_article_tags":null,"twitter_use_og":false,"twitter_card":"default","twitter_image_type":"default","twitter_image_url":null,"twitter_image_custom_url":null,"twitter_image_custom_fields":null,"twitter_title":null,"twitter_description":null,"schema":{"blockGraphs":[],"customGraphs":[],"default":{"data":{"Article":[],"Course":[],"Dataset":[],"FAQPage":[],"Movie":[],"Person":[],"Product":[],"ProductReview":[],"Car":[],"Recipe":[],"Service":[],"SoftwareApplication":[],"WebPage":[]},"graphName":"Article","isEnabled":true},"graphs":[]},"schema_type":"default","schema_type_options":null,"pillar_content":false,"robots_default":true,"robots_noindex":false,"robots_noarchive":false,"robots_nosnippet":false,"robots_nofollow":false,"robots_noimageindex":false,"robots_noodp":false,"robots_notranslate":false,"robots_max_snippet":null,"robots_max_videopreview":null,"robots_max_imagepreview":"large","priority":null,"frequency":null,"local_seo":null,"breadcrumb_settings":null,"limit_modified_date":false,"ai":null,"created":"2026-08-27 11:22:30","updated":"2026-08-27 11:32:47","focus_keyword":null,"additional_keywords":null,"truseo_locale":null,"seo_analyzer_scan_date":null},"aioseo_breadcrumb":"<div class=\"aioseo-breadcrumbs\"><span class=\"aioseo-breadcrumb\">\n\t\t\t<a href=\"https:\/\/www.encontracampobelo.com.br\/sobre\" title=\"In\u00edcio\">In\u00edcio<\/a>\n\t\t<\/span><span class=\"aioseo-breadcrumb-separator\">&raquo;<\/span><span class=\"aioseo-breadcrumb\">\n\t\t\t<a href=\"https:\/\/www.encontracampobelo.com.br\/sobre\/empregos-no-campo-belo\/\" title=\"Empregos Campo Belo\">Empregos Campo Belo<\/a>\n\t\t<\/span><span class=\"aioseo-breadcrumb-separator\">&raquo;<\/span><span class=\"aioseo-breadcrumb\">\n\t\t\tTarc\u00edsio visita conjunto habitacional na Zona Sul antes de sabatina\n\t\t<\/span><\/div>","aioseo_breadcrumb_json":[{"label":"In\u00edcio","link":"https:\/\/www.encontracampobelo.com.br\/sobre"},{"label":"Empregos Campo Belo","link":"https:\/\/www.encontracampobelo.com.br\/sobre\/empregos-no-campo-belo\/"},{"label":"Tarc\u00edsio visita conjunto habitacional na Zona Sul antes de sabatina","link":"https:\/\/www.encontracampobelo.com.br\/sobre\/tarcisio-visita-conjunto-habitacional-na-zona-sul-antes-de-sabatina\/"}],"_links":{"self":[{"href":"https:\/\/www.encontracampobelo.com.br\/sobre\/wp-json\/wp\/v2\/posts\/2534","targetHints":{"allow":["GET"]}}],"collection":[{"href":"https:\/\/www.encontracampobelo.com.br\/sobre\/wp-json\/wp\/v2\/posts"}],"about":[{"href":"https:\/\/www.encontracampobelo.com.br\/sobre\/wp-json\/wp\/v2\/types\/post"}],"author":[{"embeddable":true,"href":"https:\/\/www.encontracampobelo.com.br\/sobre\/wp-json\/wp\/v2\/users\/1"}],"replies":[{"embeddable":true,"href":"https:\/\/www.encontracampobelo.com.br\/sobre\/wp-json\/wp\/v2\/comments?post=2534"}],"version-history":[{"count":0,"href":"https:\/\/www.encontracampobelo.com.br\/sobre\/wp-json\/wp\/v2\/posts\/2534\/revisions"}],"wp:featuredmedia":[{"embeddable":true,"href":"https:\/\/www.encontracampobelo.com.br\/sobre\/wp-json\/wp\/v2\/media\/2533"}],"wp:attachment":[{"href":"https:\/\/www.encontracampobelo.com.br\/sobre\/wp-json\/wp\/v2\/media?parent=2534"}],"wp:term":[{"taxonomy":"category","embeddable":true,"href":"https:\/\/www.encontracampobelo.com.br\/sobre\/wp-json\/wp\/v2\/categories?post=2534"},{"taxonomy":"post_tag","embeddable":true,"href":"https:\/\/www.encontracampobelo.com.br\/sobre\/wp-json\/wp\/v2\/tags?post=2534"}],"curies":[{"name":"wp","href":"https:\/\/api.w.org\/{rel}","templated":true}]}}