{"id":2536,"date":"2026-08-27T23:20:08","date_gmt":"2026-08-28T01:20:08","guid":{"rendered":"https:\/\/www.encontracampobelo.com.br\/sobre\/sao-paulo-chega-a-26-casos-de-sarampo-em-2026-e-amplia-vacinacao-em-tres-cidades\/"},"modified":"2026-08-27T23:20:08","modified_gmt":"2026-08-28T01:20:08","slug":"sao-paulo-chega-a-26-casos-de-sarampo-em-2026-e-amplia-vacinacao-em-tres-cidades","status":"publish","type":"post","link":"https:\/\/www.encontracampobelo.com.br\/sobre\/sao-paulo-chega-a-26-casos-de-sarampo-em-2026-e-amplia-vacinacao-em-tres-cidades\/","title":{"rendered":"S\u00e3o Paulo chega a 26 casos de sarampo em 2026 e amplia vacina\u00e7\u00e3o em tr\u00eas cidades"},"content":{"rendered":"<div class=\"1cfda93c6640a8762b4fe319eb685dc5\" data-index=\"1\" style=\"float: none; margin:0px;\">\n<!-- Anuncio display - global -->\r\n<ins class=\"adsbygoogle\"\r\n     style=\"display:block\"\r\n     data-ad-client=\"ca-pub-8585364105181520\"\r\n     data-ad-slot=\"8789329856\"\r\n     data-ad-format=\"auto\"\r\n     data-full-width-responsive=\"true\"><\/ins>\r\n<script>\r\n     (adsbygoogle = window.adsbygoogle || []).push({});\r\n<\/script>\n<\/div>\n<h2>Cen\u00e1rio Atual dos Casos de Sarampo<\/h2>\n<p>A Secretaria de Estado da Sa\u00fade de S\u00e3o Paulo (SES-SP) relatou que, em 2026, o estado registrou um total de 26 casos confirmados de sarampo. Desse total, a maior parte \u00e9 concentrada na capital, que apresentou tr\u00eas novos casos recentes. Entre eles, dois foram identificados como importados e um terceiro est\u00e1 associado a uma importa\u00e7\u00e3o, embora a origem da infec\u00e7\u00e3o n\u00e3o tenha sido determinada. Do total de casos deste ano, 23 s\u00e3o moradores da cidade de S\u00e3o Paulo, enquanto S\u00e3o Bernardo do Campo e Guarulhos registraram dois e um caso, respectivamente. \u00c9 importante destacar que 19 dos pacientes diagnosticados n\u00e3o tinham hist\u00f3rico de vacina\u00e7\u00e3o ou estavam com o esquema vacinal incompleto.<\/p>\n<h2>Import\u00e2ncia da Vacina\u00e7\u00e3o Ampliada<\/h2>\n<p>Frente ao aumento dos casos, o governo do estado de S\u00e3o Paulo tem intensificado a Campanha de Vacina\u00e7\u00e3o. At\u00e9 o dia 1\u00ba de setembro, duas frentes de vacina\u00e7\u00e3o est\u00e3o em opera\u00e7\u00e3o. A Campanha de Multivacina\u00e7\u00e3o abrange todos os 645 munic\u00edpios do estado, visando atualizar as cadernetas de vacina\u00e7\u00e3o de crian\u00e7as e adolescentes menores de 15 anos. Ao mesmo tempo, foram implementadas estrat\u00e9gias espec\u00edficas contra o sarampo em tr\u00eas cidades, permitindo que a popula\u00e7\u00e3o de 6 meses a 59 anos possa receber a vacina independente do hist\u00f3rico vacinal, mediante avalia\u00e7\u00e3o de profissionais de sa\u00fade.<\/p>\n<h2>Hist\u00f3rico de Cobertura Vacinal<\/h2>\n<p>Atualmente, a cobertura vacinal contra o sarampo em S\u00e3o Paulo ainda n\u00e3o atende \u00e0s metas estabelecidas. Os dados dispon\u00edveis at\u00e9 2026 revelam que a vacina\u00e7\u00e3o de primeira dose da tr\u00edplice viral alcan\u00e7ou 89,35%, enquanto a segunda dose apenas 74,64%. A meta \u00e9 bater pelo menos 95% de cobertura em ambas as doses. Comparando com anos anteriores, em 2024, a primeira dose atingiu 99,4% e a segunda 88%. Em 2025, esses n\u00fameros foram de 94,2% e 84,5%, evidenciando que, embora tenha havido progresso, ainda existe um grande caminho a ser percorrido.<\/p>\n<p><img decoding=\"async\" src=\"https:\/\/www.encontracampobelo.com.br\/sobre\/wp-content\/uploads\/2026\/08\/sao-paulo-chega-a-26-casos-de-sarampo-em-2026-e-amplia-vacinacao-em-tres-cidades.webp\" alt=\"sarampo\" loading=\"lazy\" \/><\/p>\n<h2>Principais Sintomas do Sarampo<\/h2>\n<p>O sarampo \u00e9 uma doen\u00e7a altamente transmiss\u00edvel e apresenta sintomas not\u00e1veis que come\u00e7am geralmente com febre. Outros sinais t\u00edpicos incluem manchas avermelhadas pela pele, tosse, coriza e conjuntivite. Esses sintomas podem se intensificar, levando a complica\u00e7\u00f5es s\u00e9rias, o que torna a preven\u00e7\u00e3o atrav\u00e9s da vacina\u00e7\u00e3o ainda mais crucial para a sa\u00fade p\u00fablica.<\/p>\n<h2>Como Funciona a Campanha de Multivacina\u00e7\u00e3o<\/h2>\n<p>A Campanha de Multivacina\u00e7\u00e3o, direcionada a crian\u00e7as e adolescentes at\u00e9 15 anos, busca atualizar as cadernetas de vacina\u00e7\u00e3o. Para participar, pais e respons\u00e1veis devem levar os jovens a uma unidade de sa\u00fade, levando a caderneta de vacina\u00e7\u00e3o para que os profissionais de sa\u00fade possam revisar as doses j\u00e1 recebidas. A imuniza\u00e7\u00e3o prevista no calend\u00e1rio vacinal \u00e9 oferecida de forma gratuita pelo Sistema \u00danico de Sa\u00fade (SUS).<\/p>\n<h2>Objetivos da Vacina\u00e7\u00e3o Contra o Sarampo<\/h2>\n<p>O principal objetivo da vacina\u00e7\u00e3o contra o sarampo \u00e9 garantir a prote\u00e7\u00e3o da popula\u00e7\u00e3o, especialmente crian\u00e7as e beb\u00eas, que s\u00e3o os mais vulner\u00e1veis. O governo busca recuperar o \u00edndice de vacina\u00e7\u00e3o, prover informa\u00e7\u00f5es e orienta\u00e7\u00f5es \u00e0s fam\u00edlias para que possam assegurar que todas as crian\u00e7as estejam vacinadas conforme o calend\u00e1rio vacinal.<\/p>\n<h2>Impacto Socioecon\u00f4mico do Sarampo<\/h2>\n<p>A presen\u00e7a do sarampo na popula\u00e7\u00e3o n\u00e3o apenas gera preocupa\u00e7\u00f5es em sa\u00fade, mas tamb\u00e9m tem um impacto socioecon\u00f4mico significativo. A doen\u00e7a \u00e9 capaz de sobrecarregar o sistema de sa\u00fade, levando a custos altos para o tratamento, interna\u00e7\u00f5es e poss\u00edveis complica\u00e7\u00f5es, al\u00e9m de perda de produtividade devido ao adoecimento. Por essa raz\u00e3o, manter um alto \u00edndice de vacina\u00e7\u00e3o \u00e9 essencial n\u00e3o s\u00f3 para a sa\u00fade, mas tamb\u00e9m para a economia.<\/p>\n<h2>Relato de Casos N\u00e3o Vacinados<\/h2>\n<p>Dentre os casos observados em S\u00e3o Paulo, a falta de vacina\u00e7\u00e3o se destaca como um fator recorrente. O recente aumento de registros de sarampo envolve principalmente indiv\u00edduos que n\u00e3o cumpriram com a vacina\u00e7\u00e3o regular. Nesse cen\u00e1rio, duas crian\u00e7as menores de um ano e uma mulher na faixa dos 30 anos foram diagnosticadas, todas sem o devido esquema vacinal contra a doen\u00e7a.<\/p>\n<h2>A Relev\u00e2ncia do Calend\u00e1rio de Vacina\u00e7\u00e3o<\/h2>\n<p>O calend\u00e1rio de vacina\u00e7\u00e3o \u00e9 uma ferramenta fundamental que ajuda a garantir que a popula\u00e7\u00e3o receba todas as vacinas necess\u00e1rias na idade adequada. Para o sarampo, a primeira dose deve ser aplicada aos 12 meses e a segunda aos 15 meses. Al\u00e9m disso, o calend\u00e1rio inclui vacinas adicionais, como a tetraviral, com orienta\u00e7\u00e3o espec\u00edfica para a faixa et\u00e1ria. Os pais devem estar atentos ao cumprimento deste calend\u00e1rio para proteger seus filhos.<\/p>\n<h2>Orienta\u00e7\u00f5es para Pais e Respons\u00e1veis<\/h2>\n<p>As autoridades de sa\u00fade est\u00e3o incentivando os pais a buscarem orienta\u00e7\u00e3o sobre a vacina\u00e7\u00e3o de seus filhos. Caso notem sintomas compat\u00edveis com sarampo, especialmente se houver hist\u00f3rico recente de viagens ou contato com pessoas infectadas, \u00e9 importante que esses casos sejam comunicados imediatamente aos servi\u00e7os de sa\u00fade, isolados e investigados. A preven\u00e7\u00e3o \u00e9 a chave para controlar a transmiss\u00e3o da doen\u00e7a e proteger a comunidade.<\/p>\n\n<div style=\"font-size: 0px; height: 0px; line-height: 0px; margin: 0; padding: 0; clear: both;\"><\/div>","protected":false},"excerpt":{"rendered":"<p>Casos de sarampo em S\u00e3o Paulo aumentam, e a vacina\u00e7\u00e3o \u00e9 ampliada.<\/p>\n","protected":false},"author":1,"featured_media":2535,"comment_status":"open","ping_status":"closed","sticky":false,"template":"","format":"standard","meta":{"footnotes":""},"categories":[33],"tags":[],"class_list":["post-2536","post","type-post","status-publish","format-standard","has-post-thumbnail","hentry","category-saude-no-campo-belo","has_thumb"],"aioseo_notices":[],"aioseo_head":"\n\t\t<!-- All in One SEO 5.0.0.1 - aioseo.com -->\n\t<meta name=\"description\" content=\"Casos de sarampo em S\u00e3o Paulo aumentam, e a vacina\u00e7\u00e3o \u00e9 ampliada.\" \/>\n\t<meta name=\"robots\" content=\"max-image-preview:large\" \/>\n\t<meta name=\"author\" content=\"Encontra Campo Belo\"\/>\n\t<link rel=\"canonical\" href=\"https:\/\/www.encontracampobelo.com.br\/sobre\/sao-paulo-chega-a-26-casos-de-sarampo-em-2026-e-amplia-vacinacao-em-tres-cidades\/\" \/>\n\t<meta name=\"generator\" content=\"All in One SEO (AIOSEO) 5.0.0.1\" \/>\n\t\t<meta property=\"og:locale\" content=\"pt_BR\" \/>\n\t\t<meta property=\"og:site_name\" content=\"Encontra  Campo Belo | Not\u00edcias, eventos, informa\u00e7\u00f5es e dicas no bairro do Campo Belo e regi\u00e3o.\" \/>\n\t\t<meta property=\"og:type\" content=\"article\" \/>\n\t\t<meta property=\"og:title\" content=\"S\u00e3o Paulo chega a 26 casos de sarampo em 2026 e amplia vacina\u00e7\u00e3o em tr\u00eas cidades | Encontra Campo Belo\" \/>\n\t\t<meta property=\"og:description\" content=\"Casos de sarampo em S\u00e3o Paulo aumentam, e a vacina\u00e7\u00e3o \u00e9 ampliada.\" \/>\n\t\t<meta property=\"og:url\" content=\"https:\/\/www.encontracampobelo.com.br\/sobre\/sao-paulo-chega-a-26-casos-de-sarampo-em-2026-e-amplia-vacinacao-em-tres-cidades\/\" \/>\n\t\t<meta property=\"article:published_time\" content=\"2026-08-28T01:20:08+00:00\" \/>\n\t\t<meta property=\"article:modified_time\" content=\"2026-08-28T01:20:08+00:00\" \/>\n\t\t<meta name=\"twitter:card\" content=\"summary_large_image\" \/>\n\t\t<meta name=\"twitter:title\" content=\"S\u00e3o Paulo chega a 26 casos de sarampo em 2026 e amplia vacina\u00e7\u00e3o em tr\u00eas cidades | Encontra Campo Belo\" \/>\n\t\t<meta name=\"twitter:description\" content=\"Casos de sarampo em S\u00e3o Paulo aumentam, e a vacina\u00e7\u00e3o \u00e9 ampliada.\" \/>\n\t\t<script type=\"application\/ld+json\" class=\"aioseo-schema\">\n\t\t\t{\"@context\":\"https:\\\/\\\/schema.org\",\"@graph\":[{\"@type\":\"Article\",\"@id\":\"https:\\\/\\\/www.encontracampobelo.com.br\\\/sobre\\\/sao-paulo-chega-a-26-casos-de-sarampo-em-2026-e-amplia-vacinacao-em-tres-cidades\\\/#article\",\"name\":\"S\\u00e3o Paulo chega a 26 casos de sarampo em 2026 e amplia vacina\\u00e7\\u00e3o em tr\\u00eas cidades | Encontra Campo Belo\",\"headline\":\"S\\u00e3o Paulo chega a 26 casos de sarampo em 2026 e amplia vacina\\u00e7\\u00e3o em tr\\u00eas cidades\",\"author\":{\"@id\":\"https:\\\/\\\/www.encontracampobelo.com.br\\\/sobre\\\/author\\\/ecampobelo\\\/#author\"},\"publisher\":{\"@id\":\"https:\\\/\\\/www.encontracampobelo.com.br\\\/sobre\\\/#organization\"},\"image\":{\"@type\":\"ImageObject\",\"url\":\"https:\\\/\\\/www.encontracampobelo.com.br\\\/sobre\\\/wp-content\\\/uploads\\\/2026\\\/08\\\/sao-paulo-chega-a-26-casos-de-sarampo-em-2026-e-amplia-vacinacao-em-tres-cidades.webp\",\"width\":280,\"height\":280,\"caption\":\"sarampo\"},\"datePublished\":\"2026-08-27T23:20:08-02:00\",\"dateModified\":\"2026-08-27T23:20:08-02:00\",\"inLanguage\":\"pt-BR\",\"mainEntityOfPage\":{\"@id\":\"https:\\\/\\\/www.encontracampobelo.com.br\\\/sobre\\\/sao-paulo-chega-a-26-casos-de-sarampo-em-2026-e-amplia-vacinacao-em-tres-cidades\\\/#webpage\"},\"isPartOf\":{\"@id\":\"https:\\\/\\\/www.encontracampobelo.com.br\\\/sobre\\\/sao-paulo-chega-a-26-casos-de-sarampo-em-2026-e-amplia-vacinacao-em-tres-cidades\\\/#webpage\"},\"articleSection\":\"Sa\\u00fade Campo Belo\"},{\"@type\":\"BreadcrumbList\",\"@id\":\"https:\\\/\\\/www.encontracampobelo.com.br\\\/sobre\\\/sao-paulo-chega-a-26-casos-de-sarampo-em-2026-e-amplia-vacinacao-em-tres-cidades\\\/#breadcrumblist\",\"itemListElement\":[{\"@type\":\"ListItem\",\"@id\":\"https:\\\/\\\/www.encontracampobelo.com.br\\\/sobre#listItem\",\"position\":1,\"name\":\"In\\u00edcio\",\"item\":\"https:\\\/\\\/www.encontracampobelo.com.br\\\/sobre\",\"nextItem\":{\"@type\":\"ListItem\",\"@id\":\"https:\\\/\\\/www.encontracampobelo.com.br\\\/sobre\\\/saude-no-campo-belo\\\/#listItem\",\"name\":\"Sa\\u00fade Campo Belo\"}},{\"@type\":\"ListItem\",\"@id\":\"https:\\\/\\\/www.encontracampobelo.com.br\\\/sobre\\\/saude-no-campo-belo\\\/#listItem\",\"position\":2,\"name\":\"Sa\\u00fade Campo Belo\",\"item\":\"https:\\\/\\\/www.encontracampobelo.com.br\\\/sobre\\\/saude-no-campo-belo\\\/\",\"nextItem\":{\"@type\":\"ListItem\",\"@id\":\"https:\\\/\\\/www.encontracampobelo.com.br\\\/sobre\\\/sao-paulo-chega-a-26-casos-de-sarampo-em-2026-e-amplia-vacinacao-em-tres-cidades\\\/#listItem\",\"name\":\"S\\u00e3o Paulo chega a 26 casos de sarampo em 2026 e amplia vacina\\u00e7\\u00e3o em tr\\u00eas cidades\"},\"previousItem\":{\"@type\":\"ListItem\",\"@id\":\"https:\\\/\\\/www.encontracampobelo.com.br\\\/sobre#listItem\",\"name\":\"In\\u00edcio\"}},{\"@type\":\"ListItem\",\"@id\":\"https:\\\/\\\/www.encontracampobelo.com.br\\\/sobre\\\/sao-paulo-chega-a-26-casos-de-sarampo-em-2026-e-amplia-vacinacao-em-tres-cidades\\\/#listItem\",\"position\":3,\"name\":\"S\\u00e3o Paulo chega a 26 casos de sarampo em 2026 e amplia vacina\\u00e7\\u00e3o em tr\\u00eas cidades\",\"previousItem\":{\"@type\":\"ListItem\",\"@id\":\"https:\\\/\\\/www.encontracampobelo.com.br\\\/sobre\\\/saude-no-campo-belo\\\/#listItem\",\"name\":\"Sa\\u00fade Campo Belo\"}}]},{\"@type\":\"Organization\",\"@id\":\"https:\\\/\\\/www.encontracampobelo.com.br\\\/sobre\\\/#organization\",\"name\":\"Encontra  Campo Belo\",\"description\":\"Not\\u00edcias, eventos, informa\\u00e7\\u00f5es e dicas no bairro do Campo Belo e regi\\u00e3o.\",\"url\":\"https:\\\/\\\/www.encontracampobelo.com.br\\\/sobre\\\/\"},{\"@type\":\"Person\",\"@id\":\"https:\\\/\\\/www.encontracampobelo.com.br\\\/sobre\\\/author\\\/ecampobelo\\\/#author\",\"url\":\"https:\\\/\\\/www.encontracampobelo.com.br\\\/sobre\\\/author\\\/ecampobelo\\\/\",\"name\":\"Encontra Campo Belo\",\"image\":{\"@type\":\"ImageObject\",\"@id\":\"https:\\\/\\\/www.encontracampobelo.com.br\\\/sobre\\\/sao-paulo-chega-a-26-casos-de-sarampo-em-2026-e-amplia-vacinacao-em-tres-cidades\\\/#authorImage\",\"url\":\"https:\\\/\\\/secure.gravatar.com\\\/avatar\\\/507340682b8270222e1f208e23198b6ae7e2c6a1033ae84e99bc6bce4f82a387?s=96&d=mm&r=g\",\"width\":96,\"height\":96,\"caption\":\"Encontra Campo Belo\"}},{\"@type\":\"WebPage\",\"@id\":\"https:\\\/\\\/www.encontracampobelo.com.br\\\/sobre\\\/sao-paulo-chega-a-26-casos-de-sarampo-em-2026-e-amplia-vacinacao-em-tres-cidades\\\/#webpage\",\"url\":\"https:\\\/\\\/www.encontracampobelo.com.br\\\/sobre\\\/sao-paulo-chega-a-26-casos-de-sarampo-em-2026-e-amplia-vacinacao-em-tres-cidades\\\/\",\"name\":\"S\\u00e3o Paulo chega a 26 casos de sarampo em 2026 e amplia vacina\\u00e7\\u00e3o em tr\\u00eas cidades | Encontra Campo Belo\",\"description\":\"Casos de sarampo em S\\u00e3o Paulo aumentam, e a vacina\\u00e7\\u00e3o \\u00e9 ampliada.\",\"inLanguage\":\"pt-BR\",\"isPartOf\":{\"@id\":\"https:\\\/\\\/www.encontracampobelo.com.br\\\/sobre\\\/#website\"},\"breadcrumb\":{\"@id\":\"https:\\\/\\\/www.encontracampobelo.com.br\\\/sobre\\\/sao-paulo-chega-a-26-casos-de-sarampo-em-2026-e-amplia-vacinacao-em-tres-cidades\\\/#breadcrumblist\"},\"author\":{\"@id\":\"https:\\\/\\\/www.encontracampobelo.com.br\\\/sobre\\\/author\\\/ecampobelo\\\/#author\"},\"creator\":{\"@id\":\"https:\\\/\\\/www.encontracampobelo.com.br\\\/sobre\\\/author\\\/ecampobelo\\\/#author\"},\"image\":{\"@type\":\"ImageObject\",\"url\":\"https:\\\/\\\/www.encontracampobelo.com.br\\\/sobre\\\/wp-content\\\/uploads\\\/2026\\\/08\\\/sao-paulo-chega-a-26-casos-de-sarampo-em-2026-e-amplia-vacinacao-em-tres-cidades.webp\",\"@id\":\"https:\\\/\\\/www.encontracampobelo.com.br\\\/sobre\\\/sao-paulo-chega-a-26-casos-de-sarampo-em-2026-e-amplia-vacinacao-em-tres-cidades\\\/#mainImage\",\"width\":280,\"height\":280,\"caption\":\"sarampo\"},\"primaryImageOfPage\":{\"@id\":\"https:\\\/\\\/www.encontracampobelo.com.br\\\/sobre\\\/sao-paulo-chega-a-26-casos-de-sarampo-em-2026-e-amplia-vacinacao-em-tres-cidades\\\/#mainImage\"},\"datePublished\":\"2026-08-27T23:20:08-02:00\",\"dateModified\":\"2026-08-27T23:20:08-02:00\"},{\"@type\":\"WebSite\",\"@id\":\"https:\\\/\\\/www.encontracampobelo.com.br\\\/sobre\\\/#website\",\"url\":\"https:\\\/\\\/www.encontracampobelo.com.br\\\/sobre\\\/\",\"name\":\"Encontra  Campo Belo\",\"description\":\"Not\\u00edcias, eventos, informa\\u00e7\\u00f5es e dicas no bairro do Campo Belo e regi\\u00e3o.\",\"inLanguage\":\"pt-BR\",\"publisher\":{\"@id\":\"https:\\\/\\\/www.encontracampobelo.com.br\\\/sobre\\\/#organization\"}}]}\n\t\t<\/script>\n\t\t<!-- All in One SEO -->\n\n","aioseo_head_json":{"title":"S\u00e3o Paulo chega a 26 casos de sarampo em 2026 e amplia vacina\u00e7\u00e3o em tr\u00eas cidades | Encontra Campo Belo","description":"Casos de sarampo em S\u00e3o Paulo aumentam, e a vacina\u00e7\u00e3o \u00e9 ampliada.","canonical_url":"https:\/\/www.encontracampobelo.com.br\/sobre\/sao-paulo-chega-a-26-casos-de-sarampo-em-2026-e-amplia-vacinacao-em-tres-cidades\/","robots":"max-image-preview:large","keywords":"","webmasterTools":{"miscellaneous":""},"schema":{"@context":"https:\/\/schema.org","@graph":[{"@type":"Article","@id":"https:\/\/www.encontracampobelo.com.br\/sobre\/sao-paulo-chega-a-26-casos-de-sarampo-em-2026-e-amplia-vacinacao-em-tres-cidades\/#article","name":"S\u00e3o Paulo chega a 26 casos de sarampo em 2026 e amplia vacina\u00e7\u00e3o em tr\u00eas cidades | Encontra Campo Belo","headline":"S\u00e3o Paulo chega a 26 casos de sarampo em 2026 e amplia vacina\u00e7\u00e3o em tr\u00eas cidades","author":{"@id":"https:\/\/www.encontracampobelo.com.br\/sobre\/author\/ecampobelo\/#author"},"publisher":{"@id":"https:\/\/www.encontracampobelo.com.br\/sobre\/#organization"},"image":{"@type":"ImageObject","url":"https:\/\/www.encontracampobelo.com.br\/sobre\/wp-content\/uploads\/2026\/08\/sao-paulo-chega-a-26-casos-de-sarampo-em-2026-e-amplia-vacinacao-em-tres-cidades.webp","width":280,"height":280,"caption":"sarampo"},"datePublished":"2026-08-27T23:20:08-02:00","dateModified":"2026-08-27T23:20:08-02:00","inLanguage":"pt-BR","mainEntityOfPage":{"@id":"https:\/\/www.encontracampobelo.com.br\/sobre\/sao-paulo-chega-a-26-casos-de-sarampo-em-2026-e-amplia-vacinacao-em-tres-cidades\/#webpage"},"isPartOf":{"@id":"https:\/\/www.encontracampobelo.com.br\/sobre\/sao-paulo-chega-a-26-casos-de-sarampo-em-2026-e-amplia-vacinacao-em-tres-cidades\/#webpage"},"articleSection":"Sa\u00fade Campo Belo"},{"@type":"BreadcrumbList","@id":"https:\/\/www.encontracampobelo.com.br\/sobre\/sao-paulo-chega-a-26-casos-de-sarampo-em-2026-e-amplia-vacinacao-em-tres-cidades\/#breadcrumblist","itemListElement":[{"@type":"ListItem","@id":"https:\/\/www.encontracampobelo.com.br\/sobre#listItem","position":1,"name":"In\u00edcio","item":"https:\/\/www.encontracampobelo.com.br\/sobre","nextItem":{"@type":"ListItem","@id":"https:\/\/www.encontracampobelo.com.br\/sobre\/saude-no-campo-belo\/#listItem","name":"Sa\u00fade Campo Belo"}},{"@type":"ListItem","@id":"https:\/\/www.encontracampobelo.com.br\/sobre\/saude-no-campo-belo\/#listItem","position":2,"name":"Sa\u00fade Campo Belo","item":"https:\/\/www.encontracampobelo.com.br\/sobre\/saude-no-campo-belo\/","nextItem":{"@type":"ListItem","@id":"https:\/\/www.encontracampobelo.com.br\/sobre\/sao-paulo-chega-a-26-casos-de-sarampo-em-2026-e-amplia-vacinacao-em-tres-cidades\/#listItem","name":"S\u00e3o Paulo chega a 26 casos de sarampo em 2026 e amplia vacina\u00e7\u00e3o em tr\u00eas cidades"},"previousItem":{"@type":"ListItem","@id":"https:\/\/www.encontracampobelo.com.br\/sobre#listItem","name":"In\u00edcio"}},{"@type":"ListItem","@id":"https:\/\/www.encontracampobelo.com.br\/sobre\/sao-paulo-chega-a-26-casos-de-sarampo-em-2026-e-amplia-vacinacao-em-tres-cidades\/#listItem","position":3,"name":"S\u00e3o Paulo chega a 26 casos de sarampo em 2026 e amplia vacina\u00e7\u00e3o em tr\u00eas cidades","previousItem":{"@type":"ListItem","@id":"https:\/\/www.encontracampobelo.com.br\/sobre\/saude-no-campo-belo\/#listItem","name":"Sa\u00fade Campo Belo"}}]},{"@type":"Organization","@id":"https:\/\/www.encontracampobelo.com.br\/sobre\/#organization","name":"Encontra  Campo Belo","description":"Not\u00edcias, eventos, informa\u00e7\u00f5es e dicas no bairro do Campo Belo e regi\u00e3o.","url":"https:\/\/www.encontracampobelo.com.br\/sobre\/"},{"@type":"Person","@id":"https:\/\/www.encontracampobelo.com.br\/sobre\/author\/ecampobelo\/#author","url":"https:\/\/www.encontracampobelo.com.br\/sobre\/author\/ecampobelo\/","name":"Encontra Campo Belo","image":{"@type":"ImageObject","@id":"https:\/\/www.encontracampobelo.com.br\/sobre\/sao-paulo-chega-a-26-casos-de-sarampo-em-2026-e-amplia-vacinacao-em-tres-cidades\/#authorImage","url":"https:\/\/secure.gravatar.com\/avatar\/507340682b8270222e1f208e23198b6ae7e2c6a1033ae84e99bc6bce4f82a387?s=96&d=mm&r=g","width":96,"height":96,"caption":"Encontra Campo Belo"}},{"@type":"WebPage","@id":"https:\/\/www.encontracampobelo.com.br\/sobre\/sao-paulo-chega-a-26-casos-de-sarampo-em-2026-e-amplia-vacinacao-em-tres-cidades\/#webpage","url":"https:\/\/www.encontracampobelo.com.br\/sobre\/sao-paulo-chega-a-26-casos-de-sarampo-em-2026-e-amplia-vacinacao-em-tres-cidades\/","name":"S\u00e3o Paulo chega a 26 casos de sarampo em 2026 e amplia vacina\u00e7\u00e3o em tr\u00eas cidades | Encontra Campo Belo","description":"Casos de sarampo em S\u00e3o Paulo aumentam, e a vacina\u00e7\u00e3o \u00e9 ampliada.","inLanguage":"pt-BR","isPartOf":{"@id":"https:\/\/www.encontracampobelo.com.br\/sobre\/#website"},"breadcrumb":{"@id":"https:\/\/www.encontracampobelo.com.br\/sobre\/sao-paulo-chega-a-26-casos-de-sarampo-em-2026-e-amplia-vacinacao-em-tres-cidades\/#breadcrumblist"},"author":{"@id":"https:\/\/www.encontracampobelo.com.br\/sobre\/author\/ecampobelo\/#author"},"creator":{"@id":"https:\/\/www.encontracampobelo.com.br\/sobre\/author\/ecampobelo\/#author"},"image":{"@type":"ImageObject","url":"https:\/\/www.encontracampobelo.com.br\/sobre\/wp-content\/uploads\/2026\/08\/sao-paulo-chega-a-26-casos-de-sarampo-em-2026-e-amplia-vacinacao-em-tres-cidades.webp","@id":"https:\/\/www.encontracampobelo.com.br\/sobre\/sao-paulo-chega-a-26-casos-de-sarampo-em-2026-e-amplia-vacinacao-em-tres-cidades\/#mainImage","width":280,"height":280,"caption":"sarampo"},"primaryImageOfPage":{"@id":"https:\/\/www.encontracampobelo.com.br\/sobre\/sao-paulo-chega-a-26-casos-de-sarampo-em-2026-e-amplia-vacinacao-em-tres-cidades\/#mainImage"},"datePublished":"2026-08-27T23:20:08-02:00","dateModified":"2026-08-27T23:20:08-02:00"},{"@type":"WebSite","@id":"https:\/\/www.encontracampobelo.com.br\/sobre\/#website","url":"https:\/\/www.encontracampobelo.com.br\/sobre\/","name":"Encontra  Campo Belo","description":"Not\u00edcias, eventos, informa\u00e7\u00f5es e dicas no bairro do Campo Belo e regi\u00e3o.","inLanguage":"pt-BR","publisher":{"@id":"https:\/\/www.encontracampobelo.com.br\/sobre\/#organization"}}]},"og:locale":"pt_BR","og:site_name":"Encontra  Campo Belo | Not\u00edcias, eventos, informa\u00e7\u00f5es e dicas no bairro do Campo Belo e regi\u00e3o.","og:type":"article","og:title":"S\u00e3o Paulo chega a 26 casos de sarampo em 2026 e amplia vacina\u00e7\u00e3o em tr\u00eas cidades | Encontra Campo Belo","og:description":"Casos de sarampo em S\u00e3o Paulo aumentam, e a vacina\u00e7\u00e3o \u00e9 ampliada.","og:url":"https:\/\/www.encontracampobelo.com.br\/sobre\/sao-paulo-chega-a-26-casos-de-sarampo-em-2026-e-amplia-vacinacao-em-tres-cidades\/","article:published_time":"2026-08-28T01:20:08+00:00","article:modified_time":"2026-08-28T01:20:08+00:00","twitter:card":"summary_large_image","twitter:title":"S\u00e3o Paulo chega a 26 casos de sarampo em 2026 e amplia vacina\u00e7\u00e3o em tr\u00eas cidades | Encontra Campo Belo","twitter:description":"Casos de sarampo em S\u00e3o Paulo aumentam, e a vacina\u00e7\u00e3o \u00e9 ampliada."},"aioseo_meta_data":{"post_id":"2536","title":null,"description":null,"keywords":null,"keyphrases":null,"primary_term":null,"canonical_url":null,"og_title":null,"og_description":null,"og_object_type":"default","og_image_type":"default","og_image_url":null,"og_image_width":null,"og_image_height":null,"og_image_custom_url":null,"og_image_custom_fields":null,"og_video":null,"og_custom_url":null,"og_article_section":null,"og_article_tags":null,"twitter_use_og":false,"twitter_card":"default","twitter_image_type":"default","twitter_image_url":null,"twitter_image_custom_url":null,"twitter_image_custom_fields":null,"twitter_title":null,"twitter_description":null,"schema":{"blockGraphs":[],"customGraphs":[],"default":{"data":{"Article":[],"Course":[],"Dataset":[],"FAQPage":[],"Movie":[],"Person":[],"Product":[],"ProductReview":[],"Car":[],"Recipe":[],"Service":[],"SoftwareApplication":[],"WebPage":[]},"graphName":"Article","isEnabled":true},"graphs":[]},"schema_type":"default","schema_type_options":null,"pillar_content":false,"robots_default":true,"robots_noindex":false,"robots_noarchive":false,"robots_nosnippet":false,"robots_nofollow":false,"robots_noimageindex":false,"robots_noodp":false,"robots_notranslate":false,"robots_max_snippet":null,"robots_max_videopreview":null,"robots_max_imagepreview":"large","priority":null,"frequency":null,"local_seo":null,"breadcrumb_settings":null,"limit_modified_date":false,"ai":null,"created":"2026-08-28 01:20:10","updated":"2026-08-28 02:13:28","focus_keyword":null,"additional_keywords":null,"truseo_locale":null,"seo_analyzer_scan_date":null},"aioseo_breadcrumb":"<div class=\"aioseo-breadcrumbs\"><span class=\"aioseo-breadcrumb\">\n\t\t\t<a href=\"https:\/\/www.encontracampobelo.com.br\/sobre\" title=\"In\u00edcio\">In\u00edcio<\/a>\n\t\t<\/span><span class=\"aioseo-breadcrumb-separator\">&raquo;<\/span><span class=\"aioseo-breadcrumb\">\n\t\t\t<a href=\"https:\/\/www.encontracampobelo.com.br\/sobre\/saude-no-campo-belo\/\" title=\"Sa\u00fade Campo Belo\">Sa\u00fade Campo Belo<\/a>\n\t\t<\/span><span class=\"aioseo-breadcrumb-separator\">&raquo;<\/span><span class=\"aioseo-breadcrumb\">\n\t\t\tS\u00e3o Paulo chega a 26 casos de sarampo em 2026 e amplia vacina\u00e7\u00e3o em tr\u00eas cidades\n\t\t<\/span><\/div>","aioseo_breadcrumb_json":[{"label":"In\u00edcio","link":"https:\/\/www.encontracampobelo.com.br\/sobre"},{"label":"Sa\u00fade Campo Belo","link":"https:\/\/www.encontracampobelo.com.br\/sobre\/saude-no-campo-belo\/"},{"label":"S\u00e3o Paulo chega a 26 casos de sarampo em 2026 e amplia vacina\u00e7\u00e3o em tr\u00eas cidades","link":"https:\/\/www.encontracampobelo.com.br\/sobre\/sao-paulo-chega-a-26-casos-de-sarampo-em-2026-e-amplia-vacinacao-em-tres-cidades\/"}],"_links":{"self":[{"href":"https:\/\/www.encontracampobelo.com.br\/sobre\/wp-json\/wp\/v2\/posts\/2536","targetHints":{"allow":["GET"]}}],"collection":[{"href":"https:\/\/www.encontracampobelo.com.br\/sobre\/wp-json\/wp\/v2\/posts"}],"about":[{"href":"https:\/\/www.encontracampobelo.com.br\/sobre\/wp-json\/wp\/v2\/types\/post"}],"author":[{"embeddable":true,"href":"https:\/\/www.encontracampobelo.com.br\/sobre\/wp-json\/wp\/v2\/users\/1"}],"replies":[{"embeddable":true,"href":"https:\/\/www.encontracampobelo.com.br\/sobre\/wp-json\/wp\/v2\/comments?post=2536"}],"version-history":[{"count":0,"href":"https:\/\/www.encontracampobelo.com.br\/sobre\/wp-json\/wp\/v2\/posts\/2536\/revisions"}],"wp:featuredmedia":[{"embeddable":true,"href":"https:\/\/www.encontracampobelo.com.br\/sobre\/wp-json\/wp\/v2\/media\/2535"}],"wp:attachment":[{"href":"https:\/\/www.encontracampobelo.com.br\/sobre\/wp-json\/wp\/v2\/media?parent=2536"}],"wp:term":[{"taxonomy":"category","embeddable":true,"href":"https:\/\/www.encontracampobelo.com.br\/sobre\/wp-json\/wp\/v2\/categories?post=2536"},{"taxonomy":"post_tag","embeddable":true,"href":"https:\/\/www.encontracampobelo.com.br\/sobre\/wp-json\/wp\/v2\/tags?post=2536"}],"curies":[{"name":"wp","href":"https:\/\/api.w.org\/{rel}","templated":true}]}}