{"id":2540,"date":"2026-08-27T23:22:42","date_gmt":"2026-08-28T01:22:42","guid":{"rendered":"https:\/\/www.encontracampobelo.com.br\/sobre\/governo-de-sp-tem-agenda-movimentada-nesta-quarta-com-haddad-no-interior-e-tarcisio-em-compromissos-na-capital-paulista\/"},"modified":"2026-08-27T23:22:42","modified_gmt":"2026-08-28T01:22:42","slug":"governo-de-sp-tem-agenda-movimentada-nesta-quarta-com-haddad-no-interior-e-tarcisio-em-compromissos-na-capital-paulista","status":"publish","type":"post","link":"https:\/\/www.encontracampobelo.com.br\/sobre\/governo-de-sp-tem-agenda-movimentada-nesta-quarta-com-haddad-no-interior-e-tarcisio-em-compromissos-na-capital-paulista\/","title":{"rendered":"Governo de SP tem agenda movimentada nesta quarta com Haddad no interior e Tarc\u00edsio em compromissos na capital paulista"},"content":{"rendered":"<div class=\"1cfda93c6640a8762b4fe319eb685dc5\" data-index=\"1\" style=\"float: none; margin:0px;\">\n<!-- Anuncio display - global -->\r\n<ins class=\"adsbygoogle\"\r\n     style=\"display:block\"\r\n     data-ad-client=\"ca-pub-8585364105181520\"\r\n     data-ad-slot=\"8789329856\"\r\n     data-ad-format=\"auto\"\r\n     data-full-width-responsive=\"true\"><\/ins>\r\n<script>\r\n     (adsbygoogle = window.adsbygoogle || []).push({});\r\n<\/script>\n<\/div>\n<h2>Agenda Pol\u00edtica do Governo de SP<\/h2>\n<p>No dia 26 de agosto de 2026, o Governo de S\u00e3o Paulo estar\u00e1 repleto de atividades relacionadas \u00e0 campanha eleitoral, envolvendo diversos candidatos em compromissos estrat\u00e9gicos por diferentes regi\u00f5es do estado. As agendas contemplar\u00e3o eventos, reuni\u00f5es e apari\u00e7\u00f5es na m\u00eddia, seguindo o planejamento oficial das elei\u00e7\u00f5es deste ano.<\/p>\n<h2>Agenda dos Candidatos em S\u00e3o Paulo<\/h2>\n<p>Os principais candidatos ao governo de S\u00e3o Paulo t\u00eam diversas atividades programadas para esta quarta-feira, destacando-se Fernando Haddad, Izadora Dias, Tarc\u00edsio de Freitas, Vera L\u00facia e Carlos Machado. Alguns candidatos, como Policial Edjane e Vivian Mendes, n\u00e3o disponibilizaram suas agendas p\u00fablicas.<\/p>\n<h2>Compromissos de Fernando Haddad<\/h2>\n<p>Fernando Haddad, representante do PT, inicia seu dia com grava\u00e7\u00f5es de programas eleitorais pela manh\u00e3. \u00c0s 14h, participa de uma sabatina promovida pela revista Veja, onde ter\u00e1 a oportunidade de apresentar suas propostas e responder a perguntas. Ap\u00f3s isso, por volta das 15h30, Haddad se junta a um f\u00f3rum eleitoral organizado pela Associa\u00e7\u00e3o Brasileira da Infraestrutura e Ind\u00fastrias de Base, que acontecer\u00e1 na Rua Verbo Divino, na zona sul de S\u00e3o Paulo, participando tamb\u00e9m o candidato Tarc\u00edsio de Freitas.<\/p>\n<p><img decoding=\"async\" src=\"https:\/\/www.encontracampobelo.com.br\/sobre\/wp-content\/uploads\/2026\/08\/governo-de-sp-tem-agenda-movimentada-nesta-quarta-com-haddad-no-interior-e-tarcisio-em-compromissos-.webp\" alt=\"agenda pol\u00edtica\" loading=\"lazy\" \/><\/p>\n<h2>Eventos de Tarc\u00edsio de Freitas<\/h2>\n<p>Tarc\u00edsio de Freitas, que busca a reelei\u00e7\u00e3o pelo Republicanos, tamb\u00e9m tem uma agenda movimentada. \u00c0s 11h, o governador far\u00e1 uma visita ao Conjunto Habitacional Campo Belo A\/B, localizado no bairro Vila Congonhas, na zona sul da capital. Mais tarde, \u00e0s 14h, ele participar\u00e1 da mesma sabatina da Veja, que ser\u00e1 transmitida ao vivo, sendo uma oportunidade importante para interagir diretamente com o eleitorado e divulgar suas propostas.<\/p>\n<h2>Atividades de Izadora Dias<\/h2>\n<p>Izadora Dias, candidata pelo PCO, dar\u00e1 in\u00edcio ao seu dia \u00e0s 7h, realizando uma a\u00e7\u00e3o de distribui\u00e7\u00e3o de panfletos na esta\u00e7\u00e3o Jabaquara do Metr\u00f4, com foco na zona sul de S\u00e3o Paulo. \u00c0s 14h, Izadora conceder\u00e1 uma entrevista para a TV Vanguarda, abrangendo a regi\u00e3o do Vale do Para\u00edba. Ela tamb\u00e9m se reunir\u00e1 com a Associa\u00e7\u00e3o de Mulheres MATRIA \u00e0s 16h, discutindo propostas voltadas para pol\u00edticas de g\u00eanero. Seu dia encerrar\u00e1 com uma reuni\u00e3o com a coordena\u00e7\u00e3o de sua campanha \u00e0s 20h.<\/p>\n<h2>Reuni\u00f5es de Vera L\u00facia<\/h2>\n<p>Vera L\u00facia, do PSTU, ter\u00e1 dois compromissos importantes nesta quarta-feira. \u00c0s 14h, ela se reunir\u00e1 com seus apoiadores em Cajamar, parte da regi\u00e3o metropolitana de S\u00e3o Paulo. \u00c0s 19h, a candidata participar\u00e1 de uma transmiss\u00e3o ao vivo ao lado de Hertz Dias, que \u00e9 o candidato do PSTU \u00e0 presid\u00eancia, abordando temas do programa de governo do partido.<\/p>\n<h2>Os Candidatos e a M\u00eddia<\/h2>\n<p>A participa\u00e7\u00e3o na m\u00eddia \u00e9 um elemento cr\u00edtico para a visibilidade dos candidatos durante a campanha. Eventos como as sabatinas e entrevistas s\u00e3o essenciais para que eles possam expor suas propostas e se conectar com o eleitorado. A efic\u00e1cia dessas intera\u00e7\u00f5es pode influenciar significativamente a percep\u00e7\u00e3o p\u00fablica e, em \u00faltima an\u00e1lise, os resultados das elei\u00e7\u00f5es.<\/p>\n<h2>Eventos Programados para o Dia<\/h2>\n<p>Diante das programa\u00e7\u00f5es aos candidatos, cada evento \u00e9 cuidadosamente planejado para maximizar o engajamento do eleitor. Tais compromissos incluem desde atividades em espa\u00e7os p\u00fablicos at\u00e9 participa\u00e7\u00f5es em f\u00f3runs e entrevistas, que t\u00eam o potencial de atingir um p\u00fablico maior e diversificado.<\/p>\n<h2>Import\u00e2ncia da Campanha Eleitoral<\/h2>\n<p>A campanha eleitoral \u00e9 um momento fundamental na democracia, permitindo que os candidatos apresentem suas vis\u00f5es e planos para o futuro. Com as elei\u00e7\u00f5es de 2026 se aproximando, o envolvimento ativo dos candidatos e o interesse do p\u00fablico nas atividades programadas s\u00e3o indicadores essenciais de como o processo democr\u00e1tico se desenrola.<\/p>\n<h2>Expectativas para as Elei\u00e7\u00f5es de 2026<\/h2>\n<p>As expectativas para as elei\u00e7\u00f5es de 2026 s\u00e3o altas, especialmente com as diversas candidaturas e propostas sendo apresentadas. A popula\u00e7\u00e3o est\u00e1 cada vez mais atenta aos compromissos dos candidatos e suas intera\u00e7\u00f5es, o que pode impactar diretamente a decis\u00e3o de voto. Cada compromisso agenda promove maior transpar\u00eancia e engajamento, fundamentais para um processo eleitoral saud\u00e1vel.<\/p>\n<h2>O Papel do Eleitor na Pol\u00edtica Atual<\/h2>\n<p>O eleitor desempenha um papel crucial na pol\u00edtica atual, sendo a for\u00e7a motriz por tr\u00e1s do sistema democr\u00e1tico. A participa\u00e7\u00e3o ativa nas elei\u00e7\u00f5es, seja por meio do voto ou do engajamento nas discuss\u00f5es pol\u00edticas, \u00e9 essencial. Acompanhar as agendas dos candidatos e participar de eventos eleitorais s\u00e3o maneiras eficazes de influenciar o futuro pol\u00edtico do estado.<\/p>\n\n<div style=\"font-size: 0px; height: 0px; line-height: 0px; margin: 0; padding: 0; clear: both;\"><\/div>","protected":false},"excerpt":{"rendered":"<p>Agenda pol\u00edtica de SP destaca atividades de Haddad e Tarc\u00edsio hoje.<\/p>\n","protected":false},"author":1,"featured_media":2539,"comment_status":"open","ping_status":"closed","sticky":false,"template":"","format":"standard","meta":{"footnotes":""},"categories":[7],"tags":[],"class_list":["post-2540","post","type-post","status-publish","format-standard","has-post-thumbnail","hentry","category-noticias-no-campo-belo","has_thumb"],"aioseo_notices":[],"aioseo_head":"\n\t\t<!-- All in One SEO 5.0.0.1 - aioseo.com -->\n\t<meta name=\"description\" content=\"Agenda pol\u00edtica de SP destaca atividades de Haddad e Tarc\u00edsio hoje.\" \/>\n\t<meta name=\"robots\" content=\"max-image-preview:large\" \/>\n\t<meta name=\"author\" content=\"Encontra Campo Belo\"\/>\n\t<link rel=\"canonical\" href=\"https:\/\/www.encontracampobelo.com.br\/sobre\/governo-de-sp-tem-agenda-movimentada-nesta-quarta-com-haddad-no-interior-e-tarcisio-em-compromissos-na-capital-paulista\/\" \/>\n\t<meta name=\"generator\" content=\"All in One SEO (AIOSEO) 5.0.0.1\" \/>\n\t\t<meta property=\"og:locale\" content=\"pt_BR\" \/>\n\t\t<meta property=\"og:site_name\" content=\"Encontra  Campo Belo | Not\u00edcias, eventos, informa\u00e7\u00f5es e dicas no bairro do Campo Belo e regi\u00e3o.\" \/>\n\t\t<meta property=\"og:type\" content=\"article\" \/>\n\t\t<meta property=\"og:title\" content=\"Governo de SP tem agenda movimentada nesta quarta com Haddad no interior e Tarc\u00edsio em compromissos na capital paulista | Encontra Campo Belo\" \/>\n\t\t<meta property=\"og:description\" content=\"Agenda pol\u00edtica de SP destaca atividades de Haddad e Tarc\u00edsio hoje.\" \/>\n\t\t<meta property=\"og:url\" content=\"https:\/\/www.encontracampobelo.com.br\/sobre\/governo-de-sp-tem-agenda-movimentada-nesta-quarta-com-haddad-no-interior-e-tarcisio-em-compromissos-na-capital-paulista\/\" \/>\n\t\t<meta property=\"article:published_time\" content=\"2026-08-28T01:22:42+00:00\" \/>\n\t\t<meta property=\"article:modified_time\" content=\"2026-08-28T01:22:42+00:00\" \/>\n\t\t<meta name=\"twitter:card\" content=\"summary_large_image\" \/>\n\t\t<meta name=\"twitter:title\" content=\"Governo de SP tem agenda movimentada nesta quarta com Haddad no interior e Tarc\u00edsio em compromissos na capital paulista | Encontra Campo Belo\" \/>\n\t\t<meta name=\"twitter:description\" content=\"Agenda pol\u00edtica de SP destaca atividades de Haddad e Tarc\u00edsio hoje.\" \/>\n\t\t<script type=\"application\/ld+json\" class=\"aioseo-schema\">\n\t\t\t{\"@context\":\"https:\\\/\\\/schema.org\",\"@graph\":[{\"@type\":\"Article\",\"@id\":\"https:\\\/\\\/www.encontracampobelo.com.br\\\/sobre\\\/governo-de-sp-tem-agenda-movimentada-nesta-quarta-com-haddad-no-interior-e-tarcisio-em-compromissos-na-capital-paulista\\\/#article\",\"name\":\"Governo de SP tem agenda movimentada nesta quarta com Haddad no interior e Tarc\\u00edsio em compromissos na capital paulista | Encontra Campo Belo\",\"headline\":\"Governo de SP tem agenda movimentada nesta quarta com Haddad no interior e Tarc\\u00edsio em compromissos na capital paulista\",\"author\":{\"@id\":\"https:\\\/\\\/www.encontracampobelo.com.br\\\/sobre\\\/author\\\/ecampobelo\\\/#author\"},\"publisher\":{\"@id\":\"https:\\\/\\\/www.encontracampobelo.com.br\\\/sobre\\\/#organization\"},\"image\":{\"@type\":\"ImageObject\",\"url\":\"https:\\\/\\\/www.encontracampobelo.com.br\\\/sobre\\\/wp-content\\\/uploads\\\/2026\\\/08\\\/governo-de-sp-tem-agenda-movimentada-nesta-quarta-com-haddad-no-interior-e-tarcisio-em-compromissos-.webp\",\"width\":280,\"height\":280,\"caption\":\"agenda pol\\u00edtica\"},\"datePublished\":\"2026-08-27T23:22:42-02:00\",\"dateModified\":\"2026-08-27T23:22:42-02:00\",\"inLanguage\":\"pt-BR\",\"mainEntityOfPage\":{\"@id\":\"https:\\\/\\\/www.encontracampobelo.com.br\\\/sobre\\\/governo-de-sp-tem-agenda-movimentada-nesta-quarta-com-haddad-no-interior-e-tarcisio-em-compromissos-na-capital-paulista\\\/#webpage\"},\"isPartOf\":{\"@id\":\"https:\\\/\\\/www.encontracampobelo.com.br\\\/sobre\\\/governo-de-sp-tem-agenda-movimentada-nesta-quarta-com-haddad-no-interior-e-tarcisio-em-compromissos-na-capital-paulista\\\/#webpage\"},\"articleSection\":\"Not\\u00edcias Campo Belo\"},{\"@type\":\"BreadcrumbList\",\"@id\":\"https:\\\/\\\/www.encontracampobelo.com.br\\\/sobre\\\/governo-de-sp-tem-agenda-movimentada-nesta-quarta-com-haddad-no-interior-e-tarcisio-em-compromissos-na-capital-paulista\\\/#breadcrumblist\",\"itemListElement\":[{\"@type\":\"ListItem\",\"@id\":\"https:\\\/\\\/www.encontracampobelo.com.br\\\/sobre#listItem\",\"position\":1,\"name\":\"In\\u00edcio\",\"item\":\"https:\\\/\\\/www.encontracampobelo.com.br\\\/sobre\",\"nextItem\":{\"@type\":\"ListItem\",\"@id\":\"https:\\\/\\\/www.encontracampobelo.com.br\\\/sobre\\\/noticias-no-campo-belo\\\/#listItem\",\"name\":\"Not\\u00edcias Campo Belo\"}},{\"@type\":\"ListItem\",\"@id\":\"https:\\\/\\\/www.encontracampobelo.com.br\\\/sobre\\\/noticias-no-campo-belo\\\/#listItem\",\"position\":2,\"name\":\"Not\\u00edcias Campo Belo\",\"item\":\"https:\\\/\\\/www.encontracampobelo.com.br\\\/sobre\\\/noticias-no-campo-belo\\\/\",\"nextItem\":{\"@type\":\"ListItem\",\"@id\":\"https:\\\/\\\/www.encontracampobelo.com.br\\\/sobre\\\/governo-de-sp-tem-agenda-movimentada-nesta-quarta-com-haddad-no-interior-e-tarcisio-em-compromissos-na-capital-paulista\\\/#listItem\",\"name\":\"Governo de SP tem agenda movimentada nesta quarta com Haddad no interior e Tarc\\u00edsio em compromissos na capital paulista\"},\"previousItem\":{\"@type\":\"ListItem\",\"@id\":\"https:\\\/\\\/www.encontracampobelo.com.br\\\/sobre#listItem\",\"name\":\"In\\u00edcio\"}},{\"@type\":\"ListItem\",\"@id\":\"https:\\\/\\\/www.encontracampobelo.com.br\\\/sobre\\\/governo-de-sp-tem-agenda-movimentada-nesta-quarta-com-haddad-no-interior-e-tarcisio-em-compromissos-na-capital-paulista\\\/#listItem\",\"position\":3,\"name\":\"Governo de SP tem agenda movimentada nesta quarta com Haddad no interior e Tarc\\u00edsio em compromissos na capital paulista\",\"previousItem\":{\"@type\":\"ListItem\",\"@id\":\"https:\\\/\\\/www.encontracampobelo.com.br\\\/sobre\\\/noticias-no-campo-belo\\\/#listItem\",\"name\":\"Not\\u00edcias Campo Belo\"}}]},{\"@type\":\"Organization\",\"@id\":\"https:\\\/\\\/www.encontracampobelo.com.br\\\/sobre\\\/#organization\",\"name\":\"Encontra  Campo Belo\",\"description\":\"Not\\u00edcias, eventos, informa\\u00e7\\u00f5es e dicas no bairro do Campo Belo e regi\\u00e3o.\",\"url\":\"https:\\\/\\\/www.encontracampobelo.com.br\\\/sobre\\\/\"},{\"@type\":\"Person\",\"@id\":\"https:\\\/\\\/www.encontracampobelo.com.br\\\/sobre\\\/author\\\/ecampobelo\\\/#author\",\"url\":\"https:\\\/\\\/www.encontracampobelo.com.br\\\/sobre\\\/author\\\/ecampobelo\\\/\",\"name\":\"Encontra Campo Belo\",\"image\":{\"@type\":\"ImageObject\",\"@id\":\"https:\\\/\\\/www.encontracampobelo.com.br\\\/sobre\\\/governo-de-sp-tem-agenda-movimentada-nesta-quarta-com-haddad-no-interior-e-tarcisio-em-compromissos-na-capital-paulista\\\/#authorImage\",\"url\":\"https:\\\/\\\/secure.gravatar.com\\\/avatar\\\/507340682b8270222e1f208e23198b6ae7e2c6a1033ae84e99bc6bce4f82a387?s=96&d=mm&r=g\",\"width\":96,\"height\":96,\"caption\":\"Encontra Campo Belo\"}},{\"@type\":\"WebPage\",\"@id\":\"https:\\\/\\\/www.encontracampobelo.com.br\\\/sobre\\\/governo-de-sp-tem-agenda-movimentada-nesta-quarta-com-haddad-no-interior-e-tarcisio-em-compromissos-na-capital-paulista\\\/#webpage\",\"url\":\"https:\\\/\\\/www.encontracampobelo.com.br\\\/sobre\\\/governo-de-sp-tem-agenda-movimentada-nesta-quarta-com-haddad-no-interior-e-tarcisio-em-compromissos-na-capital-paulista\\\/\",\"name\":\"Governo de SP tem agenda movimentada nesta quarta com Haddad no interior e Tarc\\u00edsio em compromissos na capital paulista | Encontra Campo Belo\",\"description\":\"Agenda pol\\u00edtica de SP destaca atividades de Haddad e Tarc\\u00edsio hoje.\",\"inLanguage\":\"pt-BR\",\"isPartOf\":{\"@id\":\"https:\\\/\\\/www.encontracampobelo.com.br\\\/sobre\\\/#website\"},\"breadcrumb\":{\"@id\":\"https:\\\/\\\/www.encontracampobelo.com.br\\\/sobre\\\/governo-de-sp-tem-agenda-movimentada-nesta-quarta-com-haddad-no-interior-e-tarcisio-em-compromissos-na-capital-paulista\\\/#breadcrumblist\"},\"author\":{\"@id\":\"https:\\\/\\\/www.encontracampobelo.com.br\\\/sobre\\\/author\\\/ecampobelo\\\/#author\"},\"creator\":{\"@id\":\"https:\\\/\\\/www.encontracampobelo.com.br\\\/sobre\\\/author\\\/ecampobelo\\\/#author\"},\"image\":{\"@type\":\"ImageObject\",\"url\":\"https:\\\/\\\/www.encontracampobelo.com.br\\\/sobre\\\/wp-content\\\/uploads\\\/2026\\\/08\\\/governo-de-sp-tem-agenda-movimentada-nesta-quarta-com-haddad-no-interior-e-tarcisio-em-compromissos-.webp\",\"@id\":\"https:\\\/\\\/www.encontracampobelo.com.br\\\/sobre\\\/governo-de-sp-tem-agenda-movimentada-nesta-quarta-com-haddad-no-interior-e-tarcisio-em-compromissos-na-capital-paulista\\\/#mainImage\",\"width\":280,\"height\":280,\"caption\":\"agenda pol\\u00edtica\"},\"primaryImageOfPage\":{\"@id\":\"https:\\\/\\\/www.encontracampobelo.com.br\\\/sobre\\\/governo-de-sp-tem-agenda-movimentada-nesta-quarta-com-haddad-no-interior-e-tarcisio-em-compromissos-na-capital-paulista\\\/#mainImage\"},\"datePublished\":\"2026-08-27T23:22:42-02:00\",\"dateModified\":\"2026-08-27T23:22:42-02:00\"},{\"@type\":\"WebSite\",\"@id\":\"https:\\\/\\\/www.encontracampobelo.com.br\\\/sobre\\\/#website\",\"url\":\"https:\\\/\\\/www.encontracampobelo.com.br\\\/sobre\\\/\",\"name\":\"Encontra  Campo Belo\",\"description\":\"Not\\u00edcias, eventos, informa\\u00e7\\u00f5es e dicas no bairro do Campo Belo e regi\\u00e3o.\",\"inLanguage\":\"pt-BR\",\"publisher\":{\"@id\":\"https:\\\/\\\/www.encontracampobelo.com.br\\\/sobre\\\/#organization\"}}]}\n\t\t<\/script>\n\t\t<!-- All in One SEO -->\n\n","aioseo_head_json":{"title":"Governo de SP tem agenda movimentada nesta quarta com Haddad no interior e Tarc\u00edsio em compromissos na capital paulista | Encontra Campo Belo","description":"Agenda pol\u00edtica de SP destaca atividades de Haddad e Tarc\u00edsio hoje.","canonical_url":"https:\/\/www.encontracampobelo.com.br\/sobre\/governo-de-sp-tem-agenda-movimentada-nesta-quarta-com-haddad-no-interior-e-tarcisio-em-compromissos-na-capital-paulista\/","robots":"max-image-preview:large","keywords":"","webmasterTools":{"miscellaneous":""},"schema":{"@context":"https:\/\/schema.org","@graph":[{"@type":"Article","@id":"https:\/\/www.encontracampobelo.com.br\/sobre\/governo-de-sp-tem-agenda-movimentada-nesta-quarta-com-haddad-no-interior-e-tarcisio-em-compromissos-na-capital-paulista\/#article","name":"Governo de SP tem agenda movimentada nesta quarta com Haddad no interior e Tarc\u00edsio em compromissos na capital paulista | Encontra Campo Belo","headline":"Governo de SP tem agenda movimentada nesta quarta com Haddad no interior e Tarc\u00edsio em compromissos na capital paulista","author":{"@id":"https:\/\/www.encontracampobelo.com.br\/sobre\/author\/ecampobelo\/#author"},"publisher":{"@id":"https:\/\/www.encontracampobelo.com.br\/sobre\/#organization"},"image":{"@type":"ImageObject","url":"https:\/\/www.encontracampobelo.com.br\/sobre\/wp-content\/uploads\/2026\/08\/governo-de-sp-tem-agenda-movimentada-nesta-quarta-com-haddad-no-interior-e-tarcisio-em-compromissos-.webp","width":280,"height":280,"caption":"agenda pol\u00edtica"},"datePublished":"2026-08-27T23:22:42-02:00","dateModified":"2026-08-27T23:22:42-02:00","inLanguage":"pt-BR","mainEntityOfPage":{"@id":"https:\/\/www.encontracampobelo.com.br\/sobre\/governo-de-sp-tem-agenda-movimentada-nesta-quarta-com-haddad-no-interior-e-tarcisio-em-compromissos-na-capital-paulista\/#webpage"},"isPartOf":{"@id":"https:\/\/www.encontracampobelo.com.br\/sobre\/governo-de-sp-tem-agenda-movimentada-nesta-quarta-com-haddad-no-interior-e-tarcisio-em-compromissos-na-capital-paulista\/#webpage"},"articleSection":"Not\u00edcias Campo Belo"},{"@type":"BreadcrumbList","@id":"https:\/\/www.encontracampobelo.com.br\/sobre\/governo-de-sp-tem-agenda-movimentada-nesta-quarta-com-haddad-no-interior-e-tarcisio-em-compromissos-na-capital-paulista\/#breadcrumblist","itemListElement":[{"@type":"ListItem","@id":"https:\/\/www.encontracampobelo.com.br\/sobre#listItem","position":1,"name":"In\u00edcio","item":"https:\/\/www.encontracampobelo.com.br\/sobre","nextItem":{"@type":"ListItem","@id":"https:\/\/www.encontracampobelo.com.br\/sobre\/noticias-no-campo-belo\/#listItem","name":"Not\u00edcias Campo Belo"}},{"@type":"ListItem","@id":"https:\/\/www.encontracampobelo.com.br\/sobre\/noticias-no-campo-belo\/#listItem","position":2,"name":"Not\u00edcias Campo Belo","item":"https:\/\/www.encontracampobelo.com.br\/sobre\/noticias-no-campo-belo\/","nextItem":{"@type":"ListItem","@id":"https:\/\/www.encontracampobelo.com.br\/sobre\/governo-de-sp-tem-agenda-movimentada-nesta-quarta-com-haddad-no-interior-e-tarcisio-em-compromissos-na-capital-paulista\/#listItem","name":"Governo de SP tem agenda movimentada nesta quarta com Haddad no interior e Tarc\u00edsio em compromissos na capital paulista"},"previousItem":{"@type":"ListItem","@id":"https:\/\/www.encontracampobelo.com.br\/sobre#listItem","name":"In\u00edcio"}},{"@type":"ListItem","@id":"https:\/\/www.encontracampobelo.com.br\/sobre\/governo-de-sp-tem-agenda-movimentada-nesta-quarta-com-haddad-no-interior-e-tarcisio-em-compromissos-na-capital-paulista\/#listItem","position":3,"name":"Governo de SP tem agenda movimentada nesta quarta com Haddad no interior e Tarc\u00edsio em compromissos na capital paulista","previousItem":{"@type":"ListItem","@id":"https:\/\/www.encontracampobelo.com.br\/sobre\/noticias-no-campo-belo\/#listItem","name":"Not\u00edcias Campo Belo"}}]},{"@type":"Organization","@id":"https:\/\/www.encontracampobelo.com.br\/sobre\/#organization","name":"Encontra  Campo Belo","description":"Not\u00edcias, eventos, informa\u00e7\u00f5es e dicas no bairro do Campo Belo e regi\u00e3o.","url":"https:\/\/www.encontracampobelo.com.br\/sobre\/"},{"@type":"Person","@id":"https:\/\/www.encontracampobelo.com.br\/sobre\/author\/ecampobelo\/#author","url":"https:\/\/www.encontracampobelo.com.br\/sobre\/author\/ecampobelo\/","name":"Encontra Campo Belo","image":{"@type":"ImageObject","@id":"https:\/\/www.encontracampobelo.com.br\/sobre\/governo-de-sp-tem-agenda-movimentada-nesta-quarta-com-haddad-no-interior-e-tarcisio-em-compromissos-na-capital-paulista\/#authorImage","url":"https:\/\/secure.gravatar.com\/avatar\/507340682b8270222e1f208e23198b6ae7e2c6a1033ae84e99bc6bce4f82a387?s=96&d=mm&r=g","width":96,"height":96,"caption":"Encontra Campo Belo"}},{"@type":"WebPage","@id":"https:\/\/www.encontracampobelo.com.br\/sobre\/governo-de-sp-tem-agenda-movimentada-nesta-quarta-com-haddad-no-interior-e-tarcisio-em-compromissos-na-capital-paulista\/#webpage","url":"https:\/\/www.encontracampobelo.com.br\/sobre\/governo-de-sp-tem-agenda-movimentada-nesta-quarta-com-haddad-no-interior-e-tarcisio-em-compromissos-na-capital-paulista\/","name":"Governo de SP tem agenda movimentada nesta quarta com Haddad no interior e Tarc\u00edsio em compromissos na capital paulista | Encontra Campo Belo","description":"Agenda pol\u00edtica de SP destaca atividades de Haddad e Tarc\u00edsio hoje.","inLanguage":"pt-BR","isPartOf":{"@id":"https:\/\/www.encontracampobelo.com.br\/sobre\/#website"},"breadcrumb":{"@id":"https:\/\/www.encontracampobelo.com.br\/sobre\/governo-de-sp-tem-agenda-movimentada-nesta-quarta-com-haddad-no-interior-e-tarcisio-em-compromissos-na-capital-paulista\/#breadcrumblist"},"author":{"@id":"https:\/\/www.encontracampobelo.com.br\/sobre\/author\/ecampobelo\/#author"},"creator":{"@id":"https:\/\/www.encontracampobelo.com.br\/sobre\/author\/ecampobelo\/#author"},"image":{"@type":"ImageObject","url":"https:\/\/www.encontracampobelo.com.br\/sobre\/wp-content\/uploads\/2026\/08\/governo-de-sp-tem-agenda-movimentada-nesta-quarta-com-haddad-no-interior-e-tarcisio-em-compromissos-.webp","@id":"https:\/\/www.encontracampobelo.com.br\/sobre\/governo-de-sp-tem-agenda-movimentada-nesta-quarta-com-haddad-no-interior-e-tarcisio-em-compromissos-na-capital-paulista\/#mainImage","width":280,"height":280,"caption":"agenda pol\u00edtica"},"primaryImageOfPage":{"@id":"https:\/\/www.encontracampobelo.com.br\/sobre\/governo-de-sp-tem-agenda-movimentada-nesta-quarta-com-haddad-no-interior-e-tarcisio-em-compromissos-na-capital-paulista\/#mainImage"},"datePublished":"2026-08-27T23:22:42-02:00","dateModified":"2026-08-27T23:22:42-02:00"},{"@type":"WebSite","@id":"https:\/\/www.encontracampobelo.com.br\/sobre\/#website","url":"https:\/\/www.encontracampobelo.com.br\/sobre\/","name":"Encontra  Campo Belo","description":"Not\u00edcias, eventos, informa\u00e7\u00f5es e dicas no bairro do Campo Belo e regi\u00e3o.","inLanguage":"pt-BR","publisher":{"@id":"https:\/\/www.encontracampobelo.com.br\/sobre\/#organization"}}]},"og:locale":"pt_BR","og:site_name":"Encontra  Campo Belo | Not\u00edcias, eventos, informa\u00e7\u00f5es e dicas no bairro do Campo Belo e regi\u00e3o.","og:type":"article","og:title":"Governo de SP tem agenda movimentada nesta quarta com Haddad no interior e Tarc\u00edsio em compromissos na capital paulista | Encontra Campo Belo","og:description":"Agenda pol\u00edtica de SP destaca atividades de Haddad e Tarc\u00edsio hoje.","og:url":"https:\/\/www.encontracampobelo.com.br\/sobre\/governo-de-sp-tem-agenda-movimentada-nesta-quarta-com-haddad-no-interior-e-tarcisio-em-compromissos-na-capital-paulista\/","article:published_time":"2026-08-28T01:22:42+00:00","article:modified_time":"2026-08-28T01:22:42+00:00","twitter:card":"summary_large_image","twitter:title":"Governo de SP tem agenda movimentada nesta quarta com Haddad no interior e Tarc\u00edsio em compromissos na capital paulista | Encontra Campo Belo","twitter:description":"Agenda pol\u00edtica de SP destaca atividades de Haddad e Tarc\u00edsio hoje."},"aioseo_meta_data":{"post_id":"2540","title":null,"description":null,"keywords":null,"keyphrases":null,"primary_term":null,"canonical_url":null,"og_title":null,"og_description":null,"og_object_type":"default","og_image_type":"default","og_image_url":null,"og_image_width":null,"og_image_height":null,"og_image_custom_url":null,"og_image_custom_fields":null,"og_video":null,"og_custom_url":null,"og_article_section":null,"og_article_tags":null,"twitter_use_og":false,"twitter_card":"default","twitter_image_type":"default","twitter_image_url":null,"twitter_image_custom_url":null,"twitter_image_custom_fields":null,"twitter_title":null,"twitter_description":null,"schema":{"blockGraphs":[],"customGraphs":[],"default":{"data":{"Article":[],"Course":[],"Dataset":[],"FAQPage":[],"Movie":[],"Person":[],"Product":[],"ProductReview":[],"Car":[],"Recipe":[],"Service":[],"SoftwareApplication":[],"WebPage":[]},"graphName":"Article","isEnabled":true},"graphs":[]},"schema_type":"default","schema_type_options":null,"pillar_content":false,"robots_default":true,"robots_noindex":false,"robots_noarchive":false,"robots_nosnippet":false,"robots_nofollow":false,"robots_noimageindex":false,"robots_noodp":false,"robots_notranslate":false,"robots_max_snippet":null,"robots_max_videopreview":null,"robots_max_imagepreview":"large","priority":null,"frequency":null,"local_seo":null,"breadcrumb_settings":null,"limit_modified_date":false,"ai":null,"created":"2026-08-28 01:22:42","updated":"2026-08-28 02:13:29","focus_keyword":null,"additional_keywords":null,"truseo_locale":null,"seo_analyzer_scan_date":null},"aioseo_breadcrumb":"<div class=\"aioseo-breadcrumbs\"><span class=\"aioseo-breadcrumb\">\n\t\t\t<a href=\"https:\/\/www.encontracampobelo.com.br\/sobre\" title=\"In\u00edcio\">In\u00edcio<\/a>\n\t\t<\/span><span class=\"aioseo-breadcrumb-separator\">&raquo;<\/span><span class=\"aioseo-breadcrumb\">\n\t\t\t<a href=\"https:\/\/www.encontracampobelo.com.br\/sobre\/noticias-no-campo-belo\/\" title=\"Not\u00edcias Campo Belo\">Not\u00edcias Campo Belo<\/a>\n\t\t<\/span><span class=\"aioseo-breadcrumb-separator\">&raquo;<\/span><span class=\"aioseo-breadcrumb\">\n\t\t\tGoverno de SP tem agenda movimentada nesta quarta com Haddad no interior e Tarc\u00edsio em compromissos na capital paulista\n\t\t<\/span><\/div>","aioseo_breadcrumb_json":[{"label":"In\u00edcio","link":"https:\/\/www.encontracampobelo.com.br\/sobre"},{"label":"Not\u00edcias Campo Belo","link":"https:\/\/www.encontracampobelo.com.br\/sobre\/noticias-no-campo-belo\/"},{"label":"Governo de SP tem agenda movimentada nesta quarta com Haddad no interior e Tarc\u00edsio em compromissos na capital paulista","link":"https:\/\/www.encontracampobelo.com.br\/sobre\/governo-de-sp-tem-agenda-movimentada-nesta-quarta-com-haddad-no-interior-e-tarcisio-em-compromissos-na-capital-paulista\/"}],"_links":{"self":[{"href":"https:\/\/www.encontracampobelo.com.br\/sobre\/wp-json\/wp\/v2\/posts\/2540","targetHints":{"allow":["GET"]}}],"collection":[{"href":"https:\/\/www.encontracampobelo.com.br\/sobre\/wp-json\/wp\/v2\/posts"}],"about":[{"href":"https:\/\/www.encontracampobelo.com.br\/sobre\/wp-json\/wp\/v2\/types\/post"}],"author":[{"embeddable":true,"href":"https:\/\/www.encontracampobelo.com.br\/sobre\/wp-json\/wp\/v2\/users\/1"}],"replies":[{"embeddable":true,"href":"https:\/\/www.encontracampobelo.com.br\/sobre\/wp-json\/wp\/v2\/comments?post=2540"}],"version-history":[{"count":0,"href":"https:\/\/www.encontracampobelo.com.br\/sobre\/wp-json\/wp\/v2\/posts\/2540\/revisions"}],"wp:featuredmedia":[{"embeddable":true,"href":"https:\/\/www.encontracampobelo.com.br\/sobre\/wp-json\/wp\/v2\/media\/2539"}],"wp:attachment":[{"href":"https:\/\/www.encontracampobelo.com.br\/sobre\/wp-json\/wp\/v2\/media?parent=2540"}],"wp:term":[{"taxonomy":"category","embeddable":true,"href":"https:\/\/www.encontracampobelo.com.br\/sobre\/wp-json\/wp\/v2\/categories?post=2540"},{"taxonomy":"post_tag","embeddable":true,"href":"https:\/\/www.encontracampobelo.com.br\/sobre\/wp-json\/wp\/v2\/tags?post=2540"}],"curies":[{"name":"wp","href":"https:\/\/api.w.org\/{rel}","templated":true}]}}