{"id":2542,"date":"2026-08-28T09:19:43","date_gmt":"2026-08-28T11:19:43","guid":{"rendered":"https:\/\/www.encontracampobelo.com.br\/sobre\/beneficiarios-do-programa-operacao-trabalho-expoem-producoes-artesanais-em-feira-no-centro-cultural-sao-paulo\/"},"modified":"2026-08-28T09:19:43","modified_gmt":"2026-08-28T11:19:43","slug":"beneficiarios-do-programa-operacao-trabalho-expoem-producoes-artesanais-em-feira-no-centro-cultural-sao-paulo","status":"publish","type":"post","link":"https:\/\/www.encontracampobelo.com.br\/sobre\/beneficiarios-do-programa-operacao-trabalho-expoem-producoes-artesanais-em-feira-no-centro-cultural-sao-paulo\/","title":{"rendered":"Benefici\u00e1rios do Programa Opera\u00e7\u00e3o Trabalho exp\u00f5em produ\u00e7\u00f5es artesanais em feira no Centro Cultural S\u00e3o Paulo"},"content":{"rendered":"<div class=\"1cfda93c6640a8762b4fe319eb685dc5\" data-index=\"1\" style=\"float: none; margin:0px;\">\n<!-- Anuncio display - global -->\r\n<ins class=\"adsbygoogle\"\r\n     style=\"display:block\"\r\n     data-ad-client=\"ca-pub-8585364105181520\"\r\n     data-ad-slot=\"8789329856\"\r\n     data-ad-format=\"auto\"\r\n     data-full-width-responsive=\"true\"><\/ins>\r\n<script>\r\n     (adsbygoogle = window.adsbygoogle || []).push({});\r\n<\/script>\n<\/div>\n<h2>O que \u00e9 o Programa Opera\u00e7\u00e3o Trabalho?<\/h2>\n<p>O Programa Opera\u00e7\u00e3o Trabalho (POT) da Prefeitura de S\u00e3o Paulo \u00e9 uma a\u00e7\u00e3o destinada a apoiar pessoas em situa\u00e7\u00e3o de vulnerabilidade social, com o objetivo de capacit\u00e1-las e incentiv\u00e1-las a buscar formas de ocupa\u00e7\u00e3o. Atrav\u00e9s desse programa, indiv\u00edduos que enfrentam dificuldades s\u00e3o orientados e apoiados a reingressar no mercado de trabalho, desenvolvendo habilidades e compet\u00eancias necess\u00e1rias para sua reinclus\u00e3o social e profissional.<\/p>\n<h2>Como a Feira de Inclus\u00e3o Produtiva Funciona?<\/h2>\n<p>As Feiras de Inclus\u00e3o Produtiva s\u00e3o um espa\u00e7o fundamental para a exposi\u00e7\u00e3o e comercializa\u00e7\u00e3o dos produtos criados pelos benefici\u00e1rios do POT. Durante esses eventos, os participantes t\u00eam a oportunidade de mostrar suas cria\u00e7\u00f5es e, ao mesmo tempo, gerar uma fonte de renda. As feiras s\u00e3o organizadas em diversos locais, oferecendo uma vitrine para artesanato e guloseimas elaboradas durante as capacita\u00e7\u00f5es realizadas nos Centros POT. Essa intera\u00e7\u00e3o direta com o p\u00fablico n\u00e3o apenas promove a venda, mas tamb\u00e9m fortalece o sentimento de pertencimento e autoestima entre os benefici\u00e1rios.<\/p>\n<h2>O Impacto das Feiras na Vida dos Benefici\u00e1rios<\/h2>\n<p>Participar das Feiras de Inclus\u00e3o Produtiva traz benef\u00edcios significativos para os envolvidos. Os benefici\u00e1rios n\u00e3o apenas conseguem vender seus produtos, mas tamb\u00e9m recebem feedback do p\u00fablico, o que contribui para um aprimoramento cont\u00ednuo de suas habilidades. Al\u00e9m disso, a experi\u00eancia de estar em contato com os clientes potencializa suas habilidades de negocia\u00e7\u00e3o e comunica\u00e7\u00e3o, aspectos essenciais para sua futura reinser\u00e7\u00e3o no mercado de trabalho. Esses eventos tamb\u00e9m ajudam a criar uma rede de apoio e solidariedade entre os participantes, promovendo um ambiente de incentivo m\u00fatuo.<\/p>\n<p><img decoding=\"async\" src=\"https:\/\/www.encontracampobelo.com.br\/sobre\/wp-content\/uploads\/2026\/08\/beneficiarios-do-programa-operacao-trabalho-expoem-producoes-artesanais-em-feira-no-centro-cultural-.webp\" alt=\"Benefici\u00e1rios do Programa Opera\u00e7\u00e3o Trabalho\" loading=\"lazy\" \/><\/p>\n<h2>Capacita\u00e7\u00e3o e Supera\u00e7\u00e3o: Hist\u00f3rias de Sucesso<\/h2>\n<p>O Programa Opera\u00e7\u00e3o Trabalho \u00e9 repleto de hist\u00f3rias inspiradoras de supera\u00e7\u00e3o. Muitos benefici\u00e1rios que ingressaram no programa enfrentavam desafios consider\u00e1veis, como o desemprego prolongado e a depend\u00eancia de subst\u00e2ncias. Atrav\u00e9s das capacita\u00e7\u00f5es oferecidas, muitos descobriram habilidades que n\u00e3o imaginavam possuir e conseguiram transformar suas vidas. Por exemplo, h\u00e1 relatos de pessoas que, ap\u00f3s participar das feiras, conseguiram abrir seus pr\u00f3prios neg\u00f3cios ou foram contratadas por empresas da regi\u00e3o, tudo isso gra\u00e7as ao conhecimento adquirido e \u00e0 confian\u00e7a que desenvolveram durante o programa.<\/p>\n<h2>A Import\u00e2ncia do Centro Cultural S\u00e3o Paulo<\/h2>\n<p>O Centro Cultural S\u00e3o Paulo (CCSP) desempenha um papel crucial na realiza\u00e7\u00e3o das Feiras de Inclus\u00e3o Produtiva. Este espa\u00e7o n\u00e3o s\u00f3 proporciona uma infraestrutura adequada para os eventos, mas tamb\u00e9m se torna um ponto de converg\u00eancia para a cultura e a criatividade. Ao sediar as feiras, o CCSP colabora para a visibilidade da produ\u00e7\u00e3o artesanal e das iniciativas de inclus\u00e3o social, fortalecendo o v\u00ednculo entre a cultura e o trabalho. Al\u00e9m disso, o centro promove um ambiente acolhedor que estimula a troca de experi\u00eancias entre os participantes e o p\u00fablico.<\/p>\n<h2>Data e Local do Evento<\/h2>\n<p>As pr\u00f3ximas Feiras de Inclus\u00e3o Produtiva est\u00e3o programadas para os dias 28 e 29 de agosto no Centro Cultural S\u00e3o Paulo, localizado na Rua Vergueiro, 1.000, no bairro da Liberdade. Neste evento, o p\u00fablico poder\u00e1 conhecer e adquirir uma variedade de artesanatos e guloseimas produzidos pelos participantes dos Centros POT. Enquanto isso, no dia 4 de setembro, o Centro Cultural Penha, localizado no Largo do Ros\u00e1rio, 20, tamb\u00e9m receber\u00e1 uma feira semelhante, ampliando as oportunidades de exposi\u00e7\u00e3o e venda dos produtos.<\/p>\n<h2>O Papel da Prefeitura na Inclus\u00e3o Social<\/h2>\n<p>A Prefeitura de S\u00e3o Paulo, por meio do POT, demonstra um compromisso firme com a inclus\u00e3o social. Ao investir em programas que visam promover a autonomia e o desenvolvimento pessoal, a administra\u00e7\u00e3o municipal n\u00e3o apenas enfrenta quest\u00f5es de vulnerabilidade, mas tamb\u00e9m contribui para a constru\u00e7\u00e3o de uma sociedade mais igualit\u00e1ria. O suporte oferecido aos benefici\u00e1rios vai al\u00e9m da capacita\u00e7\u00e3o, abrangendo acompanhamento psicol\u00f3gico e social, favorecendo uma reintegra\u00e7\u00e3o mais eficaz e duradoura.<\/p>\n<h2>O que Esperar da Feira?<\/h2>\n<p>Os visitantes das Feiras de Inclus\u00e3o Produtiva podem esperar uma experi\u00eancia rica e diversificada. Al\u00e9m de conhecer produtos exclusivos feitos \u00e0 m\u00e3o, ter\u00e3o a oportunidade de interagir diretamente com os criadores e ouvir suas hist\u00f3rias de luta e supera\u00e7\u00e3o. As feiras oferecem uma plataforma que valoriza a produ\u00e7\u00e3o artesanal local, refor\u00e7ando a import\u00e2ncia do consumo consciente. Espera-se que cada visitante saia n\u00e3o apenas com uma lembran\u00e7a f\u00edsica, mas tamb\u00e9m com uma nova compreens\u00e3o sobre a luta por dignidade e oportunidade que os benefici\u00e1rios do programa enfrentam.<\/p>\n<h2>Como Participar Como Visitante?<\/h2>\n<p>Participar como visitante das Feiras de Inclus\u00e3o Produtiva \u00e9 uma forma simples e significativa de apoiar a economia local. Para isso, basta comparecer aos eventos nos dias e locais indicados, onde estar\u00e3o dispon\u00edveis os produtos feitos pelos benefici\u00e1rios. Cada compra realizada representa uma contribui\u00e7\u00e3o direta para o sustento de pessoas que est\u00e3o em processo de reintegra\u00e7\u00e3o social e profissional. Al\u00e9m disso, a participa\u00e7\u00e3o ativa do p\u00fablico \u00e9 crucial para o fortalecimento da rede de apoio que envolve o Programa Opera\u00e7\u00e3o Trabalho.<\/p>\n<h2>Futuras Oportunidades para os Benefici\u00e1rios<\/h2>\n<p>O Programa Opera\u00e7\u00e3o Trabalho busca n\u00e3o apenas gerar empregos tempor\u00e1rios, mas tamb\u00e9m criar um ciclo sustent\u00e1vel para os benefici\u00e1rios. Com o t\u00e9rmino das feiras, o programa continua a oferecer novas oportunidades de capacita\u00e7\u00e3o e reintegra\u00e7\u00e3o. Por meio do desenvolvimento de habilidades e do fomento ao empreendedorismo, os participantes s\u00e3o incentivados a explorar novas possibilidades de trabalho, aumentando suas chances de um futuro mais promissor. A continuidade desse suporte \u00e9 essencial para garantir que a supera\u00e7\u00e3o se torne uma realidade duradoura na vida dos benefici\u00e1rios.<\/p>\n\n<div style=\"font-size: 0px; height: 0px; line-height: 0px; margin: 0; padding: 0; clear: both;\"><\/div>","protected":false},"excerpt":{"rendered":"<p>Veja como os benefici\u00e1rios do Programa Opera\u00e7\u00e3o Trabalho apresentam suas produ\u00e7\u00f5es artesanais em feira especial.<\/p>\n","protected":false},"author":1,"featured_media":2541,"comment_status":"open","ping_status":"closed","sticky":false,"template":"","format":"standard","meta":{"footnotes":""},"categories":[28],"tags":[],"class_list":["post-2542","post","type-post","status-publish","format-standard","has-post-thumbnail","hentry","category-cultura-no-campo-belo","has_thumb"],"aioseo_notices":[],"aioseo_head":"\n\t\t<!-- All in One SEO 5.0.0.1 - aioseo.com -->\n\t<meta name=\"description\" content=\"Veja como os benefici\u00e1rios do Programa Opera\u00e7\u00e3o Trabalho apresentam suas produ\u00e7\u00f5es artesanais em feira especial.\" \/>\n\t<meta name=\"robots\" content=\"max-image-preview:large\" \/>\n\t<meta name=\"author\" content=\"Encontra Campo Belo\"\/>\n\t<link rel=\"canonical\" href=\"https:\/\/www.encontracampobelo.com.br\/sobre\/beneficiarios-do-programa-operacao-trabalho-expoem-producoes-artesanais-em-feira-no-centro-cultural-sao-paulo\/\" \/>\n\t<meta name=\"generator\" content=\"All in One SEO (AIOSEO) 5.0.0.1\" \/>\n\t\t<meta property=\"og:locale\" content=\"pt_BR\" \/>\n\t\t<meta property=\"og:site_name\" content=\"Encontra  Campo Belo | Not\u00edcias, eventos, informa\u00e7\u00f5es e dicas no bairro do Campo Belo e regi\u00e3o.\" \/>\n\t\t<meta property=\"og:type\" content=\"article\" \/>\n\t\t<meta property=\"og:title\" content=\"Benefici\u00e1rios do Programa Opera\u00e7\u00e3o Trabalho exp\u00f5em produ\u00e7\u00f5es artesanais em feira no Centro Cultural S\u00e3o Paulo | Encontra Campo Belo\" \/>\n\t\t<meta property=\"og:description\" content=\"Veja como os benefici\u00e1rios do Programa Opera\u00e7\u00e3o Trabalho apresentam suas produ\u00e7\u00f5es artesanais em feira especial.\" \/>\n\t\t<meta property=\"og:url\" content=\"https:\/\/www.encontracampobelo.com.br\/sobre\/beneficiarios-do-programa-operacao-trabalho-expoem-producoes-artesanais-em-feira-no-centro-cultural-sao-paulo\/\" \/>\n\t\t<meta property=\"article:published_time\" content=\"2026-08-28T11:19:43+00:00\" \/>\n\t\t<meta property=\"article:modified_time\" content=\"2026-08-28T11:19:43+00:00\" \/>\n\t\t<meta name=\"twitter:card\" content=\"summary_large_image\" \/>\n\t\t<meta name=\"twitter:title\" content=\"Benefici\u00e1rios do Programa Opera\u00e7\u00e3o Trabalho exp\u00f5em produ\u00e7\u00f5es artesanais em feira no Centro Cultural S\u00e3o Paulo | Encontra Campo Belo\" \/>\n\t\t<meta name=\"twitter:description\" content=\"Veja como os benefici\u00e1rios do Programa Opera\u00e7\u00e3o Trabalho apresentam suas produ\u00e7\u00f5es artesanais em feira especial.\" \/>\n\t\t<script type=\"application\/ld+json\" class=\"aioseo-schema\">\n\t\t\t{\"@context\":\"https:\\\/\\\/schema.org\",\"@graph\":[{\"@type\":\"Article\",\"@id\":\"https:\\\/\\\/www.encontracampobelo.com.br\\\/sobre\\\/beneficiarios-do-programa-operacao-trabalho-expoem-producoes-artesanais-em-feira-no-centro-cultural-sao-paulo\\\/#article\",\"name\":\"Benefici\\u00e1rios do Programa Opera\\u00e7\\u00e3o Trabalho exp\\u00f5em produ\\u00e7\\u00f5es artesanais em feira no Centro Cultural S\\u00e3o Paulo | Encontra Campo Belo\",\"headline\":\"Benefici\\u00e1rios do Programa Opera\\u00e7\\u00e3o Trabalho exp\\u00f5em produ\\u00e7\\u00f5es artesanais em feira no Centro Cultural S\\u00e3o Paulo\",\"author\":{\"@id\":\"https:\\\/\\\/www.encontracampobelo.com.br\\\/sobre\\\/author\\\/ecampobelo\\\/#author\"},\"publisher\":{\"@id\":\"https:\\\/\\\/www.encontracampobelo.com.br\\\/sobre\\\/#organization\"},\"image\":{\"@type\":\"ImageObject\",\"url\":\"https:\\\/\\\/www.encontracampobelo.com.br\\\/sobre\\\/wp-content\\\/uploads\\\/2026\\\/08\\\/beneficiarios-do-programa-operacao-trabalho-expoem-producoes-artesanais-em-feira-no-centro-cultural-.webp\",\"width\":280,\"height\":280,\"caption\":\"Benefici\\u00e1rios do Programa Opera\\u00e7\\u00e3o Trabalho\"},\"datePublished\":\"2026-08-28T09:19:43-02:00\",\"dateModified\":\"2026-08-28T09:19:43-02:00\",\"inLanguage\":\"pt-BR\",\"mainEntityOfPage\":{\"@id\":\"https:\\\/\\\/www.encontracampobelo.com.br\\\/sobre\\\/beneficiarios-do-programa-operacao-trabalho-expoem-producoes-artesanais-em-feira-no-centro-cultural-sao-paulo\\\/#webpage\"},\"isPartOf\":{\"@id\":\"https:\\\/\\\/www.encontracampobelo.com.br\\\/sobre\\\/beneficiarios-do-programa-operacao-trabalho-expoem-producoes-artesanais-em-feira-no-centro-cultural-sao-paulo\\\/#webpage\"},\"articleSection\":\"Cultura Campo Belo\"},{\"@type\":\"BreadcrumbList\",\"@id\":\"https:\\\/\\\/www.encontracampobelo.com.br\\\/sobre\\\/beneficiarios-do-programa-operacao-trabalho-expoem-producoes-artesanais-em-feira-no-centro-cultural-sao-paulo\\\/#breadcrumblist\",\"itemListElement\":[{\"@type\":\"ListItem\",\"@id\":\"https:\\\/\\\/www.encontracampobelo.com.br\\\/sobre#listItem\",\"position\":1,\"name\":\"In\\u00edcio\",\"item\":\"https:\\\/\\\/www.encontracampobelo.com.br\\\/sobre\",\"nextItem\":{\"@type\":\"ListItem\",\"@id\":\"https:\\\/\\\/www.encontracampobelo.com.br\\\/sobre\\\/cultura-no-campo-belo\\\/#listItem\",\"name\":\"Cultura Campo Belo\"}},{\"@type\":\"ListItem\",\"@id\":\"https:\\\/\\\/www.encontracampobelo.com.br\\\/sobre\\\/cultura-no-campo-belo\\\/#listItem\",\"position\":2,\"name\":\"Cultura Campo Belo\",\"item\":\"https:\\\/\\\/www.encontracampobelo.com.br\\\/sobre\\\/cultura-no-campo-belo\\\/\",\"nextItem\":{\"@type\":\"ListItem\",\"@id\":\"https:\\\/\\\/www.encontracampobelo.com.br\\\/sobre\\\/beneficiarios-do-programa-operacao-trabalho-expoem-producoes-artesanais-em-feira-no-centro-cultural-sao-paulo\\\/#listItem\",\"name\":\"Benefici\\u00e1rios do Programa Opera\\u00e7\\u00e3o Trabalho exp\\u00f5em produ\\u00e7\\u00f5es artesanais em feira no Centro Cultural S\\u00e3o Paulo\"},\"previousItem\":{\"@type\":\"ListItem\",\"@id\":\"https:\\\/\\\/www.encontracampobelo.com.br\\\/sobre#listItem\",\"name\":\"In\\u00edcio\"}},{\"@type\":\"ListItem\",\"@id\":\"https:\\\/\\\/www.encontracampobelo.com.br\\\/sobre\\\/beneficiarios-do-programa-operacao-trabalho-expoem-producoes-artesanais-em-feira-no-centro-cultural-sao-paulo\\\/#listItem\",\"position\":3,\"name\":\"Benefici\\u00e1rios do Programa Opera\\u00e7\\u00e3o Trabalho exp\\u00f5em produ\\u00e7\\u00f5es artesanais em feira no Centro Cultural S\\u00e3o Paulo\",\"previousItem\":{\"@type\":\"ListItem\",\"@id\":\"https:\\\/\\\/www.encontracampobelo.com.br\\\/sobre\\\/cultura-no-campo-belo\\\/#listItem\",\"name\":\"Cultura Campo Belo\"}}]},{\"@type\":\"Organization\",\"@id\":\"https:\\\/\\\/www.encontracampobelo.com.br\\\/sobre\\\/#organization\",\"name\":\"Encontra  Campo Belo\",\"description\":\"Not\\u00edcias, eventos, informa\\u00e7\\u00f5es e dicas no bairro do Campo Belo e regi\\u00e3o.\",\"url\":\"https:\\\/\\\/www.encontracampobelo.com.br\\\/sobre\\\/\"},{\"@type\":\"Person\",\"@id\":\"https:\\\/\\\/www.encontracampobelo.com.br\\\/sobre\\\/author\\\/ecampobelo\\\/#author\",\"url\":\"https:\\\/\\\/www.encontracampobelo.com.br\\\/sobre\\\/author\\\/ecampobelo\\\/\",\"name\":\"Encontra Campo Belo\",\"image\":{\"@type\":\"ImageObject\",\"@id\":\"https:\\\/\\\/www.encontracampobelo.com.br\\\/sobre\\\/beneficiarios-do-programa-operacao-trabalho-expoem-producoes-artesanais-em-feira-no-centro-cultural-sao-paulo\\\/#authorImage\",\"url\":\"https:\\\/\\\/secure.gravatar.com\\\/avatar\\\/507340682b8270222e1f208e23198b6ae7e2c6a1033ae84e99bc6bce4f82a387?s=96&d=mm&r=g\",\"width\":96,\"height\":96,\"caption\":\"Encontra Campo Belo\"}},{\"@type\":\"WebPage\",\"@id\":\"https:\\\/\\\/www.encontracampobelo.com.br\\\/sobre\\\/beneficiarios-do-programa-operacao-trabalho-expoem-producoes-artesanais-em-feira-no-centro-cultural-sao-paulo\\\/#webpage\",\"url\":\"https:\\\/\\\/www.encontracampobelo.com.br\\\/sobre\\\/beneficiarios-do-programa-operacao-trabalho-expoem-producoes-artesanais-em-feira-no-centro-cultural-sao-paulo\\\/\",\"name\":\"Benefici\\u00e1rios do Programa Opera\\u00e7\\u00e3o Trabalho exp\\u00f5em produ\\u00e7\\u00f5es artesanais em feira no Centro Cultural S\\u00e3o Paulo | Encontra Campo Belo\",\"description\":\"Veja como os benefici\\u00e1rios do Programa Opera\\u00e7\\u00e3o Trabalho apresentam suas produ\\u00e7\\u00f5es artesanais em feira especial.\",\"inLanguage\":\"pt-BR\",\"isPartOf\":{\"@id\":\"https:\\\/\\\/www.encontracampobelo.com.br\\\/sobre\\\/#website\"},\"breadcrumb\":{\"@id\":\"https:\\\/\\\/www.encontracampobelo.com.br\\\/sobre\\\/beneficiarios-do-programa-operacao-trabalho-expoem-producoes-artesanais-em-feira-no-centro-cultural-sao-paulo\\\/#breadcrumblist\"},\"author\":{\"@id\":\"https:\\\/\\\/www.encontracampobelo.com.br\\\/sobre\\\/author\\\/ecampobelo\\\/#author\"},\"creator\":{\"@id\":\"https:\\\/\\\/www.encontracampobelo.com.br\\\/sobre\\\/author\\\/ecampobelo\\\/#author\"},\"image\":{\"@type\":\"ImageObject\",\"url\":\"https:\\\/\\\/www.encontracampobelo.com.br\\\/sobre\\\/wp-content\\\/uploads\\\/2026\\\/08\\\/beneficiarios-do-programa-operacao-trabalho-expoem-producoes-artesanais-em-feira-no-centro-cultural-.webp\",\"@id\":\"https:\\\/\\\/www.encontracampobelo.com.br\\\/sobre\\\/beneficiarios-do-programa-operacao-trabalho-expoem-producoes-artesanais-em-feira-no-centro-cultural-sao-paulo\\\/#mainImage\",\"width\":280,\"height\":280,\"caption\":\"Benefici\\u00e1rios do Programa Opera\\u00e7\\u00e3o Trabalho\"},\"primaryImageOfPage\":{\"@id\":\"https:\\\/\\\/www.encontracampobelo.com.br\\\/sobre\\\/beneficiarios-do-programa-operacao-trabalho-expoem-producoes-artesanais-em-feira-no-centro-cultural-sao-paulo\\\/#mainImage\"},\"datePublished\":\"2026-08-28T09:19:43-02:00\",\"dateModified\":\"2026-08-28T09:19:43-02:00\"},{\"@type\":\"WebSite\",\"@id\":\"https:\\\/\\\/www.encontracampobelo.com.br\\\/sobre\\\/#website\",\"url\":\"https:\\\/\\\/www.encontracampobelo.com.br\\\/sobre\\\/\",\"name\":\"Encontra  Campo Belo\",\"description\":\"Not\\u00edcias, eventos, informa\\u00e7\\u00f5es e dicas no bairro do Campo Belo e regi\\u00e3o.\",\"inLanguage\":\"pt-BR\",\"publisher\":{\"@id\":\"https:\\\/\\\/www.encontracampobelo.com.br\\\/sobre\\\/#organization\"}}]}\n\t\t<\/script>\n\t\t<!-- All in One SEO -->\n\n","aioseo_head_json":{"title":"Benefici\u00e1rios do Programa Opera\u00e7\u00e3o Trabalho exp\u00f5em produ\u00e7\u00f5es artesanais em feira no Centro Cultural S\u00e3o Paulo | Encontra Campo Belo","description":"Veja como os benefici\u00e1rios do Programa Opera\u00e7\u00e3o Trabalho apresentam suas produ\u00e7\u00f5es artesanais em feira especial.","canonical_url":"https:\/\/www.encontracampobelo.com.br\/sobre\/beneficiarios-do-programa-operacao-trabalho-expoem-producoes-artesanais-em-feira-no-centro-cultural-sao-paulo\/","robots":"max-image-preview:large","keywords":"","webmasterTools":{"miscellaneous":""},"schema":{"@context":"https:\/\/schema.org","@graph":[{"@type":"Article","@id":"https:\/\/www.encontracampobelo.com.br\/sobre\/beneficiarios-do-programa-operacao-trabalho-expoem-producoes-artesanais-em-feira-no-centro-cultural-sao-paulo\/#article","name":"Benefici\u00e1rios do Programa Opera\u00e7\u00e3o Trabalho exp\u00f5em produ\u00e7\u00f5es artesanais em feira no Centro Cultural S\u00e3o Paulo | Encontra Campo Belo","headline":"Benefici\u00e1rios do Programa Opera\u00e7\u00e3o Trabalho exp\u00f5em produ\u00e7\u00f5es artesanais em feira no Centro Cultural S\u00e3o Paulo","author":{"@id":"https:\/\/www.encontracampobelo.com.br\/sobre\/author\/ecampobelo\/#author"},"publisher":{"@id":"https:\/\/www.encontracampobelo.com.br\/sobre\/#organization"},"image":{"@type":"ImageObject","url":"https:\/\/www.encontracampobelo.com.br\/sobre\/wp-content\/uploads\/2026\/08\/beneficiarios-do-programa-operacao-trabalho-expoem-producoes-artesanais-em-feira-no-centro-cultural-.webp","width":280,"height":280,"caption":"Benefici\u00e1rios do Programa Opera\u00e7\u00e3o Trabalho"},"datePublished":"2026-08-28T09:19:43-02:00","dateModified":"2026-08-28T09:19:43-02:00","inLanguage":"pt-BR","mainEntityOfPage":{"@id":"https:\/\/www.encontracampobelo.com.br\/sobre\/beneficiarios-do-programa-operacao-trabalho-expoem-producoes-artesanais-em-feira-no-centro-cultural-sao-paulo\/#webpage"},"isPartOf":{"@id":"https:\/\/www.encontracampobelo.com.br\/sobre\/beneficiarios-do-programa-operacao-trabalho-expoem-producoes-artesanais-em-feira-no-centro-cultural-sao-paulo\/#webpage"},"articleSection":"Cultura Campo Belo"},{"@type":"BreadcrumbList","@id":"https:\/\/www.encontracampobelo.com.br\/sobre\/beneficiarios-do-programa-operacao-trabalho-expoem-producoes-artesanais-em-feira-no-centro-cultural-sao-paulo\/#breadcrumblist","itemListElement":[{"@type":"ListItem","@id":"https:\/\/www.encontracampobelo.com.br\/sobre#listItem","position":1,"name":"In\u00edcio","item":"https:\/\/www.encontracampobelo.com.br\/sobre","nextItem":{"@type":"ListItem","@id":"https:\/\/www.encontracampobelo.com.br\/sobre\/cultura-no-campo-belo\/#listItem","name":"Cultura Campo Belo"}},{"@type":"ListItem","@id":"https:\/\/www.encontracampobelo.com.br\/sobre\/cultura-no-campo-belo\/#listItem","position":2,"name":"Cultura Campo Belo","item":"https:\/\/www.encontracampobelo.com.br\/sobre\/cultura-no-campo-belo\/","nextItem":{"@type":"ListItem","@id":"https:\/\/www.encontracampobelo.com.br\/sobre\/beneficiarios-do-programa-operacao-trabalho-expoem-producoes-artesanais-em-feira-no-centro-cultural-sao-paulo\/#listItem","name":"Benefici\u00e1rios do Programa Opera\u00e7\u00e3o Trabalho exp\u00f5em produ\u00e7\u00f5es artesanais em feira no Centro Cultural S\u00e3o Paulo"},"previousItem":{"@type":"ListItem","@id":"https:\/\/www.encontracampobelo.com.br\/sobre#listItem","name":"In\u00edcio"}},{"@type":"ListItem","@id":"https:\/\/www.encontracampobelo.com.br\/sobre\/beneficiarios-do-programa-operacao-trabalho-expoem-producoes-artesanais-em-feira-no-centro-cultural-sao-paulo\/#listItem","position":3,"name":"Benefici\u00e1rios do Programa Opera\u00e7\u00e3o Trabalho exp\u00f5em produ\u00e7\u00f5es artesanais em feira no Centro Cultural S\u00e3o Paulo","previousItem":{"@type":"ListItem","@id":"https:\/\/www.encontracampobelo.com.br\/sobre\/cultura-no-campo-belo\/#listItem","name":"Cultura Campo Belo"}}]},{"@type":"Organization","@id":"https:\/\/www.encontracampobelo.com.br\/sobre\/#organization","name":"Encontra  Campo Belo","description":"Not\u00edcias, eventos, informa\u00e7\u00f5es e dicas no bairro do Campo Belo e regi\u00e3o.","url":"https:\/\/www.encontracampobelo.com.br\/sobre\/"},{"@type":"Person","@id":"https:\/\/www.encontracampobelo.com.br\/sobre\/author\/ecampobelo\/#author","url":"https:\/\/www.encontracampobelo.com.br\/sobre\/author\/ecampobelo\/","name":"Encontra Campo Belo","image":{"@type":"ImageObject","@id":"https:\/\/www.encontracampobelo.com.br\/sobre\/beneficiarios-do-programa-operacao-trabalho-expoem-producoes-artesanais-em-feira-no-centro-cultural-sao-paulo\/#authorImage","url":"https:\/\/secure.gravatar.com\/avatar\/507340682b8270222e1f208e23198b6ae7e2c6a1033ae84e99bc6bce4f82a387?s=96&d=mm&r=g","width":96,"height":96,"caption":"Encontra Campo Belo"}},{"@type":"WebPage","@id":"https:\/\/www.encontracampobelo.com.br\/sobre\/beneficiarios-do-programa-operacao-trabalho-expoem-producoes-artesanais-em-feira-no-centro-cultural-sao-paulo\/#webpage","url":"https:\/\/www.encontracampobelo.com.br\/sobre\/beneficiarios-do-programa-operacao-trabalho-expoem-producoes-artesanais-em-feira-no-centro-cultural-sao-paulo\/","name":"Benefici\u00e1rios do Programa Opera\u00e7\u00e3o Trabalho exp\u00f5em produ\u00e7\u00f5es artesanais em feira no Centro Cultural S\u00e3o Paulo | Encontra Campo Belo","description":"Veja como os benefici\u00e1rios do Programa Opera\u00e7\u00e3o Trabalho apresentam suas produ\u00e7\u00f5es artesanais em feira especial.","inLanguage":"pt-BR","isPartOf":{"@id":"https:\/\/www.encontracampobelo.com.br\/sobre\/#website"},"breadcrumb":{"@id":"https:\/\/www.encontracampobelo.com.br\/sobre\/beneficiarios-do-programa-operacao-trabalho-expoem-producoes-artesanais-em-feira-no-centro-cultural-sao-paulo\/#breadcrumblist"},"author":{"@id":"https:\/\/www.encontracampobelo.com.br\/sobre\/author\/ecampobelo\/#author"},"creator":{"@id":"https:\/\/www.encontracampobelo.com.br\/sobre\/author\/ecampobelo\/#author"},"image":{"@type":"ImageObject","url":"https:\/\/www.encontracampobelo.com.br\/sobre\/wp-content\/uploads\/2026\/08\/beneficiarios-do-programa-operacao-trabalho-expoem-producoes-artesanais-em-feira-no-centro-cultural-.webp","@id":"https:\/\/www.encontracampobelo.com.br\/sobre\/beneficiarios-do-programa-operacao-trabalho-expoem-producoes-artesanais-em-feira-no-centro-cultural-sao-paulo\/#mainImage","width":280,"height":280,"caption":"Benefici\u00e1rios do Programa Opera\u00e7\u00e3o Trabalho"},"primaryImageOfPage":{"@id":"https:\/\/www.encontracampobelo.com.br\/sobre\/beneficiarios-do-programa-operacao-trabalho-expoem-producoes-artesanais-em-feira-no-centro-cultural-sao-paulo\/#mainImage"},"datePublished":"2026-08-28T09:19:43-02:00","dateModified":"2026-08-28T09:19:43-02:00"},{"@type":"WebSite","@id":"https:\/\/www.encontracampobelo.com.br\/sobre\/#website","url":"https:\/\/www.encontracampobelo.com.br\/sobre\/","name":"Encontra  Campo Belo","description":"Not\u00edcias, eventos, informa\u00e7\u00f5es e dicas no bairro do Campo Belo e regi\u00e3o.","inLanguage":"pt-BR","publisher":{"@id":"https:\/\/www.encontracampobelo.com.br\/sobre\/#organization"}}]},"og:locale":"pt_BR","og:site_name":"Encontra  Campo Belo | Not\u00edcias, eventos, informa\u00e7\u00f5es e dicas no bairro do Campo Belo e regi\u00e3o.","og:type":"article","og:title":"Benefici\u00e1rios do Programa Opera\u00e7\u00e3o Trabalho exp\u00f5em produ\u00e7\u00f5es artesanais em feira no Centro Cultural S\u00e3o Paulo | Encontra Campo Belo","og:description":"Veja como os benefici\u00e1rios do Programa Opera\u00e7\u00e3o Trabalho apresentam suas produ\u00e7\u00f5es artesanais em feira especial.","og:url":"https:\/\/www.encontracampobelo.com.br\/sobre\/beneficiarios-do-programa-operacao-trabalho-expoem-producoes-artesanais-em-feira-no-centro-cultural-sao-paulo\/","article:published_time":"2026-08-28T11:19:43+00:00","article:modified_time":"2026-08-28T11:19:43+00:00","twitter:card":"summary_large_image","twitter:title":"Benefici\u00e1rios do Programa Opera\u00e7\u00e3o Trabalho exp\u00f5em produ\u00e7\u00f5es artesanais em feira no Centro Cultural S\u00e3o Paulo | Encontra Campo Belo","twitter:description":"Veja como os benefici\u00e1rios do Programa Opera\u00e7\u00e3o Trabalho apresentam suas produ\u00e7\u00f5es artesanais em feira especial."},"aioseo_meta_data":{"post_id":"2542","title":null,"description":null,"keywords":null,"keyphrases":null,"primary_term":null,"canonical_url":null,"og_title":null,"og_description":null,"og_object_type":"default","og_image_type":"default","og_image_url":null,"og_image_width":null,"og_image_height":null,"og_image_custom_url":null,"og_image_custom_fields":null,"og_video":null,"og_custom_url":null,"og_article_section":null,"og_article_tags":null,"twitter_use_og":false,"twitter_card":"default","twitter_image_type":"default","twitter_image_url":null,"twitter_image_custom_url":null,"twitter_image_custom_fields":null,"twitter_title":null,"twitter_description":null,"schema":{"blockGraphs":[],"customGraphs":[],"default":{"data":{"Article":[],"Course":[],"Dataset":[],"FAQPage":[],"Movie":[],"Person":[],"Product":[],"ProductReview":[],"Car":[],"Recipe":[],"Service":[],"SoftwareApplication":[],"WebPage":[]},"graphName":"Article","isEnabled":true},"graphs":[]},"schema_type":"default","schema_type_options":null,"pillar_content":false,"robots_default":true,"robots_noindex":false,"robots_noarchive":false,"robots_nosnippet":false,"robots_nofollow":false,"robots_noimageindex":false,"robots_noodp":false,"robots_notranslate":false,"robots_max_snippet":null,"robots_max_videopreview":null,"robots_max_imagepreview":"large","priority":null,"frequency":null,"local_seo":null,"breadcrumb_settings":null,"limit_modified_date":false,"ai":null,"created":"2026-08-28 11:19:45","updated":"2026-08-28 11:59:25","focus_keyword":null,"additional_keywords":null,"truseo_locale":null,"seo_analyzer_scan_date":null},"aioseo_breadcrumb":"<div class=\"aioseo-breadcrumbs\"><span class=\"aioseo-breadcrumb\">\n\t\t\t<a href=\"https:\/\/www.encontracampobelo.com.br\/sobre\" title=\"In\u00edcio\">In\u00edcio<\/a>\n\t\t<\/span><span class=\"aioseo-breadcrumb-separator\">&raquo;<\/span><span class=\"aioseo-breadcrumb\">\n\t\t\t<a href=\"https:\/\/www.encontracampobelo.com.br\/sobre\/cultura-no-campo-belo\/\" title=\"Cultura Campo Belo\">Cultura Campo Belo<\/a>\n\t\t<\/span><span class=\"aioseo-breadcrumb-separator\">&raquo;<\/span><span class=\"aioseo-breadcrumb\">\n\t\t\tBenefici\u00e1rios do Programa Opera\u00e7\u00e3o Trabalho exp\u00f5em produ\u00e7\u00f5es artesanais em feira no Centro Cultural S\u00e3o Paulo\n\t\t<\/span><\/div>","aioseo_breadcrumb_json":[{"label":"In\u00edcio","link":"https:\/\/www.encontracampobelo.com.br\/sobre"},{"label":"Cultura Campo Belo","link":"https:\/\/www.encontracampobelo.com.br\/sobre\/cultura-no-campo-belo\/"},{"label":"Benefici\u00e1rios do Programa Opera\u00e7\u00e3o Trabalho exp\u00f5em produ\u00e7\u00f5es artesanais em feira no Centro Cultural S\u00e3o Paulo","link":"https:\/\/www.encontracampobelo.com.br\/sobre\/beneficiarios-do-programa-operacao-trabalho-expoem-producoes-artesanais-em-feira-no-centro-cultural-sao-paulo\/"}],"_links":{"self":[{"href":"https:\/\/www.encontracampobelo.com.br\/sobre\/wp-json\/wp\/v2\/posts\/2542","targetHints":{"allow":["GET"]}}],"collection":[{"href":"https:\/\/www.encontracampobelo.com.br\/sobre\/wp-json\/wp\/v2\/posts"}],"about":[{"href":"https:\/\/www.encontracampobelo.com.br\/sobre\/wp-json\/wp\/v2\/types\/post"}],"author":[{"embeddable":true,"href":"https:\/\/www.encontracampobelo.com.br\/sobre\/wp-json\/wp\/v2\/users\/1"}],"replies":[{"embeddable":true,"href":"https:\/\/www.encontracampobelo.com.br\/sobre\/wp-json\/wp\/v2\/comments?post=2542"}],"version-history":[{"count":0,"href":"https:\/\/www.encontracampobelo.com.br\/sobre\/wp-json\/wp\/v2\/posts\/2542\/revisions"}],"wp:featuredmedia":[{"embeddable":true,"href":"https:\/\/www.encontracampobelo.com.br\/sobre\/wp-json\/wp\/v2\/media\/2541"}],"wp:attachment":[{"href":"https:\/\/www.encontracampobelo.com.br\/sobre\/wp-json\/wp\/v2\/media?parent=2542"}],"wp:term":[{"taxonomy":"category","embeddable":true,"href":"https:\/\/www.encontracampobelo.com.br\/sobre\/wp-json\/wp\/v2\/categories?post=2542"},{"taxonomy":"post_tag","embeddable":true,"href":"https:\/\/www.encontracampobelo.com.br\/sobre\/wp-json\/wp\/v2\/tags?post=2542"}],"curies":[{"name":"wp","href":"https:\/\/api.w.org\/{rel}","templated":true}]}}