{"id":2546,"date":"2026-08-28T09:21:54","date_gmt":"2026-08-28T11:21:54","guid":{"rendered":"https:\/\/www.encontracampobelo.com.br\/sobre\/veja-quem-sao-os-11-vereadores-de-campinas-candidatos-nas-eleicoes-2026\/"},"modified":"2026-08-28T09:21:54","modified_gmt":"2026-08-28T11:21:54","slug":"veja-quem-sao-os-11-vereadores-de-campinas-candidatos-nas-eleicoes-2026","status":"publish","type":"post","link":"https:\/\/www.encontracampobelo.com.br\/sobre\/veja-quem-sao-os-11-vereadores-de-campinas-candidatos-nas-eleicoes-2026\/","title":{"rendered":"Veja quem s\u00e3o os 11 vereadores de Campinas candidatos nas Elei\u00e7\u00f5es 2026"},"content":{"rendered":"<div class=\"1cfda93c6640a8762b4fe319eb685dc5\" data-index=\"1\" style=\"float: none; margin:0px;\">\n<!-- Anuncio display - global -->\r\n<ins class=\"adsbygoogle\"\r\n     style=\"display:block\"\r\n     data-ad-client=\"ca-pub-8585364105181520\"\r\n     data-ad-slot=\"8789329856\"\r\n     data-ad-format=\"auto\"\r\n     data-full-width-responsive=\"true\"><\/ins>\r\n<script>\r\n     (adsbygoogle = window.adsbygoogle || []).push({});\r\n<\/script>\n<\/div>\n<h2>Veja quem s\u00e3o os vereadores de Campinas que concorrem nas elei\u00e7\u00f5es de 2026<\/h2>\n<p>No cen\u00e1rio pol\u00edtico atual de <strong>Campinas<\/strong>, um total de 11 vereadores, representando um ter\u00e7o dos 33 membros da C\u00e2mara Municipal, est\u00e3o se preparando para disputar novas posi\u00e7\u00f5es nas <strong>elei\u00e7\u00f5es de outubro de 2026<\/strong>.<\/p>\n<h2>Vereadores em Busca de Novas Vagas<\/h2>\n<p>Dentre os 11 candidatos, est\u00e3o quatro mulheres e sete homens, a maioria com a ambi\u00e7\u00e3o de conquistar uma posi\u00e7\u00e3o na <strong>Assembleia Legislativa do Estado de S\u00e3o Paulo (Alesp)<\/strong>. Entre eles, nove vereadores aspiram a uma vaga como deputados estaduais, enquanto dois pretendem ser deputados federais.<\/p>\n<h2>O Impacto da Elei\u00e7\u00e3o na C\u00e2mara Municipal<\/h2>\n<p>Se n\u00e3o forem eleitos, esses vereadores continuar\u00e3o exercendo suas fun\u00e7\u00f5es na C\u00e2mara de Campinas, j\u00e1 que seus mandatos, obtidos nas elei\u00e7\u00f5es municipais de <strong>2024<\/strong>, perdurar\u00e3o at\u00e9 o final de <strong>2028<\/strong>.<\/p>\n<p><img decoding=\"async\" src=\"https:\/\/www.encontracampobelo.com.br\/sobre\/wp-content\/uploads\/2026\/08\/veja-quem-sao-os-11-vereadores-de-campinas-candidatos-nas-eleicoes-2026.webp\" alt=\"vereadores de campinas 2026\" loading=\"lazy\" \/><\/p>\n<h2>Perfil dos Candidatos<\/h2>\n<p>Os vereadores que est\u00e3o concorrendo aos cargos na Alesp incluem:<\/p>\n<ul>\n<li>Mariana Conti (PSOL)<\/li>\n<li>Fernanda Souto (PSOL)<\/li>\n<li>Ailton da Farm\u00e1cia (PSB)<\/li>\n<li>Vini Oliveira (Cidadania)<\/li>\n<li>Gustavo Petta (PCdoB)<\/li>\n<li>Debora Palermo (PL)<\/li>\n<li>Higor Diego (Republicanos)<\/li>\n<li>Luiz Cirilo (Podemos)<\/li>\n<li>Nelson Hossri (PSD)<\/li>\n<\/ul>\n<h2>Expectativas para as Elei\u00e7\u00f5es 2026<\/h2>\n<p>Os dois vereadores que competem para o cargo de deputado federal s\u00e3o:<\/p>\n<ul>\n<li>Guida Calixto (PT)<\/li>\n<li>Marcelo Silva (PP)<\/li>\n<\/ul>\n<p>As <strong>elei\u00e7\u00f5es de 2026<\/strong> est\u00e3o criando altas expectativas entre os cidad\u00e3os, especialmente com a quantidade significativa de candidatos que buscam uma nova oportunidade pol\u00edtica.<\/p>\n<h2>An\u00e1lise do Cen\u00e1rio Pol\u00edtico Local<\/h2>\n<p>O <strong>Tribunal Regional Eleitoral de S\u00e3o Paulo (TRE-SP)<\/strong> j\u00e1 registrou um total de 2.549 solicita\u00e7\u00f5es de candidaturas, refletindo a intensa concorr\u00eancia que marcar\u00e1 o pleito deste ano. Os partidos e coliga\u00e7\u00f5es tiveram um curto prazo at\u00e9 o final do dia 15 de agosto para protocolar suas candidaturas.<\/p>\n<h2>Vota\u00e7\u00e3o e Consequ\u00eancias para Campinas<\/h2>\n<p>Os vereadores est\u00e3o explorando suas chances de ascender a cargos mais altos, e o resultado dessas elei\u00e7\u00f5es poder\u00e1 ter um impacto significativo no cen\u00e1rio pol\u00edtico de Campinas. A cidade poder\u00e1 ter novas vozes e representa\u00e7\u00f5es na Assembleia Legislativa e na C\u00e2mara dos Deputados.<\/p>\n<h2>Preparativos dos Candidatos<\/h2>\n<p>Os preparativos para as elei\u00e7\u00f5es est\u00e3o em andamento, com cada candidato buscando estrat\u00e9gias para se destacar. A utiliza\u00e7\u00e3o das redes sociais e o contato direto com a comunidade s\u00e3o fundamentais para a constru\u00e7\u00e3o de uma imagem positiva.<\/p>\n<h2>Rea\u00e7\u00f5es da Popula\u00e7\u00e3o<\/h2>\n<p>A popula\u00e7\u00e3o est\u00e1 atenta a esses desdobramentos, e as rea\u00e7\u00f5es variam entre apoio fervoroso e cr\u00edticas. O envolvimento da comunidade nas discuss\u00f5es em torno das candidaturas \u00e9 um indicador do interesse pol\u00edtico local.<\/p>\n<h2>Hist\u00f3rico de Candidaturas em Campinas<\/h2>\n<p>Historicamente, Campinas tem visto uma mobiliza\u00e7\u00e3o constante de seus vereadores em busca de novos cargos. Em elei\u00e7\u00f5es passadas, muitos j\u00e1 tentaram a mesma transi\u00e7\u00e3o, com diversos n\u00edveis de sucesso.<\/p>\n<p>Os vereadores de Campinas t\u00eam demonstrado que est\u00e3o prontos para perseguir novas oportunidades e fazer da cidade uma refer\u00eancia em termos de representa\u00e7\u00e3o pol\u00edtica.<\/p>\n<p>As elei\u00e7\u00f5es se aproximam e as estrat\u00e9gias dos candidatos se intensificam. Observadores atentos est\u00e3o avaliando as possibilidades e os desafios que surgem no horizonte pol\u00edtico de Campinas. O que ser\u00e1 do futuro pol\u00edtico local est\u00e1 prestes a se desenhar nas urnas.<\/p>\n<h2>Conclus\u00e3o<\/h2>\n<p>&nbsp;<\/p>\n\n<div style=\"font-size: 0px; height: 0px; line-height: 0px; margin: 0; padding: 0; clear: both;\"><\/div>","protected":false},"excerpt":{"rendered":"<p>Vereadores de Campinas: descubra quem s\u00e3o os 11 candidatos para as Elei\u00e7\u00f5es de 2026.<\/p>\n","protected":false},"author":1,"featured_media":2545,"comment_status":"open","ping_status":"closed","sticky":false,"template":"","format":"standard","meta":{"footnotes":""},"categories":[7],"tags":[],"class_list":["post-2546","post","type-post","status-publish","format-standard","has-post-thumbnail","hentry","category-noticias-no-campo-belo","has_thumb"],"aioseo_notices":[],"aioseo_head":"\n\t\t<!-- All in One SEO 5.0.0.1 - aioseo.com -->\n\t<meta name=\"description\" content=\"Vereadores de Campinas: descubra quem s\u00e3o os 11 candidatos para as Elei\u00e7\u00f5es de 2026.\" \/>\n\t<meta name=\"robots\" content=\"max-image-preview:large\" \/>\n\t<meta name=\"author\" content=\"Encontra Campo Belo\"\/>\n\t<link rel=\"canonical\" href=\"https:\/\/www.encontracampobelo.com.br\/sobre\/veja-quem-sao-os-11-vereadores-de-campinas-candidatos-nas-eleicoes-2026\/\" \/>\n\t<meta name=\"generator\" content=\"All in One SEO (AIOSEO) 5.0.0.1\" \/>\n\t\t<meta property=\"og:locale\" content=\"pt_BR\" \/>\n\t\t<meta property=\"og:site_name\" content=\"Encontra  Campo Belo | Not\u00edcias, eventos, informa\u00e7\u00f5es e dicas no bairro do Campo Belo e regi\u00e3o.\" \/>\n\t\t<meta property=\"og:type\" content=\"article\" \/>\n\t\t<meta property=\"og:title\" content=\"Veja quem s\u00e3o os 11 vereadores de Campinas candidatos nas Elei\u00e7\u00f5es 2026 | Encontra Campo Belo\" \/>\n\t\t<meta property=\"og:description\" content=\"Vereadores de Campinas: descubra quem s\u00e3o os 11 candidatos para as Elei\u00e7\u00f5es de 2026.\" \/>\n\t\t<meta property=\"og:url\" content=\"https:\/\/www.encontracampobelo.com.br\/sobre\/veja-quem-sao-os-11-vereadores-de-campinas-candidatos-nas-eleicoes-2026\/\" \/>\n\t\t<meta property=\"article:published_time\" content=\"2026-08-28T11:21:54+00:00\" \/>\n\t\t<meta property=\"article:modified_time\" content=\"2026-08-28T11:21:54+00:00\" \/>\n\t\t<meta name=\"twitter:card\" content=\"summary_large_image\" \/>\n\t\t<meta name=\"twitter:title\" content=\"Veja quem s\u00e3o os 11 vereadores de Campinas candidatos nas Elei\u00e7\u00f5es 2026 | Encontra Campo Belo\" \/>\n\t\t<meta name=\"twitter:description\" content=\"Vereadores de Campinas: descubra quem s\u00e3o os 11 candidatos para as Elei\u00e7\u00f5es de 2026.\" \/>\n\t\t<script type=\"application\/ld+json\" class=\"aioseo-schema\">\n\t\t\t{\"@context\":\"https:\\\/\\\/schema.org\",\"@graph\":[{\"@type\":\"Article\",\"@id\":\"https:\\\/\\\/www.encontracampobelo.com.br\\\/sobre\\\/veja-quem-sao-os-11-vereadores-de-campinas-candidatos-nas-eleicoes-2026\\\/#article\",\"name\":\"Veja quem s\\u00e3o os 11 vereadores de Campinas candidatos nas Elei\\u00e7\\u00f5es 2026 | Encontra Campo Belo\",\"headline\":\"Veja quem s\\u00e3o os 11 vereadores de Campinas candidatos nas Elei\\u00e7\\u00f5es 2026\",\"author\":{\"@id\":\"https:\\\/\\\/www.encontracampobelo.com.br\\\/sobre\\\/author\\\/ecampobelo\\\/#author\"},\"publisher\":{\"@id\":\"https:\\\/\\\/www.encontracampobelo.com.br\\\/sobre\\\/#organization\"},\"image\":{\"@type\":\"ImageObject\",\"url\":\"https:\\\/\\\/www.encontracampobelo.com.br\\\/sobre\\\/wp-content\\\/uploads\\\/2026\\\/08\\\/veja-quem-sao-os-11-vereadores-de-campinas-candidatos-nas-eleicoes-2026.webp\",\"width\":280,\"height\":280,\"caption\":\"vereadores de campinas 2026\"},\"datePublished\":\"2026-08-28T09:21:54-02:00\",\"dateModified\":\"2026-08-28T09:21:54-02:00\",\"inLanguage\":\"pt-BR\",\"mainEntityOfPage\":{\"@id\":\"https:\\\/\\\/www.encontracampobelo.com.br\\\/sobre\\\/veja-quem-sao-os-11-vereadores-de-campinas-candidatos-nas-eleicoes-2026\\\/#webpage\"},\"isPartOf\":{\"@id\":\"https:\\\/\\\/www.encontracampobelo.com.br\\\/sobre\\\/veja-quem-sao-os-11-vereadores-de-campinas-candidatos-nas-eleicoes-2026\\\/#webpage\"},\"articleSection\":\"Not\\u00edcias Campo Belo\"},{\"@type\":\"BreadcrumbList\",\"@id\":\"https:\\\/\\\/www.encontracampobelo.com.br\\\/sobre\\\/veja-quem-sao-os-11-vereadores-de-campinas-candidatos-nas-eleicoes-2026\\\/#breadcrumblist\",\"itemListElement\":[{\"@type\":\"ListItem\",\"@id\":\"https:\\\/\\\/www.encontracampobelo.com.br\\\/sobre#listItem\",\"position\":1,\"name\":\"In\\u00edcio\",\"item\":\"https:\\\/\\\/www.encontracampobelo.com.br\\\/sobre\",\"nextItem\":{\"@type\":\"ListItem\",\"@id\":\"https:\\\/\\\/www.encontracampobelo.com.br\\\/sobre\\\/noticias-no-campo-belo\\\/#listItem\",\"name\":\"Not\\u00edcias Campo Belo\"}},{\"@type\":\"ListItem\",\"@id\":\"https:\\\/\\\/www.encontracampobelo.com.br\\\/sobre\\\/noticias-no-campo-belo\\\/#listItem\",\"position\":2,\"name\":\"Not\\u00edcias Campo Belo\",\"item\":\"https:\\\/\\\/www.encontracampobelo.com.br\\\/sobre\\\/noticias-no-campo-belo\\\/\",\"nextItem\":{\"@type\":\"ListItem\",\"@id\":\"https:\\\/\\\/www.encontracampobelo.com.br\\\/sobre\\\/veja-quem-sao-os-11-vereadores-de-campinas-candidatos-nas-eleicoes-2026\\\/#listItem\",\"name\":\"Veja quem s\\u00e3o os 11 vereadores de Campinas candidatos nas Elei\\u00e7\\u00f5es 2026\"},\"previousItem\":{\"@type\":\"ListItem\",\"@id\":\"https:\\\/\\\/www.encontracampobelo.com.br\\\/sobre#listItem\",\"name\":\"In\\u00edcio\"}},{\"@type\":\"ListItem\",\"@id\":\"https:\\\/\\\/www.encontracampobelo.com.br\\\/sobre\\\/veja-quem-sao-os-11-vereadores-de-campinas-candidatos-nas-eleicoes-2026\\\/#listItem\",\"position\":3,\"name\":\"Veja quem s\\u00e3o os 11 vereadores de Campinas candidatos nas Elei\\u00e7\\u00f5es 2026\",\"previousItem\":{\"@type\":\"ListItem\",\"@id\":\"https:\\\/\\\/www.encontracampobelo.com.br\\\/sobre\\\/noticias-no-campo-belo\\\/#listItem\",\"name\":\"Not\\u00edcias Campo Belo\"}}]},{\"@type\":\"Organization\",\"@id\":\"https:\\\/\\\/www.encontracampobelo.com.br\\\/sobre\\\/#organization\",\"name\":\"Encontra  Campo Belo\",\"description\":\"Not\\u00edcias, eventos, informa\\u00e7\\u00f5es e dicas no bairro do Campo Belo e regi\\u00e3o.\",\"url\":\"https:\\\/\\\/www.encontracampobelo.com.br\\\/sobre\\\/\"},{\"@type\":\"Person\",\"@id\":\"https:\\\/\\\/www.encontracampobelo.com.br\\\/sobre\\\/author\\\/ecampobelo\\\/#author\",\"url\":\"https:\\\/\\\/www.encontracampobelo.com.br\\\/sobre\\\/author\\\/ecampobelo\\\/\",\"name\":\"Encontra Campo Belo\",\"image\":{\"@type\":\"ImageObject\",\"@id\":\"https:\\\/\\\/www.encontracampobelo.com.br\\\/sobre\\\/veja-quem-sao-os-11-vereadores-de-campinas-candidatos-nas-eleicoes-2026\\\/#authorImage\",\"url\":\"https:\\\/\\\/secure.gravatar.com\\\/avatar\\\/507340682b8270222e1f208e23198b6ae7e2c6a1033ae84e99bc6bce4f82a387?s=96&d=mm&r=g\",\"width\":96,\"height\":96,\"caption\":\"Encontra Campo Belo\"}},{\"@type\":\"WebPage\",\"@id\":\"https:\\\/\\\/www.encontracampobelo.com.br\\\/sobre\\\/veja-quem-sao-os-11-vereadores-de-campinas-candidatos-nas-eleicoes-2026\\\/#webpage\",\"url\":\"https:\\\/\\\/www.encontracampobelo.com.br\\\/sobre\\\/veja-quem-sao-os-11-vereadores-de-campinas-candidatos-nas-eleicoes-2026\\\/\",\"name\":\"Veja quem s\\u00e3o os 11 vereadores de Campinas candidatos nas Elei\\u00e7\\u00f5es 2026 | Encontra Campo Belo\",\"description\":\"Vereadores de Campinas: descubra quem s\\u00e3o os 11 candidatos para as Elei\\u00e7\\u00f5es de 2026.\",\"inLanguage\":\"pt-BR\",\"isPartOf\":{\"@id\":\"https:\\\/\\\/www.encontracampobelo.com.br\\\/sobre\\\/#website\"},\"breadcrumb\":{\"@id\":\"https:\\\/\\\/www.encontracampobelo.com.br\\\/sobre\\\/veja-quem-sao-os-11-vereadores-de-campinas-candidatos-nas-eleicoes-2026\\\/#breadcrumblist\"},\"author\":{\"@id\":\"https:\\\/\\\/www.encontracampobelo.com.br\\\/sobre\\\/author\\\/ecampobelo\\\/#author\"},\"creator\":{\"@id\":\"https:\\\/\\\/www.encontracampobelo.com.br\\\/sobre\\\/author\\\/ecampobelo\\\/#author\"},\"image\":{\"@type\":\"ImageObject\",\"url\":\"https:\\\/\\\/www.encontracampobelo.com.br\\\/sobre\\\/wp-content\\\/uploads\\\/2026\\\/08\\\/veja-quem-sao-os-11-vereadores-de-campinas-candidatos-nas-eleicoes-2026.webp\",\"@id\":\"https:\\\/\\\/www.encontracampobelo.com.br\\\/sobre\\\/veja-quem-sao-os-11-vereadores-de-campinas-candidatos-nas-eleicoes-2026\\\/#mainImage\",\"width\":280,\"height\":280,\"caption\":\"vereadores de campinas 2026\"},\"primaryImageOfPage\":{\"@id\":\"https:\\\/\\\/www.encontracampobelo.com.br\\\/sobre\\\/veja-quem-sao-os-11-vereadores-de-campinas-candidatos-nas-eleicoes-2026\\\/#mainImage\"},\"datePublished\":\"2026-08-28T09:21:54-02:00\",\"dateModified\":\"2026-08-28T09:21:54-02:00\"},{\"@type\":\"WebSite\",\"@id\":\"https:\\\/\\\/www.encontracampobelo.com.br\\\/sobre\\\/#website\",\"url\":\"https:\\\/\\\/www.encontracampobelo.com.br\\\/sobre\\\/\",\"name\":\"Encontra  Campo Belo\",\"description\":\"Not\\u00edcias, eventos, informa\\u00e7\\u00f5es e dicas no bairro do Campo Belo e regi\\u00e3o.\",\"inLanguage\":\"pt-BR\",\"publisher\":{\"@id\":\"https:\\\/\\\/www.encontracampobelo.com.br\\\/sobre\\\/#organization\"}}]}\n\t\t<\/script>\n\t\t<!-- All in One SEO -->\n\n","aioseo_head_json":{"title":"Veja quem s\u00e3o os 11 vereadores de Campinas candidatos nas Elei\u00e7\u00f5es 2026 | Encontra Campo Belo","description":"Vereadores de Campinas: descubra quem s\u00e3o os 11 candidatos para as Elei\u00e7\u00f5es de 2026.","canonical_url":"https:\/\/www.encontracampobelo.com.br\/sobre\/veja-quem-sao-os-11-vereadores-de-campinas-candidatos-nas-eleicoes-2026\/","robots":"max-image-preview:large","keywords":"","webmasterTools":{"miscellaneous":""},"schema":{"@context":"https:\/\/schema.org","@graph":[{"@type":"Article","@id":"https:\/\/www.encontracampobelo.com.br\/sobre\/veja-quem-sao-os-11-vereadores-de-campinas-candidatos-nas-eleicoes-2026\/#article","name":"Veja quem s\u00e3o os 11 vereadores de Campinas candidatos nas Elei\u00e7\u00f5es 2026 | Encontra Campo Belo","headline":"Veja quem s\u00e3o os 11 vereadores de Campinas candidatos nas Elei\u00e7\u00f5es 2026","author":{"@id":"https:\/\/www.encontracampobelo.com.br\/sobre\/author\/ecampobelo\/#author"},"publisher":{"@id":"https:\/\/www.encontracampobelo.com.br\/sobre\/#organization"},"image":{"@type":"ImageObject","url":"https:\/\/www.encontracampobelo.com.br\/sobre\/wp-content\/uploads\/2026\/08\/veja-quem-sao-os-11-vereadores-de-campinas-candidatos-nas-eleicoes-2026.webp","width":280,"height":280,"caption":"vereadores de campinas 2026"},"datePublished":"2026-08-28T09:21:54-02:00","dateModified":"2026-08-28T09:21:54-02:00","inLanguage":"pt-BR","mainEntityOfPage":{"@id":"https:\/\/www.encontracampobelo.com.br\/sobre\/veja-quem-sao-os-11-vereadores-de-campinas-candidatos-nas-eleicoes-2026\/#webpage"},"isPartOf":{"@id":"https:\/\/www.encontracampobelo.com.br\/sobre\/veja-quem-sao-os-11-vereadores-de-campinas-candidatos-nas-eleicoes-2026\/#webpage"},"articleSection":"Not\u00edcias Campo Belo"},{"@type":"BreadcrumbList","@id":"https:\/\/www.encontracampobelo.com.br\/sobre\/veja-quem-sao-os-11-vereadores-de-campinas-candidatos-nas-eleicoes-2026\/#breadcrumblist","itemListElement":[{"@type":"ListItem","@id":"https:\/\/www.encontracampobelo.com.br\/sobre#listItem","position":1,"name":"In\u00edcio","item":"https:\/\/www.encontracampobelo.com.br\/sobre","nextItem":{"@type":"ListItem","@id":"https:\/\/www.encontracampobelo.com.br\/sobre\/noticias-no-campo-belo\/#listItem","name":"Not\u00edcias Campo Belo"}},{"@type":"ListItem","@id":"https:\/\/www.encontracampobelo.com.br\/sobre\/noticias-no-campo-belo\/#listItem","position":2,"name":"Not\u00edcias Campo Belo","item":"https:\/\/www.encontracampobelo.com.br\/sobre\/noticias-no-campo-belo\/","nextItem":{"@type":"ListItem","@id":"https:\/\/www.encontracampobelo.com.br\/sobre\/veja-quem-sao-os-11-vereadores-de-campinas-candidatos-nas-eleicoes-2026\/#listItem","name":"Veja quem s\u00e3o os 11 vereadores de Campinas candidatos nas Elei\u00e7\u00f5es 2026"},"previousItem":{"@type":"ListItem","@id":"https:\/\/www.encontracampobelo.com.br\/sobre#listItem","name":"In\u00edcio"}},{"@type":"ListItem","@id":"https:\/\/www.encontracampobelo.com.br\/sobre\/veja-quem-sao-os-11-vereadores-de-campinas-candidatos-nas-eleicoes-2026\/#listItem","position":3,"name":"Veja quem s\u00e3o os 11 vereadores de Campinas candidatos nas Elei\u00e7\u00f5es 2026","previousItem":{"@type":"ListItem","@id":"https:\/\/www.encontracampobelo.com.br\/sobre\/noticias-no-campo-belo\/#listItem","name":"Not\u00edcias Campo Belo"}}]},{"@type":"Organization","@id":"https:\/\/www.encontracampobelo.com.br\/sobre\/#organization","name":"Encontra  Campo Belo","description":"Not\u00edcias, eventos, informa\u00e7\u00f5es e dicas no bairro do Campo Belo e regi\u00e3o.","url":"https:\/\/www.encontracampobelo.com.br\/sobre\/"},{"@type":"Person","@id":"https:\/\/www.encontracampobelo.com.br\/sobre\/author\/ecampobelo\/#author","url":"https:\/\/www.encontracampobelo.com.br\/sobre\/author\/ecampobelo\/","name":"Encontra Campo Belo","image":{"@type":"ImageObject","@id":"https:\/\/www.encontracampobelo.com.br\/sobre\/veja-quem-sao-os-11-vereadores-de-campinas-candidatos-nas-eleicoes-2026\/#authorImage","url":"https:\/\/secure.gravatar.com\/avatar\/507340682b8270222e1f208e23198b6ae7e2c6a1033ae84e99bc6bce4f82a387?s=96&d=mm&r=g","width":96,"height":96,"caption":"Encontra Campo Belo"}},{"@type":"WebPage","@id":"https:\/\/www.encontracampobelo.com.br\/sobre\/veja-quem-sao-os-11-vereadores-de-campinas-candidatos-nas-eleicoes-2026\/#webpage","url":"https:\/\/www.encontracampobelo.com.br\/sobre\/veja-quem-sao-os-11-vereadores-de-campinas-candidatos-nas-eleicoes-2026\/","name":"Veja quem s\u00e3o os 11 vereadores de Campinas candidatos nas Elei\u00e7\u00f5es 2026 | Encontra Campo Belo","description":"Vereadores de Campinas: descubra quem s\u00e3o os 11 candidatos para as Elei\u00e7\u00f5es de 2026.","inLanguage":"pt-BR","isPartOf":{"@id":"https:\/\/www.encontracampobelo.com.br\/sobre\/#website"},"breadcrumb":{"@id":"https:\/\/www.encontracampobelo.com.br\/sobre\/veja-quem-sao-os-11-vereadores-de-campinas-candidatos-nas-eleicoes-2026\/#breadcrumblist"},"author":{"@id":"https:\/\/www.encontracampobelo.com.br\/sobre\/author\/ecampobelo\/#author"},"creator":{"@id":"https:\/\/www.encontracampobelo.com.br\/sobre\/author\/ecampobelo\/#author"},"image":{"@type":"ImageObject","url":"https:\/\/www.encontracampobelo.com.br\/sobre\/wp-content\/uploads\/2026\/08\/veja-quem-sao-os-11-vereadores-de-campinas-candidatos-nas-eleicoes-2026.webp","@id":"https:\/\/www.encontracampobelo.com.br\/sobre\/veja-quem-sao-os-11-vereadores-de-campinas-candidatos-nas-eleicoes-2026\/#mainImage","width":280,"height":280,"caption":"vereadores de campinas 2026"},"primaryImageOfPage":{"@id":"https:\/\/www.encontracampobelo.com.br\/sobre\/veja-quem-sao-os-11-vereadores-de-campinas-candidatos-nas-eleicoes-2026\/#mainImage"},"datePublished":"2026-08-28T09:21:54-02:00","dateModified":"2026-08-28T09:21:54-02:00"},{"@type":"WebSite","@id":"https:\/\/www.encontracampobelo.com.br\/sobre\/#website","url":"https:\/\/www.encontracampobelo.com.br\/sobre\/","name":"Encontra  Campo Belo","description":"Not\u00edcias, eventos, informa\u00e7\u00f5es e dicas no bairro do Campo Belo e regi\u00e3o.","inLanguage":"pt-BR","publisher":{"@id":"https:\/\/www.encontracampobelo.com.br\/sobre\/#organization"}}]},"og:locale":"pt_BR","og:site_name":"Encontra  Campo Belo | Not\u00edcias, eventos, informa\u00e7\u00f5es e dicas no bairro do Campo Belo e regi\u00e3o.","og:type":"article","og:title":"Veja quem s\u00e3o os 11 vereadores de Campinas candidatos nas Elei\u00e7\u00f5es 2026 | Encontra Campo Belo","og:description":"Vereadores de Campinas: descubra quem s\u00e3o os 11 candidatos para as Elei\u00e7\u00f5es de 2026.","og:url":"https:\/\/www.encontracampobelo.com.br\/sobre\/veja-quem-sao-os-11-vereadores-de-campinas-candidatos-nas-eleicoes-2026\/","article:published_time":"2026-08-28T11:21:54+00:00","article:modified_time":"2026-08-28T11:21:54+00:00","twitter:card":"summary_large_image","twitter:title":"Veja quem s\u00e3o os 11 vereadores de Campinas candidatos nas Elei\u00e7\u00f5es 2026 | Encontra Campo Belo","twitter:description":"Vereadores de Campinas: descubra quem s\u00e3o os 11 candidatos para as Elei\u00e7\u00f5es de 2026."},"aioseo_meta_data":{"post_id":"2546","title":null,"description":null,"keywords":null,"keyphrases":null,"primary_term":null,"canonical_url":null,"og_title":null,"og_description":null,"og_object_type":"default","og_image_type":"default","og_image_url":null,"og_image_width":null,"og_image_height":null,"og_image_custom_url":null,"og_image_custom_fields":null,"og_video":null,"og_custom_url":null,"og_article_section":null,"og_article_tags":null,"twitter_use_og":false,"twitter_card":"default","twitter_image_type":"default","twitter_image_url":null,"twitter_image_custom_url":null,"twitter_image_custom_fields":null,"twitter_title":null,"twitter_description":null,"schema":{"blockGraphs":[],"customGraphs":[],"default":{"data":{"Article":[],"Course":[],"Dataset":[],"FAQPage":[],"Movie":[],"Person":[],"Product":[],"ProductReview":[],"Car":[],"Recipe":[],"Service":[],"SoftwareApplication":[],"WebPage":[]},"graphName":"Article","isEnabled":true},"graphs":[]},"schema_type":"default","schema_type_options":null,"pillar_content":false,"robots_default":true,"robots_noindex":false,"robots_noarchive":false,"robots_nosnippet":false,"robots_nofollow":false,"robots_noimageindex":false,"robots_noodp":false,"robots_notranslate":false,"robots_max_snippet":null,"robots_max_videopreview":null,"robots_max_imagepreview":"large","priority":null,"frequency":null,"local_seo":null,"breadcrumb_settings":null,"limit_modified_date":false,"ai":null,"created":"2026-08-28 11:21:55","updated":"2026-08-28 11:59:26","focus_keyword":null,"additional_keywords":null,"truseo_locale":null,"seo_analyzer_scan_date":null},"aioseo_breadcrumb":"<div class=\"aioseo-breadcrumbs\"><span class=\"aioseo-breadcrumb\">\n\t\t\t<a href=\"https:\/\/www.encontracampobelo.com.br\/sobre\" title=\"In\u00edcio\">In\u00edcio<\/a>\n\t\t<\/span><span class=\"aioseo-breadcrumb-separator\">&raquo;<\/span><span class=\"aioseo-breadcrumb\">\n\t\t\t<a href=\"https:\/\/www.encontracampobelo.com.br\/sobre\/noticias-no-campo-belo\/\" title=\"Not\u00edcias Campo Belo\">Not\u00edcias Campo Belo<\/a>\n\t\t<\/span><span class=\"aioseo-breadcrumb-separator\">&raquo;<\/span><span class=\"aioseo-breadcrumb\">\n\t\t\tVeja quem s\u00e3o os 11 vereadores de Campinas candidatos nas Elei\u00e7\u00f5es 2026\n\t\t<\/span><\/div>","aioseo_breadcrumb_json":[{"label":"In\u00edcio","link":"https:\/\/www.encontracampobelo.com.br\/sobre"},{"label":"Not\u00edcias Campo Belo","link":"https:\/\/www.encontracampobelo.com.br\/sobre\/noticias-no-campo-belo\/"},{"label":"Veja quem s\u00e3o os 11 vereadores de Campinas candidatos nas Elei\u00e7\u00f5es 2026","link":"https:\/\/www.encontracampobelo.com.br\/sobre\/veja-quem-sao-os-11-vereadores-de-campinas-candidatos-nas-eleicoes-2026\/"}],"_links":{"self":[{"href":"https:\/\/www.encontracampobelo.com.br\/sobre\/wp-json\/wp\/v2\/posts\/2546","targetHints":{"allow":["GET"]}}],"collection":[{"href":"https:\/\/www.encontracampobelo.com.br\/sobre\/wp-json\/wp\/v2\/posts"}],"about":[{"href":"https:\/\/www.encontracampobelo.com.br\/sobre\/wp-json\/wp\/v2\/types\/post"}],"author":[{"embeddable":true,"href":"https:\/\/www.encontracampobelo.com.br\/sobre\/wp-json\/wp\/v2\/users\/1"}],"replies":[{"embeddable":true,"href":"https:\/\/www.encontracampobelo.com.br\/sobre\/wp-json\/wp\/v2\/comments?post=2546"}],"version-history":[{"count":0,"href":"https:\/\/www.encontracampobelo.com.br\/sobre\/wp-json\/wp\/v2\/posts\/2546\/revisions"}],"wp:featuredmedia":[{"embeddable":true,"href":"https:\/\/www.encontracampobelo.com.br\/sobre\/wp-json\/wp\/v2\/media\/2545"}],"wp:attachment":[{"href":"https:\/\/www.encontracampobelo.com.br\/sobre\/wp-json\/wp\/v2\/media?parent=2546"}],"wp:term":[{"taxonomy":"category","embeddable":true,"href":"https:\/\/www.encontracampobelo.com.br\/sobre\/wp-json\/wp\/v2\/categories?post=2546"},{"taxonomy":"post_tag","embeddable":true,"href":"https:\/\/www.encontracampobelo.com.br\/sobre\/wp-json\/wp\/v2\/tags?post=2546"}],"curies":[{"name":"wp","href":"https:\/\/api.w.org\/{rel}","templated":true}]}}