{"id":2548,"date":"2026-08-28T22:56:20","date_gmt":"2026-08-29T00:56:20","guid":{"rendered":"https:\/\/www.encontracampobelo.com.br\/sobre\/atingidos-pela-duplicacao-da-miguel-melhado-mantem-mobilizacao-apos-tres-anos-de-reivindicacoes\/"},"modified":"2026-08-28T22:56:20","modified_gmt":"2026-08-29T00:56:20","slug":"atingidos-pela-duplicacao-da-miguel-melhado-mantem-mobilizacao-apos-tres-anos-de-reivindicacoes","status":"publish","type":"post","link":"https:\/\/www.encontracampobelo.com.br\/sobre\/atingidos-pela-duplicacao-da-miguel-melhado-mantem-mobilizacao-apos-tres-anos-de-reivindicacoes\/","title":{"rendered":"Atingidos pela duplica\u00e7\u00e3o da Miguel Melhado mant\u00eam mobiliza\u00e7\u00e3o ap\u00f3s tr\u00eas anos de reivindica\u00e7\u00f5es"},"content":{"rendered":"<div class=\"1cfda93c6640a8762b4fe319eb685dc5\" data-index=\"1\" style=\"float: none; margin:0px;\">\n<!-- Anuncio display - global -->\r\n<ins class=\"adsbygoogle\"\r\n     style=\"display:block\"\r\n     data-ad-client=\"ca-pub-8585364105181520\"\r\n     data-ad-slot=\"8789329856\"\r\n     data-ad-format=\"auto\"\r\n     data-full-width-responsive=\"true\"><\/ins>\r\n<script>\r\n     (adsbygoogle = window.adsbygoogle || []).push({});\r\n<\/script>\n<\/div>\n<h2>Hist\u00f3rico da Duplica\u00e7\u00e3o da Miguel Melhado<\/h2>\n<p>Nos \u00faltimos tr\u00eas anos e meio, a <strong>duplica\u00e7\u00e3o da Rodovia Miguel Melhado Campos<\/strong> (SP-324) em Campinas, S\u00e3o Paulo, trouxe \u00e0 tona in\u00fameras preocupa\u00e7\u00f5es para os townsfolk e comerciantes que foram impactados por essa obra. Os moradores afetados t\u00eam se mobilizado continuamente para reivindicar solu\u00e7\u00f5es adequadas para o reassentamento de suas fam\u00edlias, bem como a reposi\u00e7\u00e3o das atividades comerciais que foram comprometidas pela amplia\u00e7\u00e3o da rodovia.<\/p>\n<h2>Impacto na Comunidade Local<\/h2>\n<p>A duplica\u00e7\u00e3o da rodovia resultou em um impacto significativo na vida de v\u00e1rias fam\u00edlias e empres\u00e1rios da regi\u00e3o. O movimento de resist\u00eancia formado por esses afetados tem como principal preocupa\u00e7\u00e3o a falta de um plano claro para o reassentamento. Eles buscam n\u00e3o apenas o direito de permanecer em seus lares, mas tamb\u00e9m a preserva\u00e7\u00e3o de suas fontes de renda. Com a duplica\u00e7\u00e3o em andamento, comerciantes reportam perda de receita devido \u00e0 interrup\u00e7\u00e3o do fluxo de clientes na \u00e1rea.<\/p>\n<h2>A Participa\u00e7\u00e3o dos Comerciantes nas Negocia\u00e7\u00f5es<\/h2>\n<p>Recentemente, um grupo de cerca de 12 pessoas se reuniu em frente \u00e0 Prefeitura para exigir que os comerciantes fossem inclu\u00eddos nas discuss\u00f5es sobre um novo <strong>Termo de Ajustamento de Conduta (TAC)<\/strong>. A participa\u00e7\u00e3o na mesa de negocia\u00e7\u00f5es \u00e9 fundamental, pois as decis\u00f5es tomadas podem afetar diretamente a continuidade dos seus neg\u00f3cios. O vice-prefeito <strong>Wanderley Almeida<\/strong>, conhecido como <strong>Wand\u00e3o<\/strong>, est\u00e1 \u00e0 frente das negocia\u00e7\u00f5es com o apoio do <strong>Departamento de Estradas de Rodagem (DER)<\/strong> e da Defensoria P\u00fablica mas ainda existe uma lacuna na inclus\u00e3o dos empres\u00e1rios nas decis\u00f5es.<\/p>\n<p><img decoding=\"async\" src=\"https:\/\/www.encontracampobelo.com.br\/sobre\/wp-content\/uploads\/2026\/08\/atingidos-pela-duplicacao-da-miguel-melhado-mantem-mobilizacao-apos-tres-anos-de-reivindicacoes.webp\" alt=\"duplica\u00e7\u00e3o da Miguel Melhado\" loading=\"lazy\" \/><\/p>\n<h2>Aux\u00edlio-Moradia: O Que Est\u00e1 em Jogo?<\/h2>\n<p>Um conv\u00eanio celebrado entre o <strong>DER<\/strong> e a <strong>CDHU<\/strong> (Companhia de Desenvolvimento Habitacional e Urbano do Estado de S\u00e3o Paulo) promete cobertura habitacional para as fam\u00edlias removidas atrav\u00e9s de uma <strong>carta de cr\u00e9dito<\/strong> que pode chegar a R$ 200 mil. No entanto, entre o momento da desocupa\u00e7\u00e3o e a aquisi\u00e7\u00e3o do novo im\u00f3vel, as fam\u00edlias recebem um aux\u00edlio-moradia de apenas R$ 602, ofertado pela prefeitura via secretaria respons\u00e1vel por Habita\u00e7\u00e3o. Este aux\u00edlio, embora essencial, \u00e9 considerado insuficiente por muitos dos afetados, que enfrentam ainda mais dificuldades financeiras durante o processo de transi\u00e7\u00e3o.<\/p>\n<h2>Casos de Despejos e Impactos Sociais<\/h2>\n<p>De acordo com <strong>Daniel da Silva Cardoso<\/strong>, coordenador do <strong>Movimento de Resist\u00eancia Miguel Melhado &#8211; Campo Belo<\/strong>, cerca de 40 fam\u00edlias ainda esperam por uma solu\u00e7\u00e3o definitiva para a mudan\u00e7a. H\u00e1 relatos de que, em algumas situa\u00e7\u00f5es, o prazo m\u00ednimo de 30 dias para a <strong>desocupa\u00e7\u00e3o volunt\u00e1ria<\/strong> n\u00e3o foi respeitado, e o aux\u00edlio-moradia e a carta de cr\u00e9dito n\u00e3o foram fornecidos conforme prometido.<\/p>\n<p>Al\u00e9m dos desafios financeiros, muitos relatos surgem sobre danos em propriedades vizinhas, como trincas e rachaduras provocadas pela obra da rodovia. Essa situa\u00e7\u00e3o real\u00e7a a urg\u00eancia das provid\u00eancias necess\u00e1rias para remediar os problemas ocasionados por toda a interven\u00e7\u00e3o.<\/p>\n<h2>A Responsabilidade do Governo Paulista<\/h2>\n<p>A posi\u00e7\u00e3o da Prefeitura de Campinas sobre as quest\u00f5es levantadas pelos moradores \u00e9 que a duplica\u00e7\u00e3o \u00e9 uma responsabilidade do governo do estado, por meio do <strong>DER<\/strong>. A administra\u00e7\u00e3o municipal afirma que a entrega de assist\u00eancia \u00e0s fam\u00edlias depende do cumprimento dos crit\u00e9rios estabelecidos. O governo tamb\u00e9m destacou que iniciativas foram feitas para desocupar constru\u00e7\u00f5es irregulares, permitindo assim a continuidade das obras.<\/p>\n<h2>Como Funciona a Carta de Cr\u00e9dito para Removidos<\/h2>\n<p>A <strong>carta de cr\u00e9dito<\/strong> \u00e9 um componente central no processo de reassentamento das fam\u00edlias atingidas. Ela \u00e9 emitida pela CDHU e pode ser utilizada para a aquisi\u00e7\u00e3o de um im\u00f3vel. As informa\u00e7\u00f5es obtidas indicam que, at\u00e9 o momento, 77 cartas foram emitidas, 37 das quais ainda n\u00e3o tinham im\u00f3veis apresentados para avalia\u00e7\u00e3o, 26 estavam na fase de assinatura de contrato e 14 esperavam pela an\u00e1lise da documenta\u00e7\u00e3o.<\/p>\n<h2>Protestos Recentes e Tornado de Aten\u00e7\u00e3o<\/h2>\n<p>Ap\u00f3s uma s\u00e9rie de mobiliza\u00e7\u00f5es, um novo of\u00edcio foi entregue \u00e0 Prefeitura para reitera\u00e7\u00f5es quanto \u00e0 participa\u00e7\u00e3o nas discuss\u00f5es pela instala\u00e7\u00e3o de mesas de negocia\u00e7\u00e3o. O clamor por justi\u00e7a e inclus\u00e3o \u00e9 uma constante, conforme a resist\u00eancia dos afetados prossegue em busca de garantias e transpar\u00eancia no processo de reassentamento.<\/p>\n<h2>O Papel da Defensoria P\u00fablica no Conflito<\/h2>\n<p>A <strong>Defensoria P\u00fablica<\/strong> tamb\u00e9m foi chamada para intermediar a situa\u00e7\u00e3o e examinar os impactos da duplica\u00e7\u00e3o. A Defensoria informou que n\u00e3o recebeu notifica\u00e7\u00f5es sobre os danos causados e contou que, em maio de 2024, foram realizados 18 laudos cautelares para registrar as condi\u00e7\u00f5es dos im\u00f3veis afetados antes e depois das obras.<\/p>\n<h2>Pr\u00f3ximos Passos para os Atingidos<\/h2>\n<p>Para os moradores e comerciantes atingidos pela duplica\u00e7\u00e3o, os pr\u00f3ximos passos s\u00e3o cruciais. A continuidade da mobiliza\u00e7\u00e3o, a negocia\u00e7\u00e3o com as autoridades e a busca por informa\u00e7\u00f5es claras sobre o processo s\u00e3o essenciais para garantir que seus direitos sejam respeitados. A comunidade permanece vigilante, aguardando solu\u00e7\u00f5es eficazes e imediatas para seus desafios.<\/p>\n\n<div style=\"font-size: 0px; height: 0px; line-height: 0px; margin: 0; padding: 0; clear: both;\"><\/div>","protected":false},"excerpt":{"rendered":"<p>Mobiliza\u00e7\u00e3o persistente dos atingidos pela duplica\u00e7\u00e3o da Miguel Melhado continua firme ap\u00f3s tr\u00eas anos.<\/p>\n","protected":false},"author":1,"featured_media":2547,"comment_status":"open","ping_status":"closed","sticky":false,"template":"","format":"standard","meta":{"footnotes":""},"categories":[7],"tags":[],"class_list":["post-2548","post","type-post","status-publish","format-standard","has-post-thumbnail","hentry","category-noticias-no-campo-belo","has_thumb"],"aioseo_notices":[],"aioseo_head":"\n\t\t<!-- All in One SEO 5.0.0.1 - aioseo.com -->\n\t<meta name=\"description\" content=\"Mobiliza\u00e7\u00e3o persistente dos atingidos pela duplica\u00e7\u00e3o da Miguel Melhado continua firme ap\u00f3s tr\u00eas anos.\" \/>\n\t<meta name=\"robots\" content=\"max-image-preview:large\" \/>\n\t<meta name=\"author\" content=\"Encontra Campo Belo\"\/>\n\t<link rel=\"canonical\" href=\"https:\/\/www.encontracampobelo.com.br\/sobre\/atingidos-pela-duplicacao-da-miguel-melhado-mantem-mobilizacao-apos-tres-anos-de-reivindicacoes\/\" \/>\n\t<meta name=\"generator\" content=\"All in One SEO (AIOSEO) 5.0.0.1\" \/>\n\t\t<meta property=\"og:locale\" content=\"pt_BR\" \/>\n\t\t<meta property=\"og:site_name\" content=\"Encontra  Campo Belo | Not\u00edcias, eventos, informa\u00e7\u00f5es e dicas no bairro do Campo Belo e regi\u00e3o.\" \/>\n\t\t<meta property=\"og:type\" content=\"article\" \/>\n\t\t<meta property=\"og:title\" content=\"Atingidos pela duplica\u00e7\u00e3o da Miguel Melhado mant\u00eam mobiliza\u00e7\u00e3o ap\u00f3s tr\u00eas anos de reivindica\u00e7\u00f5es | Encontra Campo Belo\" \/>\n\t\t<meta property=\"og:description\" content=\"Mobiliza\u00e7\u00e3o persistente dos atingidos pela duplica\u00e7\u00e3o da Miguel Melhado continua firme ap\u00f3s tr\u00eas anos.\" \/>\n\t\t<meta property=\"og:url\" content=\"https:\/\/www.encontracampobelo.com.br\/sobre\/atingidos-pela-duplicacao-da-miguel-melhado-mantem-mobilizacao-apos-tres-anos-de-reivindicacoes\/\" \/>\n\t\t<meta property=\"article:published_time\" content=\"2026-08-29T00:56:20+00:00\" \/>\n\t\t<meta property=\"article:modified_time\" content=\"2026-08-29T00:56:20+00:00\" \/>\n\t\t<meta name=\"twitter:card\" content=\"summary_large_image\" \/>\n\t\t<meta name=\"twitter:title\" content=\"Atingidos pela duplica\u00e7\u00e3o da Miguel Melhado mant\u00eam mobiliza\u00e7\u00e3o ap\u00f3s tr\u00eas anos de reivindica\u00e7\u00f5es | Encontra Campo Belo\" \/>\n\t\t<meta name=\"twitter:description\" content=\"Mobiliza\u00e7\u00e3o persistente dos atingidos pela duplica\u00e7\u00e3o da Miguel Melhado continua firme ap\u00f3s tr\u00eas anos.\" \/>\n\t\t<script type=\"application\/ld+json\" class=\"aioseo-schema\">\n\t\t\t{\"@context\":\"https:\\\/\\\/schema.org\",\"@graph\":[{\"@type\":\"Article\",\"@id\":\"https:\\\/\\\/www.encontracampobelo.com.br\\\/sobre\\\/atingidos-pela-duplicacao-da-miguel-melhado-mantem-mobilizacao-apos-tres-anos-de-reivindicacoes\\\/#article\",\"name\":\"Atingidos pela duplica\\u00e7\\u00e3o da Miguel Melhado mant\\u00eam mobiliza\\u00e7\\u00e3o ap\\u00f3s tr\\u00eas anos de reivindica\\u00e7\\u00f5es | Encontra Campo Belo\",\"headline\":\"Atingidos pela duplica\\u00e7\\u00e3o da Miguel Melhado mant\\u00eam mobiliza\\u00e7\\u00e3o ap\\u00f3s tr\\u00eas anos de reivindica\\u00e7\\u00f5es\",\"author\":{\"@id\":\"https:\\\/\\\/www.encontracampobelo.com.br\\\/sobre\\\/author\\\/ecampobelo\\\/#author\"},\"publisher\":{\"@id\":\"https:\\\/\\\/www.encontracampobelo.com.br\\\/sobre\\\/#organization\"},\"image\":{\"@type\":\"ImageObject\",\"url\":\"https:\\\/\\\/www.encontracampobelo.com.br\\\/sobre\\\/wp-content\\\/uploads\\\/2026\\\/08\\\/atingidos-pela-duplicacao-da-miguel-melhado-mantem-mobilizacao-apos-tres-anos-de-reivindicacoes.webp\",\"width\":280,\"height\":280,\"caption\":\"duplica\\u00e7\\u00e3o da Miguel Melhado\"},\"datePublished\":\"2026-08-28T22:56:20-02:00\",\"dateModified\":\"2026-08-28T22:56:20-02:00\",\"inLanguage\":\"pt-BR\",\"mainEntityOfPage\":{\"@id\":\"https:\\\/\\\/www.encontracampobelo.com.br\\\/sobre\\\/atingidos-pela-duplicacao-da-miguel-melhado-mantem-mobilizacao-apos-tres-anos-de-reivindicacoes\\\/#webpage\"},\"isPartOf\":{\"@id\":\"https:\\\/\\\/www.encontracampobelo.com.br\\\/sobre\\\/atingidos-pela-duplicacao-da-miguel-melhado-mantem-mobilizacao-apos-tres-anos-de-reivindicacoes\\\/#webpage\"},\"articleSection\":\"Not\\u00edcias Campo Belo\"},{\"@type\":\"BreadcrumbList\",\"@id\":\"https:\\\/\\\/www.encontracampobelo.com.br\\\/sobre\\\/atingidos-pela-duplicacao-da-miguel-melhado-mantem-mobilizacao-apos-tres-anos-de-reivindicacoes\\\/#breadcrumblist\",\"itemListElement\":[{\"@type\":\"ListItem\",\"@id\":\"https:\\\/\\\/www.encontracampobelo.com.br\\\/sobre#listItem\",\"position\":1,\"name\":\"In\\u00edcio\",\"item\":\"https:\\\/\\\/www.encontracampobelo.com.br\\\/sobre\",\"nextItem\":{\"@type\":\"ListItem\",\"@id\":\"https:\\\/\\\/www.encontracampobelo.com.br\\\/sobre\\\/noticias-no-campo-belo\\\/#listItem\",\"name\":\"Not\\u00edcias Campo Belo\"}},{\"@type\":\"ListItem\",\"@id\":\"https:\\\/\\\/www.encontracampobelo.com.br\\\/sobre\\\/noticias-no-campo-belo\\\/#listItem\",\"position\":2,\"name\":\"Not\\u00edcias Campo Belo\",\"item\":\"https:\\\/\\\/www.encontracampobelo.com.br\\\/sobre\\\/noticias-no-campo-belo\\\/\",\"nextItem\":{\"@type\":\"ListItem\",\"@id\":\"https:\\\/\\\/www.encontracampobelo.com.br\\\/sobre\\\/atingidos-pela-duplicacao-da-miguel-melhado-mantem-mobilizacao-apos-tres-anos-de-reivindicacoes\\\/#listItem\",\"name\":\"Atingidos pela duplica\\u00e7\\u00e3o da Miguel Melhado mant\\u00eam mobiliza\\u00e7\\u00e3o ap\\u00f3s tr\\u00eas anos de reivindica\\u00e7\\u00f5es\"},\"previousItem\":{\"@type\":\"ListItem\",\"@id\":\"https:\\\/\\\/www.encontracampobelo.com.br\\\/sobre#listItem\",\"name\":\"In\\u00edcio\"}},{\"@type\":\"ListItem\",\"@id\":\"https:\\\/\\\/www.encontracampobelo.com.br\\\/sobre\\\/atingidos-pela-duplicacao-da-miguel-melhado-mantem-mobilizacao-apos-tres-anos-de-reivindicacoes\\\/#listItem\",\"position\":3,\"name\":\"Atingidos pela duplica\\u00e7\\u00e3o da Miguel Melhado mant\\u00eam mobiliza\\u00e7\\u00e3o ap\\u00f3s tr\\u00eas anos de reivindica\\u00e7\\u00f5es\",\"previousItem\":{\"@type\":\"ListItem\",\"@id\":\"https:\\\/\\\/www.encontracampobelo.com.br\\\/sobre\\\/noticias-no-campo-belo\\\/#listItem\",\"name\":\"Not\\u00edcias Campo Belo\"}}]},{\"@type\":\"Organization\",\"@id\":\"https:\\\/\\\/www.encontracampobelo.com.br\\\/sobre\\\/#organization\",\"name\":\"Encontra  Campo Belo\",\"description\":\"Not\\u00edcias, eventos, informa\\u00e7\\u00f5es e dicas no bairro do Campo Belo e regi\\u00e3o.\",\"url\":\"https:\\\/\\\/www.encontracampobelo.com.br\\\/sobre\\\/\"},{\"@type\":\"Person\",\"@id\":\"https:\\\/\\\/www.encontracampobelo.com.br\\\/sobre\\\/author\\\/ecampobelo\\\/#author\",\"url\":\"https:\\\/\\\/www.encontracampobelo.com.br\\\/sobre\\\/author\\\/ecampobelo\\\/\",\"name\":\"Encontra Campo Belo\",\"image\":{\"@type\":\"ImageObject\",\"@id\":\"https:\\\/\\\/www.encontracampobelo.com.br\\\/sobre\\\/atingidos-pela-duplicacao-da-miguel-melhado-mantem-mobilizacao-apos-tres-anos-de-reivindicacoes\\\/#authorImage\",\"url\":\"https:\\\/\\\/secure.gravatar.com\\\/avatar\\\/507340682b8270222e1f208e23198b6ae7e2c6a1033ae84e99bc6bce4f82a387?s=96&d=mm&r=g\",\"width\":96,\"height\":96,\"caption\":\"Encontra Campo Belo\"}},{\"@type\":\"WebPage\",\"@id\":\"https:\\\/\\\/www.encontracampobelo.com.br\\\/sobre\\\/atingidos-pela-duplicacao-da-miguel-melhado-mantem-mobilizacao-apos-tres-anos-de-reivindicacoes\\\/#webpage\",\"url\":\"https:\\\/\\\/www.encontracampobelo.com.br\\\/sobre\\\/atingidos-pela-duplicacao-da-miguel-melhado-mantem-mobilizacao-apos-tres-anos-de-reivindicacoes\\\/\",\"name\":\"Atingidos pela duplica\\u00e7\\u00e3o da Miguel Melhado mant\\u00eam mobiliza\\u00e7\\u00e3o ap\\u00f3s tr\\u00eas anos de reivindica\\u00e7\\u00f5es | Encontra Campo Belo\",\"description\":\"Mobiliza\\u00e7\\u00e3o persistente dos atingidos pela duplica\\u00e7\\u00e3o da Miguel Melhado continua firme ap\\u00f3s tr\\u00eas anos.\",\"inLanguage\":\"pt-BR\",\"isPartOf\":{\"@id\":\"https:\\\/\\\/www.encontracampobelo.com.br\\\/sobre\\\/#website\"},\"breadcrumb\":{\"@id\":\"https:\\\/\\\/www.encontracampobelo.com.br\\\/sobre\\\/atingidos-pela-duplicacao-da-miguel-melhado-mantem-mobilizacao-apos-tres-anos-de-reivindicacoes\\\/#breadcrumblist\"},\"author\":{\"@id\":\"https:\\\/\\\/www.encontracampobelo.com.br\\\/sobre\\\/author\\\/ecampobelo\\\/#author\"},\"creator\":{\"@id\":\"https:\\\/\\\/www.encontracampobelo.com.br\\\/sobre\\\/author\\\/ecampobelo\\\/#author\"},\"image\":{\"@type\":\"ImageObject\",\"url\":\"https:\\\/\\\/www.encontracampobelo.com.br\\\/sobre\\\/wp-content\\\/uploads\\\/2026\\\/08\\\/atingidos-pela-duplicacao-da-miguel-melhado-mantem-mobilizacao-apos-tres-anos-de-reivindicacoes.webp\",\"@id\":\"https:\\\/\\\/www.encontracampobelo.com.br\\\/sobre\\\/atingidos-pela-duplicacao-da-miguel-melhado-mantem-mobilizacao-apos-tres-anos-de-reivindicacoes\\\/#mainImage\",\"width\":280,\"height\":280,\"caption\":\"duplica\\u00e7\\u00e3o da Miguel Melhado\"},\"primaryImageOfPage\":{\"@id\":\"https:\\\/\\\/www.encontracampobelo.com.br\\\/sobre\\\/atingidos-pela-duplicacao-da-miguel-melhado-mantem-mobilizacao-apos-tres-anos-de-reivindicacoes\\\/#mainImage\"},\"datePublished\":\"2026-08-28T22:56:20-02:00\",\"dateModified\":\"2026-08-28T22:56:20-02:00\"},{\"@type\":\"WebSite\",\"@id\":\"https:\\\/\\\/www.encontracampobelo.com.br\\\/sobre\\\/#website\",\"url\":\"https:\\\/\\\/www.encontracampobelo.com.br\\\/sobre\\\/\",\"name\":\"Encontra  Campo Belo\",\"description\":\"Not\\u00edcias, eventos, informa\\u00e7\\u00f5es e dicas no bairro do Campo Belo e regi\\u00e3o.\",\"inLanguage\":\"pt-BR\",\"publisher\":{\"@id\":\"https:\\\/\\\/www.encontracampobelo.com.br\\\/sobre\\\/#organization\"}}]}\n\t\t<\/script>\n\t\t<!-- All in One SEO -->\n\n","aioseo_head_json":{"title":"Atingidos pela duplica\u00e7\u00e3o da Miguel Melhado mant\u00eam mobiliza\u00e7\u00e3o ap\u00f3s tr\u00eas anos de reivindica\u00e7\u00f5es | Encontra Campo Belo","description":"Mobiliza\u00e7\u00e3o persistente dos atingidos pela duplica\u00e7\u00e3o da Miguel Melhado continua firme ap\u00f3s tr\u00eas anos.","canonical_url":"https:\/\/www.encontracampobelo.com.br\/sobre\/atingidos-pela-duplicacao-da-miguel-melhado-mantem-mobilizacao-apos-tres-anos-de-reivindicacoes\/","robots":"max-image-preview:large","keywords":"","webmasterTools":{"miscellaneous":""},"schema":{"@context":"https:\/\/schema.org","@graph":[{"@type":"Article","@id":"https:\/\/www.encontracampobelo.com.br\/sobre\/atingidos-pela-duplicacao-da-miguel-melhado-mantem-mobilizacao-apos-tres-anos-de-reivindicacoes\/#article","name":"Atingidos pela duplica\u00e7\u00e3o da Miguel Melhado mant\u00eam mobiliza\u00e7\u00e3o ap\u00f3s tr\u00eas anos de reivindica\u00e7\u00f5es | Encontra Campo Belo","headline":"Atingidos pela duplica\u00e7\u00e3o da Miguel Melhado mant\u00eam mobiliza\u00e7\u00e3o ap\u00f3s tr\u00eas anos de reivindica\u00e7\u00f5es","author":{"@id":"https:\/\/www.encontracampobelo.com.br\/sobre\/author\/ecampobelo\/#author"},"publisher":{"@id":"https:\/\/www.encontracampobelo.com.br\/sobre\/#organization"},"image":{"@type":"ImageObject","url":"https:\/\/www.encontracampobelo.com.br\/sobre\/wp-content\/uploads\/2026\/08\/atingidos-pela-duplicacao-da-miguel-melhado-mantem-mobilizacao-apos-tres-anos-de-reivindicacoes.webp","width":280,"height":280,"caption":"duplica\u00e7\u00e3o da Miguel Melhado"},"datePublished":"2026-08-28T22:56:20-02:00","dateModified":"2026-08-28T22:56:20-02:00","inLanguage":"pt-BR","mainEntityOfPage":{"@id":"https:\/\/www.encontracampobelo.com.br\/sobre\/atingidos-pela-duplicacao-da-miguel-melhado-mantem-mobilizacao-apos-tres-anos-de-reivindicacoes\/#webpage"},"isPartOf":{"@id":"https:\/\/www.encontracampobelo.com.br\/sobre\/atingidos-pela-duplicacao-da-miguel-melhado-mantem-mobilizacao-apos-tres-anos-de-reivindicacoes\/#webpage"},"articleSection":"Not\u00edcias Campo Belo"},{"@type":"BreadcrumbList","@id":"https:\/\/www.encontracampobelo.com.br\/sobre\/atingidos-pela-duplicacao-da-miguel-melhado-mantem-mobilizacao-apos-tres-anos-de-reivindicacoes\/#breadcrumblist","itemListElement":[{"@type":"ListItem","@id":"https:\/\/www.encontracampobelo.com.br\/sobre#listItem","position":1,"name":"In\u00edcio","item":"https:\/\/www.encontracampobelo.com.br\/sobre","nextItem":{"@type":"ListItem","@id":"https:\/\/www.encontracampobelo.com.br\/sobre\/noticias-no-campo-belo\/#listItem","name":"Not\u00edcias Campo Belo"}},{"@type":"ListItem","@id":"https:\/\/www.encontracampobelo.com.br\/sobre\/noticias-no-campo-belo\/#listItem","position":2,"name":"Not\u00edcias Campo Belo","item":"https:\/\/www.encontracampobelo.com.br\/sobre\/noticias-no-campo-belo\/","nextItem":{"@type":"ListItem","@id":"https:\/\/www.encontracampobelo.com.br\/sobre\/atingidos-pela-duplicacao-da-miguel-melhado-mantem-mobilizacao-apos-tres-anos-de-reivindicacoes\/#listItem","name":"Atingidos pela duplica\u00e7\u00e3o da Miguel Melhado mant\u00eam mobiliza\u00e7\u00e3o ap\u00f3s tr\u00eas anos de reivindica\u00e7\u00f5es"},"previousItem":{"@type":"ListItem","@id":"https:\/\/www.encontracampobelo.com.br\/sobre#listItem","name":"In\u00edcio"}},{"@type":"ListItem","@id":"https:\/\/www.encontracampobelo.com.br\/sobre\/atingidos-pela-duplicacao-da-miguel-melhado-mantem-mobilizacao-apos-tres-anos-de-reivindicacoes\/#listItem","position":3,"name":"Atingidos pela duplica\u00e7\u00e3o da Miguel Melhado mant\u00eam mobiliza\u00e7\u00e3o ap\u00f3s tr\u00eas anos de reivindica\u00e7\u00f5es","previousItem":{"@type":"ListItem","@id":"https:\/\/www.encontracampobelo.com.br\/sobre\/noticias-no-campo-belo\/#listItem","name":"Not\u00edcias Campo Belo"}}]},{"@type":"Organization","@id":"https:\/\/www.encontracampobelo.com.br\/sobre\/#organization","name":"Encontra  Campo Belo","description":"Not\u00edcias, eventos, informa\u00e7\u00f5es e dicas no bairro do Campo Belo e regi\u00e3o.","url":"https:\/\/www.encontracampobelo.com.br\/sobre\/"},{"@type":"Person","@id":"https:\/\/www.encontracampobelo.com.br\/sobre\/author\/ecampobelo\/#author","url":"https:\/\/www.encontracampobelo.com.br\/sobre\/author\/ecampobelo\/","name":"Encontra Campo Belo","image":{"@type":"ImageObject","@id":"https:\/\/www.encontracampobelo.com.br\/sobre\/atingidos-pela-duplicacao-da-miguel-melhado-mantem-mobilizacao-apos-tres-anos-de-reivindicacoes\/#authorImage","url":"https:\/\/secure.gravatar.com\/avatar\/507340682b8270222e1f208e23198b6ae7e2c6a1033ae84e99bc6bce4f82a387?s=96&d=mm&r=g","width":96,"height":96,"caption":"Encontra Campo Belo"}},{"@type":"WebPage","@id":"https:\/\/www.encontracampobelo.com.br\/sobre\/atingidos-pela-duplicacao-da-miguel-melhado-mantem-mobilizacao-apos-tres-anos-de-reivindicacoes\/#webpage","url":"https:\/\/www.encontracampobelo.com.br\/sobre\/atingidos-pela-duplicacao-da-miguel-melhado-mantem-mobilizacao-apos-tres-anos-de-reivindicacoes\/","name":"Atingidos pela duplica\u00e7\u00e3o da Miguel Melhado mant\u00eam mobiliza\u00e7\u00e3o ap\u00f3s tr\u00eas anos de reivindica\u00e7\u00f5es | Encontra Campo Belo","description":"Mobiliza\u00e7\u00e3o persistente dos atingidos pela duplica\u00e7\u00e3o da Miguel Melhado continua firme ap\u00f3s tr\u00eas anos.","inLanguage":"pt-BR","isPartOf":{"@id":"https:\/\/www.encontracampobelo.com.br\/sobre\/#website"},"breadcrumb":{"@id":"https:\/\/www.encontracampobelo.com.br\/sobre\/atingidos-pela-duplicacao-da-miguel-melhado-mantem-mobilizacao-apos-tres-anos-de-reivindicacoes\/#breadcrumblist"},"author":{"@id":"https:\/\/www.encontracampobelo.com.br\/sobre\/author\/ecampobelo\/#author"},"creator":{"@id":"https:\/\/www.encontracampobelo.com.br\/sobre\/author\/ecampobelo\/#author"},"image":{"@type":"ImageObject","url":"https:\/\/www.encontracampobelo.com.br\/sobre\/wp-content\/uploads\/2026\/08\/atingidos-pela-duplicacao-da-miguel-melhado-mantem-mobilizacao-apos-tres-anos-de-reivindicacoes.webp","@id":"https:\/\/www.encontracampobelo.com.br\/sobre\/atingidos-pela-duplicacao-da-miguel-melhado-mantem-mobilizacao-apos-tres-anos-de-reivindicacoes\/#mainImage","width":280,"height":280,"caption":"duplica\u00e7\u00e3o da Miguel Melhado"},"primaryImageOfPage":{"@id":"https:\/\/www.encontracampobelo.com.br\/sobre\/atingidos-pela-duplicacao-da-miguel-melhado-mantem-mobilizacao-apos-tres-anos-de-reivindicacoes\/#mainImage"},"datePublished":"2026-08-28T22:56:20-02:00","dateModified":"2026-08-28T22:56:20-02:00"},{"@type":"WebSite","@id":"https:\/\/www.encontracampobelo.com.br\/sobre\/#website","url":"https:\/\/www.encontracampobelo.com.br\/sobre\/","name":"Encontra  Campo Belo","description":"Not\u00edcias, eventos, informa\u00e7\u00f5es e dicas no bairro do Campo Belo e regi\u00e3o.","inLanguage":"pt-BR","publisher":{"@id":"https:\/\/www.encontracampobelo.com.br\/sobre\/#organization"}}]},"og:locale":"pt_BR","og:site_name":"Encontra  Campo Belo | Not\u00edcias, eventos, informa\u00e7\u00f5es e dicas no bairro do Campo Belo e regi\u00e3o.","og:type":"article","og:title":"Atingidos pela duplica\u00e7\u00e3o da Miguel Melhado mant\u00eam mobiliza\u00e7\u00e3o ap\u00f3s tr\u00eas anos de reivindica\u00e7\u00f5es | Encontra Campo Belo","og:description":"Mobiliza\u00e7\u00e3o persistente dos atingidos pela duplica\u00e7\u00e3o da Miguel Melhado continua firme ap\u00f3s tr\u00eas anos.","og:url":"https:\/\/www.encontracampobelo.com.br\/sobre\/atingidos-pela-duplicacao-da-miguel-melhado-mantem-mobilizacao-apos-tres-anos-de-reivindicacoes\/","article:published_time":"2026-08-29T00:56:20+00:00","article:modified_time":"2026-08-29T00:56:20+00:00","twitter:card":"summary_large_image","twitter:title":"Atingidos pela duplica\u00e7\u00e3o da Miguel Melhado mant\u00eam mobiliza\u00e7\u00e3o ap\u00f3s tr\u00eas anos de reivindica\u00e7\u00f5es | Encontra Campo Belo","twitter:description":"Mobiliza\u00e7\u00e3o persistente dos atingidos pela duplica\u00e7\u00e3o da Miguel Melhado continua firme ap\u00f3s tr\u00eas anos."},"aioseo_meta_data":{"post_id":"2548","title":null,"description":null,"keywords":null,"keyphrases":null,"primary_term":null,"canonical_url":null,"og_title":null,"og_description":null,"og_object_type":"default","og_image_type":"default","og_image_url":null,"og_image_width":null,"og_image_height":null,"og_image_custom_url":null,"og_image_custom_fields":null,"og_video":null,"og_custom_url":null,"og_article_section":null,"og_article_tags":null,"twitter_use_og":false,"twitter_card":"default","twitter_image_type":"default","twitter_image_url":null,"twitter_image_custom_url":null,"twitter_image_custom_fields":null,"twitter_title":null,"twitter_description":null,"schema":{"blockGraphs":[],"customGraphs":[],"default":{"data":{"Article":[],"Course":[],"Dataset":[],"FAQPage":[],"Movie":[],"Person":[],"Product":[],"ProductReview":[],"Car":[],"Recipe":[],"Service":[],"SoftwareApplication":[],"WebPage":[]},"graphName":"Article","isEnabled":true},"graphs":[]},"schema_type":"default","schema_type_options":null,"pillar_content":false,"robots_default":true,"robots_noindex":false,"robots_noarchive":false,"robots_nosnippet":false,"robots_nofollow":false,"robots_noimageindex":false,"robots_noodp":false,"robots_notranslate":false,"robots_max_snippet":null,"robots_max_videopreview":null,"robots_max_imagepreview":"large","priority":null,"frequency":null,"local_seo":null,"breadcrumb_settings":null,"limit_modified_date":false,"ai":null,"created":"2026-08-29 00:56:22","updated":"2026-08-29 01:44:54","focus_keyword":null,"additional_keywords":null,"truseo_locale":null,"seo_analyzer_scan_date":null},"aioseo_breadcrumb":"<div class=\"aioseo-breadcrumbs\"><span class=\"aioseo-breadcrumb\">\n\t\t\t<a href=\"https:\/\/www.encontracampobelo.com.br\/sobre\" title=\"In\u00edcio\">In\u00edcio<\/a>\n\t\t<\/span><span class=\"aioseo-breadcrumb-separator\">&raquo;<\/span><span class=\"aioseo-breadcrumb\">\n\t\t\t<a href=\"https:\/\/www.encontracampobelo.com.br\/sobre\/noticias-no-campo-belo\/\" title=\"Not\u00edcias Campo Belo\">Not\u00edcias Campo Belo<\/a>\n\t\t<\/span><span class=\"aioseo-breadcrumb-separator\">&raquo;<\/span><span class=\"aioseo-breadcrumb\">\n\t\t\tAtingidos pela duplica\u00e7\u00e3o da Miguel Melhado mant\u00eam mobiliza\u00e7\u00e3o ap\u00f3s tr\u00eas anos de reivindica\u00e7\u00f5es\n\t\t<\/span><\/div>","aioseo_breadcrumb_json":[{"label":"In\u00edcio","link":"https:\/\/www.encontracampobelo.com.br\/sobre"},{"label":"Not\u00edcias Campo Belo","link":"https:\/\/www.encontracampobelo.com.br\/sobre\/noticias-no-campo-belo\/"},{"label":"Atingidos pela duplica\u00e7\u00e3o da Miguel Melhado mant\u00eam mobiliza\u00e7\u00e3o ap\u00f3s tr\u00eas anos de reivindica\u00e7\u00f5es","link":"https:\/\/www.encontracampobelo.com.br\/sobre\/atingidos-pela-duplicacao-da-miguel-melhado-mantem-mobilizacao-apos-tres-anos-de-reivindicacoes\/"}],"_links":{"self":[{"href":"https:\/\/www.encontracampobelo.com.br\/sobre\/wp-json\/wp\/v2\/posts\/2548","targetHints":{"allow":["GET"]}}],"collection":[{"href":"https:\/\/www.encontracampobelo.com.br\/sobre\/wp-json\/wp\/v2\/posts"}],"about":[{"href":"https:\/\/www.encontracampobelo.com.br\/sobre\/wp-json\/wp\/v2\/types\/post"}],"author":[{"embeddable":true,"href":"https:\/\/www.encontracampobelo.com.br\/sobre\/wp-json\/wp\/v2\/users\/1"}],"replies":[{"embeddable":true,"href":"https:\/\/www.encontracampobelo.com.br\/sobre\/wp-json\/wp\/v2\/comments?post=2548"}],"version-history":[{"count":0,"href":"https:\/\/www.encontracampobelo.com.br\/sobre\/wp-json\/wp\/v2\/posts\/2548\/revisions"}],"wp:featuredmedia":[{"embeddable":true,"href":"https:\/\/www.encontracampobelo.com.br\/sobre\/wp-json\/wp\/v2\/media\/2547"}],"wp:attachment":[{"href":"https:\/\/www.encontracampobelo.com.br\/sobre\/wp-json\/wp\/v2\/media?parent=2548"}],"wp:term":[{"taxonomy":"category","embeddable":true,"href":"https:\/\/www.encontracampobelo.com.br\/sobre\/wp-json\/wp\/v2\/categories?post=2548"},{"taxonomy":"post_tag","embeddable":true,"href":"https:\/\/www.encontracampobelo.com.br\/sobre\/wp-json\/wp\/v2\/tags?post=2548"}],"curies":[{"name":"wp","href":"https:\/\/api.w.org\/{rel}","templated":true}]}}