{"id":2550,"date":"2026-08-28T22:57:39","date_gmt":"2026-08-29T00:57:39","guid":{"rendered":"https:\/\/www.encontracampobelo.com.br\/sobre\/de-vitima-de-trafico-humano-a-lideranca-comunitaria-quem-foi-dona-carmem-fundadora-da-comunidade-menino-chorao\/"},"modified":"2026-08-28T22:57:39","modified_gmt":"2026-08-29T00:57:39","slug":"de-vitima-de-trafico-humano-a-lideranca-comunitaria-quem-foi-dona-carmem-fundadora-da-comunidade-menino-chorao","status":"publish","type":"post","link":"https:\/\/www.encontracampobelo.com.br\/sobre\/de-vitima-de-trafico-humano-a-lideranca-comunitaria-quem-foi-dona-carmem-fundadora-da-comunidade-menino-chorao\/","title":{"rendered":"De v\u00edtima de tr\u00e1fico humano a lideran\u00e7a comunit\u00e1ria: quem foi Dona Carmem, fundadora da Comunidade Menino Chor\u00e3o"},"content":{"rendered":"<div class=\"1cfda93c6640a8762b4fe319eb685dc5\" data-index=\"1\" style=\"float: none; margin:0px;\">\n<!-- Anuncio display - global -->\r\n<ins class=\"adsbygoogle\"\r\n     style=\"display:block\"\r\n     data-ad-client=\"ca-pub-8585364105181520\"\r\n     data-ad-slot=\"8789329856\"\r\n     data-ad-format=\"auto\"\r\n     data-full-width-responsive=\"true\"><\/ins>\r\n<script>\r\n     (adsbygoogle = window.adsbygoogle || []).push({});\r\n<\/script>\n<\/div>\n<h2>A Hist\u00f3ria de Dona Carmem<\/h2>\n<p>Maria do Carmo de Sousa, mais conhecida como Dona Carmem, faleceu em Campinas, S\u00e3o Paulo, aos 56 anos. Sua vida foi um exemplo de supera\u00e7\u00e3o, repleta de desafios, viol\u00eancia e recome\u00e7os, culminando na funda\u00e7\u00e3o da <strong>Comunidade Feminista Menino Chor\u00e3o<\/strong>. Dona Carmem emergiu como uma l\u00edder comunit\u00e1ria not\u00e1vel, transformando sua trajet\u00f3ria pessoal em uma luta social eficaz, a fim de proporcionar abrigo e apoio a numerosas fam\u00edlias em situa\u00e7\u00e3o de vulnerabilidade.<\/p>\n<h2>Vulnerabilidade e for\u00e7a feminina<\/h2>\n<p>Nascida no Cear\u00e1 em 3 de abril de 1970, a vida de Carmem foi marcada por experi\u00eancias traum\u00e1ticas. Em 2004, ap\u00f3s ter sido v\u00edtima de tr\u00e1fico humano, ela conseguiu escapar desse ciclo de abuso e viol\u00eancia. Em uma entrevista, ela descreveu como fugiu, junto de outras quatro mulheres, ap\u00f3s 40 dias em cativeiro. Essa luta pela liberdade n\u00e3o apenas a moldou como pessoa, mas tamb\u00e9m a preparou para tornar-se uma defensora das mulheres vulner\u00e1veis ao seu redor.<\/p>\n<h2>Funda\u00e7\u00e3o da Comunidade Menino Chor\u00e3o<\/h2>\n<p>Ap\u00f3s a fuga, Dona Carmem decidiu permanecer em Campinas. Apesar do desejo de voltar para o Cear\u00e1, ela compreendeu que precisava reconstruir sua vida e ajudar seus cinco filhos que ficaram em Fortaleza. A contribui\u00e7\u00e3o de Dona Carmem para a comunidade come\u00e7ou quando, ap\u00f3s sofrer um furto de seu companheiro e um despejo, ela ajudou a criar um espa\u00e7o no terreno do Campo Belo destinado \u00e0s mulheres.<\/p>\n<p><img decoding=\"async\" src=\"https:\/\/www.encontracampobelo.com.br\/sobre\/wp-content\/uploads\/2026\/08\/de-vitima-de-trafico-humano-a-lideranca-comunitaria-quem-foi-dona-carmem-fundadora-da-comunidade-men.webp\" alt=\"Dona Carmem\" loading=\"lazy\" \/><\/p>\n<p>Inicialmente, a Comunidade Feminista Menino Chor\u00e3o nasceu da uni\u00e3o de cerca de 50 mulheres que, com um objetivo comum, decidiram que a lideran\u00e7a da comunidade seria inteiramente feminina. Elas estavam determinadas a recusar a domina\u00e7\u00e3o masculina e a construir um espa\u00e7o seguro e de acolhimento para suas fam\u00edlias.<\/p>\n<h2>Apoio \u00e0 moradia e acolhimento<\/h2>\n<p>Com o passar do tempo, a comunidade cresceu e se tornou um lar para 381 fam\u00edlias. No cora\u00e7\u00e3o dessa iniciativa, havia um compromisso em oferecer moradia e seguran\u00e7a, criando um local onde as mulheres pudessem se sentir empoderadas e apoiadas. Ao longo dos anos, a comunidade se tornou um modelo de solidariedade e resist\u00eancia, onde a\u00e7\u00f5es pr\u00e1ticas como a cria\u00e7\u00e3o de hortas comunit\u00e1rias, oficinas de costura e programas de refor\u00e7o escolar foram implementadas.<\/p>\n<h2>Cozinha comunit\u00e1ria e solidariedade<\/h2>\n<p>Durante a pandemia de Covid-19, Dona Carmem destacou-se por sua mobiliza\u00e7\u00e3o para garantir que as fam\u00edlias da comunidade tivessem acesso a alimentos. A cozinha comunit\u00e1ria desenvolvida sob sua lideran\u00e7a distribuiu aproximadamente 160 marmitas di\u00e1rias e 300 sopas nos fins de semana. Essa iniciativa n\u00e3o s\u00f3 ajudou a alimentar os moradores, mas tamb\u00e9m fortaleceu os la\u00e7os dentro da comunidade.<\/p>\n<h2>Lideran\u00e7a feminina na comunidade<\/h2>\n<p>Aick agora uma refer\u00eancia em apoio \u00e0 moradia e acolhimento, a Comunidade Menino Chor\u00e3o testemunhou o fortalecimento da lideran\u00e7a feminina. As mulheres envolvidas tornaram-se defensoras de seus direitos, criando uma rede de apoio que incentivava a autonomia e a autoestima. A colabora\u00e7\u00e3o foi um elemento central, ajudando a resgatar a dignidade das mulheres envolvidas e suas fam\u00edlias.<\/p>\n<h2>Desafios enfrentados por Dona Carmem<\/h2>\n<p>Al\u00e9m de lidar com as dificuldades pessoais que a vida lhe imp\u00f4s, Dona Carmem enfrentou diversos desafios como l\u00edder comunit\u00e1ria. Em 2022, ela foi diagnosticada com c\u00e2ncer de mama, o que a afastou temporariamente de suas atividades na comunidade. No entanto, mesmo durante o tratamento, sua determina\u00e7\u00e3o em continuar a luta pelos direitos das mulheres e pela moradia digna n\u00e3o diminuiu.<\/p>\n<h2>O legado de amor e resist\u00eancia<\/h2>\n<p>Dona Carmem n\u00e3o apenas lutou por sua pr\u00f3pria sobreviv\u00eancia, mas tamb\u00e9m deixou um legado de amor e resist\u00eancia. Ao transformar sua dor e experi\u00eancias traum\u00e1ticas em uma miss\u00e3o de empoderamento feminino, ela inspirou muitas mulheres a lutarem por seus direitos. Sua vida exemplifica a import\u00e2ncia de criar espa\u00e7os seguros e acolhedores, onde a solidariedade pode florescer.<\/p>\n<h2>O impacto da comunidade em Campinas<\/h2>\n<p>A Comunidade Menino Chor\u00e3o se tornou um s\u00edmbolo de resist\u00eancia e luta por moradia em Campinas. A abordagem inclusiva e feminina permitiu que centenas de fam\u00edlias encontrassem um lar e o suporte necess\u00e1rio para reconstruir suas vidas. O legado de Dona Carmem \u00e9 vis\u00edvel em cada conquista, em cada passo dado na busca pela dignidade e direito \u00e0 moradia.<\/p>\n<h2>A despedida de uma verdadeira l\u00edder<\/h2>\n<p>Dona Carmem faleceu em 27 de agosto, mas seu esp\u00edrito e legado continuar\u00e3o vivos. O sepultamento ocorreu no Cemit\u00e9rio dos Amarais, em Campinas, e sua partida deixou um vazio que ser\u00e1 dif\u00edcil de preencher. A Comunidade Feminista Menino Chor\u00e3o expressou sua gratid\u00e3o atrav\u00e9s de uma mensagem comovente, ressaltando que &#8220;Dona Carmem deixa um legado de amor, resist\u00eancia e transforma\u00e7\u00e3o que jamais ser\u00e1 esquecido&#8221;. Sua voz ecoar\u00e1 sempre nas vit\u00f3rias pelos direitos das mulheres.<\/p>\n\n<div style=\"font-size: 0px; height: 0px; line-height: 0px; margin: 0; padding: 0; clear: both;\"><\/div>","protected":false},"excerpt":{"rendered":"<p>Dona Carmem transformou sua vida e a de muitas fam\u00edlias em Campinas.<\/p>\n","protected":false},"author":1,"featured_media":2549,"comment_status":"open","ping_status":"closed","sticky":false,"template":"","format":"standard","meta":{"footnotes":""},"categories":[28],"tags":[],"class_list":["post-2550","post","type-post","status-publish","format-standard","has-post-thumbnail","hentry","category-cultura-no-campo-belo","has_thumb"],"aioseo_notices":[],"aioseo_head":"\n\t\t<!-- All in One SEO 5.0.0.1 - aioseo.com -->\n\t<meta name=\"description\" content=\"Dona Carmem transformou sua vida e a de muitas fam\u00edlias em Campinas.\" \/>\n\t<meta name=\"robots\" content=\"max-image-preview:large\" \/>\n\t<meta name=\"author\" content=\"Encontra Campo Belo\"\/>\n\t<link rel=\"canonical\" href=\"https:\/\/www.encontracampobelo.com.br\/sobre\/de-vitima-de-trafico-humano-a-lideranca-comunitaria-quem-foi-dona-carmem-fundadora-da-comunidade-menino-chorao\/\" \/>\n\t<meta name=\"generator\" content=\"All in One SEO (AIOSEO) 5.0.0.1\" \/>\n\t\t<meta property=\"og:locale\" content=\"pt_BR\" \/>\n\t\t<meta property=\"og:site_name\" content=\"Encontra  Campo Belo | Not\u00edcias, eventos, informa\u00e7\u00f5es e dicas no bairro do Campo Belo e regi\u00e3o.\" \/>\n\t\t<meta property=\"og:type\" content=\"article\" \/>\n\t\t<meta property=\"og:title\" content=\"De v\u00edtima de tr\u00e1fico humano a lideran\u00e7a comunit\u00e1ria: quem foi Dona Carmem, fundadora da Comunidade Menino Chor\u00e3o | Encontra Campo Belo\" \/>\n\t\t<meta property=\"og:description\" content=\"Dona Carmem transformou sua vida e a de muitas fam\u00edlias em Campinas.\" \/>\n\t\t<meta property=\"og:url\" content=\"https:\/\/www.encontracampobelo.com.br\/sobre\/de-vitima-de-trafico-humano-a-lideranca-comunitaria-quem-foi-dona-carmem-fundadora-da-comunidade-menino-chorao\/\" \/>\n\t\t<meta property=\"article:published_time\" content=\"2026-08-29T00:57:39+00:00\" \/>\n\t\t<meta property=\"article:modified_time\" content=\"2026-08-29T00:57:39+00:00\" \/>\n\t\t<meta name=\"twitter:card\" content=\"summary_large_image\" \/>\n\t\t<meta name=\"twitter:title\" content=\"De v\u00edtima de tr\u00e1fico humano a lideran\u00e7a comunit\u00e1ria: quem foi Dona Carmem, fundadora da Comunidade Menino Chor\u00e3o | Encontra Campo Belo\" \/>\n\t\t<meta name=\"twitter:description\" content=\"Dona Carmem transformou sua vida e a de muitas fam\u00edlias em Campinas.\" \/>\n\t\t<script type=\"application\/ld+json\" class=\"aioseo-schema\">\n\t\t\t{\"@context\":\"https:\\\/\\\/schema.org\",\"@graph\":[{\"@type\":\"Article\",\"@id\":\"https:\\\/\\\/www.encontracampobelo.com.br\\\/sobre\\\/de-vitima-de-trafico-humano-a-lideranca-comunitaria-quem-foi-dona-carmem-fundadora-da-comunidade-menino-chorao\\\/#article\",\"name\":\"De v\\u00edtima de tr\\u00e1fico humano a lideran\\u00e7a comunit\\u00e1ria: quem foi Dona Carmem, fundadora da Comunidade Menino Chor\\u00e3o | Encontra Campo Belo\",\"headline\":\"De v\\u00edtima de tr\\u00e1fico humano a lideran\\u00e7a comunit\\u00e1ria: quem foi Dona Carmem, fundadora da Comunidade Menino Chor\\u00e3o\",\"author\":{\"@id\":\"https:\\\/\\\/www.encontracampobelo.com.br\\\/sobre\\\/author\\\/ecampobelo\\\/#author\"},\"publisher\":{\"@id\":\"https:\\\/\\\/www.encontracampobelo.com.br\\\/sobre\\\/#organization\"},\"image\":{\"@type\":\"ImageObject\",\"url\":\"https:\\\/\\\/www.encontracampobelo.com.br\\\/sobre\\\/wp-content\\\/uploads\\\/2026\\\/08\\\/de-vitima-de-trafico-humano-a-lideranca-comunitaria-quem-foi-dona-carmem-fundadora-da-comunidade-men.webp\",\"width\":280,\"height\":280,\"caption\":\"Dona Carmem\"},\"datePublished\":\"2026-08-28T22:57:39-02:00\",\"dateModified\":\"2026-08-28T22:57:39-02:00\",\"inLanguage\":\"pt-BR\",\"mainEntityOfPage\":{\"@id\":\"https:\\\/\\\/www.encontracampobelo.com.br\\\/sobre\\\/de-vitima-de-trafico-humano-a-lideranca-comunitaria-quem-foi-dona-carmem-fundadora-da-comunidade-menino-chorao\\\/#webpage\"},\"isPartOf\":{\"@id\":\"https:\\\/\\\/www.encontracampobelo.com.br\\\/sobre\\\/de-vitima-de-trafico-humano-a-lideranca-comunitaria-quem-foi-dona-carmem-fundadora-da-comunidade-menino-chorao\\\/#webpage\"},\"articleSection\":\"Cultura Campo Belo\"},{\"@type\":\"BreadcrumbList\",\"@id\":\"https:\\\/\\\/www.encontracampobelo.com.br\\\/sobre\\\/de-vitima-de-trafico-humano-a-lideranca-comunitaria-quem-foi-dona-carmem-fundadora-da-comunidade-menino-chorao\\\/#breadcrumblist\",\"itemListElement\":[{\"@type\":\"ListItem\",\"@id\":\"https:\\\/\\\/www.encontracampobelo.com.br\\\/sobre#listItem\",\"position\":1,\"name\":\"In\\u00edcio\",\"item\":\"https:\\\/\\\/www.encontracampobelo.com.br\\\/sobre\",\"nextItem\":{\"@type\":\"ListItem\",\"@id\":\"https:\\\/\\\/www.encontracampobelo.com.br\\\/sobre\\\/cultura-no-campo-belo\\\/#listItem\",\"name\":\"Cultura Campo Belo\"}},{\"@type\":\"ListItem\",\"@id\":\"https:\\\/\\\/www.encontracampobelo.com.br\\\/sobre\\\/cultura-no-campo-belo\\\/#listItem\",\"position\":2,\"name\":\"Cultura Campo Belo\",\"item\":\"https:\\\/\\\/www.encontracampobelo.com.br\\\/sobre\\\/cultura-no-campo-belo\\\/\",\"nextItem\":{\"@type\":\"ListItem\",\"@id\":\"https:\\\/\\\/www.encontracampobelo.com.br\\\/sobre\\\/de-vitima-de-trafico-humano-a-lideranca-comunitaria-quem-foi-dona-carmem-fundadora-da-comunidade-menino-chorao\\\/#listItem\",\"name\":\"De v\\u00edtima de tr\\u00e1fico humano a lideran\\u00e7a comunit\\u00e1ria: quem foi Dona Carmem, fundadora da Comunidade Menino Chor\\u00e3o\"},\"previousItem\":{\"@type\":\"ListItem\",\"@id\":\"https:\\\/\\\/www.encontracampobelo.com.br\\\/sobre#listItem\",\"name\":\"In\\u00edcio\"}},{\"@type\":\"ListItem\",\"@id\":\"https:\\\/\\\/www.encontracampobelo.com.br\\\/sobre\\\/de-vitima-de-trafico-humano-a-lideranca-comunitaria-quem-foi-dona-carmem-fundadora-da-comunidade-menino-chorao\\\/#listItem\",\"position\":3,\"name\":\"De v\\u00edtima de tr\\u00e1fico humano a lideran\\u00e7a comunit\\u00e1ria: quem foi Dona Carmem, fundadora da Comunidade Menino Chor\\u00e3o\",\"previousItem\":{\"@type\":\"ListItem\",\"@id\":\"https:\\\/\\\/www.encontracampobelo.com.br\\\/sobre\\\/cultura-no-campo-belo\\\/#listItem\",\"name\":\"Cultura Campo Belo\"}}]},{\"@type\":\"Organization\",\"@id\":\"https:\\\/\\\/www.encontracampobelo.com.br\\\/sobre\\\/#organization\",\"name\":\"Encontra  Campo Belo\",\"description\":\"Not\\u00edcias, eventos, informa\\u00e7\\u00f5es e dicas no bairro do Campo Belo e regi\\u00e3o.\",\"url\":\"https:\\\/\\\/www.encontracampobelo.com.br\\\/sobre\\\/\"},{\"@type\":\"Person\",\"@id\":\"https:\\\/\\\/www.encontracampobelo.com.br\\\/sobre\\\/author\\\/ecampobelo\\\/#author\",\"url\":\"https:\\\/\\\/www.encontracampobelo.com.br\\\/sobre\\\/author\\\/ecampobelo\\\/\",\"name\":\"Encontra Campo Belo\",\"image\":{\"@type\":\"ImageObject\",\"@id\":\"https:\\\/\\\/www.encontracampobelo.com.br\\\/sobre\\\/de-vitima-de-trafico-humano-a-lideranca-comunitaria-quem-foi-dona-carmem-fundadora-da-comunidade-menino-chorao\\\/#authorImage\",\"url\":\"https:\\\/\\\/secure.gravatar.com\\\/avatar\\\/507340682b8270222e1f208e23198b6ae7e2c6a1033ae84e99bc6bce4f82a387?s=96&d=mm&r=g\",\"width\":96,\"height\":96,\"caption\":\"Encontra Campo Belo\"}},{\"@type\":\"WebPage\",\"@id\":\"https:\\\/\\\/www.encontracampobelo.com.br\\\/sobre\\\/de-vitima-de-trafico-humano-a-lideranca-comunitaria-quem-foi-dona-carmem-fundadora-da-comunidade-menino-chorao\\\/#webpage\",\"url\":\"https:\\\/\\\/www.encontracampobelo.com.br\\\/sobre\\\/de-vitima-de-trafico-humano-a-lideranca-comunitaria-quem-foi-dona-carmem-fundadora-da-comunidade-menino-chorao\\\/\",\"name\":\"De v\\u00edtima de tr\\u00e1fico humano a lideran\\u00e7a comunit\\u00e1ria: quem foi Dona Carmem, fundadora da Comunidade Menino Chor\\u00e3o | Encontra Campo Belo\",\"description\":\"Dona Carmem transformou sua vida e a de muitas fam\\u00edlias em Campinas.\",\"inLanguage\":\"pt-BR\",\"isPartOf\":{\"@id\":\"https:\\\/\\\/www.encontracampobelo.com.br\\\/sobre\\\/#website\"},\"breadcrumb\":{\"@id\":\"https:\\\/\\\/www.encontracampobelo.com.br\\\/sobre\\\/de-vitima-de-trafico-humano-a-lideranca-comunitaria-quem-foi-dona-carmem-fundadora-da-comunidade-menino-chorao\\\/#breadcrumblist\"},\"author\":{\"@id\":\"https:\\\/\\\/www.encontracampobelo.com.br\\\/sobre\\\/author\\\/ecampobelo\\\/#author\"},\"creator\":{\"@id\":\"https:\\\/\\\/www.encontracampobelo.com.br\\\/sobre\\\/author\\\/ecampobelo\\\/#author\"},\"image\":{\"@type\":\"ImageObject\",\"url\":\"https:\\\/\\\/www.encontracampobelo.com.br\\\/sobre\\\/wp-content\\\/uploads\\\/2026\\\/08\\\/de-vitima-de-trafico-humano-a-lideranca-comunitaria-quem-foi-dona-carmem-fundadora-da-comunidade-men.webp\",\"@id\":\"https:\\\/\\\/www.encontracampobelo.com.br\\\/sobre\\\/de-vitima-de-trafico-humano-a-lideranca-comunitaria-quem-foi-dona-carmem-fundadora-da-comunidade-menino-chorao\\\/#mainImage\",\"width\":280,\"height\":280,\"caption\":\"Dona Carmem\"},\"primaryImageOfPage\":{\"@id\":\"https:\\\/\\\/www.encontracampobelo.com.br\\\/sobre\\\/de-vitima-de-trafico-humano-a-lideranca-comunitaria-quem-foi-dona-carmem-fundadora-da-comunidade-menino-chorao\\\/#mainImage\"},\"datePublished\":\"2026-08-28T22:57:39-02:00\",\"dateModified\":\"2026-08-28T22:57:39-02:00\"},{\"@type\":\"WebSite\",\"@id\":\"https:\\\/\\\/www.encontracampobelo.com.br\\\/sobre\\\/#website\",\"url\":\"https:\\\/\\\/www.encontracampobelo.com.br\\\/sobre\\\/\",\"name\":\"Encontra  Campo Belo\",\"description\":\"Not\\u00edcias, eventos, informa\\u00e7\\u00f5es e dicas no bairro do Campo Belo e regi\\u00e3o.\",\"inLanguage\":\"pt-BR\",\"publisher\":{\"@id\":\"https:\\\/\\\/www.encontracampobelo.com.br\\\/sobre\\\/#organization\"}}]}\n\t\t<\/script>\n\t\t<!-- All in One SEO -->\n\n","aioseo_head_json":{"title":"De v\u00edtima de tr\u00e1fico humano a lideran\u00e7a comunit\u00e1ria: quem foi Dona Carmem, fundadora da Comunidade Menino Chor\u00e3o | Encontra Campo Belo","description":"Dona Carmem transformou sua vida e a de muitas fam\u00edlias em Campinas.","canonical_url":"https:\/\/www.encontracampobelo.com.br\/sobre\/de-vitima-de-trafico-humano-a-lideranca-comunitaria-quem-foi-dona-carmem-fundadora-da-comunidade-menino-chorao\/","robots":"max-image-preview:large","keywords":"","webmasterTools":{"miscellaneous":""},"schema":{"@context":"https:\/\/schema.org","@graph":[{"@type":"Article","@id":"https:\/\/www.encontracampobelo.com.br\/sobre\/de-vitima-de-trafico-humano-a-lideranca-comunitaria-quem-foi-dona-carmem-fundadora-da-comunidade-menino-chorao\/#article","name":"De v\u00edtima de tr\u00e1fico humano a lideran\u00e7a comunit\u00e1ria: quem foi Dona Carmem, fundadora da Comunidade Menino Chor\u00e3o | Encontra Campo Belo","headline":"De v\u00edtima de tr\u00e1fico humano a lideran\u00e7a comunit\u00e1ria: quem foi Dona Carmem, fundadora da Comunidade Menino Chor\u00e3o","author":{"@id":"https:\/\/www.encontracampobelo.com.br\/sobre\/author\/ecampobelo\/#author"},"publisher":{"@id":"https:\/\/www.encontracampobelo.com.br\/sobre\/#organization"},"image":{"@type":"ImageObject","url":"https:\/\/www.encontracampobelo.com.br\/sobre\/wp-content\/uploads\/2026\/08\/de-vitima-de-trafico-humano-a-lideranca-comunitaria-quem-foi-dona-carmem-fundadora-da-comunidade-men.webp","width":280,"height":280,"caption":"Dona Carmem"},"datePublished":"2026-08-28T22:57:39-02:00","dateModified":"2026-08-28T22:57:39-02:00","inLanguage":"pt-BR","mainEntityOfPage":{"@id":"https:\/\/www.encontracampobelo.com.br\/sobre\/de-vitima-de-trafico-humano-a-lideranca-comunitaria-quem-foi-dona-carmem-fundadora-da-comunidade-menino-chorao\/#webpage"},"isPartOf":{"@id":"https:\/\/www.encontracampobelo.com.br\/sobre\/de-vitima-de-trafico-humano-a-lideranca-comunitaria-quem-foi-dona-carmem-fundadora-da-comunidade-menino-chorao\/#webpage"},"articleSection":"Cultura Campo Belo"},{"@type":"BreadcrumbList","@id":"https:\/\/www.encontracampobelo.com.br\/sobre\/de-vitima-de-trafico-humano-a-lideranca-comunitaria-quem-foi-dona-carmem-fundadora-da-comunidade-menino-chorao\/#breadcrumblist","itemListElement":[{"@type":"ListItem","@id":"https:\/\/www.encontracampobelo.com.br\/sobre#listItem","position":1,"name":"In\u00edcio","item":"https:\/\/www.encontracampobelo.com.br\/sobre","nextItem":{"@type":"ListItem","@id":"https:\/\/www.encontracampobelo.com.br\/sobre\/cultura-no-campo-belo\/#listItem","name":"Cultura Campo Belo"}},{"@type":"ListItem","@id":"https:\/\/www.encontracampobelo.com.br\/sobre\/cultura-no-campo-belo\/#listItem","position":2,"name":"Cultura Campo Belo","item":"https:\/\/www.encontracampobelo.com.br\/sobre\/cultura-no-campo-belo\/","nextItem":{"@type":"ListItem","@id":"https:\/\/www.encontracampobelo.com.br\/sobre\/de-vitima-de-trafico-humano-a-lideranca-comunitaria-quem-foi-dona-carmem-fundadora-da-comunidade-menino-chorao\/#listItem","name":"De v\u00edtima de tr\u00e1fico humano a lideran\u00e7a comunit\u00e1ria: quem foi Dona Carmem, fundadora da Comunidade Menino Chor\u00e3o"},"previousItem":{"@type":"ListItem","@id":"https:\/\/www.encontracampobelo.com.br\/sobre#listItem","name":"In\u00edcio"}},{"@type":"ListItem","@id":"https:\/\/www.encontracampobelo.com.br\/sobre\/de-vitima-de-trafico-humano-a-lideranca-comunitaria-quem-foi-dona-carmem-fundadora-da-comunidade-menino-chorao\/#listItem","position":3,"name":"De v\u00edtima de tr\u00e1fico humano a lideran\u00e7a comunit\u00e1ria: quem foi Dona Carmem, fundadora da Comunidade Menino Chor\u00e3o","previousItem":{"@type":"ListItem","@id":"https:\/\/www.encontracampobelo.com.br\/sobre\/cultura-no-campo-belo\/#listItem","name":"Cultura Campo Belo"}}]},{"@type":"Organization","@id":"https:\/\/www.encontracampobelo.com.br\/sobre\/#organization","name":"Encontra  Campo Belo","description":"Not\u00edcias, eventos, informa\u00e7\u00f5es e dicas no bairro do Campo Belo e regi\u00e3o.","url":"https:\/\/www.encontracampobelo.com.br\/sobre\/"},{"@type":"Person","@id":"https:\/\/www.encontracampobelo.com.br\/sobre\/author\/ecampobelo\/#author","url":"https:\/\/www.encontracampobelo.com.br\/sobre\/author\/ecampobelo\/","name":"Encontra Campo Belo","image":{"@type":"ImageObject","@id":"https:\/\/www.encontracampobelo.com.br\/sobre\/de-vitima-de-trafico-humano-a-lideranca-comunitaria-quem-foi-dona-carmem-fundadora-da-comunidade-menino-chorao\/#authorImage","url":"https:\/\/secure.gravatar.com\/avatar\/507340682b8270222e1f208e23198b6ae7e2c6a1033ae84e99bc6bce4f82a387?s=96&d=mm&r=g","width":96,"height":96,"caption":"Encontra Campo Belo"}},{"@type":"WebPage","@id":"https:\/\/www.encontracampobelo.com.br\/sobre\/de-vitima-de-trafico-humano-a-lideranca-comunitaria-quem-foi-dona-carmem-fundadora-da-comunidade-menino-chorao\/#webpage","url":"https:\/\/www.encontracampobelo.com.br\/sobre\/de-vitima-de-trafico-humano-a-lideranca-comunitaria-quem-foi-dona-carmem-fundadora-da-comunidade-menino-chorao\/","name":"De v\u00edtima de tr\u00e1fico humano a lideran\u00e7a comunit\u00e1ria: quem foi Dona Carmem, fundadora da Comunidade Menino Chor\u00e3o | Encontra Campo Belo","description":"Dona Carmem transformou sua vida e a de muitas fam\u00edlias em Campinas.","inLanguage":"pt-BR","isPartOf":{"@id":"https:\/\/www.encontracampobelo.com.br\/sobre\/#website"},"breadcrumb":{"@id":"https:\/\/www.encontracampobelo.com.br\/sobre\/de-vitima-de-trafico-humano-a-lideranca-comunitaria-quem-foi-dona-carmem-fundadora-da-comunidade-menino-chorao\/#breadcrumblist"},"author":{"@id":"https:\/\/www.encontracampobelo.com.br\/sobre\/author\/ecampobelo\/#author"},"creator":{"@id":"https:\/\/www.encontracampobelo.com.br\/sobre\/author\/ecampobelo\/#author"},"image":{"@type":"ImageObject","url":"https:\/\/www.encontracampobelo.com.br\/sobre\/wp-content\/uploads\/2026\/08\/de-vitima-de-trafico-humano-a-lideranca-comunitaria-quem-foi-dona-carmem-fundadora-da-comunidade-men.webp","@id":"https:\/\/www.encontracampobelo.com.br\/sobre\/de-vitima-de-trafico-humano-a-lideranca-comunitaria-quem-foi-dona-carmem-fundadora-da-comunidade-menino-chorao\/#mainImage","width":280,"height":280,"caption":"Dona Carmem"},"primaryImageOfPage":{"@id":"https:\/\/www.encontracampobelo.com.br\/sobre\/de-vitima-de-trafico-humano-a-lideranca-comunitaria-quem-foi-dona-carmem-fundadora-da-comunidade-menino-chorao\/#mainImage"},"datePublished":"2026-08-28T22:57:39-02:00","dateModified":"2026-08-28T22:57:39-02:00"},{"@type":"WebSite","@id":"https:\/\/www.encontracampobelo.com.br\/sobre\/#website","url":"https:\/\/www.encontracampobelo.com.br\/sobre\/","name":"Encontra  Campo Belo","description":"Not\u00edcias, eventos, informa\u00e7\u00f5es e dicas no bairro do Campo Belo e regi\u00e3o.","inLanguage":"pt-BR","publisher":{"@id":"https:\/\/www.encontracampobelo.com.br\/sobre\/#organization"}}]},"og:locale":"pt_BR","og:site_name":"Encontra  Campo Belo | Not\u00edcias, eventos, informa\u00e7\u00f5es e dicas no bairro do Campo Belo e regi\u00e3o.","og:type":"article","og:title":"De v\u00edtima de tr\u00e1fico humano a lideran\u00e7a comunit\u00e1ria: quem foi Dona Carmem, fundadora da Comunidade Menino Chor\u00e3o | Encontra Campo Belo","og:description":"Dona Carmem transformou sua vida e a de muitas fam\u00edlias em Campinas.","og:url":"https:\/\/www.encontracampobelo.com.br\/sobre\/de-vitima-de-trafico-humano-a-lideranca-comunitaria-quem-foi-dona-carmem-fundadora-da-comunidade-menino-chorao\/","article:published_time":"2026-08-29T00:57:39+00:00","article:modified_time":"2026-08-29T00:57:39+00:00","twitter:card":"summary_large_image","twitter:title":"De v\u00edtima de tr\u00e1fico humano a lideran\u00e7a comunit\u00e1ria: quem foi Dona Carmem, fundadora da Comunidade Menino Chor\u00e3o | Encontra Campo Belo","twitter:description":"Dona Carmem transformou sua vida e a de muitas fam\u00edlias em Campinas."},"aioseo_meta_data":{"post_id":"2550","title":null,"description":null,"keywords":null,"keyphrases":null,"primary_term":null,"canonical_url":null,"og_title":null,"og_description":null,"og_object_type":"default","og_image_type":"default","og_image_url":null,"og_image_width":null,"og_image_height":null,"og_image_custom_url":null,"og_image_custom_fields":null,"og_video":null,"og_custom_url":null,"og_article_section":null,"og_article_tags":null,"twitter_use_og":false,"twitter_card":"default","twitter_image_type":"default","twitter_image_url":null,"twitter_image_custom_url":null,"twitter_image_custom_fields":null,"twitter_title":null,"twitter_description":null,"schema":{"blockGraphs":[],"customGraphs":[],"default":{"data":{"Article":[],"Course":[],"Dataset":[],"FAQPage":[],"Movie":[],"Person":[],"Product":[],"ProductReview":[],"Car":[],"Recipe":[],"Service":[],"SoftwareApplication":[],"WebPage":[]},"graphName":"Article","isEnabled":true},"graphs":[]},"schema_type":"default","schema_type_options":null,"pillar_content":false,"robots_default":true,"robots_noindex":false,"robots_noarchive":false,"robots_nosnippet":false,"robots_nofollow":false,"robots_noimageindex":false,"robots_noodp":false,"robots_notranslate":false,"robots_max_snippet":null,"robots_max_videopreview":null,"robots_max_imagepreview":"large","priority":null,"frequency":null,"local_seo":null,"breadcrumb_settings":null,"limit_modified_date":false,"ai":null,"created":"2026-08-29 00:57:41","updated":"2026-08-29 01:44:54","focus_keyword":null,"additional_keywords":null,"truseo_locale":null,"seo_analyzer_scan_date":null},"aioseo_breadcrumb":"<div class=\"aioseo-breadcrumbs\"><span class=\"aioseo-breadcrumb\">\n\t\t\t<a href=\"https:\/\/www.encontracampobelo.com.br\/sobre\" title=\"In\u00edcio\">In\u00edcio<\/a>\n\t\t<\/span><span class=\"aioseo-breadcrumb-separator\">&raquo;<\/span><span class=\"aioseo-breadcrumb\">\n\t\t\t<a href=\"https:\/\/www.encontracampobelo.com.br\/sobre\/cultura-no-campo-belo\/\" title=\"Cultura Campo Belo\">Cultura Campo Belo<\/a>\n\t\t<\/span><span class=\"aioseo-breadcrumb-separator\">&raquo;<\/span><span class=\"aioseo-breadcrumb\">\n\t\t\tDe v\u00edtima de tr\u00e1fico humano a lideran\u00e7a comunit\u00e1ria: quem foi Dona Carmem, fundadora da Comunidade Menino Chor\u00e3o\n\t\t<\/span><\/div>","aioseo_breadcrumb_json":[{"label":"In\u00edcio","link":"https:\/\/www.encontracampobelo.com.br\/sobre"},{"label":"Cultura Campo Belo","link":"https:\/\/www.encontracampobelo.com.br\/sobre\/cultura-no-campo-belo\/"},{"label":"De v\u00edtima de tr\u00e1fico humano a lideran\u00e7a comunit\u00e1ria: quem foi Dona Carmem, fundadora da Comunidade Menino Chor\u00e3o","link":"https:\/\/www.encontracampobelo.com.br\/sobre\/de-vitima-de-trafico-humano-a-lideranca-comunitaria-quem-foi-dona-carmem-fundadora-da-comunidade-menino-chorao\/"}],"_links":{"self":[{"href":"https:\/\/www.encontracampobelo.com.br\/sobre\/wp-json\/wp\/v2\/posts\/2550","targetHints":{"allow":["GET"]}}],"collection":[{"href":"https:\/\/www.encontracampobelo.com.br\/sobre\/wp-json\/wp\/v2\/posts"}],"about":[{"href":"https:\/\/www.encontracampobelo.com.br\/sobre\/wp-json\/wp\/v2\/types\/post"}],"author":[{"embeddable":true,"href":"https:\/\/www.encontracampobelo.com.br\/sobre\/wp-json\/wp\/v2\/users\/1"}],"replies":[{"embeddable":true,"href":"https:\/\/www.encontracampobelo.com.br\/sobre\/wp-json\/wp\/v2\/comments?post=2550"}],"version-history":[{"count":0,"href":"https:\/\/www.encontracampobelo.com.br\/sobre\/wp-json\/wp\/v2\/posts\/2550\/revisions"}],"wp:featuredmedia":[{"embeddable":true,"href":"https:\/\/www.encontracampobelo.com.br\/sobre\/wp-json\/wp\/v2\/media\/2549"}],"wp:attachment":[{"href":"https:\/\/www.encontracampobelo.com.br\/sobre\/wp-json\/wp\/v2\/media?parent=2550"}],"wp:term":[{"taxonomy":"category","embeddable":true,"href":"https:\/\/www.encontracampobelo.com.br\/sobre\/wp-json\/wp\/v2\/categories?post=2550"},{"taxonomy":"post_tag","embeddable":true,"href":"https:\/\/www.encontracampobelo.com.br\/sobre\/wp-json\/wp\/v2\/tags?post=2550"}],"curies":[{"name":"wp","href":"https:\/\/api.w.org\/{rel}","templated":true}]}}