{"id":2556,"date":"2026-08-29T09:22:06","date_gmt":"2026-08-29T11:22:06","guid":{"rendered":"https:\/\/www.encontracampobelo.com.br\/sobre\/enquanto-sp-tem-23oc-sc-congela-com-frio-de\/"},"modified":"2026-08-29T09:22:06","modified_gmt":"2026-08-29T11:22:06","slug":"enquanto-sp-tem-23oc-sc-congela-com-frio-de","status":"publish","type":"post","link":"https:\/\/www.encontracampobelo.com.br\/sobre\/enquanto-sp-tem-23oc-sc-congela-com-frio-de\/","title":{"rendered":"Enquanto SP tem 23\u00baC, SC congela com frio de"},"content":{"rendered":"<div class=\"1cfda93c6640a8762b4fe319eb685dc5\" data-index=\"1\" style=\"float: none; margin:0px;\">\n<!-- Anuncio display - global -->\r\n<ins class=\"adsbygoogle\"\r\n     style=\"display:block\"\r\n     data-ad-client=\"ca-pub-8585364105181520\"\r\n     data-ad-slot=\"8789329856\"\r\n     data-ad-format=\"auto\"\r\n     data-full-width-responsive=\"true\"><\/ins>\r\n<script>\r\n     (adsbygoogle = window.adsbygoogle || []).push({});\r\n<\/script>\n<\/div>\n<h2>O que \u00e9 uma Massa de Ar Frio?<\/h2>\n<p>Uma massa de ar frio \u00e9 uma grande por\u00e7\u00e3o de ar que se move de uma regi\u00e3o de alta press\u00e3o para \u00e1reas de baixa press\u00e3o, apresentando temperaturas significativamente abaixo da m\u00e9dia local. Estas massas podem se formar em diversas condi\u00e7\u00f5es, geralmente associadas a sistemas de alta press\u00e3o em regi\u00f5es mais frias, como os polos ou grandes sistemas montanhosos.<\/p>\n<h2>O que Causa Massas de Ar Frio?<\/h2>\n<p>A forma\u00e7\u00e3o de massas de ar frio est\u00e1 relacionada a v\u00e1rios fatores clim\u00e1ticos e geogr\u00e1ficos. As principais causas incluem:<\/p>\n<ul>\n<li><strong>Radia\u00e7\u00e3o Infravermelha:<\/strong> Durante a noite, a perda de calor da superf\u00edcie terrestre gera um resfriamento significativo do ar pr\u00f3ximo ao solo.<\/li>\n<li><strong>Localiza\u00e7\u00e3o Geogr\u00e1fica:<\/strong> Regi\u00f5es pr\u00f3ximas a grandes corpos d&#8217;\u00e1gua ou em altitudes elevadas tendem a acumular massas de ar frio.<\/li>\n<li><strong>Movimenta\u00e7\u00e3o de Sistemas de Alta Press\u00e3o:<\/strong> Os sistemas de alta press\u00e3o s\u00e3o respons\u00e1veis por mover o ar frio para outras regi\u00f5es, despejando-o em \u00e1reas mais quentes.<\/li>\n<\/ul>\n<h2>Temperaturas Extremas em Santa Catarina<\/h2>\n<p>Santa Catarina, especialmente em sua regi\u00e3o serrana, \u00e9 frequentemente afetada por essas massas de ar frio. Durante uma recente onda de frio, em agosto de 2026, os term\u00f4metros marcaram temperaturas extremas, com Bom Jardim da Serra registrando -7,7 \u00b0C. Esse clima severo n\u00e3o \u00e9 incomum na regi\u00e3o, que j\u00e1 se acostumou a lidar com invernos rigorosos e geadas.<\/p>\n<p><img decoding=\"async\" src=\"https:\/\/www.encontracampobelo.com.br\/sobre\/wp-content\/uploads\/2026\/08\/enquanto-sp-tem-23-c-sc-congela-com-frio-de.webp\" alt=\"massa de ar frio\" loading=\"lazy\" \/><\/p>\n<h2>Compara\u00e7\u00e3o de Temperaturas: SP vs. SC<\/h2>\n<p>Durante o mesmo evento meteorol\u00f3gico, enquanto S\u00e3o Paulo observava temperaturas na ordem de 23 \u00b0C, Santa Catarina enfrentava temperaturas congelantes. A disparidade entre as duas regi\u00f5es demonstra como as massas de ar frio podem ter efeitos dr\u00e1sticos em estados vizinhos.<\/p>\n<h2>Regi\u00f5es Mais Afetadas pelo Frio<\/h2>\n<p>As regi\u00f5es mais severamente afetadas durante as ondas de frio incluem:<\/p>\n<ul>\n<li><strong>Bom Jardim da Serra:<\/strong> Menor temperatura registrando -7,7 \u00b0C.<\/li>\n<li><strong>Urupema:<\/strong> -6,3 \u00b0C.<\/li>\n<li><strong>S\u00e3o Joaquim:<\/strong> -5,1 \u00b0C.<\/li>\n<li><strong>S\u00e3o Jos\u00e9 do Cerrito:<\/strong> -2,4 \u00b0C.<\/li>\n<li><strong>Outros Munic\u00edpios:<\/strong> Diversos outros locais, como Lages e Urubici, tamb\u00e9m relataram m\u00ednimas negativas significativas.<\/li>\n<\/ul>\n<h2>Impactos da Geada nas Plantas<\/h2>\n<p>A geada causada por essas massas de ar frio n\u00e3o apenas afeta as temperaturas, mas tamb\u00e9m impacta a vegeta\u00e7\u00e3o local. Plantas e culturas s\u00e3o particularmente vulner\u00e1veis a congelamentos, e as consequ\u00eancias podem incluir:<\/p>\n<ul>\n<li><strong>Destrui\u00e7\u00e3o de Culturas:<\/strong> Geadas intensas podem levar \u00e0 perda total das safras em algumas \u00e1reas.<\/li>\n<li><strong>Altera\u00e7\u00f5es no Ecossistema:<\/strong> As mudan\u00e7as nas temperaturas podem causar estresse nas plantas nativas e modifica\u00e7\u00f5es nos habitats.<\/li>\n<li><strong>Retardo no Crescimento:<\/strong> Plantas cobertas por geada frequentemente apresentam crescimento atrasado devido ao estresse t\u00e9rmico.<\/li>\n<\/ul>\n<h2>Previs\u00f5es Clim\u00e1ticas para os Pr\u00f3ximos Dias<\/h2>\n<p>As previs\u00f5es indicam que a massa de ar frio deve permanecer sobre Santa Catarina, trazendo a expectativa de novas geadas. Com m\u00ednimas variando entre -2 \u00b0C e 3 \u00b0C, as geadas generalizadas s\u00e3o esperadas, especialmente no Meio-Oeste e nos planaltos. Isso significa que a popula\u00e7\u00e3o deve se preparar para um clima ainda mais severo.<\/p>\n<h2>Consequ\u00eancias do Frio em Santa Catarina<\/h2>\n<p>As consequ\u00eancias da onda de frio intenso v\u00e3o al\u00e9m do desconforto di\u00e1rio. Entre os principais efeitos est\u00e3o:<\/p>\n<ul>\n<li><strong>Aumento no Consumo de Energia:<\/strong> O frio intenso leva a um aumento no uso de aquecedores e energia el\u00e9trica.<\/li>\n<li><strong>Impactos na Sa\u00fade:<\/strong> Doen\u00e7as respirat\u00f3rias e outros problemas de sa\u00fade se intensificam em condi\u00e7\u00f5es de frio extremo.<\/li>\n<li><strong>Problemas no Tr\u00e2nsito:<\/strong> Geadas podem causar acidentes, e precau\u00e7\u00f5es devem ser tomadas por motoristas.<\/li>\n<\/ul>\n<h2>Como se Proteger do Frio Intenso<\/h2>\n<p>Para garantir a seguran\u00e7a e o bem-estar durante ondas de frio, \u00e9 essencial adotar algumas medidas:<\/p>\n<ul>\n<li><strong>Vestimenta Adequada:<\/strong> Use v\u00e1rias camadas de roupa, incluindo roupas t\u00e9rmicas, para manter o calor.<\/li>\n<li><strong>Cuidados com a Sa\u00fade:<\/strong> Mantenha-se hidratado e evite ficar exposto ao frio por longos per\u00edodos.<\/li>\n<li><strong>Aten\u00e7\u00e3o com Animais:<\/strong> Garanta que animais de estima\u00e7\u00e3o e outros animais estejam protegidos do frio.<\/li>\n<\/ul>\n<h2>Mudan\u00e7as Clim\u00e1ticas e Seus Efeitos<\/h2>\n<p>As mudan\u00e7as clim\u00e1ticas t\u00eam contribu\u00eddo para a altera\u00e7\u00e3o nas condi\u00e7\u00f5es meteorol\u00f3gicas globais, afetando a frequ\u00eancia e a intensidade das massas de ar frio. Os impactos s\u00e3o vis\u00edveis nas diversas regi\u00f5es do Brasil, fazendo com que eventos extremos se tornem cada vez mais comuns, o que demanda aten\u00e7\u00e3o e a\u00e7\u00e3o nessas \u00e1reas.<\/p>\n<h2>Import\u00e2ncia da Defesa Civil em Situa\u00e7\u00f5es de Frio<\/h2>\n<p>A Defesa Civil desempenha um papel fundamental na organiza\u00e7\u00e3o de respostas a desastres clim\u00e1ticos. Durante ondas de frio, \u00e9 crucial que:<\/p>\n<ul>\n<li><strong>Informa\u00e7\u00e3o R\u00e1pida:<\/strong> As autoridades precisam comunicar rapidamente as previs\u00f5es e alertas \u00e0s popula\u00e7\u00f5es vulner\u00e1veis.<\/li>\n<li><strong>Suporte \u00e0s Comunidades:<\/strong> \u00c9 vital fornecer abrigo e assist\u00eancia \u00e0queles que est\u00e3o mais expostos aos riscos do frio.<\/li>\n<li><strong>Monitoramento Cont\u00ednuo:<\/strong> Acompanhamento das condi\u00e7\u00f5es clim\u00e1ticas para assumir a\u00e7\u00f5es r\u00e1pidas em caso de emerg\u00eancia.<\/li>\n<\/ul>\n\n<div style=\"font-size: 0px; height: 0px; line-height: 0px; margin: 0; padding: 0; clear: both;\"><\/div>","protected":false},"excerpt":{"rendered":"<p>Enquanto SP sofre calor, SC enfrenta temperaturas negativas alarmantes!<\/p>\n","protected":false},"author":1,"featured_media":2555,"comment_status":"open","ping_status":"closed","sticky":false,"template":"","format":"standard","meta":{"footnotes":""},"categories":[7],"tags":[],"class_list":["post-2556","post","type-post","status-publish","format-standard","has-post-thumbnail","hentry","category-noticias-no-campo-belo","has_thumb"],"aioseo_notices":[],"aioseo_head":"\n\t\t<!-- All in One SEO 5.0.0.1 - aioseo.com -->\n\t<meta name=\"description\" content=\"Enquanto SP sofre calor, SC enfrenta temperaturas negativas alarmantes!\" \/>\n\t<meta name=\"robots\" content=\"max-image-preview:large\" \/>\n\t<meta name=\"author\" content=\"Encontra Campo Belo\"\/>\n\t<link rel=\"canonical\" href=\"https:\/\/www.encontracampobelo.com.br\/sobre\/enquanto-sp-tem-23oc-sc-congela-com-frio-de\/\" \/>\n\t<meta name=\"generator\" content=\"All in One SEO (AIOSEO) 5.0.0.1\" \/>\n\t\t<meta property=\"og:locale\" content=\"pt_BR\" \/>\n\t\t<meta property=\"og:site_name\" content=\"Encontra  Campo Belo | Not\u00edcias, eventos, informa\u00e7\u00f5es e dicas no bairro do Campo Belo e regi\u00e3o.\" \/>\n\t\t<meta property=\"og:type\" content=\"article\" \/>\n\t\t<meta property=\"og:title\" content=\"Enquanto SP tem 23\u00baC, SC congela com frio de | Encontra Campo Belo\" \/>\n\t\t<meta property=\"og:description\" content=\"Enquanto SP sofre calor, SC enfrenta temperaturas negativas alarmantes!\" \/>\n\t\t<meta property=\"og:url\" content=\"https:\/\/www.encontracampobelo.com.br\/sobre\/enquanto-sp-tem-23oc-sc-congela-com-frio-de\/\" \/>\n\t\t<meta property=\"article:published_time\" content=\"2026-08-29T11:22:06+00:00\" \/>\n\t\t<meta property=\"article:modified_time\" content=\"2026-08-29T11:22:06+00:00\" \/>\n\t\t<meta name=\"twitter:card\" content=\"summary_large_image\" \/>\n\t\t<meta name=\"twitter:title\" content=\"Enquanto SP tem 23\u00baC, SC congela com frio de | Encontra Campo Belo\" \/>\n\t\t<meta name=\"twitter:description\" content=\"Enquanto SP sofre calor, SC enfrenta temperaturas negativas alarmantes!\" \/>\n\t\t<script type=\"application\/ld+json\" class=\"aioseo-schema\">\n\t\t\t{\"@context\":\"https:\\\/\\\/schema.org\",\"@graph\":[{\"@type\":\"Article\",\"@id\":\"https:\\\/\\\/www.encontracampobelo.com.br\\\/sobre\\\/enquanto-sp-tem-23oc-sc-congela-com-frio-de\\\/#article\",\"name\":\"Enquanto SP tem 23\\u00baC, SC congela com frio de | Encontra Campo Belo\",\"headline\":\"Enquanto SP tem 23\\u00baC, SC congela com frio de\",\"author\":{\"@id\":\"https:\\\/\\\/www.encontracampobelo.com.br\\\/sobre\\\/author\\\/ecampobelo\\\/#author\"},\"publisher\":{\"@id\":\"https:\\\/\\\/www.encontracampobelo.com.br\\\/sobre\\\/#organization\"},\"image\":{\"@type\":\"ImageObject\",\"url\":\"https:\\\/\\\/www.encontracampobelo.com.br\\\/sobre\\\/wp-content\\\/uploads\\\/2026\\\/08\\\/enquanto-sp-tem-23-c-sc-congela-com-frio-de.webp\",\"width\":280,\"height\":280,\"caption\":\"massa de ar frio\"},\"datePublished\":\"2026-08-29T09:22:06-02:00\",\"dateModified\":\"2026-08-29T09:22:06-02:00\",\"inLanguage\":\"pt-BR\",\"mainEntityOfPage\":{\"@id\":\"https:\\\/\\\/www.encontracampobelo.com.br\\\/sobre\\\/enquanto-sp-tem-23oc-sc-congela-com-frio-de\\\/#webpage\"},\"isPartOf\":{\"@id\":\"https:\\\/\\\/www.encontracampobelo.com.br\\\/sobre\\\/enquanto-sp-tem-23oc-sc-congela-com-frio-de\\\/#webpage\"},\"articleSection\":\"Not\\u00edcias Campo Belo\"},{\"@type\":\"BreadcrumbList\",\"@id\":\"https:\\\/\\\/www.encontracampobelo.com.br\\\/sobre\\\/enquanto-sp-tem-23oc-sc-congela-com-frio-de\\\/#breadcrumblist\",\"itemListElement\":[{\"@type\":\"ListItem\",\"@id\":\"https:\\\/\\\/www.encontracampobelo.com.br\\\/sobre#listItem\",\"position\":1,\"name\":\"In\\u00edcio\",\"item\":\"https:\\\/\\\/www.encontracampobelo.com.br\\\/sobre\",\"nextItem\":{\"@type\":\"ListItem\",\"@id\":\"https:\\\/\\\/www.encontracampobelo.com.br\\\/sobre\\\/noticias-no-campo-belo\\\/#listItem\",\"name\":\"Not\\u00edcias Campo Belo\"}},{\"@type\":\"ListItem\",\"@id\":\"https:\\\/\\\/www.encontracampobelo.com.br\\\/sobre\\\/noticias-no-campo-belo\\\/#listItem\",\"position\":2,\"name\":\"Not\\u00edcias Campo Belo\",\"item\":\"https:\\\/\\\/www.encontracampobelo.com.br\\\/sobre\\\/noticias-no-campo-belo\\\/\",\"nextItem\":{\"@type\":\"ListItem\",\"@id\":\"https:\\\/\\\/www.encontracampobelo.com.br\\\/sobre\\\/enquanto-sp-tem-23oc-sc-congela-com-frio-de\\\/#listItem\",\"name\":\"Enquanto SP tem 23\\u00baC, SC congela com frio de\"},\"previousItem\":{\"@type\":\"ListItem\",\"@id\":\"https:\\\/\\\/www.encontracampobelo.com.br\\\/sobre#listItem\",\"name\":\"In\\u00edcio\"}},{\"@type\":\"ListItem\",\"@id\":\"https:\\\/\\\/www.encontracampobelo.com.br\\\/sobre\\\/enquanto-sp-tem-23oc-sc-congela-com-frio-de\\\/#listItem\",\"position\":3,\"name\":\"Enquanto SP tem 23\\u00baC, SC congela com frio de\",\"previousItem\":{\"@type\":\"ListItem\",\"@id\":\"https:\\\/\\\/www.encontracampobelo.com.br\\\/sobre\\\/noticias-no-campo-belo\\\/#listItem\",\"name\":\"Not\\u00edcias Campo Belo\"}}]},{\"@type\":\"Organization\",\"@id\":\"https:\\\/\\\/www.encontracampobelo.com.br\\\/sobre\\\/#organization\",\"name\":\"Encontra  Campo Belo\",\"description\":\"Not\\u00edcias, eventos, informa\\u00e7\\u00f5es e dicas no bairro do Campo Belo e regi\\u00e3o.\",\"url\":\"https:\\\/\\\/www.encontracampobelo.com.br\\\/sobre\\\/\"},{\"@type\":\"Person\",\"@id\":\"https:\\\/\\\/www.encontracampobelo.com.br\\\/sobre\\\/author\\\/ecampobelo\\\/#author\",\"url\":\"https:\\\/\\\/www.encontracampobelo.com.br\\\/sobre\\\/author\\\/ecampobelo\\\/\",\"name\":\"Encontra Campo Belo\",\"image\":{\"@type\":\"ImageObject\",\"@id\":\"https:\\\/\\\/www.encontracampobelo.com.br\\\/sobre\\\/enquanto-sp-tem-23oc-sc-congela-com-frio-de\\\/#authorImage\",\"url\":\"https:\\\/\\\/secure.gravatar.com\\\/avatar\\\/507340682b8270222e1f208e23198b6ae7e2c6a1033ae84e99bc6bce4f82a387?s=96&d=mm&r=g\",\"width\":96,\"height\":96,\"caption\":\"Encontra Campo Belo\"}},{\"@type\":\"WebPage\",\"@id\":\"https:\\\/\\\/www.encontracampobelo.com.br\\\/sobre\\\/enquanto-sp-tem-23oc-sc-congela-com-frio-de\\\/#webpage\",\"url\":\"https:\\\/\\\/www.encontracampobelo.com.br\\\/sobre\\\/enquanto-sp-tem-23oc-sc-congela-com-frio-de\\\/\",\"name\":\"Enquanto SP tem 23\\u00baC, SC congela com frio de | Encontra Campo Belo\",\"description\":\"Enquanto SP sofre calor, SC enfrenta temperaturas negativas alarmantes!\",\"inLanguage\":\"pt-BR\",\"isPartOf\":{\"@id\":\"https:\\\/\\\/www.encontracampobelo.com.br\\\/sobre\\\/#website\"},\"breadcrumb\":{\"@id\":\"https:\\\/\\\/www.encontracampobelo.com.br\\\/sobre\\\/enquanto-sp-tem-23oc-sc-congela-com-frio-de\\\/#breadcrumblist\"},\"author\":{\"@id\":\"https:\\\/\\\/www.encontracampobelo.com.br\\\/sobre\\\/author\\\/ecampobelo\\\/#author\"},\"creator\":{\"@id\":\"https:\\\/\\\/www.encontracampobelo.com.br\\\/sobre\\\/author\\\/ecampobelo\\\/#author\"},\"image\":{\"@type\":\"ImageObject\",\"url\":\"https:\\\/\\\/www.encontracampobelo.com.br\\\/sobre\\\/wp-content\\\/uploads\\\/2026\\\/08\\\/enquanto-sp-tem-23-c-sc-congela-com-frio-de.webp\",\"@id\":\"https:\\\/\\\/www.encontracampobelo.com.br\\\/sobre\\\/enquanto-sp-tem-23oc-sc-congela-com-frio-de\\\/#mainImage\",\"width\":280,\"height\":280,\"caption\":\"massa de ar frio\"},\"primaryImageOfPage\":{\"@id\":\"https:\\\/\\\/www.encontracampobelo.com.br\\\/sobre\\\/enquanto-sp-tem-23oc-sc-congela-com-frio-de\\\/#mainImage\"},\"datePublished\":\"2026-08-29T09:22:06-02:00\",\"dateModified\":\"2026-08-29T09:22:06-02:00\"},{\"@type\":\"WebSite\",\"@id\":\"https:\\\/\\\/www.encontracampobelo.com.br\\\/sobre\\\/#website\",\"url\":\"https:\\\/\\\/www.encontracampobelo.com.br\\\/sobre\\\/\",\"name\":\"Encontra  Campo Belo\",\"description\":\"Not\\u00edcias, eventos, informa\\u00e7\\u00f5es e dicas no bairro do Campo Belo e regi\\u00e3o.\",\"inLanguage\":\"pt-BR\",\"publisher\":{\"@id\":\"https:\\\/\\\/www.encontracampobelo.com.br\\\/sobre\\\/#organization\"}}]}\n\t\t<\/script>\n\t\t<!-- All in One SEO -->\n\n","aioseo_head_json":{"title":"Enquanto SP tem 23\u00baC, SC congela com frio de | Encontra Campo Belo","description":"Enquanto SP sofre calor, SC enfrenta temperaturas negativas alarmantes!","canonical_url":"https:\/\/www.encontracampobelo.com.br\/sobre\/enquanto-sp-tem-23oc-sc-congela-com-frio-de\/","robots":"max-image-preview:large","keywords":"","webmasterTools":{"miscellaneous":""},"schema":{"@context":"https:\/\/schema.org","@graph":[{"@type":"Article","@id":"https:\/\/www.encontracampobelo.com.br\/sobre\/enquanto-sp-tem-23oc-sc-congela-com-frio-de\/#article","name":"Enquanto SP tem 23\u00baC, SC congela com frio de | Encontra Campo Belo","headline":"Enquanto SP tem 23\u00baC, SC congela com frio de","author":{"@id":"https:\/\/www.encontracampobelo.com.br\/sobre\/author\/ecampobelo\/#author"},"publisher":{"@id":"https:\/\/www.encontracampobelo.com.br\/sobre\/#organization"},"image":{"@type":"ImageObject","url":"https:\/\/www.encontracampobelo.com.br\/sobre\/wp-content\/uploads\/2026\/08\/enquanto-sp-tem-23-c-sc-congela-com-frio-de.webp","width":280,"height":280,"caption":"massa de ar frio"},"datePublished":"2026-08-29T09:22:06-02:00","dateModified":"2026-08-29T09:22:06-02:00","inLanguage":"pt-BR","mainEntityOfPage":{"@id":"https:\/\/www.encontracampobelo.com.br\/sobre\/enquanto-sp-tem-23oc-sc-congela-com-frio-de\/#webpage"},"isPartOf":{"@id":"https:\/\/www.encontracampobelo.com.br\/sobre\/enquanto-sp-tem-23oc-sc-congela-com-frio-de\/#webpage"},"articleSection":"Not\u00edcias Campo Belo"},{"@type":"BreadcrumbList","@id":"https:\/\/www.encontracampobelo.com.br\/sobre\/enquanto-sp-tem-23oc-sc-congela-com-frio-de\/#breadcrumblist","itemListElement":[{"@type":"ListItem","@id":"https:\/\/www.encontracampobelo.com.br\/sobre#listItem","position":1,"name":"In\u00edcio","item":"https:\/\/www.encontracampobelo.com.br\/sobre","nextItem":{"@type":"ListItem","@id":"https:\/\/www.encontracampobelo.com.br\/sobre\/noticias-no-campo-belo\/#listItem","name":"Not\u00edcias Campo Belo"}},{"@type":"ListItem","@id":"https:\/\/www.encontracampobelo.com.br\/sobre\/noticias-no-campo-belo\/#listItem","position":2,"name":"Not\u00edcias Campo Belo","item":"https:\/\/www.encontracampobelo.com.br\/sobre\/noticias-no-campo-belo\/","nextItem":{"@type":"ListItem","@id":"https:\/\/www.encontracampobelo.com.br\/sobre\/enquanto-sp-tem-23oc-sc-congela-com-frio-de\/#listItem","name":"Enquanto SP tem 23\u00baC, SC congela com frio de"},"previousItem":{"@type":"ListItem","@id":"https:\/\/www.encontracampobelo.com.br\/sobre#listItem","name":"In\u00edcio"}},{"@type":"ListItem","@id":"https:\/\/www.encontracampobelo.com.br\/sobre\/enquanto-sp-tem-23oc-sc-congela-com-frio-de\/#listItem","position":3,"name":"Enquanto SP tem 23\u00baC, SC congela com frio de","previousItem":{"@type":"ListItem","@id":"https:\/\/www.encontracampobelo.com.br\/sobre\/noticias-no-campo-belo\/#listItem","name":"Not\u00edcias Campo Belo"}}]},{"@type":"Organization","@id":"https:\/\/www.encontracampobelo.com.br\/sobre\/#organization","name":"Encontra  Campo Belo","description":"Not\u00edcias, eventos, informa\u00e7\u00f5es e dicas no bairro do Campo Belo e regi\u00e3o.","url":"https:\/\/www.encontracampobelo.com.br\/sobre\/"},{"@type":"Person","@id":"https:\/\/www.encontracampobelo.com.br\/sobre\/author\/ecampobelo\/#author","url":"https:\/\/www.encontracampobelo.com.br\/sobre\/author\/ecampobelo\/","name":"Encontra Campo Belo","image":{"@type":"ImageObject","@id":"https:\/\/www.encontracampobelo.com.br\/sobre\/enquanto-sp-tem-23oc-sc-congela-com-frio-de\/#authorImage","url":"https:\/\/secure.gravatar.com\/avatar\/507340682b8270222e1f208e23198b6ae7e2c6a1033ae84e99bc6bce4f82a387?s=96&d=mm&r=g","width":96,"height":96,"caption":"Encontra Campo Belo"}},{"@type":"WebPage","@id":"https:\/\/www.encontracampobelo.com.br\/sobre\/enquanto-sp-tem-23oc-sc-congela-com-frio-de\/#webpage","url":"https:\/\/www.encontracampobelo.com.br\/sobre\/enquanto-sp-tem-23oc-sc-congela-com-frio-de\/","name":"Enquanto SP tem 23\u00baC, SC congela com frio de | Encontra Campo Belo","description":"Enquanto SP sofre calor, SC enfrenta temperaturas negativas alarmantes!","inLanguage":"pt-BR","isPartOf":{"@id":"https:\/\/www.encontracampobelo.com.br\/sobre\/#website"},"breadcrumb":{"@id":"https:\/\/www.encontracampobelo.com.br\/sobre\/enquanto-sp-tem-23oc-sc-congela-com-frio-de\/#breadcrumblist"},"author":{"@id":"https:\/\/www.encontracampobelo.com.br\/sobre\/author\/ecampobelo\/#author"},"creator":{"@id":"https:\/\/www.encontracampobelo.com.br\/sobre\/author\/ecampobelo\/#author"},"image":{"@type":"ImageObject","url":"https:\/\/www.encontracampobelo.com.br\/sobre\/wp-content\/uploads\/2026\/08\/enquanto-sp-tem-23-c-sc-congela-com-frio-de.webp","@id":"https:\/\/www.encontracampobelo.com.br\/sobre\/enquanto-sp-tem-23oc-sc-congela-com-frio-de\/#mainImage","width":280,"height":280,"caption":"massa de ar frio"},"primaryImageOfPage":{"@id":"https:\/\/www.encontracampobelo.com.br\/sobre\/enquanto-sp-tem-23oc-sc-congela-com-frio-de\/#mainImage"},"datePublished":"2026-08-29T09:22:06-02:00","dateModified":"2026-08-29T09:22:06-02:00"},{"@type":"WebSite","@id":"https:\/\/www.encontracampobelo.com.br\/sobre\/#website","url":"https:\/\/www.encontracampobelo.com.br\/sobre\/","name":"Encontra  Campo Belo","description":"Not\u00edcias, eventos, informa\u00e7\u00f5es e dicas no bairro do Campo Belo e regi\u00e3o.","inLanguage":"pt-BR","publisher":{"@id":"https:\/\/www.encontracampobelo.com.br\/sobre\/#organization"}}]},"og:locale":"pt_BR","og:site_name":"Encontra  Campo Belo | Not\u00edcias, eventos, informa\u00e7\u00f5es e dicas no bairro do Campo Belo e regi\u00e3o.","og:type":"article","og:title":"Enquanto SP tem 23\u00baC, SC congela com frio de | Encontra Campo Belo","og:description":"Enquanto SP sofre calor, SC enfrenta temperaturas negativas alarmantes!","og:url":"https:\/\/www.encontracampobelo.com.br\/sobre\/enquanto-sp-tem-23oc-sc-congela-com-frio-de\/","article:published_time":"2026-08-29T11:22:06+00:00","article:modified_time":"2026-08-29T11:22:06+00:00","twitter:card":"summary_large_image","twitter:title":"Enquanto SP tem 23\u00baC, SC congela com frio de | Encontra Campo Belo","twitter:description":"Enquanto SP sofre calor, SC enfrenta temperaturas negativas alarmantes!"},"aioseo_meta_data":{"post_id":"2556","title":null,"description":null,"keywords":null,"keyphrases":null,"primary_term":null,"canonical_url":null,"og_title":null,"og_description":null,"og_object_type":"default","og_image_type":"default","og_image_url":null,"og_image_width":null,"og_image_height":null,"og_image_custom_url":null,"og_image_custom_fields":null,"og_video":null,"og_custom_url":null,"og_article_section":null,"og_article_tags":null,"twitter_use_og":false,"twitter_card":"default","twitter_image_type":"default","twitter_image_url":null,"twitter_image_custom_url":null,"twitter_image_custom_fields":null,"twitter_title":null,"twitter_description":null,"schema":{"blockGraphs":[],"customGraphs":[],"default":{"data":{"Article":[],"Course":[],"Dataset":[],"FAQPage":[],"Movie":[],"Person":[],"Product":[],"ProductReview":[],"Car":[],"Recipe":[],"Service":[],"SoftwareApplication":[],"WebPage":[]},"graphName":"Article","isEnabled":true},"graphs":[]},"schema_type":"default","schema_type_options":null,"pillar_content":false,"robots_default":true,"robots_noindex":false,"robots_noarchive":false,"robots_nosnippet":false,"robots_nofollow":false,"robots_noimageindex":false,"robots_noodp":false,"robots_notranslate":false,"robots_max_snippet":null,"robots_max_videopreview":null,"robots_max_imagepreview":"large","priority":null,"frequency":null,"local_seo":null,"breadcrumb_settings":null,"limit_modified_date":false,"ai":null,"created":"2026-08-29 11:22:07","updated":"2026-08-29 12:45:55","focus_keyword":null,"additional_keywords":null,"truseo_locale":null,"seo_analyzer_scan_date":null},"aioseo_breadcrumb":"<div class=\"aioseo-breadcrumbs\"><span class=\"aioseo-breadcrumb\">\n\t\t\t<a href=\"https:\/\/www.encontracampobelo.com.br\/sobre\" title=\"In\u00edcio\">In\u00edcio<\/a>\n\t\t<\/span><span class=\"aioseo-breadcrumb-separator\">&raquo;<\/span><span class=\"aioseo-breadcrumb\">\n\t\t\t<a href=\"https:\/\/www.encontracampobelo.com.br\/sobre\/noticias-no-campo-belo\/\" title=\"Not\u00edcias Campo Belo\">Not\u00edcias Campo Belo<\/a>\n\t\t<\/span><span class=\"aioseo-breadcrumb-separator\">&raquo;<\/span><span class=\"aioseo-breadcrumb\">\n\t\t\tEnquanto SP tem 23\u00baC, SC congela com frio de\n\t\t<\/span><\/div>","aioseo_breadcrumb_json":[{"label":"In\u00edcio","link":"https:\/\/www.encontracampobelo.com.br\/sobre"},{"label":"Not\u00edcias Campo Belo","link":"https:\/\/www.encontracampobelo.com.br\/sobre\/noticias-no-campo-belo\/"},{"label":"Enquanto SP tem 23\u00baC, SC congela com frio de","link":"https:\/\/www.encontracampobelo.com.br\/sobre\/enquanto-sp-tem-23oc-sc-congela-com-frio-de\/"}],"_links":{"self":[{"href":"https:\/\/www.encontracampobelo.com.br\/sobre\/wp-json\/wp\/v2\/posts\/2556","targetHints":{"allow":["GET"]}}],"collection":[{"href":"https:\/\/www.encontracampobelo.com.br\/sobre\/wp-json\/wp\/v2\/posts"}],"about":[{"href":"https:\/\/www.encontracampobelo.com.br\/sobre\/wp-json\/wp\/v2\/types\/post"}],"author":[{"embeddable":true,"href":"https:\/\/www.encontracampobelo.com.br\/sobre\/wp-json\/wp\/v2\/users\/1"}],"replies":[{"embeddable":true,"href":"https:\/\/www.encontracampobelo.com.br\/sobre\/wp-json\/wp\/v2\/comments?post=2556"}],"version-history":[{"count":0,"href":"https:\/\/www.encontracampobelo.com.br\/sobre\/wp-json\/wp\/v2\/posts\/2556\/revisions"}],"wp:featuredmedia":[{"embeddable":true,"href":"https:\/\/www.encontracampobelo.com.br\/sobre\/wp-json\/wp\/v2\/media\/2555"}],"wp:attachment":[{"href":"https:\/\/www.encontracampobelo.com.br\/sobre\/wp-json\/wp\/v2\/media?parent=2556"}],"wp:term":[{"taxonomy":"category","embeddable":true,"href":"https:\/\/www.encontracampobelo.com.br\/sobre\/wp-json\/wp\/v2\/categories?post=2556"},{"taxonomy":"post_tag","embeddable":true,"href":"https:\/\/www.encontracampobelo.com.br\/sobre\/wp-json\/wp\/v2\/tags?post=2556"}],"curies":[{"name":"wp","href":"https:\/\/api.w.org\/{rel}","templated":true}]}}