{"id":2578,"date":"2026-08-31T22:23:23","date_gmt":"2026-09-01T00:23:23","guid":{"rendered":"https:\/\/www.encontracampobelo.com.br\/sobre\/moradores-do-brooklin-na-zona-sul-de-sp-protestam-contra-construcao-de-predio-de-32-andares\/"},"modified":"2026-08-31T22:23:23","modified_gmt":"2026-09-01T00:23:23","slug":"moradores-do-brooklin-na-zona-sul-de-sp-protestam-contra-construcao-de-predio-de-32-andares","status":"publish","type":"post","link":"https:\/\/www.encontracampobelo.com.br\/sobre\/moradores-do-brooklin-na-zona-sul-de-sp-protestam-contra-construcao-de-predio-de-32-andares\/","title":{"rendered":"Moradores do Brooklin, na zona sul de SP, protestam contra constru\u00e7\u00e3o de pr\u00e9dio de 32 andares"},"content":{"rendered":"<div class=\"1cfda93c6640a8762b4fe319eb685dc5\" data-index=\"1\" style=\"float: none; margin:0px;\">\n<!-- Anuncio display - global -->\r\n<ins class=\"adsbygoogle\"\r\n     style=\"display:block\"\r\n     data-ad-client=\"ca-pub-8585364105181520\"\r\n     data-ad-slot=\"8789329856\"\r\n     data-ad-format=\"auto\"\r\n     data-full-width-responsive=\"true\"><\/ins>\r\n<script>\r\n     (adsbygoogle = window.adsbygoogle || []).push({});\r\n<\/script>\n<\/div>\n<h2>A Mobiliza\u00e7\u00e3o dos Moradores<\/h2>\n<p>Recentemente, os habitantes do Brooklin Paulista, situado na zona sul de S\u00e3o Paulo, iniciaram uma mobiliza\u00e7\u00e3o significativa contra a constru\u00e7\u00e3o de um pr\u00e9dio que possui 32 andares. Este projeto est\u00e1 sendo desenvolvido na rua Gil Eanes, e j\u00e1 suscitou diversas preocupa\u00e7\u00f5es entre os moradores da \u00e1rea. A iniciativa de protesto visa garantir que a voz dos residentes seja ouvida em rela\u00e7\u00e3o \u00e0s transforma\u00e7\u00f5es urbanas propostas, al\u00e9m de proteger a qualidade de vida na regi\u00e3o.<\/p>\n<h2>Impactos Ambientais da Constru\u00e7\u00e3o<\/h2>\n<p>Os efeitos ambientais da constru\u00e7\u00e3o do novo edif\u00edcio s\u00e3o uma das principais preocupa\u00e7\u00f5es dos moradores. A opera\u00e7\u00e3o de constru\u00e7\u00e3o em um local anteriormente arborizado levanta quest\u00f5es sobre a biodiversidade local, j\u00e1 que a fauna e flora podem ser significativamente impactadas pela nova edifica\u00e7\u00e3o. Diversas esp\u00e9cies de aves e outros animais t\u00eam como habitat a vegeta\u00e7\u00e3o que cobria a regi\u00e3o e, com a derrubada das \u00e1rvores, o risco de perda desta fauna \u00e9 alarmante.<\/p>\n<h2>O Papel da Construtora<\/h2>\n<p>A construtora AW Realty, respons\u00e1vel pela realiza\u00e7\u00e3o do projeto, afirma que j\u00e1 obteve todas as licen\u00e7as e alvar\u00e1s necess\u00e1rios para dar continuidade \u00e0 obra. A empresa defende que o projeto foi aprovado de acordo com a legisla\u00e7\u00e3o vigente e que as adequa\u00e7\u00f5es nas normas de zoneamento, implementadas em 2024, justificam a eleva\u00e7\u00e3o do limite de altura para o novo edif\u00edcio.<\/p>\n<p><img decoding=\"async\" src=\"https:\/\/www.encontracampobelo.com.br\/sobre\/wp-content\/uploads\/2026\/08\/moradores-do-brooklin-na-zona-sul-de-sp-protestam-contra-construcao-de-predio-de-32-andares.webp\" alt=\"\" loading=\"lazy\" \/><\/p>\n<h2>Legisla\u00e7\u00e3o de Zoneamento<\/h2>\n<p>A revis\u00e3o da legisla\u00e7\u00e3o de zoneamento, que permitiu a constru\u00e7\u00e3o de edif\u00edcios mais altos na regi\u00e3o, \u00e9 um fator que tem gerado controv\u00e9rsia. Antes de 2024, a altura m\u00e1xima permitida era de 28 metros, o que correspondia a aproximadamente entre oito e dez andares. Essa mudan\u00e7a provocou um choque nas comunidades locais, que se veem n\u00e3o apenas diante de uma nova constru\u00e7\u00e3o, mas tamb\u00e9m de uma altera\u00e7\u00e3o significativa no perfil da vizinhan\u00e7a.<\/p>\n<h2>Corte de \u00c1rvores e Rea\u00e7\u00f5es<\/h2>\n<p>No dia 24 de agosto, a construtora iniciou o corte de \u00e1rvores no terreno, um ato que despertou a indigna\u00e7\u00e3o de muitos moradores e associa\u00e7\u00f5es da regi\u00e3o. A designer e moradora Talita Ara\u00fajo de Carvalho, uma das vozes ativas no movimento contra a constru\u00e7\u00e3o, afirma que a retirada das \u00e1rvores ignora a presen\u00e7a de esp\u00e9cies que ali habitam, trazendo \u00e0 tona a discuss\u00e3o sobre a adequa\u00e7\u00e3o da avalia\u00e7\u00e3o de impacto ambiental realizada pela construtora.<\/p>\n<h2>Hist\u00f3rico do Zoneamento no Brooklin<\/h2>\n<p>A hist\u00f3ria do zoneamento no Brooklin \u00e9 marcada por um constante embate entre os interesses da urbaniza\u00e7\u00e3o e a preserva\u00e7\u00e3o da natureza local. As mudan\u00e7as frequentes nas regulamenta\u00e7\u00f5es urban\u00edsticas frequentemente desconsideram ampla consulta p\u00fablica, o que gera percep\u00e7\u00f5es de neglig\u00eancia por parte do poder p\u00fablico em rela\u00e7\u00e3o \u00e0s demandas da popula\u00e7\u00e3o local.<\/p>\n<h2>O que Diz a Prefeitura<\/h2>\n<p>A Prefeitura de S\u00e3o Paulo confirmou que todas as licen\u00e7as necess\u00e1rias foram entregues pela construtora e que o primeiro alvar\u00e1 foi concedido em outubro do ano anterior, isto \u00e9, antes do questionamento legal sobre as mudan\u00e7as no zoneamento. A administra\u00e7\u00e3o municipal continua a defender a validade das aprova\u00e7\u00f5es, argumentando que a decis\u00e3o foi conduzida de maneira regular dentro da legisla\u00e7\u00e3o vigente.<\/p>\n<h2>Rea\u00e7\u00f5es das Associa\u00e7\u00f5es de Bairro<\/h2>\n<p>As associa\u00e7\u00f5es de bairro e movimentos populares est\u00e3o mobilizados para contestar a constru\u00e7\u00e3o, buscando que suas preocupa\u00e7\u00f5es se tornem parte do debate p\u00fablico. As vozes dos moradores s\u00e3o fundamentais para impactar as decis\u00f5es que afetam diretamente a vida cotidiana e o espa\u00e7o que habitam. O movimento \u00e9 tamb\u00e9m uma resposta a uma percep\u00e7\u00e3o de distanciamento dos governantes em rela\u00e7\u00e3o \u00e0s necessidades da popula\u00e7\u00e3o.<\/p>\n<h2>Por que a Comunidade se Opoe?<\/h2>\n<p>A oposi\u00e7\u00e3o da comunidade se fundamenta em raz\u00f5es ambientais, sociais e est\u00e9ticas. Os moradores temem a degrada\u00e7\u00e3o do espa\u00e7o urbano, o aumento do tr\u00e1fego e a diminui\u00e7\u00e3o da qualidade de vida. Al\u00e9m disso, h\u00e1 um forte apelo emocional ligado \u00e0 preserva\u00e7\u00e3o da hist\u00f3ria local e da identidade cultural da \u00e1rea, que pode ser afetada por uma constru\u00e7\u00e3o de tal magnitude.<\/p>\n<h2>O Futuro do Brooklin Paulista<\/h2>\n<p>A discuss\u00e3o sobre a constru\u00e7\u00e3o do pr\u00e9dio de 32 andares no Brooklin Paulista se insere em um contexto mais amplo de tensionamentos entre crescimento urbano e preserva\u00e7\u00e3o de \u00e1reas verdes. O futuro da regi\u00e3o depender\u00e1 n\u00e3o apenas das decis\u00f5es da Justi\u00e7a e da administra\u00e7\u00e3o p\u00fablica, mas tamb\u00e9m da capacidade da comunidade de se organizar e defender seus interesses. O embate n\u00e3o \u00e9 apenas sobre um pr\u00e9dio, mas sobre o direito dos moradores a viver em um ambiente equilibrado e saud\u00e1vel.<\/p>\n\n<div style=\"font-size: 0px; height: 0px; line-height: 0px; margin: 0; padding: 0; clear: both;\"><\/div>","protected":false},"excerpt":{"rendered":"<p>Moradores do Brooklin se manifestam contra a constru\u00e7\u00e3o de um pr\u00e9dio de 32 andares na regi\u00e3o.<\/p>\n","protected":false},"author":1,"featured_media":2577,"comment_status":"open","ping_status":"closed","sticky":false,"template":"","format":"standard","meta":{"footnotes":""},"categories":[27],"tags":[],"class_list":["post-2578","post","type-post","status-publish","format-standard","has-post-thumbnail","hentry","category-construcao-no-campo-belo","has_thumb"],"aioseo_notices":[],"aioseo_head":"\n\t\t<!-- All in One SEO 5.0.0.1 - aioseo.com -->\n\t<meta name=\"description\" content=\"Moradores do Brooklin se manifestam contra a constru\u00e7\u00e3o de um pr\u00e9dio de 32 andares na regi\u00e3o.\" \/>\n\t<meta name=\"robots\" content=\"max-image-preview:large\" \/>\n\t<meta name=\"author\" content=\"Encontra Campo Belo\"\/>\n\t<link rel=\"canonical\" href=\"https:\/\/www.encontracampobelo.com.br\/sobre\/moradores-do-brooklin-na-zona-sul-de-sp-protestam-contra-construcao-de-predio-de-32-andares\/\" \/>\n\t<meta name=\"generator\" content=\"All in One SEO (AIOSEO) 5.0.0.1\" \/>\n\t\t<meta property=\"og:locale\" content=\"pt_BR\" \/>\n\t\t<meta property=\"og:site_name\" content=\"Encontra  Campo Belo | Not\u00edcias, eventos, informa\u00e7\u00f5es e dicas no bairro do Campo Belo e regi\u00e3o.\" \/>\n\t\t<meta property=\"og:type\" content=\"article\" \/>\n\t\t<meta property=\"og:title\" content=\"Moradores do Brooklin, na zona sul de SP, protestam contra constru\u00e7\u00e3o de pr\u00e9dio de 32 andares | Encontra Campo Belo\" \/>\n\t\t<meta property=\"og:description\" content=\"Moradores do Brooklin se manifestam contra a constru\u00e7\u00e3o de um pr\u00e9dio de 32 andares na regi\u00e3o.\" \/>\n\t\t<meta property=\"og:url\" content=\"https:\/\/www.encontracampobelo.com.br\/sobre\/moradores-do-brooklin-na-zona-sul-de-sp-protestam-contra-construcao-de-predio-de-32-andares\/\" \/>\n\t\t<meta property=\"article:published_time\" content=\"2026-09-01T00:23:23+00:00\" \/>\n\t\t<meta property=\"article:modified_time\" content=\"2026-09-01T00:23:23+00:00\" \/>\n\t\t<meta name=\"twitter:card\" content=\"summary_large_image\" \/>\n\t\t<meta name=\"twitter:title\" content=\"Moradores do Brooklin, na zona sul de SP, protestam contra constru\u00e7\u00e3o de pr\u00e9dio de 32 andares | Encontra Campo Belo\" \/>\n\t\t<meta name=\"twitter:description\" content=\"Moradores do Brooklin se manifestam contra a constru\u00e7\u00e3o de um pr\u00e9dio de 32 andares na regi\u00e3o.\" \/>\n\t\t<script type=\"application\/ld+json\" class=\"aioseo-schema\">\n\t\t\t{\"@context\":\"https:\\\/\\\/schema.org\",\"@graph\":[{\"@type\":\"Article\",\"@id\":\"https:\\\/\\\/www.encontracampobelo.com.br\\\/sobre\\\/moradores-do-brooklin-na-zona-sul-de-sp-protestam-contra-construcao-de-predio-de-32-andares\\\/#article\",\"name\":\"Moradores do Brooklin, na zona sul de SP, protestam contra constru\\u00e7\\u00e3o de pr\\u00e9dio de 32 andares | Encontra Campo Belo\",\"headline\":\"Moradores do Brooklin, na zona sul de SP, protestam contra constru\\u00e7\\u00e3o de pr\\u00e9dio de 32 andares\",\"author\":{\"@id\":\"https:\\\/\\\/www.encontracampobelo.com.br\\\/sobre\\\/author\\\/ecampobelo\\\/#author\"},\"publisher\":{\"@id\":\"https:\\\/\\\/www.encontracampobelo.com.br\\\/sobre\\\/#organization\"},\"image\":{\"@type\":\"ImageObject\",\"url\":\"https:\\\/\\\/www.encontracampobelo.com.br\\\/sobre\\\/wp-content\\\/uploads\\\/2026\\\/08\\\/moradores-do-brooklin-na-zona-sul-de-sp-protestam-contra-construcao-de-predio-de-32-andares.webp\",\"width\":280,\"height\":280},\"datePublished\":\"2026-08-31T22:23:23-02:00\",\"dateModified\":\"2026-08-31T22:23:23-02:00\",\"inLanguage\":\"pt-BR\",\"mainEntityOfPage\":{\"@id\":\"https:\\\/\\\/www.encontracampobelo.com.br\\\/sobre\\\/moradores-do-brooklin-na-zona-sul-de-sp-protestam-contra-construcao-de-predio-de-32-andares\\\/#webpage\"},\"isPartOf\":{\"@id\":\"https:\\\/\\\/www.encontracampobelo.com.br\\\/sobre\\\/moradores-do-brooklin-na-zona-sul-de-sp-protestam-contra-construcao-de-predio-de-32-andares\\\/#webpage\"},\"articleSection\":\"Constru\\u00e7\\u00e3o Campo Belo\"},{\"@type\":\"BreadcrumbList\",\"@id\":\"https:\\\/\\\/www.encontracampobelo.com.br\\\/sobre\\\/moradores-do-brooklin-na-zona-sul-de-sp-protestam-contra-construcao-de-predio-de-32-andares\\\/#breadcrumblist\",\"itemListElement\":[{\"@type\":\"ListItem\",\"@id\":\"https:\\\/\\\/www.encontracampobelo.com.br\\\/sobre#listItem\",\"position\":1,\"name\":\"In\\u00edcio\",\"item\":\"https:\\\/\\\/www.encontracampobelo.com.br\\\/sobre\",\"nextItem\":{\"@type\":\"ListItem\",\"@id\":\"https:\\\/\\\/www.encontracampobelo.com.br\\\/sobre\\\/construcao-no-campo-belo\\\/#listItem\",\"name\":\"Constru\\u00e7\\u00e3o Campo Belo\"}},{\"@type\":\"ListItem\",\"@id\":\"https:\\\/\\\/www.encontracampobelo.com.br\\\/sobre\\\/construcao-no-campo-belo\\\/#listItem\",\"position\":2,\"name\":\"Constru\\u00e7\\u00e3o Campo Belo\",\"item\":\"https:\\\/\\\/www.encontracampobelo.com.br\\\/sobre\\\/construcao-no-campo-belo\\\/\",\"nextItem\":{\"@type\":\"ListItem\",\"@id\":\"https:\\\/\\\/www.encontracampobelo.com.br\\\/sobre\\\/moradores-do-brooklin-na-zona-sul-de-sp-protestam-contra-construcao-de-predio-de-32-andares\\\/#listItem\",\"name\":\"Moradores do Brooklin, na zona sul de SP, protestam contra constru\\u00e7\\u00e3o de pr\\u00e9dio de 32 andares\"},\"previousItem\":{\"@type\":\"ListItem\",\"@id\":\"https:\\\/\\\/www.encontracampobelo.com.br\\\/sobre#listItem\",\"name\":\"In\\u00edcio\"}},{\"@type\":\"ListItem\",\"@id\":\"https:\\\/\\\/www.encontracampobelo.com.br\\\/sobre\\\/moradores-do-brooklin-na-zona-sul-de-sp-protestam-contra-construcao-de-predio-de-32-andares\\\/#listItem\",\"position\":3,\"name\":\"Moradores do Brooklin, na zona sul de SP, protestam contra constru\\u00e7\\u00e3o de pr\\u00e9dio de 32 andares\",\"previousItem\":{\"@type\":\"ListItem\",\"@id\":\"https:\\\/\\\/www.encontracampobelo.com.br\\\/sobre\\\/construcao-no-campo-belo\\\/#listItem\",\"name\":\"Constru\\u00e7\\u00e3o Campo Belo\"}}]},{\"@type\":\"Organization\",\"@id\":\"https:\\\/\\\/www.encontracampobelo.com.br\\\/sobre\\\/#organization\",\"name\":\"Encontra  Campo Belo\",\"description\":\"Not\\u00edcias, eventos, informa\\u00e7\\u00f5es e dicas no bairro do Campo Belo e regi\\u00e3o.\",\"url\":\"https:\\\/\\\/www.encontracampobelo.com.br\\\/sobre\\\/\"},{\"@type\":\"Person\",\"@id\":\"https:\\\/\\\/www.encontracampobelo.com.br\\\/sobre\\\/author\\\/ecampobelo\\\/#author\",\"url\":\"https:\\\/\\\/www.encontracampobelo.com.br\\\/sobre\\\/author\\\/ecampobelo\\\/\",\"name\":\"Encontra Campo Belo\",\"image\":{\"@type\":\"ImageObject\",\"@id\":\"https:\\\/\\\/www.encontracampobelo.com.br\\\/sobre\\\/moradores-do-brooklin-na-zona-sul-de-sp-protestam-contra-construcao-de-predio-de-32-andares\\\/#authorImage\",\"url\":\"https:\\\/\\\/secure.gravatar.com\\\/avatar\\\/507340682b8270222e1f208e23198b6ae7e2c6a1033ae84e99bc6bce4f82a387?s=96&d=mm&r=g\",\"width\":96,\"height\":96,\"caption\":\"Encontra Campo Belo\"}},{\"@type\":\"WebPage\",\"@id\":\"https:\\\/\\\/www.encontracampobelo.com.br\\\/sobre\\\/moradores-do-brooklin-na-zona-sul-de-sp-protestam-contra-construcao-de-predio-de-32-andares\\\/#webpage\",\"url\":\"https:\\\/\\\/www.encontracampobelo.com.br\\\/sobre\\\/moradores-do-brooklin-na-zona-sul-de-sp-protestam-contra-construcao-de-predio-de-32-andares\\\/\",\"name\":\"Moradores do Brooklin, na zona sul de SP, protestam contra constru\\u00e7\\u00e3o de pr\\u00e9dio de 32 andares | Encontra Campo Belo\",\"description\":\"Moradores do Brooklin se manifestam contra a constru\\u00e7\\u00e3o de um pr\\u00e9dio de 32 andares na regi\\u00e3o.\",\"inLanguage\":\"pt-BR\",\"isPartOf\":{\"@id\":\"https:\\\/\\\/www.encontracampobelo.com.br\\\/sobre\\\/#website\"},\"breadcrumb\":{\"@id\":\"https:\\\/\\\/www.encontracampobelo.com.br\\\/sobre\\\/moradores-do-brooklin-na-zona-sul-de-sp-protestam-contra-construcao-de-predio-de-32-andares\\\/#breadcrumblist\"},\"author\":{\"@id\":\"https:\\\/\\\/www.encontracampobelo.com.br\\\/sobre\\\/author\\\/ecampobelo\\\/#author\"},\"creator\":{\"@id\":\"https:\\\/\\\/www.encontracampobelo.com.br\\\/sobre\\\/author\\\/ecampobelo\\\/#author\"},\"image\":{\"@type\":\"ImageObject\",\"url\":\"https:\\\/\\\/www.encontracampobelo.com.br\\\/sobre\\\/wp-content\\\/uploads\\\/2026\\\/08\\\/moradores-do-brooklin-na-zona-sul-de-sp-protestam-contra-construcao-de-predio-de-32-andares.webp\",\"@id\":\"https:\\\/\\\/www.encontracampobelo.com.br\\\/sobre\\\/moradores-do-brooklin-na-zona-sul-de-sp-protestam-contra-construcao-de-predio-de-32-andares\\\/#mainImage\",\"width\":280,\"height\":280},\"primaryImageOfPage\":{\"@id\":\"https:\\\/\\\/www.encontracampobelo.com.br\\\/sobre\\\/moradores-do-brooklin-na-zona-sul-de-sp-protestam-contra-construcao-de-predio-de-32-andares\\\/#mainImage\"},\"datePublished\":\"2026-08-31T22:23:23-02:00\",\"dateModified\":\"2026-08-31T22:23:23-02:00\"},{\"@type\":\"WebSite\",\"@id\":\"https:\\\/\\\/www.encontracampobelo.com.br\\\/sobre\\\/#website\",\"url\":\"https:\\\/\\\/www.encontracampobelo.com.br\\\/sobre\\\/\",\"name\":\"Encontra  Campo Belo\",\"description\":\"Not\\u00edcias, eventos, informa\\u00e7\\u00f5es e dicas no bairro do Campo Belo e regi\\u00e3o.\",\"inLanguage\":\"pt-BR\",\"publisher\":{\"@id\":\"https:\\\/\\\/www.encontracampobelo.com.br\\\/sobre\\\/#organization\"}}]}\n\t\t<\/script>\n\t\t<!-- All in One SEO -->\n\n","aioseo_head_json":{"title":"Moradores do Brooklin, na zona sul de SP, protestam contra constru\u00e7\u00e3o de pr\u00e9dio de 32 andares | Encontra Campo Belo","description":"Moradores do Brooklin se manifestam contra a constru\u00e7\u00e3o de um pr\u00e9dio de 32 andares na regi\u00e3o.","canonical_url":"https:\/\/www.encontracampobelo.com.br\/sobre\/moradores-do-brooklin-na-zona-sul-de-sp-protestam-contra-construcao-de-predio-de-32-andares\/","robots":"max-image-preview:large","keywords":"","webmasterTools":{"miscellaneous":""},"schema":{"@context":"https:\/\/schema.org","@graph":[{"@type":"Article","@id":"https:\/\/www.encontracampobelo.com.br\/sobre\/moradores-do-brooklin-na-zona-sul-de-sp-protestam-contra-construcao-de-predio-de-32-andares\/#article","name":"Moradores do Brooklin, na zona sul de SP, protestam contra constru\u00e7\u00e3o de pr\u00e9dio de 32 andares | Encontra Campo Belo","headline":"Moradores do Brooklin, na zona sul de SP, protestam contra constru\u00e7\u00e3o de pr\u00e9dio de 32 andares","author":{"@id":"https:\/\/www.encontracampobelo.com.br\/sobre\/author\/ecampobelo\/#author"},"publisher":{"@id":"https:\/\/www.encontracampobelo.com.br\/sobre\/#organization"},"image":{"@type":"ImageObject","url":"https:\/\/www.encontracampobelo.com.br\/sobre\/wp-content\/uploads\/2026\/08\/moradores-do-brooklin-na-zona-sul-de-sp-protestam-contra-construcao-de-predio-de-32-andares.webp","width":280,"height":280},"datePublished":"2026-08-31T22:23:23-02:00","dateModified":"2026-08-31T22:23:23-02:00","inLanguage":"pt-BR","mainEntityOfPage":{"@id":"https:\/\/www.encontracampobelo.com.br\/sobre\/moradores-do-brooklin-na-zona-sul-de-sp-protestam-contra-construcao-de-predio-de-32-andares\/#webpage"},"isPartOf":{"@id":"https:\/\/www.encontracampobelo.com.br\/sobre\/moradores-do-brooklin-na-zona-sul-de-sp-protestam-contra-construcao-de-predio-de-32-andares\/#webpage"},"articleSection":"Constru\u00e7\u00e3o Campo Belo"},{"@type":"BreadcrumbList","@id":"https:\/\/www.encontracampobelo.com.br\/sobre\/moradores-do-brooklin-na-zona-sul-de-sp-protestam-contra-construcao-de-predio-de-32-andares\/#breadcrumblist","itemListElement":[{"@type":"ListItem","@id":"https:\/\/www.encontracampobelo.com.br\/sobre#listItem","position":1,"name":"In\u00edcio","item":"https:\/\/www.encontracampobelo.com.br\/sobre","nextItem":{"@type":"ListItem","@id":"https:\/\/www.encontracampobelo.com.br\/sobre\/construcao-no-campo-belo\/#listItem","name":"Constru\u00e7\u00e3o Campo Belo"}},{"@type":"ListItem","@id":"https:\/\/www.encontracampobelo.com.br\/sobre\/construcao-no-campo-belo\/#listItem","position":2,"name":"Constru\u00e7\u00e3o Campo Belo","item":"https:\/\/www.encontracampobelo.com.br\/sobre\/construcao-no-campo-belo\/","nextItem":{"@type":"ListItem","@id":"https:\/\/www.encontracampobelo.com.br\/sobre\/moradores-do-brooklin-na-zona-sul-de-sp-protestam-contra-construcao-de-predio-de-32-andares\/#listItem","name":"Moradores do Brooklin, na zona sul de SP, protestam contra constru\u00e7\u00e3o de pr\u00e9dio de 32 andares"},"previousItem":{"@type":"ListItem","@id":"https:\/\/www.encontracampobelo.com.br\/sobre#listItem","name":"In\u00edcio"}},{"@type":"ListItem","@id":"https:\/\/www.encontracampobelo.com.br\/sobre\/moradores-do-brooklin-na-zona-sul-de-sp-protestam-contra-construcao-de-predio-de-32-andares\/#listItem","position":3,"name":"Moradores do Brooklin, na zona sul de SP, protestam contra constru\u00e7\u00e3o de pr\u00e9dio de 32 andares","previousItem":{"@type":"ListItem","@id":"https:\/\/www.encontracampobelo.com.br\/sobre\/construcao-no-campo-belo\/#listItem","name":"Constru\u00e7\u00e3o Campo Belo"}}]},{"@type":"Organization","@id":"https:\/\/www.encontracampobelo.com.br\/sobre\/#organization","name":"Encontra  Campo Belo","description":"Not\u00edcias, eventos, informa\u00e7\u00f5es e dicas no bairro do Campo Belo e regi\u00e3o.","url":"https:\/\/www.encontracampobelo.com.br\/sobre\/"},{"@type":"Person","@id":"https:\/\/www.encontracampobelo.com.br\/sobre\/author\/ecampobelo\/#author","url":"https:\/\/www.encontracampobelo.com.br\/sobre\/author\/ecampobelo\/","name":"Encontra Campo Belo","image":{"@type":"ImageObject","@id":"https:\/\/www.encontracampobelo.com.br\/sobre\/moradores-do-brooklin-na-zona-sul-de-sp-protestam-contra-construcao-de-predio-de-32-andares\/#authorImage","url":"https:\/\/secure.gravatar.com\/avatar\/507340682b8270222e1f208e23198b6ae7e2c6a1033ae84e99bc6bce4f82a387?s=96&d=mm&r=g","width":96,"height":96,"caption":"Encontra Campo Belo"}},{"@type":"WebPage","@id":"https:\/\/www.encontracampobelo.com.br\/sobre\/moradores-do-brooklin-na-zona-sul-de-sp-protestam-contra-construcao-de-predio-de-32-andares\/#webpage","url":"https:\/\/www.encontracampobelo.com.br\/sobre\/moradores-do-brooklin-na-zona-sul-de-sp-protestam-contra-construcao-de-predio-de-32-andares\/","name":"Moradores do Brooklin, na zona sul de SP, protestam contra constru\u00e7\u00e3o de pr\u00e9dio de 32 andares | Encontra Campo Belo","description":"Moradores do Brooklin se manifestam contra a constru\u00e7\u00e3o de um pr\u00e9dio de 32 andares na regi\u00e3o.","inLanguage":"pt-BR","isPartOf":{"@id":"https:\/\/www.encontracampobelo.com.br\/sobre\/#website"},"breadcrumb":{"@id":"https:\/\/www.encontracampobelo.com.br\/sobre\/moradores-do-brooklin-na-zona-sul-de-sp-protestam-contra-construcao-de-predio-de-32-andares\/#breadcrumblist"},"author":{"@id":"https:\/\/www.encontracampobelo.com.br\/sobre\/author\/ecampobelo\/#author"},"creator":{"@id":"https:\/\/www.encontracampobelo.com.br\/sobre\/author\/ecampobelo\/#author"},"image":{"@type":"ImageObject","url":"https:\/\/www.encontracampobelo.com.br\/sobre\/wp-content\/uploads\/2026\/08\/moradores-do-brooklin-na-zona-sul-de-sp-protestam-contra-construcao-de-predio-de-32-andares.webp","@id":"https:\/\/www.encontracampobelo.com.br\/sobre\/moradores-do-brooklin-na-zona-sul-de-sp-protestam-contra-construcao-de-predio-de-32-andares\/#mainImage","width":280,"height":280},"primaryImageOfPage":{"@id":"https:\/\/www.encontracampobelo.com.br\/sobre\/moradores-do-brooklin-na-zona-sul-de-sp-protestam-contra-construcao-de-predio-de-32-andares\/#mainImage"},"datePublished":"2026-08-31T22:23:23-02:00","dateModified":"2026-08-31T22:23:23-02:00"},{"@type":"WebSite","@id":"https:\/\/www.encontracampobelo.com.br\/sobre\/#website","url":"https:\/\/www.encontracampobelo.com.br\/sobre\/","name":"Encontra  Campo Belo","description":"Not\u00edcias, eventos, informa\u00e7\u00f5es e dicas no bairro do Campo Belo e regi\u00e3o.","inLanguage":"pt-BR","publisher":{"@id":"https:\/\/www.encontracampobelo.com.br\/sobre\/#organization"}}]},"og:locale":"pt_BR","og:site_name":"Encontra  Campo Belo | Not\u00edcias, eventos, informa\u00e7\u00f5es e dicas no bairro do Campo Belo e regi\u00e3o.","og:type":"article","og:title":"Moradores do Brooklin, na zona sul de SP, protestam contra constru\u00e7\u00e3o de pr\u00e9dio de 32 andares | Encontra Campo Belo","og:description":"Moradores do Brooklin se manifestam contra a constru\u00e7\u00e3o de um pr\u00e9dio de 32 andares na regi\u00e3o.","og:url":"https:\/\/www.encontracampobelo.com.br\/sobre\/moradores-do-brooklin-na-zona-sul-de-sp-protestam-contra-construcao-de-predio-de-32-andares\/","article:published_time":"2026-09-01T00:23:23+00:00","article:modified_time":"2026-09-01T00:23:23+00:00","twitter:card":"summary_large_image","twitter:title":"Moradores do Brooklin, na zona sul de SP, protestam contra constru\u00e7\u00e3o de pr\u00e9dio de 32 andares | Encontra Campo Belo","twitter:description":"Moradores do Brooklin se manifestam contra a constru\u00e7\u00e3o de um pr\u00e9dio de 32 andares na regi\u00e3o."},"aioseo_meta_data":{"post_id":"2578","title":null,"description":null,"keywords":null,"keyphrases":null,"primary_term":null,"canonical_url":null,"og_title":null,"og_description":null,"og_object_type":"default","og_image_type":"default","og_image_url":null,"og_image_width":null,"og_image_height":null,"og_image_custom_url":null,"og_image_custom_fields":null,"og_video":null,"og_custom_url":null,"og_article_section":null,"og_article_tags":null,"twitter_use_og":false,"twitter_card":"default","twitter_image_type":"default","twitter_image_url":null,"twitter_image_custom_url":null,"twitter_image_custom_fields":null,"twitter_title":null,"twitter_description":null,"schema":{"blockGraphs":[],"customGraphs":[],"default":{"data":{"Article":[],"Course":[],"Dataset":[],"FAQPage":[],"Movie":[],"Person":[],"Product":[],"ProductReview":[],"Car":[],"Recipe":[],"Service":[],"SoftwareApplication":[],"WebPage":[]},"graphName":"Article","isEnabled":true},"graphs":[]},"schema_type":"default","schema_type_options":null,"pillar_content":false,"robots_default":true,"robots_noindex":false,"robots_noarchive":false,"robots_nosnippet":false,"robots_nofollow":false,"robots_noimageindex":false,"robots_noodp":false,"robots_notranslate":false,"robots_max_snippet":null,"robots_max_videopreview":null,"robots_max_imagepreview":"large","priority":null,"frequency":null,"local_seo":null,"breadcrumb_settings":null,"limit_modified_date":false,"ai":null,"created":"2026-09-01 00:23:25","updated":"2026-09-01 01:02:58","focus_keyword":null,"additional_keywords":null,"truseo_locale":null,"seo_analyzer_scan_date":null},"aioseo_breadcrumb":"<div class=\"aioseo-breadcrumbs\"><span class=\"aioseo-breadcrumb\">\n\t\t\t<a href=\"https:\/\/www.encontracampobelo.com.br\/sobre\" title=\"In\u00edcio\">In\u00edcio<\/a>\n\t\t<\/span><span class=\"aioseo-breadcrumb-separator\">&raquo;<\/span><span class=\"aioseo-breadcrumb\">\n\t\t\t<a href=\"https:\/\/www.encontracampobelo.com.br\/sobre\/construcao-no-campo-belo\/\" title=\"Constru\u00e7\u00e3o Campo Belo\">Constru\u00e7\u00e3o Campo Belo<\/a>\n\t\t<\/span><span class=\"aioseo-breadcrumb-separator\">&raquo;<\/span><span class=\"aioseo-breadcrumb\">\n\t\t\tMoradores do Brooklin, na zona sul de SP, protestam contra constru\u00e7\u00e3o de pr\u00e9dio de 32 andares\n\t\t<\/span><\/div>","aioseo_breadcrumb_json":[{"label":"In\u00edcio","link":"https:\/\/www.encontracampobelo.com.br\/sobre"},{"label":"Constru\u00e7\u00e3o Campo Belo","link":"https:\/\/www.encontracampobelo.com.br\/sobre\/construcao-no-campo-belo\/"},{"label":"Moradores do Brooklin, na zona sul de SP, protestam contra constru\u00e7\u00e3o de pr\u00e9dio de 32 andares","link":"https:\/\/www.encontracampobelo.com.br\/sobre\/moradores-do-brooklin-na-zona-sul-de-sp-protestam-contra-construcao-de-predio-de-32-andares\/"}],"_links":{"self":[{"href":"https:\/\/www.encontracampobelo.com.br\/sobre\/wp-json\/wp\/v2\/posts\/2578","targetHints":{"allow":["GET"]}}],"collection":[{"href":"https:\/\/www.encontracampobelo.com.br\/sobre\/wp-json\/wp\/v2\/posts"}],"about":[{"href":"https:\/\/www.encontracampobelo.com.br\/sobre\/wp-json\/wp\/v2\/types\/post"}],"author":[{"embeddable":true,"href":"https:\/\/www.encontracampobelo.com.br\/sobre\/wp-json\/wp\/v2\/users\/1"}],"replies":[{"embeddable":true,"href":"https:\/\/www.encontracampobelo.com.br\/sobre\/wp-json\/wp\/v2\/comments?post=2578"}],"version-history":[{"count":0,"href":"https:\/\/www.encontracampobelo.com.br\/sobre\/wp-json\/wp\/v2\/posts\/2578\/revisions"}],"wp:featuredmedia":[{"embeddable":true,"href":"https:\/\/www.encontracampobelo.com.br\/sobre\/wp-json\/wp\/v2\/media\/2577"}],"wp:attachment":[{"href":"https:\/\/www.encontracampobelo.com.br\/sobre\/wp-json\/wp\/v2\/media?parent=2578"}],"wp:term":[{"taxonomy":"category","embeddable":true,"href":"https:\/\/www.encontracampobelo.com.br\/sobre\/wp-json\/wp\/v2\/categories?post=2578"},{"taxonomy":"post_tag","embeddable":true,"href":"https:\/\/www.encontracampobelo.com.br\/sobre\/wp-json\/wp\/v2\/tags?post=2578"}],"curies":[{"name":"wp","href":"https:\/\/api.w.org\/{rel}","templated":true}]}}