{"id":2590,"date":"2026-09-01T22:22:46","date_gmt":"2026-09-02T00:22:46","guid":{"rendered":"https:\/\/www.encontracampobelo.com.br\/sobre\/sao-paulo-inaugura-a-linha-17\/"},"modified":"2026-09-01T22:22:46","modified_gmt":"2026-09-02T00:22:46","slug":"sao-paulo-inaugura-a-linha-17","status":"publish","type":"post","link":"https:\/\/www.encontracampobelo.com.br\/sobre\/sao-paulo-inaugura-a-linha-17\/","title":{"rendered":"S\u00e3o Paulo Inaugura a Linha 17"},"content":{"rendered":"<div class=\"1cfda93c6640a8762b4fe319eb685dc5\" data-index=\"1\" style=\"float: none; margin:0px;\">\n<!-- Anuncio display - global -->\r\n<ins class=\"adsbygoogle\"\r\n     style=\"display:block\"\r\n     data-ad-client=\"ca-pub-8585364105181520\"\r\n     data-ad-slot=\"8789329856\"\r\n     data-ad-format=\"auto\"\r\n     data-full-width-responsive=\"true\"><\/ins>\r\n<script>\r\n     (adsbygoogle = window.adsbygoogle || []).push({});\r\n<\/script>\n<\/div>\n<h2>Cerim\u00f4nia de Inaugura\u00e7\u00e3o<\/h2>\n<p>O t\u00e3o aguardado momento chegou: na ter\u00e7a-feira, dia 31 de mar\u00e7o, o Governo do Estado de S\u00e3o Paulo dar\u00e1 in\u00edcio \u00e0s opera\u00e7\u00f5es da Linha 17-Ouro do Metr\u00f4. Ap\u00f3s uma longa espera de 12 anos, a inaugura\u00e7\u00e3o ser\u00e1 marcada com uma cerim\u00f4nia que ter\u00e1 in\u00edcio \u00e0s 10h, localizada na zona Sul da capital paulista. O governador Tarc\u00edsio de Freitas estar\u00e1 presente para celebrar a abertura dessa nova linha que promete revolucionar a mobilidade na regi\u00e3o.<\/p>\n<p>Aos interessados em utilizar o novo sistema, as opera\u00e7\u00f5es come\u00e7ar\u00e3o oficialmente \u00e0s 16h. Contudo, \u00e9 importante ressaltar que essa fase inicial contar\u00e1 com um funcionamento restrito que se centrar\u00e1 em testes t\u00e9cnicos. A expectativa \u00e9 que, com a opera\u00e7\u00e3o limitada neste primeiro dia, os usu\u00e1rios possam se familiarizar com a nova linha.<\/p>\n<blockquote>\n<p>&#8220;A nova linha proporcionar\u00e1 comodidade e agilidade no transporte da popula\u00e7\u00e3o, refletindo o compromisso do governo com a melhoria da infraestrutura da cidade&#8221; \u2014 Tarc\u00edsio de Freitas, Governador de S\u00e3o Paulo<\/p>\n<p><img decoding=\"async\" src=\"https:\/\/www.encontracampobelo.com.br\/sobre\/wp-content\/uploads\/2026\/09\/sao-paulo-inaugura-a-linha-17.webp\" alt=\"Linha 17-Ouro do Metr\u00f4\" loading=\"lazy\" \/><\/p>\n<\/blockquote>\n<p>A partir do dia seguinte, a linha ser\u00e1 acess\u00edvel todos os dias, com hor\u00e1rio programado das 4h40 at\u00e9 a meia-noite.<\/p>\n<h2>A Import\u00e2ncia da Conex\u00e3o<\/h2>\n<p>A Linha 17-Ouro do Metr\u00f4 \u00e9 um marco significativo para a cidade, pois estabelece uma conex\u00e3o direta entre o Aeroporto de Congonhas e outras importantes linhas de metr\u00f4 existentes, como a linha 9-Esmeralda e a linha 5-Lil\u00e1s. Essa integra\u00e7\u00e3o visa facilitar o deslocamento tanto para os trabalhadores que se dirigem ao aeroporto quanto para os turistas que chegam \u00e0 cidade.<\/p>\n<p>Com a nova linha, a expectativa \u00e9 que o acesso ao Aeroporto de Congonhas se torne mais eficiente, reduzindo consideravelmente o tempo de viagem e otimizando a experi\u00eancia de quem utiliza o transporte p\u00fablico. Al\u00e9m disso, essa conex\u00e3o refor\u00e7a a import\u00e2ncia do transporte p\u00fablico na cidade, proporcionando uma alternativa \u00e0 utiliza\u00e7\u00e3o de ve\u00edculos particulares, o que poder\u00e1 contribuir para a diminui\u00e7\u00e3o do tr\u00e1fego local.<\/p>\n<h2>Estat\u00edsticas da Linha 17-Ouro<\/h2>\n<p>A nova Linha 17-Ouro tem um percurso total de 6,7 km e \u00e9 composta por oito esta\u00e7\u00f5es, das quais sete estar\u00e3o em opera\u00e7\u00e3o desde o seu lan\u00e7amento. A \u00fanica exce\u00e7\u00e3o ser\u00e1 a esta\u00e7\u00e3o Washington Lu\u00eds, que n\u00e3o estar\u00e1 dispon\u00edvel na fase inicial. Essa decis\u00e3o foi tomada com o intuito de melhorar os tempos de espera e a efic\u00e1cia do transporte.<\/p>\n<p>A expectativa \u00e9 que, ap\u00f3s sua total implementa\u00e7\u00e3o, a linha atenda cerca de 100 mil passageiros diariamente, o que representa uma grande melhoria na mobilidade urbana de S\u00e3o Paulo. O governo municipal e os organizadores do projeto acreditam que a nova linha ser\u00e1 um divisor de \u00e1guas no que diz respeito ao transporte p\u00fablico na regi\u00e3o.<\/p>\n<h2>Benef\u00edcios Ambientais da Nova Linha<\/h2>\n<p>Outro aspecto positivo da Linha 17-Ouro \u00e9 seu impacto ambiental potencialmente ben\u00e9fico. Estima-se que, uma vez operando em sua capacidade total, a linha poder\u00e1 resultar em uma redu\u00e7\u00e3o nas emiss\u00f5es de poluentes em cerca de 25.937 toneladas anualmente. Esse valor impressionante destaca a import\u00e2ncia de investir em sistemas de transporte mais sustent\u00e1veis e eficientes.<\/p>\n<p>A transi\u00e7\u00e3o do uso de ve\u00edculos particulares, que normalmente geram maior emiss\u00e3o de poluentes, para o transporte p\u00fablico reflete um passo importante em dire\u00e7\u00e3o a uma cidade mais limpa e saud\u00e1vel. Ao promover uma op\u00e7\u00e3o que \u00e9 tanto pr\u00e1tica quanto ambientalmente respons\u00e1vel, a nova linha abre portas para um futuro mais sustent\u00e1vel em S\u00e3o Paulo.<\/p>\n<h2>Acessibilidade e Infraestrutura<\/h2>\n<p>Uma preocupa\u00e7\u00e3o central no planejamento dessa nova linha foi garantir que todas as esta\u00e7\u00f5es sejam acess\u00edveis para pessoas com mobilidade reduzida. As melhorias estruturais incluem a instala\u00e7\u00e3o de elevadores, rampas, e sinaliza\u00e7\u00f5es adequadas para facilitar a locomo\u00e7\u00e3o.<\/p>\n<p>Na esta\u00e7\u00e3o Morumbi, al\u00e9m das melhorias mencionadas, haver\u00e1 tamb\u00e9m a oferta de espa\u00e7os para bicicletas e integra\u00e7\u00e3o com ciclovias, o que promove uma alternativa de transporte ainda mais sustent\u00e1vel. As baias para t\u00e1xis e pontos de \u00f4nibus nas proximidades tamb\u00e9m s\u00e3o um destaque, ampliando as op\u00e7\u00f5es de transporte para os usu\u00e1rios.<\/p>\n<ul>\n<li><strong>Esta\u00e7\u00e3o Morumbi:<\/strong> Conex\u00e3o com a Linha 9-Esmeralda<\/li>\n<li><strong>Esta\u00e7\u00e3o Chucri Zaidan<\/strong><\/li>\n<li><strong>Esta\u00e7\u00e3o Vila Cordeiro<\/strong><\/li>\n<li><strong>Esta\u00e7\u00e3o Campo Belo:<\/strong> Integra\u00e7\u00e3o \u00e0 Linha 5-Lil\u00e1s<\/li>\n<li><strong>Esta\u00e7\u00e3o Vereador Jos\u00e9 Diniz<\/strong><\/li>\n<li><strong>Esta\u00e7\u00e3o Brooklin Paulista<\/strong><\/li>\n<li><strong>Esta\u00e7\u00e3o Aeroporto de Congonhas<\/strong><\/li>\n<\/ul>\n<h2>Opera\u00e7\u00e3o Limitada no In\u00edcio<\/h2>\n<p>Como mencionado anteriormente, o dia da inaugura\u00e7\u00e3o ser\u00e1 marcado por uma opera\u00e7\u00e3o limitada que se concentrar\u00e1 em testes t\u00e9cnicos necess\u00e1rios para garantir a seguran\u00e7a e efici\u00eancia da linha. Essa abordagem \u00e9 comum em novos sistemas de transporte, uma vez que permite identificar e corrigir eventuais falhas antes do in\u00edcio da opera\u00e7\u00e3o total, que deve come\u00e7ar ap\u00f3s o per\u00edodo inicial de testes.<\/p>\n<p>Espera-se que, com o tempo, a linha funcione de forma cont\u00ednua e integrada, permitindo uma experi\u00eancia fluida para todos os usu\u00e1rios. Uma vez que a linha esteja completamente operacional, os cidad\u00e3os sair\u00e3o ganhando em termos de conforto e praticidade.<\/p>\n<h2>Perspectivas Futuras<\/h2>\n<p>Com a inaugura\u00e7\u00e3o da Linha 17-Ouro, as perspectivas para o futuro do transporte p\u00fablico em S\u00e3o Paulo s\u00e3o promissoras. O governo estadual est\u00e1 investindo em melhorias significativas na infraestrutura, al\u00e9m da expans\u00e3o de outras linhas de metr\u00f4 e transporte coletivo. Essas iniciativas t\u00eam como objetivo n\u00e3o apenas melhorar a mobilidade urbana, mas tamb\u00e9m incentivar o uso de transporte coletivo em detrimento dos ve\u00edculos particulares.<\/p>\n<p>Al\u00e9m disso, o sucesso da Linha 17-Ouro poder\u00e1 servir de modelo para outras cidades que buscam desenvolver seus sistemas de transporte p\u00fablico. A integra\u00e7\u00e3o eficiente entre diferentes formas de transporte ser\u00e1 essencial para criar um ambiente urbano fluido e din\u00e2mico.<\/p>\n<h2>Impacto na Mobilidade Urbana<\/h2>\n<p>A Linha 17-Ouro promete transformar a mobilidade na cidade de S\u00e3o Paulo, promovendo uma redu\u00e7\u00e3o significativa no tempo de deslocamento para milhares de pessoas. A conex\u00e3o direta com o Aeroporto de Congonhas, somada \u00e0 liga\u00e7\u00e3o com as linhas 9-Esmeralda e 5-Lil\u00e1s, proporcionar\u00e1 uma op\u00e7\u00e3o de transporte pr\u00e1tica, r\u00e1pida e eficiente.<\/p>\n<p>Al\u00e9m disso, a nova linha pode contribuir para a diminui\u00e7\u00e3o do congestionamento nas vias Urbanas, j\u00e1 que mais pessoas optar\u00e3o por utilizar o metr\u00f4 ao inv\u00e9s de ve\u00edculos individuais. Este efeito positivo na mobilidade urbana \u00e9 um reflexo do compromisso do governo em modernizar e expandir a rede de transporte coletivo da capital.<\/p>\n<h2>Testes T\u00e9cnicos e Funcionamento<\/h2>\n<p>Os testes t\u00e9cnicos a serem realizados nos primeiros dias de opera\u00e7\u00e3o s\u00e3o fundamentais para garantir que a Linha 17-Ouro funcione de maneira segura e eficaz. Isso inclui a avalia\u00e7\u00e3o dos sistemas de sinaliza\u00e7\u00e3o, a din\u00e2mica dos trens e a seguran\u00e7a nas esta\u00e7\u00f5es. Todos esses fatores s\u00e3o cruciais para assegurar que a experi\u00eancia dos usu\u00e1rios seja positiva e conforme as expectativas.<\/p>\n<p>Os t\u00e9cnicos e engenheiros respons\u00e1veis est\u00e3o preparados para realizar uma s\u00e9rie de simula\u00e7\u00f5es e ajustes, fazendo com que a linha atinja seu pleno potencial. Esses testes s\u00e3o a garantia de que os passageiros poder\u00e3o contar com um sistema bem estruturado e confi\u00e1vel assim que a opera\u00e7\u00e3o se regularizar.<\/p>\n<h2>Expectativas de Usu\u00e1rios<\/h2>\n<p>As expectativas dos usu\u00e1rios em rela\u00e7\u00e3o \u00e0 nova Linha 17-Ouro s\u00e3o altas, e muitos j\u00e1 aguardam ansiosamente para experimentar a comodidade que o novo sistema oferecer\u00e1. Para os moradores da zona Sul, a transforma\u00e7\u00e3o na mobilidade di\u00e1ria est\u00e1 prestes a se concretizar, com a promessa de tornar a rotina mais f\u00e1cil e pr\u00e1tica.<\/p>\n<p>A nova linha n\u00e3o apenas beneficiar\u00e1 os passageiros frequentes, mas tamb\u00e9m todos aqueles que visitem a cidade. Com viagens mais r\u00e1pidas e confort\u00e1veis at\u00e9 o aeroporto, a sensa\u00e7\u00e3o de efici\u00eancia e modernidade ser\u00e1 um atrativo ineg\u00e1vel para turistas e visitantes.<\/p>\n<p>Com isso, a Linha 17-Ouro \u00e9 um passo importante em dire\u00e7\u00e3o a um futuro mais conectado e sustent\u00e1vel para S\u00e3o Paulo, permitindo que cidad\u00e3os e visitantes desfrutem de uma experi\u00eancia de mobilidade mais \u00e1gil e confi\u00e1vel.<\/p>\n\n<div style=\"font-size: 0px; height: 0px; line-height: 0px; margin: 0; padding: 0; clear: both;\"><\/div>","protected":false},"excerpt":{"rendered":"<p>A Linha 17-Ouro do Metr\u00f4 revolucionar\u00e1 o transporte em S\u00e3o Paulo.<\/p>\n","protected":false},"author":1,"featured_media":2589,"comment_status":"open","ping_status":"closed","sticky":false,"template":"","format":"standard","meta":{"footnotes":""},"categories":[7],"tags":[],"class_list":["post-2590","post","type-post","status-publish","format-standard","has-post-thumbnail","hentry","category-noticias-no-campo-belo","has_thumb"],"aioseo_notices":[],"aioseo_head":"\n\t\t<!-- All in One SEO 5.0.0.1 - aioseo.com -->\n\t<meta name=\"description\" content=\"A Linha 17-Ouro do Metr\u00f4 revolucionar\u00e1 o transporte em S\u00e3o Paulo.\" \/>\n\t<meta name=\"robots\" content=\"max-image-preview:large\" \/>\n\t<meta name=\"author\" content=\"Encontra Campo Belo\"\/>\n\t<link rel=\"canonical\" href=\"https:\/\/www.encontracampobelo.com.br\/sobre\/sao-paulo-inaugura-a-linha-17\/\" \/>\n\t<meta name=\"generator\" content=\"All in One SEO (AIOSEO) 5.0.0.1\" \/>\n\t\t<meta property=\"og:locale\" content=\"pt_BR\" \/>\n\t\t<meta property=\"og:site_name\" content=\"Encontra  Campo Belo | Not\u00edcias, eventos, informa\u00e7\u00f5es e dicas no bairro do Campo Belo e regi\u00e3o.\" \/>\n\t\t<meta property=\"og:type\" content=\"article\" \/>\n\t\t<meta property=\"og:title\" content=\"S\u00e3o Paulo Inaugura a Linha 17 | Encontra Campo Belo\" \/>\n\t\t<meta property=\"og:description\" content=\"A Linha 17-Ouro do Metr\u00f4 revolucionar\u00e1 o transporte em S\u00e3o Paulo.\" \/>\n\t\t<meta property=\"og:url\" content=\"https:\/\/www.encontracampobelo.com.br\/sobre\/sao-paulo-inaugura-a-linha-17\/\" \/>\n\t\t<meta property=\"article:published_time\" content=\"2026-09-02T00:22:46+00:00\" \/>\n\t\t<meta property=\"article:modified_time\" content=\"2026-09-02T00:22:46+00:00\" \/>\n\t\t<meta name=\"twitter:card\" content=\"summary_large_image\" \/>\n\t\t<meta name=\"twitter:title\" content=\"S\u00e3o Paulo Inaugura a Linha 17 | Encontra Campo Belo\" \/>\n\t\t<meta name=\"twitter:description\" content=\"A Linha 17-Ouro do Metr\u00f4 revolucionar\u00e1 o transporte em S\u00e3o Paulo.\" \/>\n\t\t<script type=\"application\/ld+json\" class=\"aioseo-schema\">\n\t\t\t{\"@context\":\"https:\\\/\\\/schema.org\",\"@graph\":[{\"@type\":\"Article\",\"@id\":\"https:\\\/\\\/www.encontracampobelo.com.br\\\/sobre\\\/sao-paulo-inaugura-a-linha-17\\\/#article\",\"name\":\"S\\u00e3o Paulo Inaugura a Linha 17 | Encontra Campo Belo\",\"headline\":\"S\\u00e3o Paulo Inaugura a Linha 17\",\"author\":{\"@id\":\"https:\\\/\\\/www.encontracampobelo.com.br\\\/sobre\\\/author\\\/ecampobelo\\\/#author\"},\"publisher\":{\"@id\":\"https:\\\/\\\/www.encontracampobelo.com.br\\\/sobre\\\/#organization\"},\"image\":{\"@type\":\"ImageObject\",\"url\":\"https:\\\/\\\/www.encontracampobelo.com.br\\\/sobre\\\/wp-content\\\/uploads\\\/2026\\\/09\\\/sao-paulo-inaugura-a-linha-17.webp\",\"width\":280,\"height\":280,\"caption\":\"Linha 17-Ouro do Metr\\u00f4\"},\"datePublished\":\"2026-09-01T22:22:46-02:00\",\"dateModified\":\"2026-09-01T22:22:46-02:00\",\"inLanguage\":\"pt-BR\",\"mainEntityOfPage\":{\"@id\":\"https:\\\/\\\/www.encontracampobelo.com.br\\\/sobre\\\/sao-paulo-inaugura-a-linha-17\\\/#webpage\"},\"isPartOf\":{\"@id\":\"https:\\\/\\\/www.encontracampobelo.com.br\\\/sobre\\\/sao-paulo-inaugura-a-linha-17\\\/#webpage\"},\"articleSection\":\"Not\\u00edcias Campo Belo\"},{\"@type\":\"BreadcrumbList\",\"@id\":\"https:\\\/\\\/www.encontracampobelo.com.br\\\/sobre\\\/sao-paulo-inaugura-a-linha-17\\\/#breadcrumblist\",\"itemListElement\":[{\"@type\":\"ListItem\",\"@id\":\"https:\\\/\\\/www.encontracampobelo.com.br\\\/sobre#listItem\",\"position\":1,\"name\":\"In\\u00edcio\",\"item\":\"https:\\\/\\\/www.encontracampobelo.com.br\\\/sobre\",\"nextItem\":{\"@type\":\"ListItem\",\"@id\":\"https:\\\/\\\/www.encontracampobelo.com.br\\\/sobre\\\/noticias-no-campo-belo\\\/#listItem\",\"name\":\"Not\\u00edcias Campo Belo\"}},{\"@type\":\"ListItem\",\"@id\":\"https:\\\/\\\/www.encontracampobelo.com.br\\\/sobre\\\/noticias-no-campo-belo\\\/#listItem\",\"position\":2,\"name\":\"Not\\u00edcias Campo Belo\",\"item\":\"https:\\\/\\\/www.encontracampobelo.com.br\\\/sobre\\\/noticias-no-campo-belo\\\/\",\"nextItem\":{\"@type\":\"ListItem\",\"@id\":\"https:\\\/\\\/www.encontracampobelo.com.br\\\/sobre\\\/sao-paulo-inaugura-a-linha-17\\\/#listItem\",\"name\":\"S\\u00e3o Paulo Inaugura a Linha 17\"},\"previousItem\":{\"@type\":\"ListItem\",\"@id\":\"https:\\\/\\\/www.encontracampobelo.com.br\\\/sobre#listItem\",\"name\":\"In\\u00edcio\"}},{\"@type\":\"ListItem\",\"@id\":\"https:\\\/\\\/www.encontracampobelo.com.br\\\/sobre\\\/sao-paulo-inaugura-a-linha-17\\\/#listItem\",\"position\":3,\"name\":\"S\\u00e3o Paulo Inaugura a Linha 17\",\"previousItem\":{\"@type\":\"ListItem\",\"@id\":\"https:\\\/\\\/www.encontracampobelo.com.br\\\/sobre\\\/noticias-no-campo-belo\\\/#listItem\",\"name\":\"Not\\u00edcias Campo Belo\"}}]},{\"@type\":\"Organization\",\"@id\":\"https:\\\/\\\/www.encontracampobelo.com.br\\\/sobre\\\/#organization\",\"name\":\"Encontra  Campo Belo\",\"description\":\"Not\\u00edcias, eventos, informa\\u00e7\\u00f5es e dicas no bairro do Campo Belo e regi\\u00e3o.\",\"url\":\"https:\\\/\\\/www.encontracampobelo.com.br\\\/sobre\\\/\"},{\"@type\":\"Person\",\"@id\":\"https:\\\/\\\/www.encontracampobelo.com.br\\\/sobre\\\/author\\\/ecampobelo\\\/#author\",\"url\":\"https:\\\/\\\/www.encontracampobelo.com.br\\\/sobre\\\/author\\\/ecampobelo\\\/\",\"name\":\"Encontra Campo Belo\",\"image\":{\"@type\":\"ImageObject\",\"@id\":\"https:\\\/\\\/www.encontracampobelo.com.br\\\/sobre\\\/sao-paulo-inaugura-a-linha-17\\\/#authorImage\",\"url\":\"https:\\\/\\\/secure.gravatar.com\\\/avatar\\\/507340682b8270222e1f208e23198b6ae7e2c6a1033ae84e99bc6bce4f82a387?s=96&d=mm&r=g\",\"width\":96,\"height\":96,\"caption\":\"Encontra Campo Belo\"}},{\"@type\":\"WebPage\",\"@id\":\"https:\\\/\\\/www.encontracampobelo.com.br\\\/sobre\\\/sao-paulo-inaugura-a-linha-17\\\/#webpage\",\"url\":\"https:\\\/\\\/www.encontracampobelo.com.br\\\/sobre\\\/sao-paulo-inaugura-a-linha-17\\\/\",\"name\":\"S\\u00e3o Paulo Inaugura a Linha 17 | Encontra Campo Belo\",\"description\":\"A Linha 17-Ouro do Metr\\u00f4 revolucionar\\u00e1 o transporte em S\\u00e3o Paulo.\",\"inLanguage\":\"pt-BR\",\"isPartOf\":{\"@id\":\"https:\\\/\\\/www.encontracampobelo.com.br\\\/sobre\\\/#website\"},\"breadcrumb\":{\"@id\":\"https:\\\/\\\/www.encontracampobelo.com.br\\\/sobre\\\/sao-paulo-inaugura-a-linha-17\\\/#breadcrumblist\"},\"author\":{\"@id\":\"https:\\\/\\\/www.encontracampobelo.com.br\\\/sobre\\\/author\\\/ecampobelo\\\/#author\"},\"creator\":{\"@id\":\"https:\\\/\\\/www.encontracampobelo.com.br\\\/sobre\\\/author\\\/ecampobelo\\\/#author\"},\"image\":{\"@type\":\"ImageObject\",\"url\":\"https:\\\/\\\/www.encontracampobelo.com.br\\\/sobre\\\/wp-content\\\/uploads\\\/2026\\\/09\\\/sao-paulo-inaugura-a-linha-17.webp\",\"@id\":\"https:\\\/\\\/www.encontracampobelo.com.br\\\/sobre\\\/sao-paulo-inaugura-a-linha-17\\\/#mainImage\",\"width\":280,\"height\":280,\"caption\":\"Linha 17-Ouro do Metr\\u00f4\"},\"primaryImageOfPage\":{\"@id\":\"https:\\\/\\\/www.encontracampobelo.com.br\\\/sobre\\\/sao-paulo-inaugura-a-linha-17\\\/#mainImage\"},\"datePublished\":\"2026-09-01T22:22:46-02:00\",\"dateModified\":\"2026-09-01T22:22:46-02:00\"},{\"@type\":\"WebSite\",\"@id\":\"https:\\\/\\\/www.encontracampobelo.com.br\\\/sobre\\\/#website\",\"url\":\"https:\\\/\\\/www.encontracampobelo.com.br\\\/sobre\\\/\",\"name\":\"Encontra  Campo Belo\",\"description\":\"Not\\u00edcias, eventos, informa\\u00e7\\u00f5es e dicas no bairro do Campo Belo e regi\\u00e3o.\",\"inLanguage\":\"pt-BR\",\"publisher\":{\"@id\":\"https:\\\/\\\/www.encontracampobelo.com.br\\\/sobre\\\/#organization\"}}]}\n\t\t<\/script>\n\t\t<!-- All in One SEO -->\n\n","aioseo_head_json":{"title":"S\u00e3o Paulo Inaugura a Linha 17 | Encontra Campo Belo","description":"A Linha 17-Ouro do Metr\u00f4 revolucionar\u00e1 o transporte em S\u00e3o Paulo.","canonical_url":"https:\/\/www.encontracampobelo.com.br\/sobre\/sao-paulo-inaugura-a-linha-17\/","robots":"max-image-preview:large","keywords":"","webmasterTools":{"miscellaneous":""},"schema":{"@context":"https:\/\/schema.org","@graph":[{"@type":"Article","@id":"https:\/\/www.encontracampobelo.com.br\/sobre\/sao-paulo-inaugura-a-linha-17\/#article","name":"S\u00e3o Paulo Inaugura a Linha 17 | Encontra Campo Belo","headline":"S\u00e3o Paulo Inaugura a Linha 17","author":{"@id":"https:\/\/www.encontracampobelo.com.br\/sobre\/author\/ecampobelo\/#author"},"publisher":{"@id":"https:\/\/www.encontracampobelo.com.br\/sobre\/#organization"},"image":{"@type":"ImageObject","url":"https:\/\/www.encontracampobelo.com.br\/sobre\/wp-content\/uploads\/2026\/09\/sao-paulo-inaugura-a-linha-17.webp","width":280,"height":280,"caption":"Linha 17-Ouro do Metr\u00f4"},"datePublished":"2026-09-01T22:22:46-02:00","dateModified":"2026-09-01T22:22:46-02:00","inLanguage":"pt-BR","mainEntityOfPage":{"@id":"https:\/\/www.encontracampobelo.com.br\/sobre\/sao-paulo-inaugura-a-linha-17\/#webpage"},"isPartOf":{"@id":"https:\/\/www.encontracampobelo.com.br\/sobre\/sao-paulo-inaugura-a-linha-17\/#webpage"},"articleSection":"Not\u00edcias Campo Belo"},{"@type":"BreadcrumbList","@id":"https:\/\/www.encontracampobelo.com.br\/sobre\/sao-paulo-inaugura-a-linha-17\/#breadcrumblist","itemListElement":[{"@type":"ListItem","@id":"https:\/\/www.encontracampobelo.com.br\/sobre#listItem","position":1,"name":"In\u00edcio","item":"https:\/\/www.encontracampobelo.com.br\/sobre","nextItem":{"@type":"ListItem","@id":"https:\/\/www.encontracampobelo.com.br\/sobre\/noticias-no-campo-belo\/#listItem","name":"Not\u00edcias Campo Belo"}},{"@type":"ListItem","@id":"https:\/\/www.encontracampobelo.com.br\/sobre\/noticias-no-campo-belo\/#listItem","position":2,"name":"Not\u00edcias Campo Belo","item":"https:\/\/www.encontracampobelo.com.br\/sobre\/noticias-no-campo-belo\/","nextItem":{"@type":"ListItem","@id":"https:\/\/www.encontracampobelo.com.br\/sobre\/sao-paulo-inaugura-a-linha-17\/#listItem","name":"S\u00e3o Paulo Inaugura a Linha 17"},"previousItem":{"@type":"ListItem","@id":"https:\/\/www.encontracampobelo.com.br\/sobre#listItem","name":"In\u00edcio"}},{"@type":"ListItem","@id":"https:\/\/www.encontracampobelo.com.br\/sobre\/sao-paulo-inaugura-a-linha-17\/#listItem","position":3,"name":"S\u00e3o Paulo Inaugura a Linha 17","previousItem":{"@type":"ListItem","@id":"https:\/\/www.encontracampobelo.com.br\/sobre\/noticias-no-campo-belo\/#listItem","name":"Not\u00edcias Campo Belo"}}]},{"@type":"Organization","@id":"https:\/\/www.encontracampobelo.com.br\/sobre\/#organization","name":"Encontra  Campo Belo","description":"Not\u00edcias, eventos, informa\u00e7\u00f5es e dicas no bairro do Campo Belo e regi\u00e3o.","url":"https:\/\/www.encontracampobelo.com.br\/sobre\/"},{"@type":"Person","@id":"https:\/\/www.encontracampobelo.com.br\/sobre\/author\/ecampobelo\/#author","url":"https:\/\/www.encontracampobelo.com.br\/sobre\/author\/ecampobelo\/","name":"Encontra Campo Belo","image":{"@type":"ImageObject","@id":"https:\/\/www.encontracampobelo.com.br\/sobre\/sao-paulo-inaugura-a-linha-17\/#authorImage","url":"https:\/\/secure.gravatar.com\/avatar\/507340682b8270222e1f208e23198b6ae7e2c6a1033ae84e99bc6bce4f82a387?s=96&d=mm&r=g","width":96,"height":96,"caption":"Encontra Campo Belo"}},{"@type":"WebPage","@id":"https:\/\/www.encontracampobelo.com.br\/sobre\/sao-paulo-inaugura-a-linha-17\/#webpage","url":"https:\/\/www.encontracampobelo.com.br\/sobre\/sao-paulo-inaugura-a-linha-17\/","name":"S\u00e3o Paulo Inaugura a Linha 17 | Encontra Campo Belo","description":"A Linha 17-Ouro do Metr\u00f4 revolucionar\u00e1 o transporte em S\u00e3o Paulo.","inLanguage":"pt-BR","isPartOf":{"@id":"https:\/\/www.encontracampobelo.com.br\/sobre\/#website"},"breadcrumb":{"@id":"https:\/\/www.encontracampobelo.com.br\/sobre\/sao-paulo-inaugura-a-linha-17\/#breadcrumblist"},"author":{"@id":"https:\/\/www.encontracampobelo.com.br\/sobre\/author\/ecampobelo\/#author"},"creator":{"@id":"https:\/\/www.encontracampobelo.com.br\/sobre\/author\/ecampobelo\/#author"},"image":{"@type":"ImageObject","url":"https:\/\/www.encontracampobelo.com.br\/sobre\/wp-content\/uploads\/2026\/09\/sao-paulo-inaugura-a-linha-17.webp","@id":"https:\/\/www.encontracampobelo.com.br\/sobre\/sao-paulo-inaugura-a-linha-17\/#mainImage","width":280,"height":280,"caption":"Linha 17-Ouro do Metr\u00f4"},"primaryImageOfPage":{"@id":"https:\/\/www.encontracampobelo.com.br\/sobre\/sao-paulo-inaugura-a-linha-17\/#mainImage"},"datePublished":"2026-09-01T22:22:46-02:00","dateModified":"2026-09-01T22:22:46-02:00"},{"@type":"WebSite","@id":"https:\/\/www.encontracampobelo.com.br\/sobre\/#website","url":"https:\/\/www.encontracampobelo.com.br\/sobre\/","name":"Encontra  Campo Belo","description":"Not\u00edcias, eventos, informa\u00e7\u00f5es e dicas no bairro do Campo Belo e regi\u00e3o.","inLanguage":"pt-BR","publisher":{"@id":"https:\/\/www.encontracampobelo.com.br\/sobre\/#organization"}}]},"og:locale":"pt_BR","og:site_name":"Encontra  Campo Belo | Not\u00edcias, eventos, informa\u00e7\u00f5es e dicas no bairro do Campo Belo e regi\u00e3o.","og:type":"article","og:title":"S\u00e3o Paulo Inaugura a Linha 17 | Encontra Campo Belo","og:description":"A Linha 17-Ouro do Metr\u00f4 revolucionar\u00e1 o transporte em S\u00e3o Paulo.","og:url":"https:\/\/www.encontracampobelo.com.br\/sobre\/sao-paulo-inaugura-a-linha-17\/","article:published_time":"2026-09-02T00:22:46+00:00","article:modified_time":"2026-09-02T00:22:46+00:00","twitter:card":"summary_large_image","twitter:title":"S\u00e3o Paulo Inaugura a Linha 17 | Encontra Campo Belo","twitter:description":"A Linha 17-Ouro do Metr\u00f4 revolucionar\u00e1 o transporte em S\u00e3o Paulo."},"aioseo_meta_data":{"post_id":"2590","title":null,"description":null,"keywords":null,"keyphrases":null,"primary_term":null,"canonical_url":null,"og_title":null,"og_description":null,"og_object_type":"default","og_image_type":"default","og_image_url":null,"og_image_width":null,"og_image_height":null,"og_image_custom_url":null,"og_image_custom_fields":null,"og_video":null,"og_custom_url":null,"og_article_section":null,"og_article_tags":null,"twitter_use_og":false,"twitter_card":"default","twitter_image_type":"default","twitter_image_url":null,"twitter_image_custom_url":null,"twitter_image_custom_fields":null,"twitter_title":null,"twitter_description":null,"schema":{"blockGraphs":[],"customGraphs":[],"default":{"data":{"Article":[],"Course":[],"Dataset":[],"FAQPage":[],"Movie":[],"Person":[],"Product":[],"ProductReview":[],"Car":[],"Recipe":[],"Service":[],"SoftwareApplication":[],"WebPage":[]},"graphName":"Article","isEnabled":true},"graphs":[]},"schema_type":"default","schema_type_options":null,"pillar_content":false,"robots_default":true,"robots_noindex":false,"robots_noarchive":false,"robots_nosnippet":false,"robots_nofollow":false,"robots_noimageindex":false,"robots_noodp":false,"robots_notranslate":false,"robots_max_snippet":null,"robots_max_videopreview":null,"robots_max_imagepreview":"large","priority":null,"frequency":null,"local_seo":null,"breadcrumb_settings":null,"limit_modified_date":false,"ai":null,"created":"2026-09-02 00:22:46","updated":"2026-09-02 00:52:13","focus_keyword":null,"additional_keywords":null,"truseo_locale":null,"seo_analyzer_scan_date":null},"aioseo_breadcrumb":"<div class=\"aioseo-breadcrumbs\"><span class=\"aioseo-breadcrumb\">\n\t\t\t<a href=\"https:\/\/www.encontracampobelo.com.br\/sobre\" title=\"In\u00edcio\">In\u00edcio<\/a>\n\t\t<\/span><span class=\"aioseo-breadcrumb-separator\">&raquo;<\/span><span class=\"aioseo-breadcrumb\">\n\t\t\t<a href=\"https:\/\/www.encontracampobelo.com.br\/sobre\/noticias-no-campo-belo\/\" title=\"Not\u00edcias Campo Belo\">Not\u00edcias Campo Belo<\/a>\n\t\t<\/span><span class=\"aioseo-breadcrumb-separator\">&raquo;<\/span><span class=\"aioseo-breadcrumb\">\n\t\t\tS\u00e3o Paulo Inaugura a Linha 17\n\t\t<\/span><\/div>","aioseo_breadcrumb_json":[{"label":"In\u00edcio","link":"https:\/\/www.encontracampobelo.com.br\/sobre"},{"label":"Not\u00edcias Campo Belo","link":"https:\/\/www.encontracampobelo.com.br\/sobre\/noticias-no-campo-belo\/"},{"label":"S\u00e3o Paulo Inaugura a Linha 17","link":"https:\/\/www.encontracampobelo.com.br\/sobre\/sao-paulo-inaugura-a-linha-17\/"}],"_links":{"self":[{"href":"https:\/\/www.encontracampobelo.com.br\/sobre\/wp-json\/wp\/v2\/posts\/2590","targetHints":{"allow":["GET"]}}],"collection":[{"href":"https:\/\/www.encontracampobelo.com.br\/sobre\/wp-json\/wp\/v2\/posts"}],"about":[{"href":"https:\/\/www.encontracampobelo.com.br\/sobre\/wp-json\/wp\/v2\/types\/post"}],"author":[{"embeddable":true,"href":"https:\/\/www.encontracampobelo.com.br\/sobre\/wp-json\/wp\/v2\/users\/1"}],"replies":[{"embeddable":true,"href":"https:\/\/www.encontracampobelo.com.br\/sobre\/wp-json\/wp\/v2\/comments?post=2590"}],"version-history":[{"count":0,"href":"https:\/\/www.encontracampobelo.com.br\/sobre\/wp-json\/wp\/v2\/posts\/2590\/revisions"}],"wp:featuredmedia":[{"embeddable":true,"href":"https:\/\/www.encontracampobelo.com.br\/sobre\/wp-json\/wp\/v2\/media\/2589"}],"wp:attachment":[{"href":"https:\/\/www.encontracampobelo.com.br\/sobre\/wp-json\/wp\/v2\/media?parent=2590"}],"wp:term":[{"taxonomy":"category","embeddable":true,"href":"https:\/\/www.encontracampobelo.com.br\/sobre\/wp-json\/wp\/v2\/categories?post=2590"},{"taxonomy":"post_tag","embeddable":true,"href":"https:\/\/www.encontracampobelo.com.br\/sobre\/wp-json\/wp\/v2\/tags?post=2590"}],"curies":[{"name":"wp","href":"https:\/\/api.w.org\/{rel}","templated":true}]}}