{"id":2592,"date":"2026-09-02T09:19:33","date_gmt":"2026-09-02T11:19:33","guid":{"rendered":"https:\/\/www.encontracampobelo.com.br\/sobre\/tarcisio-aposta-em-virada-de-flavio-sobre-lula-e-diz-que-sao-paulo-sera-decisivo-na-eleicao\/"},"modified":"2026-09-02T09:19:33","modified_gmt":"2026-09-02T11:19:33","slug":"tarcisio-aposta-em-virada-de-flavio-sobre-lula-e-diz-que-sao-paulo-sera-decisivo-na-eleicao","status":"publish","type":"post","link":"https:\/\/www.encontracampobelo.com.br\/sobre\/tarcisio-aposta-em-virada-de-flavio-sobre-lula-e-diz-que-sao-paulo-sera-decisivo-na-eleicao\/","title":{"rendered":"Tarc\u00edsio aposta em virada de Fl\u00e1vio sobre Lula e diz que S\u00e3o Paulo ser\u00e1 decisivo na elei\u00e7\u00e3o"},"content":{"rendered":"<div class=\"1cfda93c6640a8762b4fe319eb685dc5\" data-index=\"1\" style=\"float: none; margin:0px;\">\n<!-- Anuncio display - global -->\r\n<ins class=\"adsbygoogle\"\r\n     style=\"display:block\"\r\n     data-ad-client=\"ca-pub-8585364105181520\"\r\n     data-ad-slot=\"8789329856\"\r\n     data-ad-format=\"auto\"\r\n     data-full-width-responsive=\"true\"><\/ins>\r\n<script>\r\n     (adsbygoogle = window.adsbygoogle || []).push({});\r\n<\/script>\n<\/div>\n<h2>Cen\u00e1rio eleitoral e suas implica\u00e7\u00f5es<\/h2>\n<p>A pr\u00f3xima elei\u00e7\u00e3o presidencial no Brasil promete ser um evento decisivo, especialmente com a participa\u00e7\u00e3o de Fl\u00e1vio Bolsonaro, que est\u00e1 ganhando aten\u00e7\u00e3o consider\u00e1vel nas pesquisas. O governador de S\u00e3o Paulo, Tarc\u00edsio de Freitas, expressou sua confian\u00e7a em que Fl\u00e1vio pode superar o atual presidente, Luiz In\u00e1cio Lula da Silva, destacando a import\u00e2ncia estrat\u00e9gica do estado de S\u00e3o Paulo nesse contexto. A din\u00e2mica eleitoral est\u00e1 mudando, e os votos em S\u00e3o Paulo s\u00e3o vitais para qualquer candidato que aspirar \u00e0 presid\u00eancia.<\/p>\n<h2>A import\u00e2ncia do eleitorado paulista<\/h2>\n<p>S\u00e3o Paulo, como o maior col\u00e9gio eleitoral do pa\u00eds, frequentemente tem um papel fundamental na constru\u00e7\u00e3o da narrativa pol\u00edtica nacional. Historicamente, o estado j\u00e1 foi o trampolim para v\u00e1rias campanhas presidenciais de sucesso. Neste pleito, a frase &#8220;S\u00e3o Paulo \u00e9 decisivo&#8221; se torna cada vez mais pertinente, \u00e0 medida que os candidatos buscam conquistar o cora\u00e7\u00e3o do eleitorado paulista, que pode muito bem determinar quem ser\u00e1 o pr\u00f3ximo l\u00edder do Brasil.<\/p>\n<h2>Virada de Fl\u00e1vio Bolsonaro<\/h2>\n<p>O governador Tarc\u00edsio acredita que Fl\u00e1vio Bolsonaro est\u00e1 em uma trajet\u00f3ria ascendente nas pesquisas eleitorais, e essa confian\u00e7a \u00e9 refletida em suas declara\u00e7\u00f5es. Tarc\u00edsio afirmou que a tend\u00eancia de crescimento de Fl\u00e1vio pode lev\u00e1-lo a um empate t\u00e9cnico ou at\u00e9 a ultrapassagem de Lula nos pr\u00f3ximos meses. Essa estrat\u00e9gia visa mobilizar os eleitores em um momento cr\u00edtico da campanha.<\/p>\n<p><img decoding=\"async\" src=\"https:\/\/www.encontracampobelo.com.br\/sobre\/wp-content\/uploads\/2026\/09\/tarcisio-aposta-em-virada-de-flavio-sobre-lula-e-diz-que-sao-paulo-sera-decisivo-na-eleicao.webp\" alt=\"Fl\u00e1vio Bolsonaro\" loading=\"lazy\" \/><\/p>\n<h2>Crescimento nas pesquisas eleitorais<\/h2>\n<p>Com o an\u00fancio da nova campanha, as pesquisas recentes mostram um aumento na popularidade de Fl\u00e1vio Bolsonaro entre os eleitores. Tarc\u00edsio defende que este avan\u00e7o pode ser a chave para uma virada significativa nas pr\u00f3ximas elei\u00e7\u00f5es. Essa mudan\u00e7a n\u00e3o s\u00f3 afeta o cen\u00e1rio local, mas tamb\u00e9m pode reverberar em todo o pa\u00eds, dado o standard nacional associado a S\u00e3o Paulo nas decis\u00f5es eleitorais.<\/p>\n<h2>Tarc\u00edsio apoia Fl\u00e1vio Bolsonaro<\/h2>\n<p>Durante sua agenda, Tarc\u00edsio n\u00e3o hesitou em demonstrar seu apoio a Fl\u00e1vio, enfatizando que as respostas dadas pelo candidato sobre quest\u00f5es pol\u00eamicas s\u00e3o satisfat\u00f3rias. Esse respaldo \u00e9 crucial, especialmente enquanto a campanha avan\u00e7a e novos desafios surgem. Fl\u00e1vio precisa do apoio de figuras influentes como Tarc\u00edsio para solidificar sua posi\u00e7\u00e3o entre os eleitores e fortalecer sua imagem p\u00fablica.<\/p>\n<h2>Defesa no caso Master<\/h2>\n<p>Tarc\u00edsio foi questionado sobre as alega\u00e7\u00f5es que cercam Fl\u00e1vio Bolsonaro no famoso caso Master. Ele afirmou que as explica\u00e7\u00f5es j\u00e1 dadas foram suficientes e que novas investiga\u00e7\u00f5es s\u00f3 seriam v\u00e1lidas caso surgissem novos fatos. Essa postura reafirma a confian\u00e7a que um aliado importante pode ter sobre o candidato, o que pode influenciar a percep\u00e7\u00e3o p\u00fablica de Fl\u00e1vio.<\/p>\n<h2>Relev\u00e2ncia de S\u00e3o Paulo<\/h2>\n<p>As declara\u00e7\u00f5es de Tarc\u00edsio sublinham o papel crucial de S\u00e3o Paulo na campanha de Fl\u00e1vio. O estado \u00e9 n\u00e3o apenas um reduto eleitoral, mas tamb\u00e9m um s\u00edmbolo de onde as decis\u00f5es pol\u00edticas podem ser tomadas. Ao orientar suas estrat\u00e9gias para maximizar o apoio em S\u00e3o Paulo, Fl\u00e1vio se coloca em uma posi\u00e7\u00e3o vantajosa para a elei\u00e7\u00e3o presidencial.<\/p>\n<h2>Impasse nas elei\u00e7\u00f5es<\/h2>\n<p>\u00c0 medida que a elei\u00e7\u00e3o se aproxima, o cen\u00e1rio logo se torna um impasse entre os principais candidatos. A competi\u00e7\u00e3o acirrada entre Fl\u00e1vio e Lula pode levar a uma corrida emocional e acirrada, onde cada voto conta. Tarc\u00edsio v\u00ea a situa\u00e7\u00e3o como uma oportunidade para Fl\u00e1vio se distanciar e se destacar, aproveitando as suas chances em um ambiente polarizado.<\/p>\n<h2>Cr\u00edticas ao governo federal<\/h2>\n<p>Juntamente com seu apoio a Fl\u00e1vio, Tarc\u00edsio tamb\u00e9m exames cr\u00edticas ao governo de Lula, pedindo transpar\u00eancia e explica\u00e7\u00f5es sobre alega\u00e7\u00f5es envolvendo membros do governo. Essa cr\u00edtica pode ressoar com eleitores insatisfeitos, oferecendo uma oportunidade para que Fl\u00e1vio posicione-se como uma alternativa vi\u00e1vel ao status quo.<\/p>\n<h2>Expectativas para o futuro das elei\u00e7\u00f5es<\/h2>\n<p>As pr\u00f3ximas semanas e meses ser\u00e3o indicativos do que o futuro reserva para a campanha de Fl\u00e1vio Bolsonaro. Com um eleitorado t\u00e3o influente em S\u00e3o Paulo e a crescente presen\u00e7a de Tarc\u00edsio, as expectativas s\u00e3o altas. A din\u00e2mica da corrida presidencial pode mudar rapidamente, e a lealdade entre aliados ser\u00e1 testada \u00e0 medida que as campanhas se intensificam.<\/p>\n<p>O que se delineia \u00e9 uma corrida n\u00e3o apenas entre candidatos, mas uma batalha pela narrativa nacional, onde a voz do eleitor paulista ser\u00e1 mais importante do que nunca. A vis\u00e3o de Tarc\u00edsio com rela\u00e7\u00e3o \u00e0 ascens\u00e3o de Fl\u00e1vio pode realmente se concretizar, moldando assim o futuro pol\u00edtico do Brasil.<\/p>\n\n<div style=\"font-size: 0px; height: 0px; line-height: 0px; margin: 0; padding: 0; clear: both;\"><\/div>","protected":false},"excerpt":{"rendered":"<p>Tarc\u00edsio acredita que S\u00e3o Paulo ser\u00e1 crucial na virada de Fl\u00e1vio nas elei\u00e7\u00f5es.<\/p>\n","protected":false},"author":1,"featured_media":2591,"comment_status":"open","ping_status":"closed","sticky":false,"template":"","format":"standard","meta":{"footnotes":""},"categories":[7],"tags":[],"class_list":["post-2592","post","type-post","status-publish","format-standard","has-post-thumbnail","hentry","category-noticias-no-campo-belo","has_thumb"],"aioseo_notices":[],"aioseo_head":"\n\t\t<!-- All in One SEO 5.0.0.1 - aioseo.com -->\n\t<meta name=\"description\" content=\"Tarc\u00edsio acredita que S\u00e3o Paulo ser\u00e1 crucial na virada de Fl\u00e1vio nas elei\u00e7\u00f5es.\" \/>\n\t<meta name=\"robots\" content=\"max-image-preview:large\" \/>\n\t<meta name=\"author\" content=\"Encontra Campo Belo\"\/>\n\t<link rel=\"canonical\" href=\"https:\/\/www.encontracampobelo.com.br\/sobre\/tarcisio-aposta-em-virada-de-flavio-sobre-lula-e-diz-que-sao-paulo-sera-decisivo-na-eleicao\/\" \/>\n\t<meta name=\"generator\" content=\"All in One SEO (AIOSEO) 5.0.0.1\" \/>\n\t\t<meta property=\"og:locale\" content=\"pt_BR\" \/>\n\t\t<meta property=\"og:site_name\" content=\"Encontra  Campo Belo | Not\u00edcias, eventos, informa\u00e7\u00f5es e dicas no bairro do Campo Belo e regi\u00e3o.\" \/>\n\t\t<meta property=\"og:type\" content=\"article\" \/>\n\t\t<meta property=\"og:title\" content=\"Tarc\u00edsio aposta em virada de Fl\u00e1vio sobre Lula e diz que S\u00e3o Paulo ser\u00e1 decisivo na elei\u00e7\u00e3o | Encontra Campo Belo\" \/>\n\t\t<meta property=\"og:description\" content=\"Tarc\u00edsio acredita que S\u00e3o Paulo ser\u00e1 crucial na virada de Fl\u00e1vio nas elei\u00e7\u00f5es.\" \/>\n\t\t<meta property=\"og:url\" content=\"https:\/\/www.encontracampobelo.com.br\/sobre\/tarcisio-aposta-em-virada-de-flavio-sobre-lula-e-diz-que-sao-paulo-sera-decisivo-na-eleicao\/\" \/>\n\t\t<meta property=\"article:published_time\" content=\"2026-09-02T11:19:33+00:00\" \/>\n\t\t<meta property=\"article:modified_time\" content=\"2026-09-02T11:19:33+00:00\" \/>\n\t\t<meta name=\"twitter:card\" content=\"summary_large_image\" \/>\n\t\t<meta name=\"twitter:title\" content=\"Tarc\u00edsio aposta em virada de Fl\u00e1vio sobre Lula e diz que S\u00e3o Paulo ser\u00e1 decisivo na elei\u00e7\u00e3o | Encontra Campo Belo\" \/>\n\t\t<meta name=\"twitter:description\" content=\"Tarc\u00edsio acredita que S\u00e3o Paulo ser\u00e1 crucial na virada de Fl\u00e1vio nas elei\u00e7\u00f5es.\" \/>\n\t\t<script type=\"application\/ld+json\" class=\"aioseo-schema\">\n\t\t\t{\"@context\":\"https:\\\/\\\/schema.org\",\"@graph\":[{\"@type\":\"Article\",\"@id\":\"https:\\\/\\\/www.encontracampobelo.com.br\\\/sobre\\\/tarcisio-aposta-em-virada-de-flavio-sobre-lula-e-diz-que-sao-paulo-sera-decisivo-na-eleicao\\\/#article\",\"name\":\"Tarc\\u00edsio aposta em virada de Fl\\u00e1vio sobre Lula e diz que S\\u00e3o Paulo ser\\u00e1 decisivo na elei\\u00e7\\u00e3o | Encontra Campo Belo\",\"headline\":\"Tarc\\u00edsio aposta em virada de Fl\\u00e1vio sobre Lula e diz que S\\u00e3o Paulo ser\\u00e1 decisivo na elei\\u00e7\\u00e3o\",\"author\":{\"@id\":\"https:\\\/\\\/www.encontracampobelo.com.br\\\/sobre\\\/author\\\/ecampobelo\\\/#author\"},\"publisher\":{\"@id\":\"https:\\\/\\\/www.encontracampobelo.com.br\\\/sobre\\\/#organization\"},\"image\":{\"@type\":\"ImageObject\",\"url\":\"https:\\\/\\\/www.encontracampobelo.com.br\\\/sobre\\\/wp-content\\\/uploads\\\/2026\\\/09\\\/tarcisio-aposta-em-virada-de-flavio-sobre-lula-e-diz-que-sao-paulo-sera-decisivo-na-eleicao.webp\",\"width\":280,\"height\":280,\"caption\":\"Fl\\u00e1vio Bolsonaro\"},\"datePublished\":\"2026-09-02T09:19:33-02:00\",\"dateModified\":\"2026-09-02T09:19:33-02:00\",\"inLanguage\":\"pt-BR\",\"mainEntityOfPage\":{\"@id\":\"https:\\\/\\\/www.encontracampobelo.com.br\\\/sobre\\\/tarcisio-aposta-em-virada-de-flavio-sobre-lula-e-diz-que-sao-paulo-sera-decisivo-na-eleicao\\\/#webpage\"},\"isPartOf\":{\"@id\":\"https:\\\/\\\/www.encontracampobelo.com.br\\\/sobre\\\/tarcisio-aposta-em-virada-de-flavio-sobre-lula-e-diz-que-sao-paulo-sera-decisivo-na-eleicao\\\/#webpage\"},\"articleSection\":\"Not\\u00edcias Campo Belo\"},{\"@type\":\"BreadcrumbList\",\"@id\":\"https:\\\/\\\/www.encontracampobelo.com.br\\\/sobre\\\/tarcisio-aposta-em-virada-de-flavio-sobre-lula-e-diz-que-sao-paulo-sera-decisivo-na-eleicao\\\/#breadcrumblist\",\"itemListElement\":[{\"@type\":\"ListItem\",\"@id\":\"https:\\\/\\\/www.encontracampobelo.com.br\\\/sobre#listItem\",\"position\":1,\"name\":\"In\\u00edcio\",\"item\":\"https:\\\/\\\/www.encontracampobelo.com.br\\\/sobre\",\"nextItem\":{\"@type\":\"ListItem\",\"@id\":\"https:\\\/\\\/www.encontracampobelo.com.br\\\/sobre\\\/noticias-no-campo-belo\\\/#listItem\",\"name\":\"Not\\u00edcias Campo Belo\"}},{\"@type\":\"ListItem\",\"@id\":\"https:\\\/\\\/www.encontracampobelo.com.br\\\/sobre\\\/noticias-no-campo-belo\\\/#listItem\",\"position\":2,\"name\":\"Not\\u00edcias Campo Belo\",\"item\":\"https:\\\/\\\/www.encontracampobelo.com.br\\\/sobre\\\/noticias-no-campo-belo\\\/\",\"nextItem\":{\"@type\":\"ListItem\",\"@id\":\"https:\\\/\\\/www.encontracampobelo.com.br\\\/sobre\\\/tarcisio-aposta-em-virada-de-flavio-sobre-lula-e-diz-que-sao-paulo-sera-decisivo-na-eleicao\\\/#listItem\",\"name\":\"Tarc\\u00edsio aposta em virada de Fl\\u00e1vio sobre Lula e diz que S\\u00e3o Paulo ser\\u00e1 decisivo na elei\\u00e7\\u00e3o\"},\"previousItem\":{\"@type\":\"ListItem\",\"@id\":\"https:\\\/\\\/www.encontracampobelo.com.br\\\/sobre#listItem\",\"name\":\"In\\u00edcio\"}},{\"@type\":\"ListItem\",\"@id\":\"https:\\\/\\\/www.encontracampobelo.com.br\\\/sobre\\\/tarcisio-aposta-em-virada-de-flavio-sobre-lula-e-diz-que-sao-paulo-sera-decisivo-na-eleicao\\\/#listItem\",\"position\":3,\"name\":\"Tarc\\u00edsio aposta em virada de Fl\\u00e1vio sobre Lula e diz que S\\u00e3o Paulo ser\\u00e1 decisivo na elei\\u00e7\\u00e3o\",\"previousItem\":{\"@type\":\"ListItem\",\"@id\":\"https:\\\/\\\/www.encontracampobelo.com.br\\\/sobre\\\/noticias-no-campo-belo\\\/#listItem\",\"name\":\"Not\\u00edcias Campo Belo\"}}]},{\"@type\":\"Organization\",\"@id\":\"https:\\\/\\\/www.encontracampobelo.com.br\\\/sobre\\\/#organization\",\"name\":\"Encontra  Campo Belo\",\"description\":\"Not\\u00edcias, eventos, informa\\u00e7\\u00f5es e dicas no bairro do Campo Belo e regi\\u00e3o.\",\"url\":\"https:\\\/\\\/www.encontracampobelo.com.br\\\/sobre\\\/\"},{\"@type\":\"Person\",\"@id\":\"https:\\\/\\\/www.encontracampobelo.com.br\\\/sobre\\\/author\\\/ecampobelo\\\/#author\",\"url\":\"https:\\\/\\\/www.encontracampobelo.com.br\\\/sobre\\\/author\\\/ecampobelo\\\/\",\"name\":\"Encontra Campo Belo\",\"image\":{\"@type\":\"ImageObject\",\"@id\":\"https:\\\/\\\/www.encontracampobelo.com.br\\\/sobre\\\/tarcisio-aposta-em-virada-de-flavio-sobre-lula-e-diz-que-sao-paulo-sera-decisivo-na-eleicao\\\/#authorImage\",\"url\":\"https:\\\/\\\/secure.gravatar.com\\\/avatar\\\/507340682b8270222e1f208e23198b6ae7e2c6a1033ae84e99bc6bce4f82a387?s=96&d=mm&r=g\",\"width\":96,\"height\":96,\"caption\":\"Encontra Campo Belo\"}},{\"@type\":\"WebPage\",\"@id\":\"https:\\\/\\\/www.encontracampobelo.com.br\\\/sobre\\\/tarcisio-aposta-em-virada-de-flavio-sobre-lula-e-diz-que-sao-paulo-sera-decisivo-na-eleicao\\\/#webpage\",\"url\":\"https:\\\/\\\/www.encontracampobelo.com.br\\\/sobre\\\/tarcisio-aposta-em-virada-de-flavio-sobre-lula-e-diz-que-sao-paulo-sera-decisivo-na-eleicao\\\/\",\"name\":\"Tarc\\u00edsio aposta em virada de Fl\\u00e1vio sobre Lula e diz que S\\u00e3o Paulo ser\\u00e1 decisivo na elei\\u00e7\\u00e3o | Encontra Campo Belo\",\"description\":\"Tarc\\u00edsio acredita que S\\u00e3o Paulo ser\\u00e1 crucial na virada de Fl\\u00e1vio nas elei\\u00e7\\u00f5es.\",\"inLanguage\":\"pt-BR\",\"isPartOf\":{\"@id\":\"https:\\\/\\\/www.encontracampobelo.com.br\\\/sobre\\\/#website\"},\"breadcrumb\":{\"@id\":\"https:\\\/\\\/www.encontracampobelo.com.br\\\/sobre\\\/tarcisio-aposta-em-virada-de-flavio-sobre-lula-e-diz-que-sao-paulo-sera-decisivo-na-eleicao\\\/#breadcrumblist\"},\"author\":{\"@id\":\"https:\\\/\\\/www.encontracampobelo.com.br\\\/sobre\\\/author\\\/ecampobelo\\\/#author\"},\"creator\":{\"@id\":\"https:\\\/\\\/www.encontracampobelo.com.br\\\/sobre\\\/author\\\/ecampobelo\\\/#author\"},\"image\":{\"@type\":\"ImageObject\",\"url\":\"https:\\\/\\\/www.encontracampobelo.com.br\\\/sobre\\\/wp-content\\\/uploads\\\/2026\\\/09\\\/tarcisio-aposta-em-virada-de-flavio-sobre-lula-e-diz-que-sao-paulo-sera-decisivo-na-eleicao.webp\",\"@id\":\"https:\\\/\\\/www.encontracampobelo.com.br\\\/sobre\\\/tarcisio-aposta-em-virada-de-flavio-sobre-lula-e-diz-que-sao-paulo-sera-decisivo-na-eleicao\\\/#mainImage\",\"width\":280,\"height\":280,\"caption\":\"Fl\\u00e1vio Bolsonaro\"},\"primaryImageOfPage\":{\"@id\":\"https:\\\/\\\/www.encontracampobelo.com.br\\\/sobre\\\/tarcisio-aposta-em-virada-de-flavio-sobre-lula-e-diz-que-sao-paulo-sera-decisivo-na-eleicao\\\/#mainImage\"},\"datePublished\":\"2026-09-02T09:19:33-02:00\",\"dateModified\":\"2026-09-02T09:19:33-02:00\"},{\"@type\":\"WebSite\",\"@id\":\"https:\\\/\\\/www.encontracampobelo.com.br\\\/sobre\\\/#website\",\"url\":\"https:\\\/\\\/www.encontracampobelo.com.br\\\/sobre\\\/\",\"name\":\"Encontra  Campo Belo\",\"description\":\"Not\\u00edcias, eventos, informa\\u00e7\\u00f5es e dicas no bairro do Campo Belo e regi\\u00e3o.\",\"inLanguage\":\"pt-BR\",\"publisher\":{\"@id\":\"https:\\\/\\\/www.encontracampobelo.com.br\\\/sobre\\\/#organization\"}}]}\n\t\t<\/script>\n\t\t<!-- All in One SEO -->\n\n","aioseo_head_json":{"title":"Tarc\u00edsio aposta em virada de Fl\u00e1vio sobre Lula e diz que S\u00e3o Paulo ser\u00e1 decisivo na elei\u00e7\u00e3o | Encontra Campo Belo","description":"Tarc\u00edsio acredita que S\u00e3o Paulo ser\u00e1 crucial na virada de Fl\u00e1vio nas elei\u00e7\u00f5es.","canonical_url":"https:\/\/www.encontracampobelo.com.br\/sobre\/tarcisio-aposta-em-virada-de-flavio-sobre-lula-e-diz-que-sao-paulo-sera-decisivo-na-eleicao\/","robots":"max-image-preview:large","keywords":"","webmasterTools":{"miscellaneous":""},"schema":{"@context":"https:\/\/schema.org","@graph":[{"@type":"Article","@id":"https:\/\/www.encontracampobelo.com.br\/sobre\/tarcisio-aposta-em-virada-de-flavio-sobre-lula-e-diz-que-sao-paulo-sera-decisivo-na-eleicao\/#article","name":"Tarc\u00edsio aposta em virada de Fl\u00e1vio sobre Lula e diz que S\u00e3o Paulo ser\u00e1 decisivo na elei\u00e7\u00e3o | Encontra Campo Belo","headline":"Tarc\u00edsio aposta em virada de Fl\u00e1vio sobre Lula e diz que S\u00e3o Paulo ser\u00e1 decisivo na elei\u00e7\u00e3o","author":{"@id":"https:\/\/www.encontracampobelo.com.br\/sobre\/author\/ecampobelo\/#author"},"publisher":{"@id":"https:\/\/www.encontracampobelo.com.br\/sobre\/#organization"},"image":{"@type":"ImageObject","url":"https:\/\/www.encontracampobelo.com.br\/sobre\/wp-content\/uploads\/2026\/09\/tarcisio-aposta-em-virada-de-flavio-sobre-lula-e-diz-que-sao-paulo-sera-decisivo-na-eleicao.webp","width":280,"height":280,"caption":"Fl\u00e1vio Bolsonaro"},"datePublished":"2026-09-02T09:19:33-02:00","dateModified":"2026-09-02T09:19:33-02:00","inLanguage":"pt-BR","mainEntityOfPage":{"@id":"https:\/\/www.encontracampobelo.com.br\/sobre\/tarcisio-aposta-em-virada-de-flavio-sobre-lula-e-diz-que-sao-paulo-sera-decisivo-na-eleicao\/#webpage"},"isPartOf":{"@id":"https:\/\/www.encontracampobelo.com.br\/sobre\/tarcisio-aposta-em-virada-de-flavio-sobre-lula-e-diz-que-sao-paulo-sera-decisivo-na-eleicao\/#webpage"},"articleSection":"Not\u00edcias Campo Belo"},{"@type":"BreadcrumbList","@id":"https:\/\/www.encontracampobelo.com.br\/sobre\/tarcisio-aposta-em-virada-de-flavio-sobre-lula-e-diz-que-sao-paulo-sera-decisivo-na-eleicao\/#breadcrumblist","itemListElement":[{"@type":"ListItem","@id":"https:\/\/www.encontracampobelo.com.br\/sobre#listItem","position":1,"name":"In\u00edcio","item":"https:\/\/www.encontracampobelo.com.br\/sobre","nextItem":{"@type":"ListItem","@id":"https:\/\/www.encontracampobelo.com.br\/sobre\/noticias-no-campo-belo\/#listItem","name":"Not\u00edcias Campo Belo"}},{"@type":"ListItem","@id":"https:\/\/www.encontracampobelo.com.br\/sobre\/noticias-no-campo-belo\/#listItem","position":2,"name":"Not\u00edcias Campo Belo","item":"https:\/\/www.encontracampobelo.com.br\/sobre\/noticias-no-campo-belo\/","nextItem":{"@type":"ListItem","@id":"https:\/\/www.encontracampobelo.com.br\/sobre\/tarcisio-aposta-em-virada-de-flavio-sobre-lula-e-diz-que-sao-paulo-sera-decisivo-na-eleicao\/#listItem","name":"Tarc\u00edsio aposta em virada de Fl\u00e1vio sobre Lula e diz que S\u00e3o Paulo ser\u00e1 decisivo na elei\u00e7\u00e3o"},"previousItem":{"@type":"ListItem","@id":"https:\/\/www.encontracampobelo.com.br\/sobre#listItem","name":"In\u00edcio"}},{"@type":"ListItem","@id":"https:\/\/www.encontracampobelo.com.br\/sobre\/tarcisio-aposta-em-virada-de-flavio-sobre-lula-e-diz-que-sao-paulo-sera-decisivo-na-eleicao\/#listItem","position":3,"name":"Tarc\u00edsio aposta em virada de Fl\u00e1vio sobre Lula e diz que S\u00e3o Paulo ser\u00e1 decisivo na elei\u00e7\u00e3o","previousItem":{"@type":"ListItem","@id":"https:\/\/www.encontracampobelo.com.br\/sobre\/noticias-no-campo-belo\/#listItem","name":"Not\u00edcias Campo Belo"}}]},{"@type":"Organization","@id":"https:\/\/www.encontracampobelo.com.br\/sobre\/#organization","name":"Encontra  Campo Belo","description":"Not\u00edcias, eventos, informa\u00e7\u00f5es e dicas no bairro do Campo Belo e regi\u00e3o.","url":"https:\/\/www.encontracampobelo.com.br\/sobre\/"},{"@type":"Person","@id":"https:\/\/www.encontracampobelo.com.br\/sobre\/author\/ecampobelo\/#author","url":"https:\/\/www.encontracampobelo.com.br\/sobre\/author\/ecampobelo\/","name":"Encontra Campo Belo","image":{"@type":"ImageObject","@id":"https:\/\/www.encontracampobelo.com.br\/sobre\/tarcisio-aposta-em-virada-de-flavio-sobre-lula-e-diz-que-sao-paulo-sera-decisivo-na-eleicao\/#authorImage","url":"https:\/\/secure.gravatar.com\/avatar\/507340682b8270222e1f208e23198b6ae7e2c6a1033ae84e99bc6bce4f82a387?s=96&d=mm&r=g","width":96,"height":96,"caption":"Encontra Campo Belo"}},{"@type":"WebPage","@id":"https:\/\/www.encontracampobelo.com.br\/sobre\/tarcisio-aposta-em-virada-de-flavio-sobre-lula-e-diz-que-sao-paulo-sera-decisivo-na-eleicao\/#webpage","url":"https:\/\/www.encontracampobelo.com.br\/sobre\/tarcisio-aposta-em-virada-de-flavio-sobre-lula-e-diz-que-sao-paulo-sera-decisivo-na-eleicao\/","name":"Tarc\u00edsio aposta em virada de Fl\u00e1vio sobre Lula e diz que S\u00e3o Paulo ser\u00e1 decisivo na elei\u00e7\u00e3o | Encontra Campo Belo","description":"Tarc\u00edsio acredita que S\u00e3o Paulo ser\u00e1 crucial na virada de Fl\u00e1vio nas elei\u00e7\u00f5es.","inLanguage":"pt-BR","isPartOf":{"@id":"https:\/\/www.encontracampobelo.com.br\/sobre\/#website"},"breadcrumb":{"@id":"https:\/\/www.encontracampobelo.com.br\/sobre\/tarcisio-aposta-em-virada-de-flavio-sobre-lula-e-diz-que-sao-paulo-sera-decisivo-na-eleicao\/#breadcrumblist"},"author":{"@id":"https:\/\/www.encontracampobelo.com.br\/sobre\/author\/ecampobelo\/#author"},"creator":{"@id":"https:\/\/www.encontracampobelo.com.br\/sobre\/author\/ecampobelo\/#author"},"image":{"@type":"ImageObject","url":"https:\/\/www.encontracampobelo.com.br\/sobre\/wp-content\/uploads\/2026\/09\/tarcisio-aposta-em-virada-de-flavio-sobre-lula-e-diz-que-sao-paulo-sera-decisivo-na-eleicao.webp","@id":"https:\/\/www.encontracampobelo.com.br\/sobre\/tarcisio-aposta-em-virada-de-flavio-sobre-lula-e-diz-que-sao-paulo-sera-decisivo-na-eleicao\/#mainImage","width":280,"height":280,"caption":"Fl\u00e1vio Bolsonaro"},"primaryImageOfPage":{"@id":"https:\/\/www.encontracampobelo.com.br\/sobre\/tarcisio-aposta-em-virada-de-flavio-sobre-lula-e-diz-que-sao-paulo-sera-decisivo-na-eleicao\/#mainImage"},"datePublished":"2026-09-02T09:19:33-02:00","dateModified":"2026-09-02T09:19:33-02:00"},{"@type":"WebSite","@id":"https:\/\/www.encontracampobelo.com.br\/sobre\/#website","url":"https:\/\/www.encontracampobelo.com.br\/sobre\/","name":"Encontra  Campo Belo","description":"Not\u00edcias, eventos, informa\u00e7\u00f5es e dicas no bairro do Campo Belo e regi\u00e3o.","inLanguage":"pt-BR","publisher":{"@id":"https:\/\/www.encontracampobelo.com.br\/sobre\/#organization"}}]},"og:locale":"pt_BR","og:site_name":"Encontra  Campo Belo | Not\u00edcias, eventos, informa\u00e7\u00f5es e dicas no bairro do Campo Belo e regi\u00e3o.","og:type":"article","og:title":"Tarc\u00edsio aposta em virada de Fl\u00e1vio sobre Lula e diz que S\u00e3o Paulo ser\u00e1 decisivo na elei\u00e7\u00e3o | Encontra Campo Belo","og:description":"Tarc\u00edsio acredita que S\u00e3o Paulo ser\u00e1 crucial na virada de Fl\u00e1vio nas elei\u00e7\u00f5es.","og:url":"https:\/\/www.encontracampobelo.com.br\/sobre\/tarcisio-aposta-em-virada-de-flavio-sobre-lula-e-diz-que-sao-paulo-sera-decisivo-na-eleicao\/","article:published_time":"2026-09-02T11:19:33+00:00","article:modified_time":"2026-09-02T11:19:33+00:00","twitter:card":"summary_large_image","twitter:title":"Tarc\u00edsio aposta em virada de Fl\u00e1vio sobre Lula e diz que S\u00e3o Paulo ser\u00e1 decisivo na elei\u00e7\u00e3o | Encontra Campo Belo","twitter:description":"Tarc\u00edsio acredita que S\u00e3o Paulo ser\u00e1 crucial na virada de Fl\u00e1vio nas elei\u00e7\u00f5es."},"aioseo_meta_data":{"post_id":"2592","title":null,"description":null,"keywords":null,"keyphrases":null,"primary_term":null,"canonical_url":null,"og_title":null,"og_description":null,"og_object_type":"default","og_image_type":"default","og_image_url":null,"og_image_width":null,"og_image_height":null,"og_image_custom_url":null,"og_image_custom_fields":null,"og_video":null,"og_custom_url":null,"og_article_section":null,"og_article_tags":null,"twitter_use_og":false,"twitter_card":"default","twitter_image_type":"default","twitter_image_url":null,"twitter_image_custom_url":null,"twitter_image_custom_fields":null,"twitter_title":null,"twitter_description":null,"schema":{"blockGraphs":[],"customGraphs":[],"default":{"data":{"Article":[],"Course":[],"Dataset":[],"FAQPage":[],"Movie":[],"Person":[],"Product":[],"ProductReview":[],"Car":[],"Recipe":[],"Service":[],"SoftwareApplication":[],"WebPage":[]},"graphName":"Article","isEnabled":true},"graphs":[]},"schema_type":"default","schema_type_options":null,"pillar_content":false,"robots_default":true,"robots_noindex":false,"robots_noarchive":false,"robots_nosnippet":false,"robots_nofollow":false,"robots_noimageindex":false,"robots_noodp":false,"robots_notranslate":false,"robots_max_snippet":null,"robots_max_videopreview":null,"robots_max_imagepreview":"large","priority":null,"frequency":null,"local_seo":null,"breadcrumb_settings":null,"limit_modified_date":false,"ai":null,"created":"2026-09-02 11:19:34","updated":"2026-09-02 11:55:50","focus_keyword":null,"additional_keywords":null,"truseo_locale":null,"seo_analyzer_scan_date":null},"aioseo_breadcrumb":"<div class=\"aioseo-breadcrumbs\"><span class=\"aioseo-breadcrumb\">\n\t\t\t<a href=\"https:\/\/www.encontracampobelo.com.br\/sobre\" title=\"In\u00edcio\">In\u00edcio<\/a>\n\t\t<\/span><span class=\"aioseo-breadcrumb-separator\">&raquo;<\/span><span class=\"aioseo-breadcrumb\">\n\t\t\t<a href=\"https:\/\/www.encontracampobelo.com.br\/sobre\/noticias-no-campo-belo\/\" title=\"Not\u00edcias Campo Belo\">Not\u00edcias Campo Belo<\/a>\n\t\t<\/span><span class=\"aioseo-breadcrumb-separator\">&raquo;<\/span><span class=\"aioseo-breadcrumb\">\n\t\t\tTarc\u00edsio aposta em virada de Fl\u00e1vio sobre Lula e diz que S\u00e3o Paulo ser\u00e1 decisivo na elei\u00e7\u00e3o\n\t\t<\/span><\/div>","aioseo_breadcrumb_json":[{"label":"In\u00edcio","link":"https:\/\/www.encontracampobelo.com.br\/sobre"},{"label":"Not\u00edcias Campo Belo","link":"https:\/\/www.encontracampobelo.com.br\/sobre\/noticias-no-campo-belo\/"},{"label":"Tarc\u00edsio aposta em virada de Fl\u00e1vio sobre Lula e diz que S\u00e3o Paulo ser\u00e1 decisivo na elei\u00e7\u00e3o","link":"https:\/\/www.encontracampobelo.com.br\/sobre\/tarcisio-aposta-em-virada-de-flavio-sobre-lula-e-diz-que-sao-paulo-sera-decisivo-na-eleicao\/"}],"_links":{"self":[{"href":"https:\/\/www.encontracampobelo.com.br\/sobre\/wp-json\/wp\/v2\/posts\/2592","targetHints":{"allow":["GET"]}}],"collection":[{"href":"https:\/\/www.encontracampobelo.com.br\/sobre\/wp-json\/wp\/v2\/posts"}],"about":[{"href":"https:\/\/www.encontracampobelo.com.br\/sobre\/wp-json\/wp\/v2\/types\/post"}],"author":[{"embeddable":true,"href":"https:\/\/www.encontracampobelo.com.br\/sobre\/wp-json\/wp\/v2\/users\/1"}],"replies":[{"embeddable":true,"href":"https:\/\/www.encontracampobelo.com.br\/sobre\/wp-json\/wp\/v2\/comments?post=2592"}],"version-history":[{"count":0,"href":"https:\/\/www.encontracampobelo.com.br\/sobre\/wp-json\/wp\/v2\/posts\/2592\/revisions"}],"wp:featuredmedia":[{"embeddable":true,"href":"https:\/\/www.encontracampobelo.com.br\/sobre\/wp-json\/wp\/v2\/media\/2591"}],"wp:attachment":[{"href":"https:\/\/www.encontracampobelo.com.br\/sobre\/wp-json\/wp\/v2\/media?parent=2592"}],"wp:term":[{"taxonomy":"category","embeddable":true,"href":"https:\/\/www.encontracampobelo.com.br\/sobre\/wp-json\/wp\/v2\/categories?post=2592"},{"taxonomy":"post_tag","embeddable":true,"href":"https:\/\/www.encontracampobelo.com.br\/sobre\/wp-json\/wp\/v2\/tags?post=2592"}],"curies":[{"name":"wp","href":"https:\/\/api.w.org\/{rel}","templated":true}]}}