{"id":2598,"date":"2026-09-02T22:31:05","date_gmt":"2026-09-03T00:31:05","guid":{"rendered":"https:\/\/www.encontracampobelo.com.br\/sobre\/juliana-clemente-veja-numero-e-partido-nas-eleicoes-2026\/"},"modified":"2026-09-02T22:31:05","modified_gmt":"2026-09-03T00:31:05","slug":"juliana-clemente-veja-numero-e-partido-nas-eleicoes-2026","status":"publish","type":"post","link":"https:\/\/www.encontracampobelo.com.br\/sobre\/juliana-clemente-veja-numero-e-partido-nas-eleicoes-2026\/","title":{"rendered":"Juliana Clemente: veja n\u00famero e partido nas Elei\u00e7\u00f5es 2026"},"content":{"rendered":"<div class=\"1cfda93c6640a8762b4fe319eb685dc5\" data-index=\"1\" style=\"float: none; margin:0px;\">\n<!-- Anuncio display - global -->\r\n<ins class=\"adsbygoogle\"\r\n     style=\"display:block\"\r\n     data-ad-client=\"ca-pub-8585364105181520\"\r\n     data-ad-slot=\"8789329856\"\r\n     data-ad-format=\"auto\"\r\n     data-full-width-responsive=\"true\"><\/ins>\r\n<script>\r\n     (adsbygoogle = window.adsbygoogle || []).push({});\r\n<\/script>\n<\/div>\n<h2>Quem \u00e9 Juliana Clemente?<\/h2>\n<p>Juliana Clemente, nascida em Campo Belo, \u00e9 uma candidata a Deputada Federal pelo partido PODE, utilizando o n\u00famero 2012. Ela tem 51 anos, nasceu em 17 de maio de 1975, e atualmente reside no estado de S\u00e3o Paulo. Casada, Juliana se identifica como mulher e \u00e9 parte da comunidade branca em termos de cor\/ra\u00e7a. Com uma forma\u00e7\u00e3o que inclui o ensino fundamental completo, ela se destaca na \u00e1rea empresarial, atuando como empres\u00e1ria.<\/p>\n<h2>A Trajet\u00f3ria Profissional de Juliana<\/h2>\n<p>A carreira de Juliana se desenvolveu principalmente no setor empresarial, onde ela acumulou experi\u00eancias significativas ao longo dos anos. Sua atua\u00e7\u00e3o como empres\u00e1ria \u00e9 marcada por seu envolvimento em diversas iniciativas de gest\u00e3o, capacitando-se para enfrentar os desafios do mercado. Ao longo de sua trajet\u00f3ria, Juliana buscou sempre se atualizar e se adaptar \u00e0s novas demandas do mundo dos neg\u00f3cios, solidificando sua reputa\u00e7\u00e3o em sua \u00e1rea de atua\u00e7\u00e3o.<\/p>\n<h2>Candidatura e Partido<\/h2>\n<p>A candidatura de Juliana foi deferida, e ela concorre ao cargo de Deputada Federal nas elei\u00e7\u00f5es de 2026. O partido PODE, ao qual pertence, se destaca por suas propostas de moderniza\u00e7\u00e3o e inclus\u00e3o no cen\u00e1rio pol\u00edtico. Juliana representa uma nova abordagem pol\u00edtica, buscando trazer a voz da mulher \u00e0 frente do debate sobre quest\u00f5es que afetam diretamente a sociedade.<\/p>\n<p><img decoding=\"async\" src=\"https:\/\/www.encontracampobelo.com.br\/sobre\/wp-content\/uploads\/2026\/09\/juliana-clemente-veja-numero-e-partido-nas-eleicoes-2026.webp\" alt=\"Juliana Clemente\" loading=\"lazy\" \/><\/p>\n<h2>Perfil da Candidata<\/h2>\n<p>Juliana Clemente \u00e9 uma mulher que representa a for\u00e7a e a determina\u00e7\u00e3o de v\u00e1rias outras mulheres na pol\u00edtica. Seu perfil \u00e9 caracterizado pela sensibilidade em abordar as quest\u00f5es sociais e a defesa da \u00e9tica na pol\u00edtica. Ela busca ser uma ponte entre as necessidades da popula\u00e7\u00e3o e as decis\u00f5es que precisam ser tomadas no governo.<\/p>\n<h2>Principais Propostas de Juliana<\/h2>\n<p>Entre as propostas principais de Juliana, destaca-se:<\/p>\n<ul>\n<li><strong>Promo\u00e7\u00e3o da Igualdade de G\u00eanero:<\/strong> Juliana compromete-se a lutar por pol\u00edticas que assegurem a igualdade de oportunidades para mulheres em todas as esferas.<\/li>\n<li><strong>Desenvolvimento Sustent\u00e1vel:<\/strong> Sua proposta inclui a promo\u00e7\u00e3o de iniciativas que visem \u00e0 sustentabilidade ambiental e ao desenvolvimento econ\u00f4mico das comunidades.<\/li>\n<li><strong>Educa\u00e7\u00e3o de Qualidade:<\/strong> Ela defende um investimento s\u00f3lido na educa\u00e7\u00e3o, reconhecendo sua import\u00e2ncia para o futuro do Brasil.<\/li>\n<li><strong>Sa\u00fade P\u00fablica:<\/strong> Juliana planeja trabalhar para melhorar o acesso \u00e0 sa\u00fade p\u00fablica para todos, destacando a import\u00e2ncia de servi\u00e7os de qualidade.<\/li>\n<\/ul>\n<h2>Como Juliana se Diferencia dos Demais Candidatos<\/h2>\n<p>Diferente de muitos candidatos, Juliana Clemente traz um olhar renovador e uma forte conex\u00e3o com a comunidade. Sua viv\u00eancia como empres\u00e1ria a qualifica para entender melhor os desafios enfrentados no dia a dia da popula\u00e7\u00e3o. Al\u00e9m disso, sua paix\u00e3o pela justi\u00e7a social e a representatividade feminina a posiciona como uma l\u00edder em potencial em debates-chave para o futuro do pa\u00eds.<\/p>\n<h2>Contexto Pol\u00edtico das Elei\u00e7\u00f5es 2026<\/h2>\n<p>As elei\u00e7\u00f5es de 2026 ocorrem em um contexto pol\u00edtico marcado por transforma\u00e7\u00f5es e a busca por uma maior representatividade. O cen\u00e1rio atual reflete a crescente demanda por figuras pol\u00edticas que realmente escutem as vozes do povo e promovam uma agenda de mudan\u00e7as. Juliana representa essa nova gera\u00e7\u00e3o que visa romper com os velhos padr\u00f5es e trazer novos ares ao legislativo.<\/p>\n<h2>Import\u00e2ncia da Representatividade Feminina<\/h2>\n<p>A representatividade feminina na pol\u00edtica \u00e9 um assunto de grande import\u00e2ncia, especialmente nas elei\u00e7\u00f5es de 2026. Juliana Clemente \u00e9 um exemplo do quanto \u00e9 essencial que mulheres ocupem espa\u00e7os de poder, n\u00e3o apenas para inspirar outras mulheres, mas tamb\u00e9m para assegurar que as quest\u00f5es que as impactam diretamente sejam debatidas e resolvidas. A presen\u00e7a feminina \u00e9 fundamental para uma democracia saud\u00e1vel e inclusiva.<\/p>\n<h2>Expectativas dos Eleitores<\/h2>\n<p>Os eleitores de Juliana Clemente esperam que ela atue com integridade e fa\u00e7a valer suas promessas de campanha. Eles desejam um representante que mostre comprometimento com as causas sociais e que se preocupe com a qualidade de vida da popula\u00e7\u00e3o. As expectativas s\u00e3o altas em rela\u00e7\u00e3o ao seu papel como voz ativa na C\u00e2mara dos Deputados.<\/p>\n<h2>Como Acompanhar a Campanha de Juliana Clemente<\/h2>\n<p>Para aqueles que desejam acompanhar a trajet\u00f3ria e as propostas de Juliana Clemente nas elei\u00e7\u00f5es de 2026, existem v\u00e1rias maneiras de se manter informado: <\/p>\n<ul>\n<li><strong>Redes Sociais:<\/strong> Juliana utiliza plataformas como Instagram, Facebook e Twitter para compartilhar suas ideias e interagir com seus apoiadores.<\/li>\n<li><strong>Site Oficial:<\/strong> Um site dedicado \u00e0 sua campanha pode fornecer detalhes sobre suas propostas, eventos e formas de apoio.<\/li>\n<li><strong>Eventos P\u00fablicos:<\/strong> Participar de com\u00edcios e debates s\u00e3o \u00f3timas oportunidades para conhecer mais sobre a abordagem de Juliana e fazer perguntas diretamente a ela.<\/li>\n<\/ul>\n<p>A jornada de Juliana Clemente nas elei\u00e7\u00f5es de 2026 \u00e9 marcada por uma busca por justi\u00e7a social, igualdade e representa\u00e7\u00e3o significativa. Com um hist\u00f3rico empresarial e uma vis\u00e3o inclusiva, ela est\u00e1 pronta para ser uma voz ativa na pol\u00edtica do Brasil.<\/p>\n\n<div style=\"font-size: 0px; height: 0px; line-height: 0px; margin: 0; padding: 0; clear: both;\"><\/div>","protected":false},"excerpt":{"rendered":"<p>Juliana Clemente \u00e9 a candidata a deputado federal por S\u00e3o Paulo em 2026.<\/p>\n","protected":false},"author":1,"featured_media":2597,"comment_status":"open","ping_status":"closed","sticky":false,"template":"","format":"standard","meta":{"footnotes":""},"categories":[7],"tags":[],"class_list":["post-2598","post","type-post","status-publish","format-standard","has-post-thumbnail","hentry","category-noticias-no-campo-belo","has_thumb"],"aioseo_notices":[],"aioseo_head":"\n\t\t<!-- All in One SEO 5.0.0.1 - aioseo.com -->\n\t<meta name=\"description\" content=\"Juliana Clemente \u00e9 a candidata a deputado federal por S\u00e3o Paulo em 2026.\" \/>\n\t<meta name=\"robots\" content=\"max-image-preview:large\" \/>\n\t<meta name=\"author\" content=\"Encontra Campo Belo\"\/>\n\t<link rel=\"canonical\" href=\"https:\/\/www.encontracampobelo.com.br\/sobre\/juliana-clemente-veja-numero-e-partido-nas-eleicoes-2026\/\" \/>\n\t<meta name=\"generator\" content=\"All in One SEO (AIOSEO) 5.0.0.1\" \/>\n\t\t<meta property=\"og:locale\" content=\"pt_BR\" \/>\n\t\t<meta property=\"og:site_name\" content=\"Encontra  Campo Belo | Not\u00edcias, eventos, informa\u00e7\u00f5es e dicas no bairro do Campo Belo e regi\u00e3o.\" \/>\n\t\t<meta property=\"og:type\" content=\"article\" \/>\n\t\t<meta property=\"og:title\" content=\"Juliana Clemente: veja n\u00famero e partido nas Elei\u00e7\u00f5es 2026 | Encontra Campo Belo\" \/>\n\t\t<meta property=\"og:description\" content=\"Juliana Clemente \u00e9 a candidata a deputado federal por S\u00e3o Paulo em 2026.\" \/>\n\t\t<meta property=\"og:url\" content=\"https:\/\/www.encontracampobelo.com.br\/sobre\/juliana-clemente-veja-numero-e-partido-nas-eleicoes-2026\/\" \/>\n\t\t<meta property=\"article:published_time\" content=\"2026-09-03T00:31:05+00:00\" \/>\n\t\t<meta property=\"article:modified_time\" content=\"2026-09-03T00:31:05+00:00\" \/>\n\t\t<meta name=\"twitter:card\" content=\"summary_large_image\" \/>\n\t\t<meta name=\"twitter:title\" content=\"Juliana Clemente: veja n\u00famero e partido nas Elei\u00e7\u00f5es 2026 | Encontra Campo Belo\" \/>\n\t\t<meta name=\"twitter:description\" content=\"Juliana Clemente \u00e9 a candidata a deputado federal por S\u00e3o Paulo em 2026.\" \/>\n\t\t<script type=\"application\/ld+json\" class=\"aioseo-schema\">\n\t\t\t{\"@context\":\"https:\\\/\\\/schema.org\",\"@graph\":[{\"@type\":\"Article\",\"@id\":\"https:\\\/\\\/www.encontracampobelo.com.br\\\/sobre\\\/juliana-clemente-veja-numero-e-partido-nas-eleicoes-2026\\\/#article\",\"name\":\"Juliana Clemente: veja n\\u00famero e partido nas Elei\\u00e7\\u00f5es 2026 | Encontra Campo Belo\",\"headline\":\"Juliana Clemente: veja n\\u00famero e partido nas Elei\\u00e7\\u00f5es 2026\",\"author\":{\"@id\":\"https:\\\/\\\/www.encontracampobelo.com.br\\\/sobre\\\/author\\\/ecampobelo\\\/#author\"},\"publisher\":{\"@id\":\"https:\\\/\\\/www.encontracampobelo.com.br\\\/sobre\\\/#organization\"},\"image\":{\"@type\":\"ImageObject\",\"url\":\"https:\\\/\\\/www.encontracampobelo.com.br\\\/sobre\\\/wp-content\\\/uploads\\\/2026\\\/09\\\/juliana-clemente-veja-numero-e-partido-nas-eleicoes-2026.webp\",\"width\":280,\"height\":280,\"caption\":\"Juliana Clemente\"},\"datePublished\":\"2026-09-02T22:31:05-02:00\",\"dateModified\":\"2026-09-02T22:31:05-02:00\",\"inLanguage\":\"pt-BR\",\"mainEntityOfPage\":{\"@id\":\"https:\\\/\\\/www.encontracampobelo.com.br\\\/sobre\\\/juliana-clemente-veja-numero-e-partido-nas-eleicoes-2026\\\/#webpage\"},\"isPartOf\":{\"@id\":\"https:\\\/\\\/www.encontracampobelo.com.br\\\/sobre\\\/juliana-clemente-veja-numero-e-partido-nas-eleicoes-2026\\\/#webpage\"},\"articleSection\":\"Not\\u00edcias Campo Belo\"},{\"@type\":\"BreadcrumbList\",\"@id\":\"https:\\\/\\\/www.encontracampobelo.com.br\\\/sobre\\\/juliana-clemente-veja-numero-e-partido-nas-eleicoes-2026\\\/#breadcrumblist\",\"itemListElement\":[{\"@type\":\"ListItem\",\"@id\":\"https:\\\/\\\/www.encontracampobelo.com.br\\\/sobre#listItem\",\"position\":1,\"name\":\"In\\u00edcio\",\"item\":\"https:\\\/\\\/www.encontracampobelo.com.br\\\/sobre\",\"nextItem\":{\"@type\":\"ListItem\",\"@id\":\"https:\\\/\\\/www.encontracampobelo.com.br\\\/sobre\\\/noticias-no-campo-belo\\\/#listItem\",\"name\":\"Not\\u00edcias Campo Belo\"}},{\"@type\":\"ListItem\",\"@id\":\"https:\\\/\\\/www.encontracampobelo.com.br\\\/sobre\\\/noticias-no-campo-belo\\\/#listItem\",\"position\":2,\"name\":\"Not\\u00edcias Campo Belo\",\"item\":\"https:\\\/\\\/www.encontracampobelo.com.br\\\/sobre\\\/noticias-no-campo-belo\\\/\",\"nextItem\":{\"@type\":\"ListItem\",\"@id\":\"https:\\\/\\\/www.encontracampobelo.com.br\\\/sobre\\\/juliana-clemente-veja-numero-e-partido-nas-eleicoes-2026\\\/#listItem\",\"name\":\"Juliana Clemente: veja n\\u00famero e partido nas Elei\\u00e7\\u00f5es 2026\"},\"previousItem\":{\"@type\":\"ListItem\",\"@id\":\"https:\\\/\\\/www.encontracampobelo.com.br\\\/sobre#listItem\",\"name\":\"In\\u00edcio\"}},{\"@type\":\"ListItem\",\"@id\":\"https:\\\/\\\/www.encontracampobelo.com.br\\\/sobre\\\/juliana-clemente-veja-numero-e-partido-nas-eleicoes-2026\\\/#listItem\",\"position\":3,\"name\":\"Juliana Clemente: veja n\\u00famero e partido nas Elei\\u00e7\\u00f5es 2026\",\"previousItem\":{\"@type\":\"ListItem\",\"@id\":\"https:\\\/\\\/www.encontracampobelo.com.br\\\/sobre\\\/noticias-no-campo-belo\\\/#listItem\",\"name\":\"Not\\u00edcias Campo Belo\"}}]},{\"@type\":\"Organization\",\"@id\":\"https:\\\/\\\/www.encontracampobelo.com.br\\\/sobre\\\/#organization\",\"name\":\"Encontra  Campo Belo\",\"description\":\"Not\\u00edcias, eventos, informa\\u00e7\\u00f5es e dicas no bairro do Campo Belo e regi\\u00e3o.\",\"url\":\"https:\\\/\\\/www.encontracampobelo.com.br\\\/sobre\\\/\"},{\"@type\":\"Person\",\"@id\":\"https:\\\/\\\/www.encontracampobelo.com.br\\\/sobre\\\/author\\\/ecampobelo\\\/#author\",\"url\":\"https:\\\/\\\/www.encontracampobelo.com.br\\\/sobre\\\/author\\\/ecampobelo\\\/\",\"name\":\"Encontra Campo Belo\",\"image\":{\"@type\":\"ImageObject\",\"@id\":\"https:\\\/\\\/www.encontracampobelo.com.br\\\/sobre\\\/juliana-clemente-veja-numero-e-partido-nas-eleicoes-2026\\\/#authorImage\",\"url\":\"https:\\\/\\\/secure.gravatar.com\\\/avatar\\\/507340682b8270222e1f208e23198b6ae7e2c6a1033ae84e99bc6bce4f82a387?s=96&d=mm&r=g\",\"width\":96,\"height\":96,\"caption\":\"Encontra Campo Belo\"}},{\"@type\":\"WebPage\",\"@id\":\"https:\\\/\\\/www.encontracampobelo.com.br\\\/sobre\\\/juliana-clemente-veja-numero-e-partido-nas-eleicoes-2026\\\/#webpage\",\"url\":\"https:\\\/\\\/www.encontracampobelo.com.br\\\/sobre\\\/juliana-clemente-veja-numero-e-partido-nas-eleicoes-2026\\\/\",\"name\":\"Juliana Clemente: veja n\\u00famero e partido nas Elei\\u00e7\\u00f5es 2026 | Encontra Campo Belo\",\"description\":\"Juliana Clemente \\u00e9 a candidata a deputado federal por S\\u00e3o Paulo em 2026.\",\"inLanguage\":\"pt-BR\",\"isPartOf\":{\"@id\":\"https:\\\/\\\/www.encontracampobelo.com.br\\\/sobre\\\/#website\"},\"breadcrumb\":{\"@id\":\"https:\\\/\\\/www.encontracampobelo.com.br\\\/sobre\\\/juliana-clemente-veja-numero-e-partido-nas-eleicoes-2026\\\/#breadcrumblist\"},\"author\":{\"@id\":\"https:\\\/\\\/www.encontracampobelo.com.br\\\/sobre\\\/author\\\/ecampobelo\\\/#author\"},\"creator\":{\"@id\":\"https:\\\/\\\/www.encontracampobelo.com.br\\\/sobre\\\/author\\\/ecampobelo\\\/#author\"},\"image\":{\"@type\":\"ImageObject\",\"url\":\"https:\\\/\\\/www.encontracampobelo.com.br\\\/sobre\\\/wp-content\\\/uploads\\\/2026\\\/09\\\/juliana-clemente-veja-numero-e-partido-nas-eleicoes-2026.webp\",\"@id\":\"https:\\\/\\\/www.encontracampobelo.com.br\\\/sobre\\\/juliana-clemente-veja-numero-e-partido-nas-eleicoes-2026\\\/#mainImage\",\"width\":280,\"height\":280,\"caption\":\"Juliana Clemente\"},\"primaryImageOfPage\":{\"@id\":\"https:\\\/\\\/www.encontracampobelo.com.br\\\/sobre\\\/juliana-clemente-veja-numero-e-partido-nas-eleicoes-2026\\\/#mainImage\"},\"datePublished\":\"2026-09-02T22:31:05-02:00\",\"dateModified\":\"2026-09-02T22:31:05-02:00\"},{\"@type\":\"WebSite\",\"@id\":\"https:\\\/\\\/www.encontracampobelo.com.br\\\/sobre\\\/#website\",\"url\":\"https:\\\/\\\/www.encontracampobelo.com.br\\\/sobre\\\/\",\"name\":\"Encontra  Campo Belo\",\"description\":\"Not\\u00edcias, eventos, informa\\u00e7\\u00f5es e dicas no bairro do Campo Belo e regi\\u00e3o.\",\"inLanguage\":\"pt-BR\",\"publisher\":{\"@id\":\"https:\\\/\\\/www.encontracampobelo.com.br\\\/sobre\\\/#organization\"}}]}\n\t\t<\/script>\n\t\t<!-- All in One SEO -->\n\n","aioseo_head_json":{"title":"Juliana Clemente: veja n\u00famero e partido nas Elei\u00e7\u00f5es 2026 | Encontra Campo Belo","description":"Juliana Clemente \u00e9 a candidata a deputado federal por S\u00e3o Paulo em 2026.","canonical_url":"https:\/\/www.encontracampobelo.com.br\/sobre\/juliana-clemente-veja-numero-e-partido-nas-eleicoes-2026\/","robots":"max-image-preview:large","keywords":"","webmasterTools":{"miscellaneous":""},"schema":{"@context":"https:\/\/schema.org","@graph":[{"@type":"Article","@id":"https:\/\/www.encontracampobelo.com.br\/sobre\/juliana-clemente-veja-numero-e-partido-nas-eleicoes-2026\/#article","name":"Juliana Clemente: veja n\u00famero e partido nas Elei\u00e7\u00f5es 2026 | Encontra Campo Belo","headline":"Juliana Clemente: veja n\u00famero e partido nas Elei\u00e7\u00f5es 2026","author":{"@id":"https:\/\/www.encontracampobelo.com.br\/sobre\/author\/ecampobelo\/#author"},"publisher":{"@id":"https:\/\/www.encontracampobelo.com.br\/sobre\/#organization"},"image":{"@type":"ImageObject","url":"https:\/\/www.encontracampobelo.com.br\/sobre\/wp-content\/uploads\/2026\/09\/juliana-clemente-veja-numero-e-partido-nas-eleicoes-2026.webp","width":280,"height":280,"caption":"Juliana Clemente"},"datePublished":"2026-09-02T22:31:05-02:00","dateModified":"2026-09-02T22:31:05-02:00","inLanguage":"pt-BR","mainEntityOfPage":{"@id":"https:\/\/www.encontracampobelo.com.br\/sobre\/juliana-clemente-veja-numero-e-partido-nas-eleicoes-2026\/#webpage"},"isPartOf":{"@id":"https:\/\/www.encontracampobelo.com.br\/sobre\/juliana-clemente-veja-numero-e-partido-nas-eleicoes-2026\/#webpage"},"articleSection":"Not\u00edcias Campo Belo"},{"@type":"BreadcrumbList","@id":"https:\/\/www.encontracampobelo.com.br\/sobre\/juliana-clemente-veja-numero-e-partido-nas-eleicoes-2026\/#breadcrumblist","itemListElement":[{"@type":"ListItem","@id":"https:\/\/www.encontracampobelo.com.br\/sobre#listItem","position":1,"name":"In\u00edcio","item":"https:\/\/www.encontracampobelo.com.br\/sobre","nextItem":{"@type":"ListItem","@id":"https:\/\/www.encontracampobelo.com.br\/sobre\/noticias-no-campo-belo\/#listItem","name":"Not\u00edcias Campo Belo"}},{"@type":"ListItem","@id":"https:\/\/www.encontracampobelo.com.br\/sobre\/noticias-no-campo-belo\/#listItem","position":2,"name":"Not\u00edcias Campo Belo","item":"https:\/\/www.encontracampobelo.com.br\/sobre\/noticias-no-campo-belo\/","nextItem":{"@type":"ListItem","@id":"https:\/\/www.encontracampobelo.com.br\/sobre\/juliana-clemente-veja-numero-e-partido-nas-eleicoes-2026\/#listItem","name":"Juliana Clemente: veja n\u00famero e partido nas Elei\u00e7\u00f5es 2026"},"previousItem":{"@type":"ListItem","@id":"https:\/\/www.encontracampobelo.com.br\/sobre#listItem","name":"In\u00edcio"}},{"@type":"ListItem","@id":"https:\/\/www.encontracampobelo.com.br\/sobre\/juliana-clemente-veja-numero-e-partido-nas-eleicoes-2026\/#listItem","position":3,"name":"Juliana Clemente: veja n\u00famero e partido nas Elei\u00e7\u00f5es 2026","previousItem":{"@type":"ListItem","@id":"https:\/\/www.encontracampobelo.com.br\/sobre\/noticias-no-campo-belo\/#listItem","name":"Not\u00edcias Campo Belo"}}]},{"@type":"Organization","@id":"https:\/\/www.encontracampobelo.com.br\/sobre\/#organization","name":"Encontra  Campo Belo","description":"Not\u00edcias, eventos, informa\u00e7\u00f5es e dicas no bairro do Campo Belo e regi\u00e3o.","url":"https:\/\/www.encontracampobelo.com.br\/sobre\/"},{"@type":"Person","@id":"https:\/\/www.encontracampobelo.com.br\/sobre\/author\/ecampobelo\/#author","url":"https:\/\/www.encontracampobelo.com.br\/sobre\/author\/ecampobelo\/","name":"Encontra Campo Belo","image":{"@type":"ImageObject","@id":"https:\/\/www.encontracampobelo.com.br\/sobre\/juliana-clemente-veja-numero-e-partido-nas-eleicoes-2026\/#authorImage","url":"https:\/\/secure.gravatar.com\/avatar\/507340682b8270222e1f208e23198b6ae7e2c6a1033ae84e99bc6bce4f82a387?s=96&d=mm&r=g","width":96,"height":96,"caption":"Encontra Campo Belo"}},{"@type":"WebPage","@id":"https:\/\/www.encontracampobelo.com.br\/sobre\/juliana-clemente-veja-numero-e-partido-nas-eleicoes-2026\/#webpage","url":"https:\/\/www.encontracampobelo.com.br\/sobre\/juliana-clemente-veja-numero-e-partido-nas-eleicoes-2026\/","name":"Juliana Clemente: veja n\u00famero e partido nas Elei\u00e7\u00f5es 2026 | Encontra Campo Belo","description":"Juliana Clemente \u00e9 a candidata a deputado federal por S\u00e3o Paulo em 2026.","inLanguage":"pt-BR","isPartOf":{"@id":"https:\/\/www.encontracampobelo.com.br\/sobre\/#website"},"breadcrumb":{"@id":"https:\/\/www.encontracampobelo.com.br\/sobre\/juliana-clemente-veja-numero-e-partido-nas-eleicoes-2026\/#breadcrumblist"},"author":{"@id":"https:\/\/www.encontracampobelo.com.br\/sobre\/author\/ecampobelo\/#author"},"creator":{"@id":"https:\/\/www.encontracampobelo.com.br\/sobre\/author\/ecampobelo\/#author"},"image":{"@type":"ImageObject","url":"https:\/\/www.encontracampobelo.com.br\/sobre\/wp-content\/uploads\/2026\/09\/juliana-clemente-veja-numero-e-partido-nas-eleicoes-2026.webp","@id":"https:\/\/www.encontracampobelo.com.br\/sobre\/juliana-clemente-veja-numero-e-partido-nas-eleicoes-2026\/#mainImage","width":280,"height":280,"caption":"Juliana Clemente"},"primaryImageOfPage":{"@id":"https:\/\/www.encontracampobelo.com.br\/sobre\/juliana-clemente-veja-numero-e-partido-nas-eleicoes-2026\/#mainImage"},"datePublished":"2026-09-02T22:31:05-02:00","dateModified":"2026-09-02T22:31:05-02:00"},{"@type":"WebSite","@id":"https:\/\/www.encontracampobelo.com.br\/sobre\/#website","url":"https:\/\/www.encontracampobelo.com.br\/sobre\/","name":"Encontra  Campo Belo","description":"Not\u00edcias, eventos, informa\u00e7\u00f5es e dicas no bairro do Campo Belo e regi\u00e3o.","inLanguage":"pt-BR","publisher":{"@id":"https:\/\/www.encontracampobelo.com.br\/sobre\/#organization"}}]},"og:locale":"pt_BR","og:site_name":"Encontra  Campo Belo | Not\u00edcias, eventos, informa\u00e7\u00f5es e dicas no bairro do Campo Belo e regi\u00e3o.","og:type":"article","og:title":"Juliana Clemente: veja n\u00famero e partido nas Elei\u00e7\u00f5es 2026 | Encontra Campo Belo","og:description":"Juliana Clemente \u00e9 a candidata a deputado federal por S\u00e3o Paulo em 2026.","og:url":"https:\/\/www.encontracampobelo.com.br\/sobre\/juliana-clemente-veja-numero-e-partido-nas-eleicoes-2026\/","article:published_time":"2026-09-03T00:31:05+00:00","article:modified_time":"2026-09-03T00:31:05+00:00","twitter:card":"summary_large_image","twitter:title":"Juliana Clemente: veja n\u00famero e partido nas Elei\u00e7\u00f5es 2026 | Encontra Campo Belo","twitter:description":"Juliana Clemente \u00e9 a candidata a deputado federal por S\u00e3o Paulo em 2026."},"aioseo_meta_data":{"post_id":"2598","title":null,"description":null,"keywords":null,"keyphrases":null,"primary_term":null,"canonical_url":null,"og_title":null,"og_description":null,"og_object_type":"default","og_image_type":"default","og_image_url":null,"og_image_width":null,"og_image_height":null,"og_image_custom_url":null,"og_image_custom_fields":null,"og_video":null,"og_custom_url":null,"og_article_section":null,"og_article_tags":null,"twitter_use_og":false,"twitter_card":"default","twitter_image_type":"default","twitter_image_url":null,"twitter_image_custom_url":null,"twitter_image_custom_fields":null,"twitter_title":null,"twitter_description":null,"schema":{"blockGraphs":[],"customGraphs":[],"default":{"data":{"Article":[],"Course":[],"Dataset":[],"FAQPage":[],"Movie":[],"Person":[],"Product":[],"ProductReview":[],"Car":[],"Recipe":[],"Service":[],"SoftwareApplication":[],"WebPage":[]},"graphName":"Article","isEnabled":true},"graphs":[]},"schema_type":"default","schema_type_options":null,"pillar_content":false,"robots_default":true,"robots_noindex":false,"robots_noarchive":false,"robots_nosnippet":false,"robots_nofollow":false,"robots_noimageindex":false,"robots_noodp":false,"robots_notranslate":false,"robots_max_snippet":null,"robots_max_videopreview":null,"robots_max_imagepreview":"large","priority":null,"frequency":null,"local_seo":null,"breadcrumb_settings":null,"limit_modified_date":false,"ai":null,"created":"2026-09-03 00:31:06","updated":"2026-09-03 00:42:12","focus_keyword":null,"additional_keywords":null,"truseo_locale":null,"seo_analyzer_scan_date":null},"aioseo_breadcrumb":"<div class=\"aioseo-breadcrumbs\"><span class=\"aioseo-breadcrumb\">\n\t\t\t<a href=\"https:\/\/www.encontracampobelo.com.br\/sobre\" title=\"In\u00edcio\">In\u00edcio<\/a>\n\t\t<\/span><span class=\"aioseo-breadcrumb-separator\">&raquo;<\/span><span class=\"aioseo-breadcrumb\">\n\t\t\t<a href=\"https:\/\/www.encontracampobelo.com.br\/sobre\/noticias-no-campo-belo\/\" title=\"Not\u00edcias Campo Belo\">Not\u00edcias Campo Belo<\/a>\n\t\t<\/span><span class=\"aioseo-breadcrumb-separator\">&raquo;<\/span><span class=\"aioseo-breadcrumb\">\n\t\t\tJuliana Clemente: veja n\u00famero e partido nas Elei\u00e7\u00f5es 2026\n\t\t<\/span><\/div>","aioseo_breadcrumb_json":[{"label":"In\u00edcio","link":"https:\/\/www.encontracampobelo.com.br\/sobre"},{"label":"Not\u00edcias Campo Belo","link":"https:\/\/www.encontracampobelo.com.br\/sobre\/noticias-no-campo-belo\/"},{"label":"Juliana Clemente: veja n\u00famero e partido nas Elei\u00e7\u00f5es 2026","link":"https:\/\/www.encontracampobelo.com.br\/sobre\/juliana-clemente-veja-numero-e-partido-nas-eleicoes-2026\/"}],"_links":{"self":[{"href":"https:\/\/www.encontracampobelo.com.br\/sobre\/wp-json\/wp\/v2\/posts\/2598","targetHints":{"allow":["GET"]}}],"collection":[{"href":"https:\/\/www.encontracampobelo.com.br\/sobre\/wp-json\/wp\/v2\/posts"}],"about":[{"href":"https:\/\/www.encontracampobelo.com.br\/sobre\/wp-json\/wp\/v2\/types\/post"}],"author":[{"embeddable":true,"href":"https:\/\/www.encontracampobelo.com.br\/sobre\/wp-json\/wp\/v2\/users\/1"}],"replies":[{"embeddable":true,"href":"https:\/\/www.encontracampobelo.com.br\/sobre\/wp-json\/wp\/v2\/comments?post=2598"}],"version-history":[{"count":0,"href":"https:\/\/www.encontracampobelo.com.br\/sobre\/wp-json\/wp\/v2\/posts\/2598\/revisions"}],"wp:featuredmedia":[{"embeddable":true,"href":"https:\/\/www.encontracampobelo.com.br\/sobre\/wp-json\/wp\/v2\/media\/2597"}],"wp:attachment":[{"href":"https:\/\/www.encontracampobelo.com.br\/sobre\/wp-json\/wp\/v2\/media?parent=2598"}],"wp:term":[{"taxonomy":"category","embeddable":true,"href":"https:\/\/www.encontracampobelo.com.br\/sobre\/wp-json\/wp\/v2\/categories?post=2598"},{"taxonomy":"post_tag","embeddable":true,"href":"https:\/\/www.encontracampobelo.com.br\/sobre\/wp-json\/wp\/v2\/tags?post=2598"}],"curies":[{"name":"wp","href":"https:\/\/api.w.org\/{rel}","templated":true}]}}