{"id":260,"date":"2012-01-06T16:54:25","date_gmt":"2012-01-06T18:54:25","guid":{"rendered":"http:\/\/www.encontracampobelo.com.br\/noticias\/?p=260"},"modified":"2019-04-29T18:54:10","modified_gmt":"2019-04-29T20:54:10","slug":"policia-diz-suspeitar-de-funcionarios-em-roubo-no-aeroporto-de-congonhas","status":"publish","type":"post","link":"https:\/\/www.encontracampobelo.com.br\/sobre\/policia-diz-suspeitar-de-funcionarios-em-roubo-no-aeroporto-de-congonhas\/","title":{"rendered":"Pol\u00edcia diz suspeitar de funcion\u00e1rios em roubo no aeroporto de Congonhas"},"content":{"rendered":"<div class=\"1cfda93c6640a8762b4fe319eb685dc5\" data-index=\"1\" style=\"float: none; margin:0px;\">\n<!-- Anuncio display - global -->\r\n<ins class=\"adsbygoogle\"\r\n     style=\"display:block\"\r\n     data-ad-client=\"ca-pub-8585364105181520\"\r\n     data-ad-slot=\"8789329856\"\r\n     data-ad-format=\"auto\"\r\n     data-full-width-responsive=\"true\"><\/ins>\r\n<script>\r\n     (adsbygoogle = window.adsbygoogle || []).push({});\r\n<\/script>\n<\/div>\n<p>A pol\u00edcia disse na tarde desta quinta-feira (5) que suspeita que o roubo realizado na ter\u00e7a em uma casa de c\u00e2mbio dentro do <a href=\"http:\/\/www.encontracampobelo.com.br\/campo-belo\/aeroporto-de-congonhas-no-campo-belo.shtml\" target=\"_blank\">aeroporto de Congonhas<\/a>, no bairro do Campo Belo, Zona Sul de S\u00e3o Paulo, tenha contado com a participa\u00e7\u00e3o de funcion\u00e1rios da ag\u00eancia.<\/p>\n<p>Um dos tr\u00eas atendentes da empresa, T\u00e1rcio de Santana, de 20 anos, esteve na delegacia das 11h \u00e0s 14h30 desta quinta. Segundo o delegado respons\u00e1vel pelo caso, Marcelo Palhares, foram identificadas \u201cdiversas contradi\u00e7\u00f5es\u201d nas vers\u00f5es apresentadas pelo funcion\u00e1rio.<\/p>\n<p>A casa de c\u00e2mbio Cota\u00e7\u00e3o foi invadida por dois assaltantes armados e disfar\u00e7ados com perucas e palet\u00f3s. Eles renderam os atendentes da empresa e levaram R$ 250 mil em moedas estrangeiras e tamb\u00e9m em reais.<\/p>\n<p>O delegado disse que o rapaz decidiu, em car\u00e1ter excepcional, fazer o fechamento do caixa da ag\u00eancia no dia do roubo. \u201cGeralmente quem assume essa tarefa \u00e9 uma das colegas do T\u00e1rcio. No dia do ocorrido, ele fez quest\u00e3o de fazer o fechamento. E, pior, ficou postergando esse fechamento\u201d, disse Palhares.<\/p>\n<p>Quando os assaltantes invadiram a ag\u00eancia imagens da c\u00e2mera de seguran\u00e7a \u00e0s quais o\u00a0<strong>G1<\/strong>teve acesso mostram que o caixa n\u00e3o havia sido fechado e os criminosos n\u00e3o encontraram dificuldades em recolher o dinheiro.<\/p>\n<p>Em outra imagem, o funcion\u00e1rio abre uma porta blindada para um dos assaltantes sem que ele o tenha amea\u00e7ado com uma arma. \u201c[O T\u00e1rcio] nos disse que o criminoso se identificou como policial e pediu para entrar. Mas na cena n\u00e3o h\u00e1 tempo para essa conversa toda\u201d, contou.<\/p>\n<p>Nesta sexta-feira (6) est\u00e3o programados depoimentos de outros funcion\u00e1rios da ag\u00eancia de c\u00e2mbio.<\/p>\n<p><strong>Depoimento<\/strong><br \/>\nT\u00e1rcio de Santana chegou com a advogada \u00e0s 11h na delegacia do aeroporto e saiu por volta das 14h30. Ele n\u00e3o falou com os jornalistas. A advogada dele, \u00c2ngela Hoehne, negou que o jovem tenha rela\u00e7\u00e3o com o crime.<\/p>\n<p>&#8220;Ele \u00e9 v\u00edtima nessa hist\u00f3ria. Est\u00e1 assustado com tudo o que aconteceu. A fam\u00edlia pediu para que eu o acompanhasse. Ele estava com medo de que, ao chegar aqui, tivesse de reconhecer algum meliante. Meu cliente n\u00e3o \u00e9 acusado de nada&#8221;, disse.<\/p>\n<p>O rapaz esta h\u00e1 cerca de 30 dias na fun\u00e7\u00e3o de atendente da ag\u00eancia. Ele foi contratado para atuar na nova unidade da empresa, que passou a operar no aeroporto de Congonhas no dia 2 de dezembro do ano passado.<\/p>\n<p><em>Fonte: G1<\/em><\/p>\n\n<div style=\"font-size: 0px; height: 0px; line-height: 0px; margin: 0; padding: 0; clear: both;\"><\/div>","protected":false},"excerpt":{"rendered":"<p>A pol\u00edcia disse na tarde desta quinta-feira (5) que suspeita que o roubo realizado na ter\u00e7a em uma casa de c\u00e2mbio dentro do aeroporto de Congonhas, no bairro do Campo Belo, Zona Sul de S\u00e3o Paulo, tenha contado com a participa\u00e7\u00e3o de funcion\u00e1rios da ag\u00eancia. Um dos tr\u00eas atendentes da empresa, T\u00e1rcio de Santana, de 20 anos, esteve na delegacia das 11h \u00e0s 14h30 desta quinta. Segundo o delegado respons\u00e1vel pelo caso, Marcelo Palhares, foram identificadas \u201cdiversas contradi\u00e7\u00f5es\u201d nas vers\u00f5es apresentadas pelo funcion\u00e1rio. A casa de c\u00e2mbio Cota\u00e7\u00e3o foi invadida por dois assaltantes armados e disfar\u00e7ados com perucas e palet\u00f3s. <\/p>\n","protected":false},"author":1,"featured_media":0,"comment_status":"open","ping_status":"closed","sticky":false,"template":"","format":"standard","meta":{"footnotes":""},"categories":[7],"tags":[15],"class_list":["post-260","post","type-post","status-publish","format-standard","hentry","category-noticias-no-campo-belo","tag-campo-belo"],"aioseo_notices":[],"_links":{"self":[{"href":"https:\/\/www.encontracampobelo.com.br\/sobre\/wp-json\/wp\/v2\/posts\/260","targetHints":{"allow":["GET"]}}],"collection":[{"href":"https:\/\/www.encontracampobelo.com.br\/sobre\/wp-json\/wp\/v2\/posts"}],"about":[{"href":"https:\/\/www.encontracampobelo.com.br\/sobre\/wp-json\/wp\/v2\/types\/post"}],"author":[{"embeddable":true,"href":"https:\/\/www.encontracampobelo.com.br\/sobre\/wp-json\/wp\/v2\/users\/1"}],"replies":[{"embeddable":true,"href":"https:\/\/www.encontracampobelo.com.br\/sobre\/wp-json\/wp\/v2\/comments?post=260"}],"version-history":[{"count":0,"href":"https:\/\/www.encontracampobelo.com.br\/sobre\/wp-json\/wp\/v2\/posts\/260\/revisions"}],"wp:attachment":[{"href":"https:\/\/www.encontracampobelo.com.br\/sobre\/wp-json\/wp\/v2\/media?parent=260"}],"wp:term":[{"taxonomy":"category","embeddable":true,"href":"https:\/\/www.encontracampobelo.com.br\/sobre\/wp-json\/wp\/v2\/categories?post=260"},{"taxonomy":"post_tag","embeddable":true,"href":"https:\/\/www.encontracampobelo.com.br\/sobre\/wp-json\/wp\/v2\/tags?post=260"}],"curies":[{"name":"wp","href":"https:\/\/api.w.org\/{rel}","templated":true}]}}