{"id":2610,"date":"2026-09-03T23:14:48","date_gmt":"2026-09-04T01:14:48","guid":{"rendered":"https:\/\/www.encontracampobelo.com.br\/sobre\/eleicoes-2026-veja-a-agenda-dos-candidatos-ao-governo-de-sp-nesta-quarta\/"},"modified":"2026-09-03T23:14:48","modified_gmt":"2026-09-04T01:14:48","slug":"eleicoes-2026-veja-a-agenda-dos-candidatos-ao-governo-de-sp-nesta-quarta","status":"publish","type":"post","link":"https:\/\/www.encontracampobelo.com.br\/sobre\/eleicoes-2026-veja-a-agenda-dos-candidatos-ao-governo-de-sp-nesta-quarta\/","title":{"rendered":"Elei\u00e7\u00f5es 2026: veja a agenda dos candidatos ao Governo de SP nesta quarta"},"content":{"rendered":"<div class=\"1cfda93c6640a8762b4fe319eb685dc5\" data-index=\"1\" style=\"float: none; margin:0px;\">\n<!-- Anuncio display - global -->\r\n<ins class=\"adsbygoogle\"\r\n     style=\"display:block\"\r\n     data-ad-client=\"ca-pub-8585364105181520\"\r\n     data-ad-slot=\"8789329856\"\r\n     data-ad-format=\"auto\"\r\n     data-full-width-responsive=\"true\"><\/ins>\r\n<script>\r\n     (adsbygoogle = window.adsbygoogle || []).push({});\r\n<\/script>\n<\/div>\n<h2>Agenda dos Candidatos ao Governo de SP<\/h2>\n<p>Os candidatos ao governo de S\u00e3o Paulo est\u00e3o em um per\u00edodo de intensa atividade nesta quarta-feira (26 de agosto). Com a corrida eleitoral em andamento, eles programaram uma s\u00e9rie de compromissos que variam de grava\u00e7\u00f5es de conte\u00fado a encontros com eleitores e apoiadores. Neste cen\u00e1rio, h\u00e1 sete candidatos que buscam a oportunidade de liderar o estado, sendo que alguns deles concentram esfor\u00e7os na capital paulista, enquanto outros se deslocam para \u00e1reas do interior.<\/p>\n<h2>Compromissos de Tarc\u00edsio de Freitas<\/h2>\n<p>Tarc\u00edsio de Freitas, atual governador e candidato \u00e0 reelei\u00e7\u00e3o pelo partido Republicanos, tem uma agenda concentrada em eventos que garantem uma maior visibilidade. Nesta quarta-feira, ele possui dois compromissos centrais. \u00c0s 11h, Tarc\u00edsio visitar\u00e1 o Conjunto Habitacional Campo Belo A\/B localizado na zona sul da capital, uma \u00e1rea que destaca sua preocupa\u00e7\u00e3o com os temas de habita\u00e7\u00e3o e urbanismo. Logo ap\u00f3s, \u00e0s 14h, ele participar\u00e1 da sabatina promovida pela Veja, um evento importante que pode influenciar as suas chances nas urnas. Tarc\u00edsio tamb\u00e9m marcar\u00e1 presen\u00e7a no F\u00f3rum Elei\u00e7\u00f5es da ABDIB, \u00e0s 15h30, um espa\u00e7o para discutir propostas relacionadas \u00e0 infraestrutura que beneficia a economia do estado.<\/p>\n<h2>Fernando Haddad: O que Esperar Hoje?<\/h2>\n<p>Fernando Haddad, ex-ministro da Fazenda e representante do PT, \u00e9 outro nome forte na disputa. O ex-ministro ter\u00e1 uma agenda bastante movimentada. Come\u00e7ando pela manh\u00e3, ele se dedicar\u00e1 a grava\u00e7\u00f5es de programas eleitorais. \u00c0s 14h, Haddad se apresentar\u00e1 na sabatina da Veja, onde ter\u00e1 a oportunidade de expor suas vis\u00f5es e propostas. Ap\u00f3s esse compromisso, \u00e0s 15h30, ele se reunir\u00e1 no F\u00f3rum Elei\u00e7\u00f5es realizado pela ABDIB na zona sul, o mesmo evento onde Tarc\u00edsio estar\u00e1 presente, proporcionando um ambiente prop\u00edcio para compara\u00e7\u00f5es diretas entre as propostas dos dois candidatos.<\/p>\n<p><img decoding=\"async\" src=\"https:\/\/www.encontracampobelo.com.br\/sobre\/wp-content\/uploads\/2026\/09\/eleicoes-2026-veja-a-agenda-dos-candidatos-ao-governo-de-sp-nesta-quarta.webp\" alt=\"elei\u00e7\u00f5es 2026\" loading=\"lazy\" \/><\/p>\n<h2>Atividades de Izadora Dias<\/h2>\n<p>Izadora Dias, do PCO, inicia sua jornada \u00e0s 7h com panfletagens na esta\u00e7\u00e3o Jabaquara do Metr\u00f4, visando aumentar sua visibilidade entre os eleitores. Em seguida, \u00e0s 14h, a candidata marcar\u00e1 presen\u00e7a em uma entrevista com a TV Vanguarda, onde poder\u00e1 expor suas ideias e propostas para a popula\u00e7\u00e3o do Vale do Para\u00edba. O dia de Izadora ainda inclui uma reuni\u00e3o \u00e0s 16h com a Associa\u00e7\u00e3o de Mulheres MATRIA, focando em pol\u00edticas voltadas para a promo\u00e7\u00e3o de direitos e igualdade de g\u00eanero. O encerramento de sua agenda est\u00e1 previsto para \u00e0s 20h, em uma reuni\u00e3o com a coordena\u00e7\u00e3o de sua campanha.<\/p>\n<h2>Carlos Machado e sua Campanha<\/h2>\n<p>Carlos Machado, do PCB, come\u00e7ar\u00e1 sua manh\u00e3 com a grava\u00e7\u00e3o de um material para promover sua candidatura, algo essencial para se tornar conhecido no estado. \u00c0 tarde, ele participar\u00e1 de um podcast na regi\u00e3o de Franca, um evento que pode engajar jovens e eleitores interessados em suas propostas. A intera\u00e7\u00e3o atrav\u00e9s do podcast \u00e9 uma estrat\u00e9gia moderna que pode ajud\u00e1-lo a conectar-se com um p\u00fablico mais amplo e diversificado.<\/p>\n<h2>Policial Edjane: Faltam Informa\u00e7\u00f5es<\/h2>\n<p>Por outro lado, a candidata Policial Edjane tem sua agenda menos vis\u00edvel, pois n\u00e3o foi divulgada uma programa\u00e7\u00e3o espec\u00edfica para esta quarta-feira. A falta de informa\u00e7\u00f5es sobre seus compromissos pode ser um fator dif\u00edcil para sua visibilidade e consequentemente para o alcance de eleitores, comprometendo sua presen\u00e7a na corrida eleitoral.<\/p>\n<h2>O Impacto de Vera L\u00facia na Disputa<\/h2>\n<p>A candidata Vera L\u00facia, que representa o PSTU, possui dois compromissos destacados em sua agenda. \u00c0s 14h, ela se reunir\u00e1 com apoiadores em Cajamar, buscando fortalecer sua base na regi\u00e3o metropolitana de S\u00e3o Paulo. \u00c0s 19h, participa de uma live com Hertz Dias, candidato \u00e0 presid\u00eancia pelo PSTU, enfatizando a discuss\u00e3o de propostas e intera\u00e7\u00f5es em tempo real com o p\u00fablico, o que pode atrair novos eleitores e aumentar a visibilidade de suas propostas.<\/p>\n<h2>Vivian Mendes: Campanha em Segundo Plano<\/h2>\n<p>Vivian Mendes, da Unidade Popular (UP), ao contr\u00e1rio de alguns de seus concorrentes, tamb\u00e9m n\u00e3o teve sua agenda divulgada para o dia. Essa aus\u00eancia de informa\u00e7\u00e3o pode gerar uma percep\u00e7\u00e3o de falta de atividade, prejudicando suas tentativas de aumentar o reconhecimento entre os eleitores durante a corrida.<\/p>\n<h2>Estrategias de Campanha no Interior de SP<\/h2>\n<p>Enquanto candidatos como Tarc\u00edsio e Haddad se concentram em eventos de grande visibilidade na capital, muitos concorrentes optam por estrat\u00e9gias que envolvem conex\u00f5es diretas com as comunidades nas regi\u00f5es do interior. Essas abordagens incluem panfletagens, reuni\u00f5es com grupos espec\u00edficos e atividades que visam mostrar a presen\u00e7a e a relev\u00e2ncia dos candidatos, criando um espa\u00e7o onde os eleitores possam se sentir ouvidos e valorizados.<\/p>\n<h2>O Ritmo Acelerado das Elei\u00e7\u00f5es 2026<\/h2>\n<p>Com a campanha ganhando novas dimens\u00f5es e ritmo, os candidatos intensificam seus compromissos e estrat\u00e9gias. H\u00e1 uma varia\u00e7\u00e3o clara entre aqueles que buscam a exposi\u00e7\u00e3o em grandes eventos e aqueles que se dedicam ao contato pr\u00f3ximo com os eleitores. Esse contraste nas estrat\u00e9gias pode definir n\u00e3o apenas a percep\u00e7\u00e3o p\u00fablica sobre cada candidato, mas tamb\u00e9m influenciar diretamente seus resultados nas elei\u00e7\u00f5es.<\/p>\n<p>A continua busca por espa\u00e7os para apresentar propostas e conquistar a confian\u00e7a do eleitor \u00e9 um elemento vital que permear\u00e1 cada uma das estrat\u00e9gias dos candidatos ao longo da corrida eleitoral, revelando muito sobre suas capacidades de lideran\u00e7a e compromisso com as quest\u00f5es do estado de S\u00e3o Paulo.<\/p>\n\n<div style=\"font-size: 0px; height: 0px; line-height: 0px; margin: 0; padding: 0; clear: both;\"><\/div>","protected":false},"excerpt":{"rendered":"<p>Elei\u00e7\u00f5es 2026: Acompanhe os passos dos candidatos ao Governo de SP.<\/p>\n","protected":false},"author":1,"featured_media":2609,"comment_status":"open","ping_status":"closed","sticky":false,"template":"","format":"standard","meta":{"footnotes":""},"categories":[7],"tags":[],"class_list":["post-2610","post","type-post","status-publish","format-standard","has-post-thumbnail","hentry","category-noticias-no-campo-belo","has_thumb"],"aioseo_notices":[],"aioseo_head":"\n\t\t<!-- All in One SEO 5.0.0.1 - aioseo.com -->\n\t<meta name=\"description\" content=\"Elei\u00e7\u00f5es 2026: Acompanhe os passos dos candidatos ao Governo de SP.\" \/>\n\t<meta name=\"robots\" content=\"max-image-preview:large\" \/>\n\t<meta name=\"author\" content=\"Encontra Campo Belo\"\/>\n\t<link rel=\"canonical\" href=\"https:\/\/www.encontracampobelo.com.br\/sobre\/eleicoes-2026-veja-a-agenda-dos-candidatos-ao-governo-de-sp-nesta-quarta\/\" \/>\n\t<meta name=\"generator\" content=\"All in One SEO (AIOSEO) 5.0.0.1\" \/>\n\t\t<meta property=\"og:locale\" content=\"pt_BR\" \/>\n\t\t<meta property=\"og:site_name\" content=\"Encontra  Campo Belo | Not\u00edcias, eventos, informa\u00e7\u00f5es e dicas no bairro do Campo Belo e regi\u00e3o.\" \/>\n\t\t<meta property=\"og:type\" content=\"article\" \/>\n\t\t<meta property=\"og:title\" content=\"Elei\u00e7\u00f5es 2026: veja a agenda dos candidatos ao Governo de SP nesta quarta | Encontra Campo Belo\" \/>\n\t\t<meta property=\"og:description\" content=\"Elei\u00e7\u00f5es 2026: Acompanhe os passos dos candidatos ao Governo de SP.\" \/>\n\t\t<meta property=\"og:url\" content=\"https:\/\/www.encontracampobelo.com.br\/sobre\/eleicoes-2026-veja-a-agenda-dos-candidatos-ao-governo-de-sp-nesta-quarta\/\" \/>\n\t\t<meta property=\"article:published_time\" content=\"2026-09-04T01:14:48+00:00\" \/>\n\t\t<meta property=\"article:modified_time\" content=\"2026-09-04T01:14:48+00:00\" \/>\n\t\t<meta name=\"twitter:card\" content=\"summary_large_image\" \/>\n\t\t<meta name=\"twitter:title\" content=\"Elei\u00e7\u00f5es 2026: veja a agenda dos candidatos ao Governo de SP nesta quarta | Encontra Campo Belo\" \/>\n\t\t<meta name=\"twitter:description\" content=\"Elei\u00e7\u00f5es 2026: Acompanhe os passos dos candidatos ao Governo de SP.\" \/>\n\t\t<script type=\"application\/ld+json\" class=\"aioseo-schema\">\n\t\t\t{\"@context\":\"https:\\\/\\\/schema.org\",\"@graph\":[{\"@type\":\"Article\",\"@id\":\"https:\\\/\\\/www.encontracampobelo.com.br\\\/sobre\\\/eleicoes-2026-veja-a-agenda-dos-candidatos-ao-governo-de-sp-nesta-quarta\\\/#article\",\"name\":\"Elei\\u00e7\\u00f5es 2026: veja a agenda dos candidatos ao Governo de SP nesta quarta | Encontra Campo Belo\",\"headline\":\"Elei\\u00e7\\u00f5es 2026: veja a agenda dos candidatos ao Governo de SP nesta quarta\",\"author\":{\"@id\":\"https:\\\/\\\/www.encontracampobelo.com.br\\\/sobre\\\/author\\\/ecampobelo\\\/#author\"},\"publisher\":{\"@id\":\"https:\\\/\\\/www.encontracampobelo.com.br\\\/sobre\\\/#organization\"},\"image\":{\"@type\":\"ImageObject\",\"url\":\"https:\\\/\\\/www.encontracampobelo.com.br\\\/sobre\\\/wp-content\\\/uploads\\\/2026\\\/09\\\/eleicoes-2026-veja-a-agenda-dos-candidatos-ao-governo-de-sp-nesta-quarta.webp\",\"width\":280,\"height\":280,\"caption\":\"elei\\u00e7\\u00f5es 2026\"},\"datePublished\":\"2026-09-03T23:14:48-02:00\",\"dateModified\":\"2026-09-03T23:14:48-02:00\",\"inLanguage\":\"pt-BR\",\"mainEntityOfPage\":{\"@id\":\"https:\\\/\\\/www.encontracampobelo.com.br\\\/sobre\\\/eleicoes-2026-veja-a-agenda-dos-candidatos-ao-governo-de-sp-nesta-quarta\\\/#webpage\"},\"isPartOf\":{\"@id\":\"https:\\\/\\\/www.encontracampobelo.com.br\\\/sobre\\\/eleicoes-2026-veja-a-agenda-dos-candidatos-ao-governo-de-sp-nesta-quarta\\\/#webpage\"},\"articleSection\":\"Not\\u00edcias Campo Belo\"},{\"@type\":\"BreadcrumbList\",\"@id\":\"https:\\\/\\\/www.encontracampobelo.com.br\\\/sobre\\\/eleicoes-2026-veja-a-agenda-dos-candidatos-ao-governo-de-sp-nesta-quarta\\\/#breadcrumblist\",\"itemListElement\":[{\"@type\":\"ListItem\",\"@id\":\"https:\\\/\\\/www.encontracampobelo.com.br\\\/sobre#listItem\",\"position\":1,\"name\":\"In\\u00edcio\",\"item\":\"https:\\\/\\\/www.encontracampobelo.com.br\\\/sobre\",\"nextItem\":{\"@type\":\"ListItem\",\"@id\":\"https:\\\/\\\/www.encontracampobelo.com.br\\\/sobre\\\/noticias-no-campo-belo\\\/#listItem\",\"name\":\"Not\\u00edcias Campo Belo\"}},{\"@type\":\"ListItem\",\"@id\":\"https:\\\/\\\/www.encontracampobelo.com.br\\\/sobre\\\/noticias-no-campo-belo\\\/#listItem\",\"position\":2,\"name\":\"Not\\u00edcias Campo Belo\",\"item\":\"https:\\\/\\\/www.encontracampobelo.com.br\\\/sobre\\\/noticias-no-campo-belo\\\/\",\"nextItem\":{\"@type\":\"ListItem\",\"@id\":\"https:\\\/\\\/www.encontracampobelo.com.br\\\/sobre\\\/eleicoes-2026-veja-a-agenda-dos-candidatos-ao-governo-de-sp-nesta-quarta\\\/#listItem\",\"name\":\"Elei\\u00e7\\u00f5es 2026: veja a agenda dos candidatos ao Governo de SP nesta quarta\"},\"previousItem\":{\"@type\":\"ListItem\",\"@id\":\"https:\\\/\\\/www.encontracampobelo.com.br\\\/sobre#listItem\",\"name\":\"In\\u00edcio\"}},{\"@type\":\"ListItem\",\"@id\":\"https:\\\/\\\/www.encontracampobelo.com.br\\\/sobre\\\/eleicoes-2026-veja-a-agenda-dos-candidatos-ao-governo-de-sp-nesta-quarta\\\/#listItem\",\"position\":3,\"name\":\"Elei\\u00e7\\u00f5es 2026: veja a agenda dos candidatos ao Governo de SP nesta quarta\",\"previousItem\":{\"@type\":\"ListItem\",\"@id\":\"https:\\\/\\\/www.encontracampobelo.com.br\\\/sobre\\\/noticias-no-campo-belo\\\/#listItem\",\"name\":\"Not\\u00edcias Campo Belo\"}}]},{\"@type\":\"Organization\",\"@id\":\"https:\\\/\\\/www.encontracampobelo.com.br\\\/sobre\\\/#organization\",\"name\":\"Encontra  Campo Belo\",\"description\":\"Not\\u00edcias, eventos, informa\\u00e7\\u00f5es e dicas no bairro do Campo Belo e regi\\u00e3o.\",\"url\":\"https:\\\/\\\/www.encontracampobelo.com.br\\\/sobre\\\/\"},{\"@type\":\"Person\",\"@id\":\"https:\\\/\\\/www.encontracampobelo.com.br\\\/sobre\\\/author\\\/ecampobelo\\\/#author\",\"url\":\"https:\\\/\\\/www.encontracampobelo.com.br\\\/sobre\\\/author\\\/ecampobelo\\\/\",\"name\":\"Encontra Campo Belo\",\"image\":{\"@type\":\"ImageObject\",\"@id\":\"https:\\\/\\\/www.encontracampobelo.com.br\\\/sobre\\\/eleicoes-2026-veja-a-agenda-dos-candidatos-ao-governo-de-sp-nesta-quarta\\\/#authorImage\",\"url\":\"https:\\\/\\\/secure.gravatar.com\\\/avatar\\\/507340682b8270222e1f208e23198b6ae7e2c6a1033ae84e99bc6bce4f82a387?s=96&d=mm&r=g\",\"width\":96,\"height\":96,\"caption\":\"Encontra Campo Belo\"}},{\"@type\":\"WebPage\",\"@id\":\"https:\\\/\\\/www.encontracampobelo.com.br\\\/sobre\\\/eleicoes-2026-veja-a-agenda-dos-candidatos-ao-governo-de-sp-nesta-quarta\\\/#webpage\",\"url\":\"https:\\\/\\\/www.encontracampobelo.com.br\\\/sobre\\\/eleicoes-2026-veja-a-agenda-dos-candidatos-ao-governo-de-sp-nesta-quarta\\\/\",\"name\":\"Elei\\u00e7\\u00f5es 2026: veja a agenda dos candidatos ao Governo de SP nesta quarta | Encontra Campo Belo\",\"description\":\"Elei\\u00e7\\u00f5es 2026: Acompanhe os passos dos candidatos ao Governo de SP.\",\"inLanguage\":\"pt-BR\",\"isPartOf\":{\"@id\":\"https:\\\/\\\/www.encontracampobelo.com.br\\\/sobre\\\/#website\"},\"breadcrumb\":{\"@id\":\"https:\\\/\\\/www.encontracampobelo.com.br\\\/sobre\\\/eleicoes-2026-veja-a-agenda-dos-candidatos-ao-governo-de-sp-nesta-quarta\\\/#breadcrumblist\"},\"author\":{\"@id\":\"https:\\\/\\\/www.encontracampobelo.com.br\\\/sobre\\\/author\\\/ecampobelo\\\/#author\"},\"creator\":{\"@id\":\"https:\\\/\\\/www.encontracampobelo.com.br\\\/sobre\\\/author\\\/ecampobelo\\\/#author\"},\"image\":{\"@type\":\"ImageObject\",\"url\":\"https:\\\/\\\/www.encontracampobelo.com.br\\\/sobre\\\/wp-content\\\/uploads\\\/2026\\\/09\\\/eleicoes-2026-veja-a-agenda-dos-candidatos-ao-governo-de-sp-nesta-quarta.webp\",\"@id\":\"https:\\\/\\\/www.encontracampobelo.com.br\\\/sobre\\\/eleicoes-2026-veja-a-agenda-dos-candidatos-ao-governo-de-sp-nesta-quarta\\\/#mainImage\",\"width\":280,\"height\":280,\"caption\":\"elei\\u00e7\\u00f5es 2026\"},\"primaryImageOfPage\":{\"@id\":\"https:\\\/\\\/www.encontracampobelo.com.br\\\/sobre\\\/eleicoes-2026-veja-a-agenda-dos-candidatos-ao-governo-de-sp-nesta-quarta\\\/#mainImage\"},\"datePublished\":\"2026-09-03T23:14:48-02:00\",\"dateModified\":\"2026-09-03T23:14:48-02:00\"},{\"@type\":\"WebSite\",\"@id\":\"https:\\\/\\\/www.encontracampobelo.com.br\\\/sobre\\\/#website\",\"url\":\"https:\\\/\\\/www.encontracampobelo.com.br\\\/sobre\\\/\",\"name\":\"Encontra  Campo Belo\",\"description\":\"Not\\u00edcias, eventos, informa\\u00e7\\u00f5es e dicas no bairro do Campo Belo e regi\\u00e3o.\",\"inLanguage\":\"pt-BR\",\"publisher\":{\"@id\":\"https:\\\/\\\/www.encontracampobelo.com.br\\\/sobre\\\/#organization\"}}]}\n\t\t<\/script>\n\t\t<!-- All in One SEO -->\n\n","aioseo_head_json":{"title":"Elei\u00e7\u00f5es 2026: veja a agenda dos candidatos ao Governo de SP nesta quarta | Encontra Campo Belo","description":"Elei\u00e7\u00f5es 2026: Acompanhe os passos dos candidatos ao Governo de SP.","canonical_url":"https:\/\/www.encontracampobelo.com.br\/sobre\/eleicoes-2026-veja-a-agenda-dos-candidatos-ao-governo-de-sp-nesta-quarta\/","robots":"max-image-preview:large","keywords":"","webmasterTools":{"miscellaneous":""},"schema":{"@context":"https:\/\/schema.org","@graph":[{"@type":"Article","@id":"https:\/\/www.encontracampobelo.com.br\/sobre\/eleicoes-2026-veja-a-agenda-dos-candidatos-ao-governo-de-sp-nesta-quarta\/#article","name":"Elei\u00e7\u00f5es 2026: veja a agenda dos candidatos ao Governo de SP nesta quarta | Encontra Campo Belo","headline":"Elei\u00e7\u00f5es 2026: veja a agenda dos candidatos ao Governo de SP nesta quarta","author":{"@id":"https:\/\/www.encontracampobelo.com.br\/sobre\/author\/ecampobelo\/#author"},"publisher":{"@id":"https:\/\/www.encontracampobelo.com.br\/sobre\/#organization"},"image":{"@type":"ImageObject","url":"https:\/\/www.encontracampobelo.com.br\/sobre\/wp-content\/uploads\/2026\/09\/eleicoes-2026-veja-a-agenda-dos-candidatos-ao-governo-de-sp-nesta-quarta.webp","width":280,"height":280,"caption":"elei\u00e7\u00f5es 2026"},"datePublished":"2026-09-03T23:14:48-02:00","dateModified":"2026-09-03T23:14:48-02:00","inLanguage":"pt-BR","mainEntityOfPage":{"@id":"https:\/\/www.encontracampobelo.com.br\/sobre\/eleicoes-2026-veja-a-agenda-dos-candidatos-ao-governo-de-sp-nesta-quarta\/#webpage"},"isPartOf":{"@id":"https:\/\/www.encontracampobelo.com.br\/sobre\/eleicoes-2026-veja-a-agenda-dos-candidatos-ao-governo-de-sp-nesta-quarta\/#webpage"},"articleSection":"Not\u00edcias Campo Belo"},{"@type":"BreadcrumbList","@id":"https:\/\/www.encontracampobelo.com.br\/sobre\/eleicoes-2026-veja-a-agenda-dos-candidatos-ao-governo-de-sp-nesta-quarta\/#breadcrumblist","itemListElement":[{"@type":"ListItem","@id":"https:\/\/www.encontracampobelo.com.br\/sobre#listItem","position":1,"name":"In\u00edcio","item":"https:\/\/www.encontracampobelo.com.br\/sobre","nextItem":{"@type":"ListItem","@id":"https:\/\/www.encontracampobelo.com.br\/sobre\/noticias-no-campo-belo\/#listItem","name":"Not\u00edcias Campo Belo"}},{"@type":"ListItem","@id":"https:\/\/www.encontracampobelo.com.br\/sobre\/noticias-no-campo-belo\/#listItem","position":2,"name":"Not\u00edcias Campo Belo","item":"https:\/\/www.encontracampobelo.com.br\/sobre\/noticias-no-campo-belo\/","nextItem":{"@type":"ListItem","@id":"https:\/\/www.encontracampobelo.com.br\/sobre\/eleicoes-2026-veja-a-agenda-dos-candidatos-ao-governo-de-sp-nesta-quarta\/#listItem","name":"Elei\u00e7\u00f5es 2026: veja a agenda dos candidatos ao Governo de SP nesta quarta"},"previousItem":{"@type":"ListItem","@id":"https:\/\/www.encontracampobelo.com.br\/sobre#listItem","name":"In\u00edcio"}},{"@type":"ListItem","@id":"https:\/\/www.encontracampobelo.com.br\/sobre\/eleicoes-2026-veja-a-agenda-dos-candidatos-ao-governo-de-sp-nesta-quarta\/#listItem","position":3,"name":"Elei\u00e7\u00f5es 2026: veja a agenda dos candidatos ao Governo de SP nesta quarta","previousItem":{"@type":"ListItem","@id":"https:\/\/www.encontracampobelo.com.br\/sobre\/noticias-no-campo-belo\/#listItem","name":"Not\u00edcias Campo Belo"}}]},{"@type":"Organization","@id":"https:\/\/www.encontracampobelo.com.br\/sobre\/#organization","name":"Encontra  Campo Belo","description":"Not\u00edcias, eventos, informa\u00e7\u00f5es e dicas no bairro do Campo Belo e regi\u00e3o.","url":"https:\/\/www.encontracampobelo.com.br\/sobre\/"},{"@type":"Person","@id":"https:\/\/www.encontracampobelo.com.br\/sobre\/author\/ecampobelo\/#author","url":"https:\/\/www.encontracampobelo.com.br\/sobre\/author\/ecampobelo\/","name":"Encontra Campo Belo","image":{"@type":"ImageObject","@id":"https:\/\/www.encontracampobelo.com.br\/sobre\/eleicoes-2026-veja-a-agenda-dos-candidatos-ao-governo-de-sp-nesta-quarta\/#authorImage","url":"https:\/\/secure.gravatar.com\/avatar\/507340682b8270222e1f208e23198b6ae7e2c6a1033ae84e99bc6bce4f82a387?s=96&d=mm&r=g","width":96,"height":96,"caption":"Encontra Campo Belo"}},{"@type":"WebPage","@id":"https:\/\/www.encontracampobelo.com.br\/sobre\/eleicoes-2026-veja-a-agenda-dos-candidatos-ao-governo-de-sp-nesta-quarta\/#webpage","url":"https:\/\/www.encontracampobelo.com.br\/sobre\/eleicoes-2026-veja-a-agenda-dos-candidatos-ao-governo-de-sp-nesta-quarta\/","name":"Elei\u00e7\u00f5es 2026: veja a agenda dos candidatos ao Governo de SP nesta quarta | Encontra Campo Belo","description":"Elei\u00e7\u00f5es 2026: Acompanhe os passos dos candidatos ao Governo de SP.","inLanguage":"pt-BR","isPartOf":{"@id":"https:\/\/www.encontracampobelo.com.br\/sobre\/#website"},"breadcrumb":{"@id":"https:\/\/www.encontracampobelo.com.br\/sobre\/eleicoes-2026-veja-a-agenda-dos-candidatos-ao-governo-de-sp-nesta-quarta\/#breadcrumblist"},"author":{"@id":"https:\/\/www.encontracampobelo.com.br\/sobre\/author\/ecampobelo\/#author"},"creator":{"@id":"https:\/\/www.encontracampobelo.com.br\/sobre\/author\/ecampobelo\/#author"},"image":{"@type":"ImageObject","url":"https:\/\/www.encontracampobelo.com.br\/sobre\/wp-content\/uploads\/2026\/09\/eleicoes-2026-veja-a-agenda-dos-candidatos-ao-governo-de-sp-nesta-quarta.webp","@id":"https:\/\/www.encontracampobelo.com.br\/sobre\/eleicoes-2026-veja-a-agenda-dos-candidatos-ao-governo-de-sp-nesta-quarta\/#mainImage","width":280,"height":280,"caption":"elei\u00e7\u00f5es 2026"},"primaryImageOfPage":{"@id":"https:\/\/www.encontracampobelo.com.br\/sobre\/eleicoes-2026-veja-a-agenda-dos-candidatos-ao-governo-de-sp-nesta-quarta\/#mainImage"},"datePublished":"2026-09-03T23:14:48-02:00","dateModified":"2026-09-03T23:14:48-02:00"},{"@type":"WebSite","@id":"https:\/\/www.encontracampobelo.com.br\/sobre\/#website","url":"https:\/\/www.encontracampobelo.com.br\/sobre\/","name":"Encontra  Campo Belo","description":"Not\u00edcias, eventos, informa\u00e7\u00f5es e dicas no bairro do Campo Belo e regi\u00e3o.","inLanguage":"pt-BR","publisher":{"@id":"https:\/\/www.encontracampobelo.com.br\/sobre\/#organization"}}]},"og:locale":"pt_BR","og:site_name":"Encontra  Campo Belo | Not\u00edcias, eventos, informa\u00e7\u00f5es e dicas no bairro do Campo Belo e regi\u00e3o.","og:type":"article","og:title":"Elei\u00e7\u00f5es 2026: veja a agenda dos candidatos ao Governo de SP nesta quarta | Encontra Campo Belo","og:description":"Elei\u00e7\u00f5es 2026: Acompanhe os passos dos candidatos ao Governo de SP.","og:url":"https:\/\/www.encontracampobelo.com.br\/sobre\/eleicoes-2026-veja-a-agenda-dos-candidatos-ao-governo-de-sp-nesta-quarta\/","article:published_time":"2026-09-04T01:14:48+00:00","article:modified_time":"2026-09-04T01:14:48+00:00","twitter:card":"summary_large_image","twitter:title":"Elei\u00e7\u00f5es 2026: veja a agenda dos candidatos ao Governo de SP nesta quarta | Encontra Campo Belo","twitter:description":"Elei\u00e7\u00f5es 2026: Acompanhe os passos dos candidatos ao Governo de SP."},"aioseo_meta_data":{"post_id":"2610","title":null,"description":null,"keywords":null,"keyphrases":null,"primary_term":null,"canonical_url":null,"og_title":null,"og_description":null,"og_object_type":"default","og_image_type":"default","og_image_url":null,"og_image_width":null,"og_image_height":null,"og_image_custom_url":null,"og_image_custom_fields":null,"og_video":null,"og_custom_url":null,"og_article_section":null,"og_article_tags":null,"twitter_use_og":false,"twitter_card":"default","twitter_image_type":"default","twitter_image_url":null,"twitter_image_custom_url":null,"twitter_image_custom_fields":null,"twitter_title":null,"twitter_description":null,"schema":{"blockGraphs":[],"customGraphs":[],"default":{"data":{"Article":[],"Course":[],"Dataset":[],"FAQPage":[],"Movie":[],"Person":[],"Product":[],"ProductReview":[],"Car":[],"Recipe":[],"Service":[],"SoftwareApplication":[],"WebPage":[]},"graphName":"Article","isEnabled":true},"graphs":[]},"schema_type":"default","schema_type_options":null,"pillar_content":false,"robots_default":true,"robots_noindex":false,"robots_noarchive":false,"robots_nosnippet":false,"robots_nofollow":false,"robots_noimageindex":false,"robots_noodp":false,"robots_notranslate":false,"robots_max_snippet":null,"robots_max_videopreview":null,"robots_max_imagepreview":"large","priority":null,"frequency":null,"local_seo":null,"breadcrumb_settings":null,"limit_modified_date":false,"ai":null,"created":"2026-09-04 01:14:48","updated":"2026-09-04 02:26:52","focus_keyword":null,"additional_keywords":null,"truseo_locale":null,"seo_analyzer_scan_date":null},"aioseo_breadcrumb":"<div class=\"aioseo-breadcrumbs\"><span class=\"aioseo-breadcrumb\">\n\t\t\t<a href=\"https:\/\/www.encontracampobelo.com.br\/sobre\" title=\"In\u00edcio\">In\u00edcio<\/a>\n\t\t<\/span><span class=\"aioseo-breadcrumb-separator\">&raquo;<\/span><span class=\"aioseo-breadcrumb\">\n\t\t\t<a href=\"https:\/\/www.encontracampobelo.com.br\/sobre\/noticias-no-campo-belo\/\" title=\"Not\u00edcias Campo Belo\">Not\u00edcias Campo Belo<\/a>\n\t\t<\/span><span class=\"aioseo-breadcrumb-separator\">&raquo;<\/span><span class=\"aioseo-breadcrumb\">\n\t\t\tElei\u00e7\u00f5es 2026: veja a agenda dos candidatos ao Governo de SP nesta quarta\n\t\t<\/span><\/div>","aioseo_breadcrumb_json":[{"label":"In\u00edcio","link":"https:\/\/www.encontracampobelo.com.br\/sobre"},{"label":"Not\u00edcias Campo Belo","link":"https:\/\/www.encontracampobelo.com.br\/sobre\/noticias-no-campo-belo\/"},{"label":"Elei\u00e7\u00f5es 2026: veja a agenda dos candidatos ao Governo de SP nesta quarta","link":"https:\/\/www.encontracampobelo.com.br\/sobre\/eleicoes-2026-veja-a-agenda-dos-candidatos-ao-governo-de-sp-nesta-quarta\/"}],"_links":{"self":[{"href":"https:\/\/www.encontracampobelo.com.br\/sobre\/wp-json\/wp\/v2\/posts\/2610","targetHints":{"allow":["GET"]}}],"collection":[{"href":"https:\/\/www.encontracampobelo.com.br\/sobre\/wp-json\/wp\/v2\/posts"}],"about":[{"href":"https:\/\/www.encontracampobelo.com.br\/sobre\/wp-json\/wp\/v2\/types\/post"}],"author":[{"embeddable":true,"href":"https:\/\/www.encontracampobelo.com.br\/sobre\/wp-json\/wp\/v2\/users\/1"}],"replies":[{"embeddable":true,"href":"https:\/\/www.encontracampobelo.com.br\/sobre\/wp-json\/wp\/v2\/comments?post=2610"}],"version-history":[{"count":0,"href":"https:\/\/www.encontracampobelo.com.br\/sobre\/wp-json\/wp\/v2\/posts\/2610\/revisions"}],"wp:featuredmedia":[{"embeddable":true,"href":"https:\/\/www.encontracampobelo.com.br\/sobre\/wp-json\/wp\/v2\/media\/2609"}],"wp:attachment":[{"href":"https:\/\/www.encontracampobelo.com.br\/sobre\/wp-json\/wp\/v2\/media?parent=2610"}],"wp:term":[{"taxonomy":"category","embeddable":true,"href":"https:\/\/www.encontracampobelo.com.br\/sobre\/wp-json\/wp\/v2\/categories?post=2610"},{"taxonomy":"post_tag","embeddable":true,"href":"https:\/\/www.encontracampobelo.com.br\/sobre\/wp-json\/wp\/v2\/tags?post=2610"}],"curies":[{"name":"wp","href":"https:\/\/api.w.org\/{rel}","templated":true}]}}