{"id":294,"date":"2012-03-05T20:15:59","date_gmt":"2012-03-05T22:15:59","guid":{"rendered":"http:\/\/www.encontracampobelo.com.br\/noticias\/?p=294"},"modified":"2019-04-29T18:54:09","modified_gmt":"2019-04-29T20:54:09","slug":"bombeiros-fazem-resgate-em-corrego-no-campo-belo","status":"publish","type":"post","link":"https:\/\/www.encontracampobelo.com.br\/sobre\/bombeiros-fazem-resgate-em-corrego-no-campo-belo\/","title":{"rendered":"Bombeiros fazem resgate em  c\u00f3rrego no Campo Belo"},"content":{"rendered":"<div class=\"1cfda93c6640a8762b4fe319eb685dc5\" data-index=\"1\" style=\"float: none; margin:0px;\">\n<!-- Anuncio display - global -->\r\n<ins class=\"adsbygoogle\"\r\n     style=\"display:block\"\r\n     data-ad-client=\"ca-pub-8585364105181520\"\r\n     data-ad-slot=\"8789329856\"\r\n     data-ad-format=\"auto\"\r\n     data-full-width-responsive=\"true\"><\/ins>\r\n<script>\r\n     (adsbygoogle = window.adsbygoogle || []).push({});\r\n<\/script>\n<\/div>\n<p>O Corpo de Bombeiros retirou, no final da manh\u00e3 deste domingo (4),\u00a0uma pessoa que caiu em um c\u00f3rrego nas margens da avenida Jornalista Roberto Marinho, altura da avenida Santo Amaro, na zona sul de S\u00e3o Paulo. Segundo a corpora\u00e7\u00e3o, o acidente ocorreu por volta das 11h30 deste domingo (4).<\/p>\n<p>A v\u00edtima foi socorrida por uma equipe do Samu (Servi\u00e7o de Atendimento M\u00f3vel de Urg\u00eancia)\u00a0para um hospital da regi\u00e3o. At\u00e9 a publica\u00e7\u00e3o desta not\u00edcia, n\u00e3o havia informa\u00e7\u00f5es sobre o estado dela.<\/p>\n<p><em>Fonte: R7<\/em><\/p>\n\n<div style=\"font-size: 0px; height: 0px; line-height: 0px; margin: 0; padding: 0; clear: both;\"><\/div>","protected":false},"excerpt":{"rendered":"<p>O Corpo de Bombeiros retirou, no final da manh\u00e3 deste domingo (4),\u00a0uma pessoa que caiu em um c\u00f3rrego nas margens da avenida Jornalista Roberto Marinho, altura da avenida Santo Amaro, na zona sul de S\u00e3o Paulo. Segundo a corpora\u00e7\u00e3o, o acidente ocorreu por volta das 11h30 deste domingo (4). A v\u00edtima foi socorrida por uma equipe do Samu (Servi\u00e7o de Atendimento M\u00f3vel de Urg\u00eancia)\u00a0para um hospital da regi\u00e3o. At\u00e9 a publica\u00e7\u00e3o desta not\u00edcia, n\u00e3o havia informa\u00e7\u00f5es sobre o estado dela. Fonte: R7<\/p>\n","protected":false},"author":1,"featured_media":0,"comment_status":"open","ping_status":"closed","sticky":false,"template":"","format":"standard","meta":{"footnotes":""},"categories":[7],"tags":[15],"class_list":["post-294","post","type-post","status-publish","format-standard","hentry","category-noticias-no-campo-belo","tag-campo-belo"],"aioseo_notices":[],"_links":{"self":[{"href":"https:\/\/www.encontracampobelo.com.br\/sobre\/wp-json\/wp\/v2\/posts\/294","targetHints":{"allow":["GET"]}}],"collection":[{"href":"https:\/\/www.encontracampobelo.com.br\/sobre\/wp-json\/wp\/v2\/posts"}],"about":[{"href":"https:\/\/www.encontracampobelo.com.br\/sobre\/wp-json\/wp\/v2\/types\/post"}],"author":[{"embeddable":true,"href":"https:\/\/www.encontracampobelo.com.br\/sobre\/wp-json\/wp\/v2\/users\/1"}],"replies":[{"embeddable":true,"href":"https:\/\/www.encontracampobelo.com.br\/sobre\/wp-json\/wp\/v2\/comments?post=294"}],"version-history":[{"count":0,"href":"https:\/\/www.encontracampobelo.com.br\/sobre\/wp-json\/wp\/v2\/posts\/294\/revisions"}],"wp:attachment":[{"href":"https:\/\/www.encontracampobelo.com.br\/sobre\/wp-json\/wp\/v2\/media?parent=294"}],"wp:term":[{"taxonomy":"category","embeddable":true,"href":"https:\/\/www.encontracampobelo.com.br\/sobre\/wp-json\/wp\/v2\/categories?post=294"},{"taxonomy":"post_tag","embeddable":true,"href":"https:\/\/www.encontracampobelo.com.br\/sobre\/wp-json\/wp\/v2\/tags?post=294"}],"curies":[{"name":"wp","href":"https:\/\/api.w.org\/{rel}","templated":true}]}}